{"id":11433,"date":"2023-10-16T13:20:30","date_gmt":"2023-10-16T10:20:30","guid":{"rendered":"https:\/\/liiveri.net\/?p=11433"},"modified":"2023-10-16T13:20:30","modified_gmt":"2023-10-16T10:20:30","slug":"avoimet-joulukylat-2023-ilmoittakaa-tapahtumanne-mukaan","status":"publish","type":"post","link":"https:\/\/liiveri.net\/en\/uutiset\/avoimet-joulukylat-2023-ilmoittakaa-tapahtumanne-mukaan\/","title":{"rendered":"Open Christmas Villages 2023 - register your event!"},"content":{"rendered":"<p>Does your village association organize a Christmas event (market, sales, carol or mulled wine party, concert, elf trail, etc.) in November-December? Register for the Open Christmas Villages event by November 20, 2023. Open Christmas villages are intended for events organized by village associations or similar associations.<\/p>\n<p>Suomen Kyl\u00e4t implements the Open Christmas Villages event complex in cooperation with the provincial village associations. The goal is to provide the villages with marketing material and visibility on a common map. The villages get to use the Open Christmas Villages logo, which can be used freely in the marketing of their own village&#039;s event. In addition, the villages participating in the Open Christmas Villages can join the joint event map. Open Christmas Village events can take place in November and December 2023, and registration ends on Monday 20 November 2023.<\/p>\n<p>Read more and sign up <a href=\"https:\/\/suomenkylat.fi\/avoimetjoulukylat\" target=\"_blank\" rel=\"noopener\">On the pages of Finnish villages<\/a>.<\/p>\n<div><\/div>","protected":false},"excerpt":{"rendered":"<p>Does your village association organize a Christmas event (market, sales, carol or mulled wine party, concert, elf trail, etc.) in November-December? Register for the Open Christmas Villages event by November 20, 2023. Open Christmas villages are intended for events organized by village associations or similar associations. Suomen Kyl\u00e4t implements the Open Christmas Villages event complex in cooperation with the provincial village associations. The goal is to provide the villages with marketing material and visibility on a common map. The villages will have access to Open Christmas Villages [...]<\/p>","protected":false},"author":3,"featured_media":11434,"comment_status":"open","ping_status":"open","sticky":false,"template":"","format":"standard","meta":{"_acf_changed":false,"footnotes":""},"categories":[14,29,30,11],"tags":[],"class_list":["post-11433","post","type-post","status-publish","format-standard","has-post-thumbnail","hentry","category-yhteisot","category-liiveri","category-uutiset","category-kylat"],"yoast_head":"<!-- This site is optimized with the Yoast SEO plugin v23.3 - https:\/\/yoast.com\/wordpress\/plugins\/seo\/ -->\n<title>Avoimet Joulukyl\u00e4t 2023 - ilmoittakaa tapahtumanne mukaan! - Liiveri<\/title>\n<meta name=\"robots\" content=\"index, follow, max-snippet:-1, max-image-preview:large, max-video-preview:-1\" \/>\n<link rel=\"canonical\" href=\"https:\/\/liiveri.net\/en\/uutiset\/avoimet-joulukylat-2023-ilmoittakaa-tapahtumanne-mukaan\/\" \/>\n<meta property=\"og:locale\" content=\"en_GB\" \/>\n<meta property=\"og:type\" content=\"article\" \/>\n<meta property=\"og:title\" content=\"Avoimet Joulukyl\u00e4t 2023 - ilmoittakaa tapahtumanne mukaan! - Liiveri\" \/>\n<meta property=\"og:description\" content=\"J\u00e4rjest\u00e4\u00e4k\u00f6 teid\u00e4n kyl\u00e4yhdistyksenne joulutapahtuman (markkinat, myyj\u00e4iset, laulu- tai gl\u00f6gitilaisuus, konsertti, tonttupolku tms.) marras- joulukuussa? Ilmoittautukaa mukaan Avoimet Joulukyl\u00e4t -tapahtumaan 20.11.2023 menness\u00e4. Avoimet Joulukyl\u00e4t on tarkoitettu kyl\u00e4yhdistysten tai vastaavien yhdistysten j\u00e4rjest\u00e4mille tapahtumille. Suomen Kyl\u00e4t toteuttaa yhteisty\u00f6ss\u00e4 maakunnallisten kyl\u00e4yhdistysten kanssa Avoimet Joulukyl\u00e4t -tapahtumakokonaisuus. Tavoitteena on tarjota kylille markkinointimateriaalia ja n\u00e4kyvyytt\u00e4 yhteisell\u00e4 kartalla. Kyl\u00e4t saavat k\u00e4ytt\u00f6\u00f6ns\u00e4 Avoimet Joulukyl\u00e4t [&hellip;]\" \/>\n<meta property=\"og:url\" content=\"https:\/\/liiveri.net\/en\/uutiset\/avoimet-joulukylat-2023-ilmoittakaa-tapahtumanne-mukaan\/\" \/>\n<meta property=\"og:site_name\" content=\"Liiveri\" \/>\n<meta property=\"article:publisher\" content=\"https:\/\/www.facebook.com\/LeaderLiiveri\" \/>\n<meta property=\"article:published_time\" content=\"2023-10-16T10:20:30+00:00\" \/>\n<meta property=\"og:image\" content=\"https:\/\/liiveri.net\/wp-content\/uploads\/2023\/10\/joulukylat2023.jpg\" \/>\n\t<meta property=\"og:image:width\" content=\"1640\" \/>\n\t<meta property=\"og:image:height\" content=\"924\" \/>\n\t<meta property=\"og:image:type\" content=\"image\/jpeg\" \/>\n<meta name=\"author\" content=\"Sanna Haapakoski\" \/>\n<meta name=\"twitter:card\" content=\"summary_large_image\" \/>\n<meta name=\"twitter:creator\" content=\"@LeaderLiiveri\" \/>\n<meta name=\"twitter:site\" content=\"@LeaderLiiveri\" \/>\n<meta name=\"twitter:label1\" content=\"Written by\" \/>\n\t<meta name=\"twitter:data1\" content=\"Sanna Haapakoski\" \/>\n\t<meta name=\"twitter:label2\" content=\"Estimated reading time\" \/>\n\t<meta name=\"twitter:data2\" content=\"1 minute\" \/>\n<script type=\"application\/ld+json\" class=\"yoast-schema-graph\">{\"@context\":\"https:\/\/schema.org\",\"@graph\":[{\"@type\":\"Article\",\"@id\":\"https:\/\/liiveri.net\/uutiset\/avoimet-joulukylat-2023-ilmoittakaa-tapahtumanne-mukaan\/#article\",\"isPartOf\":{\"@id\":\"https:\/\/liiveri.net\/uutiset\/avoimet-joulukylat-2023-ilmoittakaa-tapahtumanne-mukaan\/\"},\"author\":{\"name\":\"Sanna Haapakoski\",\"@id\":\"https:\/\/liiveri.net\/#\/schema\/person\/ac306228647ee1c649862732e141a9c2\"},\"headline\":\"Avoimet Joulukyl\u00e4t 2023 &#8211; ilmoittakaa tapahtumanne mukaan!\",\"datePublished\":\"2023-10-16T10:20:30+00:00\",\"dateModified\":\"2023-10-16T10:20:30+00:00\",\"mainEntityOfPage\":{\"@id\":\"https:\/\/liiveri.net\/uutiset\/avoimet-joulukylat-2023-ilmoittakaa-tapahtumanne-mukaan\/\"},\"wordCount\":127,\"commentCount\":0,\"publisher\":{\"@id\":\"https:\/\/liiveri.net\/#organization\"},\"image\":{\"@id\":\"https:\/\/liiveri.net\/uutiset\/avoimet-joulukylat-2023-ilmoittakaa-tapahtumanne-mukaan\/#primaryimage\"},\"thumbnailUrl\":\"https:\/\/liiveri.net\/wp-content\/uploads\/2023\/10\/joulukylat2023.jpg\",\"articleSection\":[\"Yhteis\u00f6t\",\"Liiveri\",\"Uutiset\",\"Kyl\u00e4t\"],\"inLanguage\":\"en-GB\",\"potentialAction\":[{\"@type\":\"CommentAction\",\"name\":\"Comment\",\"target\":[\"https:\/\/liiveri.net\/uutiset\/avoimet-joulukylat-2023-ilmoittakaa-tapahtumanne-mukaan\/#respond\"]}]},{\"@type\":\"WebPage\",\"@id\":\"https:\/\/liiveri.net\/uutiset\/avoimet-joulukylat-2023-ilmoittakaa-tapahtumanne-mukaan\/\",\"url\":\"https:\/\/liiveri.net\/uutiset\/avoimet-joulukylat-2023-ilmoittakaa-tapahtumanne-mukaan\/\",\"name\":\"Avoimet Joulukyl\u00e4t 2023 - ilmoittakaa tapahtumanne mukaan! - Liiveri\",\"isPartOf\":{\"@id\":\"https:\/\/liiveri.net\/#website\"},\"primaryImageOfPage\":{\"@id\":\"https:\/\/liiveri.net\/uutiset\/avoimet-joulukylat-2023-ilmoittakaa-tapahtumanne-mukaan\/#primaryimage\"},\"image\":{\"@id\":\"https:\/\/liiveri.net\/uutiset\/avoimet-joulukylat-2023-ilmoittakaa-tapahtumanne-mukaan\/#primaryimage\"},\"thumbnailUrl\":\"https:\/\/liiveri.net\/wp-content\/uploads\/2023\/10\/joulukylat2023.jpg\",\"datePublished\":\"2023-10-16T10:20:30+00:00\",\"dateModified\":\"2023-10-16T10:20:30+00:00\",\"breadcrumb\":{\"@id\":\"https:\/\/liiveri.net\/uutiset\/avoimet-joulukylat-2023-ilmoittakaa-tapahtumanne-mukaan\/#breadcrumb\"},\"inLanguage\":\"en-GB\",\"potentialAction\":[{\"@type\":\"ReadAction\",\"target\":[\"https:\/\/liiveri.net\/uutiset\/avoimet-joulukylat-2023-ilmoittakaa-tapahtumanne-mukaan\/\"]}]},{\"@type\":\"ImageObject\",\"inLanguage\":\"en-GB\",\"@id\":\"https:\/\/liiveri.net\/uutiset\/avoimet-joulukylat-2023-ilmoittakaa-tapahtumanne-mukaan\/#primaryimage\",\"url\":\"https:\/\/liiveri.net\/wp-content\/uploads\/2023\/10\/joulukylat2023.jpg\",\"contentUrl\":\"https:\/\/liiveri.net\/wp-content\/uploads\/2023\/10\/joulukylat2023.jpg\",\"width\":1640,\"height\":924},{\"@type\":\"BreadcrumbList\",\"@id\":\"https:\/\/liiveri.net\/uutiset\/avoimet-joulukylat-2023-ilmoittakaa-tapahtumanne-mukaan\/#breadcrumb\",\"itemListElement\":[{\"@type\":\"ListItem\",\"position\":1,\"name\":\"Etusivu\",\"item\":\"https:\/\/liiveri.net\/\"},{\"@type\":\"ListItem\",\"position\":2,\"name\":\"Avoimet Joulukyl\u00e4t 2023 &#8211; ilmoittakaa tapahtumanne mukaan!\"}]},{\"@type\":\"WebSite\",\"@id\":\"https:\/\/liiveri.net\/#website\",\"url\":\"https:\/\/liiveri.net\/\",\"name\":\"Liiveri - Kehitt\u00e4misyhdistys\",\"description\":\"REILU RAHOITTAJA PALVELUKSESSASI\",\"publisher\":{\"@id\":\"https:\/\/liiveri.net\/#organization\"},\"potentialAction\":[{\"@type\":\"SearchAction\",\"target\":{\"@type\":\"EntryPoint\",\"urlTemplate\":\"https:\/\/liiveri.net\/?s={search_term_string}\"},\"query-input\":\"required name=search_term_string\"}],\"inLanguage\":\"en-GB\"},{\"@type\":\"Organization\",\"@id\":\"https:\/\/liiveri.net\/#organization\",\"name\":\"Kehitt\u00e4misyhdistys Liiveri ry\",\"url\":\"https:\/\/liiveri.net\/\",\"logo\":{\"@type\":\"ImageObject\",\"inLanguage\":\"en-GB\",\"@id\":\"https:\/\/liiveri.net\/#\/schema\/logo\/image\/\",\"url\":\"https:\/\/liiveri.net\/wp-content\/uploads\/2023\/02\/placeholder.png\",\"contentUrl\":\"https:\/\/liiveri.net\/wp-content\/uploads\/2023\/02\/placeholder.png\",\"width\":1920,\"height\":1080,\"caption\":\"Kehitt\u00e4misyhdistys Liiveri ry\"},\"image\":{\"@id\":\"https:\/\/liiveri.net\/#\/schema\/logo\/image\/\"},\"sameAs\":[\"https:\/\/www.facebook.com\/LeaderLiiveri\",\"https:\/\/x.com\/LeaderLiiveri\",\"https:\/\/www.instagram.com\/leaderliiveri\/\"]},{\"@type\":\"Person\",\"@id\":\"https:\/\/liiveri.net\/#\/schema\/person\/ac306228647ee1c649862732e141a9c2\",\"name\":\"Sanna Haapakoski\",\"image\":{\"@type\":\"ImageObject\",\"inLanguage\":\"en-GB\",\"@id\":\"https:\/\/liiveri.net\/#\/schema\/person\/image\/\",\"url\":\"https:\/\/liiveri.net\/wp-content\/litespeed\/avatar\/1\/608d57c6a3106ab30083d3b9e2c64800.jpg?ver=1777292544\",\"contentUrl\":\"https:\/\/liiveri.net\/wp-content\/litespeed\/avatar\/1\/608d57c6a3106ab30083d3b9e2c64800.jpg?ver=1777292544\",\"caption\":\"Sanna Haapakoski\"},\"url\":\"https:\/\/liiveri.net\/en\/uutiset\/author\/sanna\/\"}]}<\/script>\n<!-- \/ Yoast SEO plugin. -->","yoast_head_json":{"title":"Avoimet Joulukyl\u00e4t 2023 - ilmoittakaa tapahtumanne mukaan! - Liiveri","robots":{"index":"index","follow":"follow","max-snippet":"max-snippet:-1","max-image-preview":"max-image-preview:large","max-video-preview":"max-video-preview:-1"},"canonical":"https:\/\/liiveri.net\/en\/uutiset\/avoimet-joulukylat-2023-ilmoittakaa-tapahtumanne-mukaan\/","og_locale":"en_GB","og_type":"article","og_title":"Avoimet Joulukyl\u00e4t 2023 - ilmoittakaa tapahtumanne mukaan! - Liiveri","og_description":"J\u00e4rjest\u00e4\u00e4k\u00f6 teid\u00e4n kyl\u00e4yhdistyksenne joulutapahtuman (markkinat, myyj\u00e4iset, laulu- tai gl\u00f6gitilaisuus, konsertti, tonttupolku tms.) marras- joulukuussa? Ilmoittautukaa mukaan Avoimet Joulukyl\u00e4t -tapahtumaan 20.11.2023 menness\u00e4. Avoimet Joulukyl\u00e4t on tarkoitettu kyl\u00e4yhdistysten tai vastaavien yhdistysten j\u00e4rjest\u00e4mille tapahtumille. Suomen Kyl\u00e4t toteuttaa yhteisty\u00f6ss\u00e4 maakunnallisten kyl\u00e4yhdistysten kanssa Avoimet Joulukyl\u00e4t -tapahtumakokonaisuus. Tavoitteena on tarjota kylille markkinointimateriaalia ja n\u00e4kyvyytt\u00e4 yhteisell\u00e4 kartalla. Kyl\u00e4t saavat k\u00e4ytt\u00f6\u00f6ns\u00e4 Avoimet Joulukyl\u00e4t [&hellip;]","og_url":"https:\/\/liiveri.net\/en\/uutiset\/avoimet-joulukylat-2023-ilmoittakaa-tapahtumanne-mukaan\/","og_site_name":"Liiveri","article_publisher":"https:\/\/www.facebook.com\/LeaderLiiveri","article_published_time":"2023-10-16T10:20:30+00:00","og_image":[{"width":1640,"height":924,"url":"https:\/\/liiveri.net\/wp-content\/uploads\/2023\/10\/joulukylat2023.jpg","type":"image\/jpeg"}],"author":"Sanna Haapakoski","twitter_card":"summary_large_image","twitter_creator":"@LeaderLiiveri","twitter_site":"@LeaderLiiveri","twitter_misc":{"Written by":"Sanna Haapakoski","Estimated reading time":"1 minute"},"schema":{"@context":"https:\/\/schema.org","@graph":[{"@type":"Article","@id":"https:\/\/liiveri.net\/uutiset\/avoimet-joulukylat-2023-ilmoittakaa-tapahtumanne-mukaan\/#article","isPartOf":{"@id":"https:\/\/liiveri.net\/uutiset\/avoimet-joulukylat-2023-ilmoittakaa-tapahtumanne-mukaan\/"},"author":{"name":"Sanna Haapakoski","@id":"https:\/\/liiveri.net\/#\/schema\/person\/ac306228647ee1c649862732e141a9c2"},"headline":"Avoimet Joulukyl\u00e4t 2023 &#8211; ilmoittakaa tapahtumanne mukaan!","datePublished":"2023-10-16T10:20:30+00:00","dateModified":"2023-10-16T10:20:30+00:00","mainEntityOfPage":{"@id":"https:\/\/liiveri.net\/uutiset\/avoimet-joulukylat-2023-ilmoittakaa-tapahtumanne-mukaan\/"},"wordCount":127,"commentCount":0,"publisher":{"@id":"https:\/\/liiveri.net\/#organization"},"image":{"@id":"https:\/\/liiveri.net\/uutiset\/avoimet-joulukylat-2023-ilmoittakaa-tapahtumanne-mukaan\/#primaryimage"},"thumbnailUrl":"https:\/\/liiveri.net\/wp-content\/uploads\/2023\/10\/joulukylat2023.jpg","articleSection":["Yhteis\u00f6t","Liiveri","Uutiset","Kyl\u00e4t"],"inLanguage":"en-GB","potentialAction":[{"@type":"CommentAction","name":"Comment","target":["https:\/\/liiveri.net\/uutiset\/avoimet-joulukylat-2023-ilmoittakaa-tapahtumanne-mukaan\/#respond"]}]},{"@type":"WebPage","@id":"https:\/\/liiveri.net\/uutiset\/avoimet-joulukylat-2023-ilmoittakaa-tapahtumanne-mukaan\/","url":"https:\/\/liiveri.net\/uutiset\/avoimet-joulukylat-2023-ilmoittakaa-tapahtumanne-mukaan\/","name":"Avoimet Joulukyl\u00e4t 2023 - ilmoittakaa tapahtumanne mukaan! - Liiveri","isPartOf":{"@id":"https:\/\/liiveri.net\/#website"},"primaryImageOfPage":{"@id":"https:\/\/liiveri.net\/uutiset\/avoimet-joulukylat-2023-ilmoittakaa-tapahtumanne-mukaan\/#primaryimage"},"image":{"@id":"https:\/\/liiveri.net\/uutiset\/avoimet-joulukylat-2023-ilmoittakaa-tapahtumanne-mukaan\/#primaryimage"},"thumbnailUrl":"https:\/\/liiveri.net\/wp-content\/uploads\/2023\/10\/joulukylat2023.jpg","datePublished":"2023-10-16T10:20:30+00:00","dateModified":"2023-10-16T10:20:30+00:00","breadcrumb":{"@id":"https:\/\/liiveri.net\/uutiset\/avoimet-joulukylat-2023-ilmoittakaa-tapahtumanne-mukaan\/#breadcrumb"},"inLanguage":"en-GB","potentialAction":[{"@type":"ReadAction","target":["https:\/\/liiveri.net\/uutiset\/avoimet-joulukylat-2023-ilmoittakaa-tapahtumanne-mukaan\/"]}]},{"@type":"ImageObject","inLanguage":"en-GB","@id":"https:\/\/liiveri.net\/uutiset\/avoimet-joulukylat-2023-ilmoittakaa-tapahtumanne-mukaan\/#primaryimage","url":"https:\/\/liiveri.net\/wp-content\/uploads\/2023\/10\/joulukylat2023.jpg","contentUrl":"https:\/\/liiveri.net\/wp-content\/uploads\/2023\/10\/joulukylat2023.jpg","width":1640,"height":924},{"@type":"BreadcrumbList","@id":"https:\/\/liiveri.net\/uutiset\/avoimet-joulukylat-2023-ilmoittakaa-tapahtumanne-mukaan\/#breadcrumb","itemListElement":[{"@type":"ListItem","position":1,"name":"Etusivu","item":"https:\/\/liiveri.net\/"},{"@type":"ListItem","position":2,"name":"Avoimet Joulukyl\u00e4t 2023 &#8211; ilmoittakaa tapahtumanne mukaan!"}]},{"@type":"WebSite","@id":"https:\/\/liiveri.net\/#website","url":"https:\/\/liiveri.net\/","name":"Liiveri - Kehitt\u00e4misyhdistys","description":"REILU RAHOITTAJA PALVELUKSESSASI","publisher":{"@id":"https:\/\/liiveri.net\/#organization"},"potentialAction":[{"@type":"SearchAction","target":{"@type":"EntryPoint","urlTemplate":"https:\/\/liiveri.net\/?s={search_term_string}"},"query-input":"required name=search_term_string"}],"inLanguage":"en-GB"},{"@type":"Organization","@id":"https:\/\/liiveri.net\/#organization","name":"Kehitt\u00e4misyhdistys Liiveri ry","url":"https:\/\/liiveri.net\/","logo":{"@type":"ImageObject","inLanguage":"en-GB","@id":"https:\/\/liiveri.net\/#\/schema\/logo\/image\/","url":"https:\/\/liiveri.net\/wp-content\/uploads\/2023\/02\/placeholder.png","contentUrl":"https:\/\/liiveri.net\/wp-content\/uploads\/2023\/02\/placeholder.png","width":1920,"height":1080,"caption":"Kehitt\u00e4misyhdistys Liiveri ry"},"image":{"@id":"https:\/\/liiveri.net\/#\/schema\/logo\/image\/"},"sameAs":["https:\/\/www.facebook.com\/LeaderLiiveri","https:\/\/x.com\/LeaderLiiveri","https:\/\/www.instagram.com\/leaderliiveri\/"]},{"@type":"Person","@id":"https:\/\/liiveri.net\/#\/schema\/person\/ac306228647ee1c649862732e141a9c2","name":"Sanna Haapakoski","image":{"@type":"ImageObject","inLanguage":"en-GB","@id":"https:\/\/liiveri.net\/#\/schema\/person\/image\/","url":"https:\/\/liiveri.net\/wp-content\/litespeed\/avatar\/1\/608d57c6a3106ab30083d3b9e2c64800.jpg?ver=1777292544","contentUrl":"https:\/\/liiveri.net\/wp-content\/litespeed\/avatar\/1\/608d57c6a3106ab30083d3b9e2c64800.jpg?ver=1777292544","caption":"Sanna Haapakoski"},"url":"https:\/\/liiveri.net\/en\/uutiset\/author\/sanna\/"}]}},"acf":[],"_links":{"self":[{"href":"https:\/\/liiveri.net\/en\/wp-json\/wp\/v2\/posts\/11433","targetHints":{"allow":["GET"]}}],"collection":[{"href":"https:\/\/liiveri.net\/en\/wp-json\/wp\/v2\/posts"}],"about":[{"href":"https:\/\/liiveri.net\/en\/wp-json\/wp\/v2\/types\/post"}],"author":[{"embeddable":true,"href":"https:\/\/liiveri.net\/en\/wp-json\/wp\/v2\/users\/3"}],"replies":[{"embeddable":true,"href":"https:\/\/liiveri.net\/en\/wp-json\/wp\/v2\/comments?post=11433"}],"version-history":[{"count":0,"href":"https:\/\/liiveri.net\/en\/wp-json\/wp\/v2\/posts\/11433\/revisions"}],"wp:featuredmedia":[{"embeddable":true,"href":"https:\/\/liiveri.net\/en\/wp-json\/wp\/v2\/media\/11434"}],"wp:attachment":[{"href":"https:\/\/liiveri.net\/en\/wp-json\/wp\/v2\/media?parent=11433"}],"wp:term":[{"taxonomy":"category","embeddable":true,"href":"https:\/\/liiveri.net\/en\/wp-json\/wp\/v2\/categories?post=11433"},{"taxonomy":"post_tag","embeddable":true,"href":"https:\/\/liiveri.net\/en\/wp-json\/wp\/v2\/tags?post=11433"}],"curies":[{"name":"wp","href":"https:\/\/api.w.org\/{rel}","templated":true}]}}