{"id":12760,"date":"2024-03-28T08:16:33","date_gmt":"2024-03-28T06:16:33","guid":{"rendered":"https:\/\/liiveri.net\/?p=12760"},"modified":"2024-03-28T08:17:15","modified_gmt":"2024-03-28T06:17:15","slug":"paivi-alaniska-aloittaa-liiverin-hallituksen-puheenjohtajana","status":"publish","type":"post","link":"https:\/\/liiveri.net\/en\/uutiset\/paivi-alaniska-aloittaa-liiverin-hallituksen-puheenjohtajana\/","title":{"rendered":"P\u00e4ivi Alaniska starts as Liiver&#039;s board chairman"},"content":{"rendered":"<p>At the annual meeting on 26 March 2024 <strong>Tarja Pienim\u00e4ki<\/strong> handed over the chairmanship of Liiver&#039;s board <strong>P\u00e4ivi Alaniska<\/strong>.<\/p>\n<p>Vice chairman <strong>Pirkko Ekoluoma<\/strong> stated in his acceptance speech that Tarja&#039;s position of trust in Liiver&#039;s board of directors started in 2017 and a year after that the six-year chairmanship period began. Tarja has carried through the long term of chairmanship energetically and firmly, but meeting matters have also been carried forward with humor.<\/p>\n<p>Over the years, a lot of project applications have flowed through the meetings, and those projects have achieved a lot in the Liiver region. Many projects are visible and will remind Tarja of her work at Liiver.<\/p>\n<p>On behalf of the board and the staff, many thanks to Tarja for the past years in the board&#039;s activities.<\/p>\n<p>P\u00e4ivi Alaniska, who has been on Liiver&#039;s board of directors for six years, will take over as chairman.<\/p>\n<p>&quot;Leader financing is an important low-threshold financing instrument for rural communities and businesses, the effects of which can be seen in the everyday lives of people in our region. Board work is therefore very meaningful and motivating. In addition, Liiver has very competent and experienced staff, with whom it is a pleasure to work even more closely in the new role of chairman.&quot; Alaniska commented.<\/p>\n<p>&nbsp;<\/p>\n<p>&nbsp;<\/p>\n<p>&nbsp;<\/p>","protected":false},"excerpt":{"rendered":"<p>At the annual meeting on March 26, 2024, Tarja Pienim\u00e4ki handed over the chairmanship of Liiver&#039;s board to P\u00e4ivi Alaniska. Vice-chairman Pirkko Ekoluoma stated in his acceptance speech that Tarja&#039;s position of trust in Liiver&#039;s board started in 2017 and a year later the six-year chairmanship period began. Tarja has carried through the long term of chairmanship energetically and firmly, but meeting matters have also been carried forward with humor. Over the years, a lot of project applications have flowed through meetings and [...]<\/p>","protected":false},"author":3,"featured_media":12761,"comment_status":"closed","ping_status":"closed","sticky":false,"template":"","format":"standard","meta":{"_acf_changed":false,"footnotes":""},"categories":[9,29,30],"tags":[],"class_list":["post-12760","post","type-post","status-publish","format-standard","has-post-thumbnail","hentry","category-tiedotteet","category-liiveri","category-uutiset"],"yoast_head":"<!-- This site is optimized with the Yoast SEO plugin v23.3 - https:\/\/yoast.com\/wordpress\/plugins\/seo\/ -->\n<title>P\u00e4ivi Alaniska aloittaa Liiverin hallituksen puheenjohtajana - Liiveri<\/title>\n<meta name=\"robots\" content=\"index, follow, max-snippet:-1, max-image-preview:large, max-video-preview:-1\" \/>\n<link rel=\"canonical\" href=\"https:\/\/liiveri.net\/en\/uutiset\/paivi-alaniska-aloittaa-liiverin-hallituksen-puheenjohtajana\/\" \/>\n<meta property=\"og:locale\" content=\"en_GB\" \/>\n<meta property=\"og:type\" content=\"article\" \/>\n<meta property=\"og:title\" content=\"P\u00e4ivi Alaniska aloittaa Liiverin hallituksen puheenjohtajana - Liiveri\" \/>\n<meta property=\"og:description\" content=\"Vuosikokouksessa 26.3.21024 Tarja Pienim\u00e4ki luovutti Liiverin hallituksen puheenjohtajuuden P\u00e4ivi Alaniskalle. Varapuheenjohtaja Pirkko Ekoluoma totesi kiitospuheessaan, ett\u00e4 Tarjan luottamustoimi Liiverin hallituksessa k\u00e4ynnistyi 2017 ja siit\u00e4 vuoden kuluttua alkoi kuusivuotinen puheenjohtajuuskausi. Pitk\u00e4n puheenjohtajuuskauden Tarja on vienyt l\u00e4pi tarmokkaasti ja j\u00e4m\u00e4k\u00e4sti, mutta kokousasioita on viety eteenp\u00e4in my\u00f6s huumorilla. Paljon on vuosien aikana hankehakemuksia virrannut l\u00e4pi kokouksissa ja niill\u00e4 [&hellip;]\" \/>\n<meta property=\"og:url\" content=\"https:\/\/liiveri.net\/en\/uutiset\/paivi-alaniska-aloittaa-liiverin-hallituksen-puheenjohtajana\/\" \/>\n<meta property=\"og:site_name\" content=\"Liiveri\" \/>\n<meta property=\"article:publisher\" content=\"https:\/\/www.facebook.com\/LeaderLiiveri\" \/>\n<meta property=\"article:published_time\" content=\"2024-03-28T06:16:33+00:00\" \/>\n<meta property=\"article:modified_time\" content=\"2024-03-28T06:17:15+00:00\" \/>\n<meta property=\"og:image\" content=\"https:\/\/liiveri.net\/wp-content\/uploads\/2024\/03\/Tarja-ja-Paivi-min-scaled.jpg\" \/>\n\t<meta property=\"og:image:width\" content=\"2560\" \/>\n\t<meta property=\"og:image:height\" content=\"1920\" \/>\n\t<meta property=\"og:image:type\" content=\"image\/jpeg\" \/>\n<meta name=\"author\" content=\"Sanna Haapakoski\" \/>\n<meta name=\"twitter:card\" content=\"summary_large_image\" \/>\n<meta name=\"twitter:creator\" content=\"@LeaderLiiveri\" \/>\n<meta name=\"twitter:site\" content=\"@LeaderLiiveri\" \/>\n<meta name=\"twitter:label1\" content=\"Written by\" \/>\n\t<meta name=\"twitter:data1\" content=\"Sanna Haapakoski\" \/>\n\t<meta name=\"twitter:label2\" content=\"Estimated reading time\" \/>\n\t<meta name=\"twitter:data2\" content=\"2 minutes\" \/>\n<script type=\"application\/ld+json\" class=\"yoast-schema-graph\">{\"@context\":\"https:\/\/schema.org\",\"@graph\":[{\"@type\":\"Article\",\"@id\":\"https:\/\/liiveri.net\/uutiset\/paivi-alaniska-aloittaa-liiverin-hallituksen-puheenjohtajana\/#article\",\"isPartOf\":{\"@id\":\"https:\/\/liiveri.net\/uutiset\/paivi-alaniska-aloittaa-liiverin-hallituksen-puheenjohtajana\/\"},\"author\":{\"name\":\"Sanna Haapakoski\",\"@id\":\"https:\/\/liiveri.net\/#\/schema\/person\/ac306228647ee1c649862732e141a9c2\"},\"headline\":\"P\u00e4ivi Alaniska aloittaa Liiverin hallituksen puheenjohtajana\",\"datePublished\":\"2024-03-28T06:16:33+00:00\",\"dateModified\":\"2024-03-28T06:17:15+00:00\",\"mainEntityOfPage\":{\"@id\":\"https:\/\/liiveri.net\/uutiset\/paivi-alaniska-aloittaa-liiverin-hallituksen-puheenjohtajana\/\"},\"wordCount\":172,\"publisher\":{\"@id\":\"https:\/\/liiveri.net\/#organization\"},\"image\":{\"@id\":\"https:\/\/liiveri.net\/uutiset\/paivi-alaniska-aloittaa-liiverin-hallituksen-puheenjohtajana\/#primaryimage\"},\"thumbnailUrl\":\"https:\/\/liiveri.net\/wp-content\/uploads\/2024\/03\/Tarja-ja-Paivi-min-scaled.jpg\",\"articleSection\":[\"Tiedotteet\",\"Liiveri\",\"Uutiset\"],\"inLanguage\":\"en-GB\"},{\"@type\":\"WebPage\",\"@id\":\"https:\/\/liiveri.net\/uutiset\/paivi-alaniska-aloittaa-liiverin-hallituksen-puheenjohtajana\/\",\"url\":\"https:\/\/liiveri.net\/uutiset\/paivi-alaniska-aloittaa-liiverin-hallituksen-puheenjohtajana\/\",\"name\":\"P\u00e4ivi Alaniska aloittaa Liiverin hallituksen puheenjohtajana - Liiveri\",\"isPartOf\":{\"@id\":\"https:\/\/liiveri.net\/#website\"},\"primaryImageOfPage\":{\"@id\":\"https:\/\/liiveri.net\/uutiset\/paivi-alaniska-aloittaa-liiverin-hallituksen-puheenjohtajana\/#primaryimage\"},\"image\":{\"@id\":\"https:\/\/liiveri.net\/uutiset\/paivi-alaniska-aloittaa-liiverin-hallituksen-puheenjohtajana\/#primaryimage\"},\"thumbnailUrl\":\"https:\/\/liiveri.net\/wp-content\/uploads\/2024\/03\/Tarja-ja-Paivi-min-scaled.jpg\",\"datePublished\":\"2024-03-28T06:16:33+00:00\",\"dateModified\":\"2024-03-28T06:17:15+00:00\",\"breadcrumb\":{\"@id\":\"https:\/\/liiveri.net\/uutiset\/paivi-alaniska-aloittaa-liiverin-hallituksen-puheenjohtajana\/#breadcrumb\"},\"inLanguage\":\"en-GB\",\"potentialAction\":[{\"@type\":\"ReadAction\",\"target\":[\"https:\/\/liiveri.net\/uutiset\/paivi-alaniska-aloittaa-liiverin-hallituksen-puheenjohtajana\/\"]}]},{\"@type\":\"ImageObject\",\"inLanguage\":\"en-GB\",\"@id\":\"https:\/\/liiveri.net\/uutiset\/paivi-alaniska-aloittaa-liiverin-hallituksen-puheenjohtajana\/#primaryimage\",\"url\":\"https:\/\/liiveri.net\/wp-content\/uploads\/2024\/03\/Tarja-ja-Paivi-min-scaled.jpg\",\"contentUrl\":\"https:\/\/liiveri.net\/wp-content\/uploads\/2024\/03\/Tarja-ja-Paivi-min-scaled.jpg\",\"width\":2560,\"height\":1920},{\"@type\":\"BreadcrumbList\",\"@id\":\"https:\/\/liiveri.net\/uutiset\/paivi-alaniska-aloittaa-liiverin-hallituksen-puheenjohtajana\/#breadcrumb\",\"itemListElement\":[{\"@type\":\"ListItem\",\"position\":1,\"name\":\"Etusivu\",\"item\":\"https:\/\/liiveri.net\/\"},{\"@type\":\"ListItem\",\"position\":2,\"name\":\"P\u00e4ivi Alaniska aloittaa Liiverin hallituksen puheenjohtajana\"}]},{\"@type\":\"WebSite\",\"@id\":\"https:\/\/liiveri.net\/#website\",\"url\":\"https:\/\/liiveri.net\/\",\"name\":\"Liiveri - Kehitt\u00e4misyhdistys\",\"description\":\"REILU RAHOITTAJA PALVELUKSESSASI\",\"publisher\":{\"@id\":\"https:\/\/liiveri.net\/#organization\"},\"potentialAction\":[{\"@type\":\"SearchAction\",\"target\":{\"@type\":\"EntryPoint\",\"urlTemplate\":\"https:\/\/liiveri.net\/?s={search_term_string}\"},\"query-input\":\"required name=search_term_string\"}],\"inLanguage\":\"en-GB\"},{\"@type\":\"Organization\",\"@id\":\"https:\/\/liiveri.net\/#organization\",\"name\":\"Kehitt\u00e4misyhdistys Liiveri ry\",\"url\":\"https:\/\/liiveri.net\/\",\"logo\":{\"@type\":\"ImageObject\",\"inLanguage\":\"en-GB\",\"@id\":\"https:\/\/liiveri.net\/#\/schema\/logo\/image\/\",\"url\":\"https:\/\/liiveri.net\/wp-content\/uploads\/2023\/02\/placeholder.png\",\"contentUrl\":\"https:\/\/liiveri.net\/wp-content\/uploads\/2023\/02\/placeholder.png\",\"width\":1920,\"height\":1080,\"caption\":\"Kehitt\u00e4misyhdistys Liiveri ry\"},\"image\":{\"@id\":\"https:\/\/liiveri.net\/#\/schema\/logo\/image\/\"},\"sameAs\":[\"https:\/\/www.facebook.com\/LeaderLiiveri\",\"https:\/\/x.com\/LeaderLiiveri\",\"https:\/\/www.instagram.com\/leaderliiveri\/\"]},{\"@type\":\"Person\",\"@id\":\"https:\/\/liiveri.net\/#\/schema\/person\/ac306228647ee1c649862732e141a9c2\",\"name\":\"Sanna Haapakoski\",\"image\":{\"@type\":\"ImageObject\",\"inLanguage\":\"en-GB\",\"@id\":\"https:\/\/liiveri.net\/#\/schema\/person\/image\/\",\"url\":\"https:\/\/liiveri.net\/wp-content\/litespeed\/avatar\/1\/608d57c6a3106ab30083d3b9e2c64800.jpg?ver=1777292544\",\"contentUrl\":\"https:\/\/liiveri.net\/wp-content\/litespeed\/avatar\/1\/608d57c6a3106ab30083d3b9e2c64800.jpg?ver=1777292544\",\"caption\":\"Sanna Haapakoski\"},\"url\":\"https:\/\/liiveri.net\/en\/uutiset\/author\/sanna\/\"}]}<\/script>\n<!-- \/ Yoast SEO plugin. -->","yoast_head_json":{"title":"P\u00e4ivi Alaniska aloittaa Liiverin hallituksen puheenjohtajana - Liiveri","robots":{"index":"index","follow":"follow","max-snippet":"max-snippet:-1","max-image-preview":"max-image-preview:large","max-video-preview":"max-video-preview:-1"},"canonical":"https:\/\/liiveri.net\/en\/uutiset\/paivi-alaniska-aloittaa-liiverin-hallituksen-puheenjohtajana\/","og_locale":"en_GB","og_type":"article","og_title":"P\u00e4ivi Alaniska aloittaa Liiverin hallituksen puheenjohtajana - Liiveri","og_description":"Vuosikokouksessa 26.3.21024 Tarja Pienim\u00e4ki luovutti Liiverin hallituksen puheenjohtajuuden P\u00e4ivi Alaniskalle. Varapuheenjohtaja Pirkko Ekoluoma totesi kiitospuheessaan, ett\u00e4 Tarjan luottamustoimi Liiverin hallituksessa k\u00e4ynnistyi 2017 ja siit\u00e4 vuoden kuluttua alkoi kuusivuotinen puheenjohtajuuskausi. Pitk\u00e4n puheenjohtajuuskauden Tarja on vienyt l\u00e4pi tarmokkaasti ja j\u00e4m\u00e4k\u00e4sti, mutta kokousasioita on viety eteenp\u00e4in my\u00f6s huumorilla. Paljon on vuosien aikana hankehakemuksia virrannut l\u00e4pi kokouksissa ja niill\u00e4 [&hellip;]","og_url":"https:\/\/liiveri.net\/en\/uutiset\/paivi-alaniska-aloittaa-liiverin-hallituksen-puheenjohtajana\/","og_site_name":"Liiveri","article_publisher":"https:\/\/www.facebook.com\/LeaderLiiveri","article_published_time":"2024-03-28T06:16:33+00:00","article_modified_time":"2024-03-28T06:17:15+00:00","og_image":[{"width":2560,"height":1920,"url":"https:\/\/liiveri.net\/wp-content\/uploads\/2024\/03\/Tarja-ja-Paivi-min-scaled.jpg","type":"image\/jpeg"}],"author":"Sanna Haapakoski","twitter_card":"summary_large_image","twitter_creator":"@LeaderLiiveri","twitter_site":"@LeaderLiiveri","twitter_misc":{"Written by":"Sanna Haapakoski","Estimated reading time":"2 minutes"},"schema":{"@context":"https:\/\/schema.org","@graph":[{"@type":"Article","@id":"https:\/\/liiveri.net\/uutiset\/paivi-alaniska-aloittaa-liiverin-hallituksen-puheenjohtajana\/#article","isPartOf":{"@id":"https:\/\/liiveri.net\/uutiset\/paivi-alaniska-aloittaa-liiverin-hallituksen-puheenjohtajana\/"},"author":{"name":"Sanna Haapakoski","@id":"https:\/\/liiveri.net\/#\/schema\/person\/ac306228647ee1c649862732e141a9c2"},"headline":"P\u00e4ivi Alaniska aloittaa Liiverin hallituksen puheenjohtajana","datePublished":"2024-03-28T06:16:33+00:00","dateModified":"2024-03-28T06:17:15+00:00","mainEntityOfPage":{"@id":"https:\/\/liiveri.net\/uutiset\/paivi-alaniska-aloittaa-liiverin-hallituksen-puheenjohtajana\/"},"wordCount":172,"publisher":{"@id":"https:\/\/liiveri.net\/#organization"},"image":{"@id":"https:\/\/liiveri.net\/uutiset\/paivi-alaniska-aloittaa-liiverin-hallituksen-puheenjohtajana\/#primaryimage"},"thumbnailUrl":"https:\/\/liiveri.net\/wp-content\/uploads\/2024\/03\/Tarja-ja-Paivi-min-scaled.jpg","articleSection":["Tiedotteet","Liiveri","Uutiset"],"inLanguage":"en-GB"},{"@type":"WebPage","@id":"https:\/\/liiveri.net\/uutiset\/paivi-alaniska-aloittaa-liiverin-hallituksen-puheenjohtajana\/","url":"https:\/\/liiveri.net\/uutiset\/paivi-alaniska-aloittaa-liiverin-hallituksen-puheenjohtajana\/","name":"P\u00e4ivi Alaniska aloittaa Liiverin hallituksen puheenjohtajana - Liiveri","isPartOf":{"@id":"https:\/\/liiveri.net\/#website"},"primaryImageOfPage":{"@id":"https:\/\/liiveri.net\/uutiset\/paivi-alaniska-aloittaa-liiverin-hallituksen-puheenjohtajana\/#primaryimage"},"image":{"@id":"https:\/\/liiveri.net\/uutiset\/paivi-alaniska-aloittaa-liiverin-hallituksen-puheenjohtajana\/#primaryimage"},"thumbnailUrl":"https:\/\/liiveri.net\/wp-content\/uploads\/2024\/03\/Tarja-ja-Paivi-min-scaled.jpg","datePublished":"2024-03-28T06:16:33+00:00","dateModified":"2024-03-28T06:17:15+00:00","breadcrumb":{"@id":"https:\/\/liiveri.net\/uutiset\/paivi-alaniska-aloittaa-liiverin-hallituksen-puheenjohtajana\/#breadcrumb"},"inLanguage":"en-GB","potentialAction":[{"@type":"ReadAction","target":["https:\/\/liiveri.net\/uutiset\/paivi-alaniska-aloittaa-liiverin-hallituksen-puheenjohtajana\/"]}]},{"@type":"ImageObject","inLanguage":"en-GB","@id":"https:\/\/liiveri.net\/uutiset\/paivi-alaniska-aloittaa-liiverin-hallituksen-puheenjohtajana\/#primaryimage","url":"https:\/\/liiveri.net\/wp-content\/uploads\/2024\/03\/Tarja-ja-Paivi-min-scaled.jpg","contentUrl":"https:\/\/liiveri.net\/wp-content\/uploads\/2024\/03\/Tarja-ja-Paivi-min-scaled.jpg","width":2560,"height":1920},{"@type":"BreadcrumbList","@id":"https:\/\/liiveri.net\/uutiset\/paivi-alaniska-aloittaa-liiverin-hallituksen-puheenjohtajana\/#breadcrumb","itemListElement":[{"@type":"ListItem","position":1,"name":"Etusivu","item":"https:\/\/liiveri.net\/"},{"@type":"ListItem","position":2,"name":"P\u00e4ivi Alaniska aloittaa Liiverin hallituksen puheenjohtajana"}]},{"@type":"WebSite","@id":"https:\/\/liiveri.net\/#website","url":"https:\/\/liiveri.net\/","name":"Liiveri - Kehitt\u00e4misyhdistys","description":"REILU RAHOITTAJA PALVELUKSESSASI","publisher":{"@id":"https:\/\/liiveri.net\/#organization"},"potentialAction":[{"@type":"SearchAction","target":{"@type":"EntryPoint","urlTemplate":"https:\/\/liiveri.net\/?s={search_term_string}"},"query-input":"required name=search_term_string"}],"inLanguage":"en-GB"},{"@type":"Organization","@id":"https:\/\/liiveri.net\/#organization","name":"Kehitt\u00e4misyhdistys Liiveri ry","url":"https:\/\/liiveri.net\/","logo":{"@type":"ImageObject","inLanguage":"en-GB","@id":"https:\/\/liiveri.net\/#\/schema\/logo\/image\/","url":"https:\/\/liiveri.net\/wp-content\/uploads\/2023\/02\/placeholder.png","contentUrl":"https:\/\/liiveri.net\/wp-content\/uploads\/2023\/02\/placeholder.png","width":1920,"height":1080,"caption":"Kehitt\u00e4misyhdistys Liiveri ry"},"image":{"@id":"https:\/\/liiveri.net\/#\/schema\/logo\/image\/"},"sameAs":["https:\/\/www.facebook.com\/LeaderLiiveri","https:\/\/x.com\/LeaderLiiveri","https:\/\/www.instagram.com\/leaderliiveri\/"]},{"@type":"Person","@id":"https:\/\/liiveri.net\/#\/schema\/person\/ac306228647ee1c649862732e141a9c2","name":"Sanna Haapakoski","image":{"@type":"ImageObject","inLanguage":"en-GB","@id":"https:\/\/liiveri.net\/#\/schema\/person\/image\/","url":"https:\/\/liiveri.net\/wp-content\/litespeed\/avatar\/1\/608d57c6a3106ab30083d3b9e2c64800.jpg?ver=1777292544","contentUrl":"https:\/\/liiveri.net\/wp-content\/litespeed\/avatar\/1\/608d57c6a3106ab30083d3b9e2c64800.jpg?ver=1777292544","caption":"Sanna Haapakoski"},"url":"https:\/\/liiveri.net\/en\/uutiset\/author\/sanna\/"}]}},"acf":[],"_links":{"self":[{"href":"https:\/\/liiveri.net\/en\/wp-json\/wp\/v2\/posts\/12760","targetHints":{"allow":["GET"]}}],"collection":[{"href":"https:\/\/liiveri.net\/en\/wp-json\/wp\/v2\/posts"}],"about":[{"href":"https:\/\/liiveri.net\/en\/wp-json\/wp\/v2\/types\/post"}],"author":[{"embeddable":true,"href":"https:\/\/liiveri.net\/en\/wp-json\/wp\/v2\/users\/3"}],"replies":[{"embeddable":true,"href":"https:\/\/liiveri.net\/en\/wp-json\/wp\/v2\/comments?post=12760"}],"version-history":[{"count":2,"href":"https:\/\/liiveri.net\/en\/wp-json\/wp\/v2\/posts\/12760\/revisions"}],"predecessor-version":[{"id":12763,"href":"https:\/\/liiveri.net\/en\/wp-json\/wp\/v2\/posts\/12760\/revisions\/12763"}],"wp:featuredmedia":[{"embeddable":true,"href":"https:\/\/liiveri.net\/en\/wp-json\/wp\/v2\/media\/12761"}],"wp:attachment":[{"href":"https:\/\/liiveri.net\/en\/wp-json\/wp\/v2\/media?parent=12760"}],"wp:term":[{"taxonomy":"category","embeddable":true,"href":"https:\/\/liiveri.net\/en\/wp-json\/wp\/v2\/categories?post=12760"},{"taxonomy":"post_tag","embeddable":true,"href":"https:\/\/liiveri.net\/en\/wp-json\/wp\/v2\/tags?post=12760"}],"curies":[{"name":"wp","href":"https:\/\/api.w.org\/{rel}","templated":true}]}}