{"id":15425,"date":"2024-08-13T09:56:16","date_gmt":"2024-08-13T06:56:16","guid":{"rendered":"https:\/\/liiveri.net\/?p=15425"},"modified":"2024-08-13T09:56:16","modified_gmt":"2024-08-13T06:56:16","slug":"ilmoittaudu-lahiruokapaivan-jarjestajaksi","status":"publish","type":"post","link":"https:\/\/liiveri.net\/en\/uutiset\/ilmoittaudu-lahiruokapaivan-jarjestajaksi\/","title":{"rendered":"Sign up as an organizer of Local Food Day"},"content":{"rendered":"<p>Sign up as an organizer of Local Food Day - let&#039;s set a visitor record for the rural areas of South Pojanma together!<\/p>\n<p>&nbsp;<\/p>\n<p>Local food day is a national event, the purpose of which is to introduce the countryside and local food to the whole nation. This year Local Food Day is celebrated for two days. The organizers will keep their doors open for guests on Saturday 7 September and, if desired, also on Sunday 8 September. Producers, farms, gardens, services, entrepreneurs and further processors who work with local food and the countryside can register as an organizer. Rural experience tourism operators, food industry professionals, associations and clubs are also invited. The organizer can sell their own products, set up a pop-up cafe or restaurant and present e.g. premises, machines, equipment or organize other nice activities such as a craft station or animal crunching.<\/p>\n<p>You can also form a joint destination with several operators, which will attract even more visitors! In this case, it is important that each vendor associated with the group adds their own destination to the Local Food Day map, even if the location of all vendors points to the same address. In this case, the map gets a lot of buzz and the visitors get excited!<\/p>\n<p><strong>Become an organizer and open your door to visitors! You can easily register as an organizer <a href=\"https:\/\/lahiruokapaiva.fi\/mukaan-jarjestajaksi\/\" target=\"_blank\" rel=\"noopener\">On the website of L\u00e4hiruokad\u00e4u<\/a>. You can register until the day before, but 16.8. those who have registered by can order a free material package for organizing the event.<\/strong> The event is free for both organizers and visitors.<\/p>\n<p><strong>The official opening of Local Food Day will be celebrated on Saturday 7 September in the Keskikyl\u00e4 of Jalasj\u00e4rvi in connection with the Children&#039;s Agricultural Exhibition. You can sign up for the opening as a seller and keep your own location open on Sunday.<\/strong> See the conditions and additional instructions of the opening vendors <a href=\"https:\/\/lahiruokapaiva.fi\/avajaistapahtuma\/\" target=\"_blank\" rel=\"noopener\">from a separate registration form<\/a>.<\/p>\n<p>&nbsp;<\/p>\n<p>If you are not able to participate as an organizer yourself, look at Local Food Day destinations on the map and plan your own delicious route to South Ostrobothnia!<\/p>\n<p>&nbsp;<\/p>\n<p>L\u00e4hiruokap\u00e4iv\u00e4 is a national rural holiday coordinated by the rural network unit. L\u00e4hiruokap\u00e4iv\u00e4 is part-financed by EU agricultural and rural funding.<\/p>\n<p>&nbsp;<\/p>\n<p>&nbsp;<\/p>\n<p>&nbsp;<\/p>","protected":false},"excerpt":{"rendered":"<p>Sign up as an organizer of Local Food Day - let&#039;s set a record number of visitors to the countryside of South Pojanma together!  Local food day is a national event whose purpose is to introduce the countryside and local food to the whole nation. This year Local Food Day is celebrated for two days. The organizers will keep their doors open for guests on Saturday 7 September and, if desired, also on Sunday 8 September. Producers, premises, gardens, services, entrepreneurs and further processors who operate local food [\u2026]<\/p>","protected":false},"author":3,"featured_media":15426,"comment_status":"closed","ping_status":"closed","sticky":false,"template":"","format":"standard","meta":{"_acf_changed":false,"footnotes":""},"categories":[29,30,32,11,13,14],"tags":[],"class_list":["post-15425","post","type-post","status-publish","format-standard","has-post-thumbnail","hentry","category-liiveri","category-uutiset","category-ymparisto","category-kylat","category-yritykset","category-yhteisot"],"yoast_head":"<!-- This site is optimized with the Yoast SEO plugin v23.3 - https:\/\/yoast.com\/wordpress\/plugins\/seo\/ -->\n<title>Ilmoittaudu L\u00e4hiruokap\u00e4iv\u00e4n j\u00e4rjest\u00e4j\u00e4ksi - Liiveri<\/title>\n<meta name=\"robots\" content=\"index, follow, max-snippet:-1, max-image-preview:large, max-video-preview:-1\" \/>\n<link rel=\"canonical\" href=\"https:\/\/liiveri.net\/en\/uutiset\/ilmoittaudu-lahiruokapaivan-jarjestajaksi\/\" \/>\n<meta property=\"og:locale\" content=\"en_GB\" \/>\n<meta property=\"og:type\" content=\"article\" \/>\n<meta property=\"og:title\" content=\"Ilmoittaudu L\u00e4hiruokap\u00e4iv\u00e4n j\u00e4rjest\u00e4j\u00e4ksi - Liiveri\" \/>\n<meta property=\"og:description\" content=\"Ilmoittaudu L\u00e4hiruokap\u00e4iv\u00e4n j\u00e4rjest\u00e4j\u00e4ksi \u2013 tehd\u00e4\u00e4n yhdess\u00e4 Etel\u00e4-Pojanmaan maaseudulle vierailijaenn\u00e4tys! &nbsp; L\u00e4hiruokap\u00e4iv\u00e4 on valtakunnallinen tapahtuma, jonka tarkoituksena on tuoda maaseutua ja l\u00e4hiruokaa tutuksi kaikelle kansalle. T\u00e4n\u00e4 vuonna L\u00e4hiruokap\u00e4iv\u00e4\u00e4 vietet\u00e4\u00e4n kaksi p\u00e4iv\u00e4\u00e4. J\u00e4rjest\u00e4j\u00e4t pit\u00e4v\u00e4t ovensa auki vieraille lauantaina 7.9 ja halutessaan my\u00f6s sunnuntaina 8.9. J\u00e4rjest\u00e4j\u00e4ksi voivat ilmoittautua tuottajat, tilat, puutarhat, palvelut, yritt\u00e4j\u00e4t ja jatkojalostajat, jotka toimivat l\u00e4hiruoan [&hellip;]\" \/>\n<meta property=\"og:url\" content=\"https:\/\/liiveri.net\/en\/uutiset\/ilmoittaudu-lahiruokapaivan-jarjestajaksi\/\" \/>\n<meta property=\"og:site_name\" content=\"Liiveri\" \/>\n<meta property=\"article:publisher\" content=\"https:\/\/www.facebook.com\/LeaderLiiveri\" \/>\n<meta property=\"article:published_time\" content=\"2024-08-13T06:56:16+00:00\" \/>\n<meta property=\"og:image\" content=\"https:\/\/liiveri.net\/wp-content\/uploads\/2024\/08\/Lahiruokapaiva-1-1.jpg\" \/>\n\t<meta property=\"og:image:width\" content=\"1200\" \/>\n\t<meta property=\"og:image:height\" content=\"630\" \/>\n\t<meta property=\"og:image:type\" content=\"image\/jpeg\" \/>\n<meta name=\"author\" content=\"Sanna Haapakoski\" \/>\n<meta name=\"twitter:card\" content=\"summary_large_image\" \/>\n<meta name=\"twitter:creator\" content=\"@LeaderLiiveri\" \/>\n<meta name=\"twitter:site\" content=\"@LeaderLiiveri\" \/>\n<meta name=\"twitter:label1\" content=\"Written by\" \/>\n\t<meta name=\"twitter:data1\" content=\"Sanna Haapakoski\" \/>\n\t<meta name=\"twitter:label2\" content=\"Estimated reading time\" \/>\n\t<meta name=\"twitter:data2\" content=\"2 minutes\" \/>\n<script type=\"application\/ld+json\" class=\"yoast-schema-graph\">{\"@context\":\"https:\/\/schema.org\",\"@graph\":[{\"@type\":\"Article\",\"@id\":\"https:\/\/liiveri.net\/uutiset\/ilmoittaudu-lahiruokapaivan-jarjestajaksi\/#article\",\"isPartOf\":{\"@id\":\"https:\/\/liiveri.net\/uutiset\/ilmoittaudu-lahiruokapaivan-jarjestajaksi\/\"},\"author\":{\"name\":\"Sanna Haapakoski\",\"@id\":\"https:\/\/liiveri.net\/#\/schema\/person\/ac306228647ee1c649862732e141a9c2\"},\"headline\":\"Ilmoittaudu L\u00e4hiruokap\u00e4iv\u00e4n j\u00e4rjest\u00e4j\u00e4ksi\",\"datePublished\":\"2024-08-13T06:56:16+00:00\",\"dateModified\":\"2024-08-13T06:56:16+00:00\",\"mainEntityOfPage\":{\"@id\":\"https:\/\/liiveri.net\/uutiset\/ilmoittaudu-lahiruokapaivan-jarjestajaksi\/\"},\"wordCount\":328,\"publisher\":{\"@id\":\"https:\/\/liiveri.net\/#organization\"},\"image\":{\"@id\":\"https:\/\/liiveri.net\/uutiset\/ilmoittaudu-lahiruokapaivan-jarjestajaksi\/#primaryimage\"},\"thumbnailUrl\":\"https:\/\/liiveri.net\/wp-content\/uploads\/2024\/08\/Lahiruokapaiva-1-1.jpg\",\"articleSection\":[\"Liiveri\",\"Uutiset\",\"Ymp\u00e4rist\u00f6\",\"Kyl\u00e4t\",\"Yritykset\",\"Yhteis\u00f6t\"],\"inLanguage\":\"en-GB\"},{\"@type\":\"WebPage\",\"@id\":\"https:\/\/liiveri.net\/uutiset\/ilmoittaudu-lahiruokapaivan-jarjestajaksi\/\",\"url\":\"https:\/\/liiveri.net\/uutiset\/ilmoittaudu-lahiruokapaivan-jarjestajaksi\/\",\"name\":\"Ilmoittaudu L\u00e4hiruokap\u00e4iv\u00e4n j\u00e4rjest\u00e4j\u00e4ksi - Liiveri\",\"isPartOf\":{\"@id\":\"https:\/\/liiveri.net\/#website\"},\"primaryImageOfPage\":{\"@id\":\"https:\/\/liiveri.net\/uutiset\/ilmoittaudu-lahiruokapaivan-jarjestajaksi\/#primaryimage\"},\"image\":{\"@id\":\"https:\/\/liiveri.net\/uutiset\/ilmoittaudu-lahiruokapaivan-jarjestajaksi\/#primaryimage\"},\"thumbnailUrl\":\"https:\/\/liiveri.net\/wp-content\/uploads\/2024\/08\/Lahiruokapaiva-1-1.jpg\",\"datePublished\":\"2024-08-13T06:56:16+00:00\",\"dateModified\":\"2024-08-13T06:56:16+00:00\",\"breadcrumb\":{\"@id\":\"https:\/\/liiveri.net\/uutiset\/ilmoittaudu-lahiruokapaivan-jarjestajaksi\/#breadcrumb\"},\"inLanguage\":\"en-GB\",\"potentialAction\":[{\"@type\":\"ReadAction\",\"target\":[\"https:\/\/liiveri.net\/uutiset\/ilmoittaudu-lahiruokapaivan-jarjestajaksi\/\"]}]},{\"@type\":\"ImageObject\",\"inLanguage\":\"en-GB\",\"@id\":\"https:\/\/liiveri.net\/uutiset\/ilmoittaudu-lahiruokapaivan-jarjestajaksi\/#primaryimage\",\"url\":\"https:\/\/liiveri.net\/wp-content\/uploads\/2024\/08\/Lahiruokapaiva-1-1.jpg\",\"contentUrl\":\"https:\/\/liiveri.net\/wp-content\/uploads\/2024\/08\/Lahiruokapaiva-1-1.jpg\",\"width\":1200,\"height\":630},{\"@type\":\"BreadcrumbList\",\"@id\":\"https:\/\/liiveri.net\/uutiset\/ilmoittaudu-lahiruokapaivan-jarjestajaksi\/#breadcrumb\",\"itemListElement\":[{\"@type\":\"ListItem\",\"position\":1,\"name\":\"Etusivu\",\"item\":\"https:\/\/liiveri.net\/\"},{\"@type\":\"ListItem\",\"position\":2,\"name\":\"Ilmoittaudu L\u00e4hiruokap\u00e4iv\u00e4n j\u00e4rjest\u00e4j\u00e4ksi\"}]},{\"@type\":\"WebSite\",\"@id\":\"https:\/\/liiveri.net\/#website\",\"url\":\"https:\/\/liiveri.net\/\",\"name\":\"Liiveri - Kehitt\u00e4misyhdistys\",\"description\":\"REILU RAHOITTAJA PALVELUKSESSASI\",\"publisher\":{\"@id\":\"https:\/\/liiveri.net\/#organization\"},\"potentialAction\":[{\"@type\":\"SearchAction\",\"target\":{\"@type\":\"EntryPoint\",\"urlTemplate\":\"https:\/\/liiveri.net\/?s={search_term_string}\"},\"query-input\":\"required name=search_term_string\"}],\"inLanguage\":\"en-GB\"},{\"@type\":\"Organization\",\"@id\":\"https:\/\/liiveri.net\/#organization\",\"name\":\"Kehitt\u00e4misyhdistys Liiveri ry\",\"url\":\"https:\/\/liiveri.net\/\",\"logo\":{\"@type\":\"ImageObject\",\"inLanguage\":\"en-GB\",\"@id\":\"https:\/\/liiveri.net\/#\/schema\/logo\/image\/\",\"url\":\"https:\/\/liiveri.net\/wp-content\/uploads\/2023\/02\/placeholder.png\",\"contentUrl\":\"https:\/\/liiveri.net\/wp-content\/uploads\/2023\/02\/placeholder.png\",\"width\":1920,\"height\":1080,\"caption\":\"Kehitt\u00e4misyhdistys Liiveri ry\"},\"image\":{\"@id\":\"https:\/\/liiveri.net\/#\/schema\/logo\/image\/\"},\"sameAs\":[\"https:\/\/www.facebook.com\/LeaderLiiveri\",\"https:\/\/x.com\/LeaderLiiveri\",\"https:\/\/www.instagram.com\/leaderliiveri\/\"]},{\"@type\":\"Person\",\"@id\":\"https:\/\/liiveri.net\/#\/schema\/person\/ac306228647ee1c649862732e141a9c2\",\"name\":\"Sanna Haapakoski\",\"image\":{\"@type\":\"ImageObject\",\"inLanguage\":\"en-GB\",\"@id\":\"https:\/\/liiveri.net\/#\/schema\/person\/image\/\",\"url\":\"https:\/\/liiveri.net\/wp-content\/litespeed\/avatar\/1\/608d57c6a3106ab30083d3b9e2c64800.jpg?ver=1777292544\",\"contentUrl\":\"https:\/\/liiveri.net\/wp-content\/litespeed\/avatar\/1\/608d57c6a3106ab30083d3b9e2c64800.jpg?ver=1777292544\",\"caption\":\"Sanna Haapakoski\"},\"url\":\"https:\/\/liiveri.net\/en\/uutiset\/author\/sanna\/\"}]}<\/script>\n<!-- \/ Yoast SEO plugin. -->","yoast_head_json":{"title":"Ilmoittaudu L\u00e4hiruokap\u00e4iv\u00e4n j\u00e4rjest\u00e4j\u00e4ksi - Liiveri","robots":{"index":"index","follow":"follow","max-snippet":"max-snippet:-1","max-image-preview":"max-image-preview:large","max-video-preview":"max-video-preview:-1"},"canonical":"https:\/\/liiveri.net\/en\/uutiset\/ilmoittaudu-lahiruokapaivan-jarjestajaksi\/","og_locale":"en_GB","og_type":"article","og_title":"Ilmoittaudu L\u00e4hiruokap\u00e4iv\u00e4n j\u00e4rjest\u00e4j\u00e4ksi - Liiveri","og_description":"Ilmoittaudu L\u00e4hiruokap\u00e4iv\u00e4n j\u00e4rjest\u00e4j\u00e4ksi \u2013 tehd\u00e4\u00e4n yhdess\u00e4 Etel\u00e4-Pojanmaan maaseudulle vierailijaenn\u00e4tys! &nbsp; L\u00e4hiruokap\u00e4iv\u00e4 on valtakunnallinen tapahtuma, jonka tarkoituksena on tuoda maaseutua ja l\u00e4hiruokaa tutuksi kaikelle kansalle. T\u00e4n\u00e4 vuonna L\u00e4hiruokap\u00e4iv\u00e4\u00e4 vietet\u00e4\u00e4n kaksi p\u00e4iv\u00e4\u00e4. J\u00e4rjest\u00e4j\u00e4t pit\u00e4v\u00e4t ovensa auki vieraille lauantaina 7.9 ja halutessaan my\u00f6s sunnuntaina 8.9. J\u00e4rjest\u00e4j\u00e4ksi voivat ilmoittautua tuottajat, tilat, puutarhat, palvelut, yritt\u00e4j\u00e4t ja jatkojalostajat, jotka toimivat l\u00e4hiruoan [&hellip;]","og_url":"https:\/\/liiveri.net\/en\/uutiset\/ilmoittaudu-lahiruokapaivan-jarjestajaksi\/","og_site_name":"Liiveri","article_publisher":"https:\/\/www.facebook.com\/LeaderLiiveri","article_published_time":"2024-08-13T06:56:16+00:00","og_image":[{"width":1200,"height":630,"url":"https:\/\/liiveri.net\/wp-content\/uploads\/2024\/08\/Lahiruokapaiva-1-1.jpg","type":"image\/jpeg"}],"author":"Sanna Haapakoski","twitter_card":"summary_large_image","twitter_creator":"@LeaderLiiveri","twitter_site":"@LeaderLiiveri","twitter_misc":{"Written by":"Sanna Haapakoski","Estimated reading time":"2 minutes"},"schema":{"@context":"https:\/\/schema.org","@graph":[{"@type":"Article","@id":"https:\/\/liiveri.net\/uutiset\/ilmoittaudu-lahiruokapaivan-jarjestajaksi\/#article","isPartOf":{"@id":"https:\/\/liiveri.net\/uutiset\/ilmoittaudu-lahiruokapaivan-jarjestajaksi\/"},"author":{"name":"Sanna Haapakoski","@id":"https:\/\/liiveri.net\/#\/schema\/person\/ac306228647ee1c649862732e141a9c2"},"headline":"Ilmoittaudu L\u00e4hiruokap\u00e4iv\u00e4n j\u00e4rjest\u00e4j\u00e4ksi","datePublished":"2024-08-13T06:56:16+00:00","dateModified":"2024-08-13T06:56:16+00:00","mainEntityOfPage":{"@id":"https:\/\/liiveri.net\/uutiset\/ilmoittaudu-lahiruokapaivan-jarjestajaksi\/"},"wordCount":328,"publisher":{"@id":"https:\/\/liiveri.net\/#organization"},"image":{"@id":"https:\/\/liiveri.net\/uutiset\/ilmoittaudu-lahiruokapaivan-jarjestajaksi\/#primaryimage"},"thumbnailUrl":"https:\/\/liiveri.net\/wp-content\/uploads\/2024\/08\/Lahiruokapaiva-1-1.jpg","articleSection":["Liiveri","Uutiset","Ymp\u00e4rist\u00f6","Kyl\u00e4t","Yritykset","Yhteis\u00f6t"],"inLanguage":"en-GB"},{"@type":"WebPage","@id":"https:\/\/liiveri.net\/uutiset\/ilmoittaudu-lahiruokapaivan-jarjestajaksi\/","url":"https:\/\/liiveri.net\/uutiset\/ilmoittaudu-lahiruokapaivan-jarjestajaksi\/","name":"Ilmoittaudu L\u00e4hiruokap\u00e4iv\u00e4n j\u00e4rjest\u00e4j\u00e4ksi - Liiveri","isPartOf":{"@id":"https:\/\/liiveri.net\/#website"},"primaryImageOfPage":{"@id":"https:\/\/liiveri.net\/uutiset\/ilmoittaudu-lahiruokapaivan-jarjestajaksi\/#primaryimage"},"image":{"@id":"https:\/\/liiveri.net\/uutiset\/ilmoittaudu-lahiruokapaivan-jarjestajaksi\/#primaryimage"},"thumbnailUrl":"https:\/\/liiveri.net\/wp-content\/uploads\/2024\/08\/Lahiruokapaiva-1-1.jpg","datePublished":"2024-08-13T06:56:16+00:00","dateModified":"2024-08-13T06:56:16+00:00","breadcrumb":{"@id":"https:\/\/liiveri.net\/uutiset\/ilmoittaudu-lahiruokapaivan-jarjestajaksi\/#breadcrumb"},"inLanguage":"en-GB","potentialAction":[{"@type":"ReadAction","target":["https:\/\/liiveri.net\/uutiset\/ilmoittaudu-lahiruokapaivan-jarjestajaksi\/"]}]},{"@type":"ImageObject","inLanguage":"en-GB","@id":"https:\/\/liiveri.net\/uutiset\/ilmoittaudu-lahiruokapaivan-jarjestajaksi\/#primaryimage","url":"https:\/\/liiveri.net\/wp-content\/uploads\/2024\/08\/Lahiruokapaiva-1-1.jpg","contentUrl":"https:\/\/liiveri.net\/wp-content\/uploads\/2024\/08\/Lahiruokapaiva-1-1.jpg","width":1200,"height":630},{"@type":"BreadcrumbList","@id":"https:\/\/liiveri.net\/uutiset\/ilmoittaudu-lahiruokapaivan-jarjestajaksi\/#breadcrumb","itemListElement":[{"@type":"ListItem","position":1,"name":"Etusivu","item":"https:\/\/liiveri.net\/"},{"@type":"ListItem","position":2,"name":"Ilmoittaudu L\u00e4hiruokap\u00e4iv\u00e4n j\u00e4rjest\u00e4j\u00e4ksi"}]},{"@type":"WebSite","@id":"https:\/\/liiveri.net\/#website","url":"https:\/\/liiveri.net\/","name":"Liiveri - Kehitt\u00e4misyhdistys","description":"REILU RAHOITTAJA PALVELUKSESSASI","publisher":{"@id":"https:\/\/liiveri.net\/#organization"},"potentialAction":[{"@type":"SearchAction","target":{"@type":"EntryPoint","urlTemplate":"https:\/\/liiveri.net\/?s={search_term_string}"},"query-input":"required name=search_term_string"}],"inLanguage":"en-GB"},{"@type":"Organization","@id":"https:\/\/liiveri.net\/#organization","name":"Kehitt\u00e4misyhdistys Liiveri ry","url":"https:\/\/liiveri.net\/","logo":{"@type":"ImageObject","inLanguage":"en-GB","@id":"https:\/\/liiveri.net\/#\/schema\/logo\/image\/","url":"https:\/\/liiveri.net\/wp-content\/uploads\/2023\/02\/placeholder.png","contentUrl":"https:\/\/liiveri.net\/wp-content\/uploads\/2023\/02\/placeholder.png","width":1920,"height":1080,"caption":"Kehitt\u00e4misyhdistys Liiveri ry"},"image":{"@id":"https:\/\/liiveri.net\/#\/schema\/logo\/image\/"},"sameAs":["https:\/\/www.facebook.com\/LeaderLiiveri","https:\/\/x.com\/LeaderLiiveri","https:\/\/www.instagram.com\/leaderliiveri\/"]},{"@type":"Person","@id":"https:\/\/liiveri.net\/#\/schema\/person\/ac306228647ee1c649862732e141a9c2","name":"Sanna Haapakoski","image":{"@type":"ImageObject","inLanguage":"en-GB","@id":"https:\/\/liiveri.net\/#\/schema\/person\/image\/","url":"https:\/\/liiveri.net\/wp-content\/litespeed\/avatar\/1\/608d57c6a3106ab30083d3b9e2c64800.jpg?ver=1777292544","contentUrl":"https:\/\/liiveri.net\/wp-content\/litespeed\/avatar\/1\/608d57c6a3106ab30083d3b9e2c64800.jpg?ver=1777292544","caption":"Sanna Haapakoski"},"url":"https:\/\/liiveri.net\/en\/uutiset\/author\/sanna\/"}]}},"acf":[],"_links":{"self":[{"href":"https:\/\/liiveri.net\/en\/wp-json\/wp\/v2\/posts\/15425","targetHints":{"allow":["GET"]}}],"collection":[{"href":"https:\/\/liiveri.net\/en\/wp-json\/wp\/v2\/posts"}],"about":[{"href":"https:\/\/liiveri.net\/en\/wp-json\/wp\/v2\/types\/post"}],"author":[{"embeddable":true,"href":"https:\/\/liiveri.net\/en\/wp-json\/wp\/v2\/users\/3"}],"replies":[{"embeddable":true,"href":"https:\/\/liiveri.net\/en\/wp-json\/wp\/v2\/comments?post=15425"}],"version-history":[{"count":1,"href":"https:\/\/liiveri.net\/en\/wp-json\/wp\/v2\/posts\/15425\/revisions"}],"predecessor-version":[{"id":15427,"href":"https:\/\/liiveri.net\/en\/wp-json\/wp\/v2\/posts\/15425\/revisions\/15427"}],"wp:featuredmedia":[{"embeddable":true,"href":"https:\/\/liiveri.net\/en\/wp-json\/wp\/v2\/media\/15426"}],"wp:attachment":[{"href":"https:\/\/liiveri.net\/en\/wp-json\/wp\/v2\/media?parent=15425"}],"wp:term":[{"taxonomy":"category","embeddable":true,"href":"https:\/\/liiveri.net\/en\/wp-json\/wp\/v2\/categories?post=15425"},{"taxonomy":"post_tag","embeddable":true,"href":"https:\/\/liiveri.net\/en\/wp-json\/wp\/v2\/tags?post=15425"}],"curies":[{"name":"wp","href":"https:\/\/api.w.org\/{rel}","templated":true}]}}