{"id":16912,"date":"2024-09-05T13:46:07","date_gmt":"2024-09-05T10:46:07","guid":{"rendered":"https:\/\/liiveri.net\/?p=16912"},"modified":"2024-09-05T13:46:07","modified_gmt":"2024-09-05T10:46:07","slug":"e-pn-leader-ryhmien-uutiskirjeessa-juhlistetaan-yrittajyytta","status":"publish","type":"post","link":"https:\/\/liiveri.net\/en\/uutiset\/e-pn-leader-ryhmien-uutiskirjeessa-juhlistetaan-yrittajyytta\/","title":{"rendered":"The newsletter of EP&#039;s Leader groups celebrates entrepreneurship"},"content":{"rendered":"<p>The year 2024<a href=\"https:\/\/uhoo-uutiset.creamailer.fi\/email\/66d81316717fe?u=bd4b3B7C9P1KsG6y5Cqly\" target=\"_blank\" rel=\"noopener\"> third newsletter<\/a> has been published.<\/p>\n<p>Newsletter topics:<\/p>\n<ul>\n<li>The poetry workshop inspires word art<\/li>\n<li>SmartCode Solutions \u2013 coding and artificial intelligence expertise from \u00c4ht\u00e4ri<\/li>\n<li>Lukkarin Puustelli from Evij\u00e4rvi got a new master and mistress<\/li>\n<li>Female entrepreneurs build sustainable businesses<\/li>\n<li>J\u00e4rviseudun Pelletti Oy produces pure domestic wood pellets<\/li>\n<li>Project workers&#039; Teams coffees from September<\/li>\n<li>Local food day will be celebrated again on September 7.<\/li>\n<\/ul>\n<p>The South Ostrobothnia Leader groups and the ELY center share current information about rural financing and its effects in a newsletter published four times a year. If you haven&#039;t received a newsletter yet, you can <a href=\"https:\/\/liiveri.net\/en\/liiveri\/tilaa-uutiskirje\/\" target=\"_blank\" rel=\"noopener\">order it here<\/a>.<\/p>\n<p>&nbsp;<\/p>\n<p>&nbsp;<\/p>","protected":false},"excerpt":{"rendered":"<p>The third newsletter of 2024 has been published. Newsletter topics: Poetry workshop inspires word art SmartCode Solutions \u2013 coding and artificial intelligence expertise from \u00c4ht\u00e4ri Lukkarin Puustelli from Evij\u00e4rvi got a new host and hostess Women entrepreneurs build a sustainable business J\u00e4rviseudun Pelletti Oy produces clean domestic wood pellets Project operators&#039; Teams coffees from September Local food day will be celebrated again on September 7. The South Ostrobothnia Leader groups and ELY center share in the newsletter published four times a year [...]<\/p>","protected":false},"author":3,"featured_media":11758,"comment_status":"open","ping_status":"open","sticky":false,"template":"","format":"standard","meta":{"_acf_changed":false,"footnotes":""},"categories":[15,29,30,31,32,10,11,12,13,14],"tags":[],"class_list":["post-16912","post","type-post","status-publish","format-standard","has-post-thumbnail","hentry","category-kansainvalisyys","category-liiveri","category-uutiset","category-digitaalisuus","category-ymparisto","category-tarinat","category-kylat","category-nuoret","category-yritykset","category-yhteisot"],"yoast_head":"<!-- This site is optimized with the Yoast SEO plugin v23.3 - https:\/\/yoast.com\/wordpress\/plugins\/seo\/ -->\n<title>E-P:n Leader-ryhmien uutiskirjeess\u00e4 juhlistetaan yritt\u00e4jyytt\u00e4 - Liiveri<\/title>\n<meta name=\"robots\" content=\"index, follow, max-snippet:-1, max-image-preview:large, max-video-preview:-1\" \/>\n<link rel=\"canonical\" href=\"https:\/\/liiveri.net\/en\/uutiset\/e-pn-leader-ryhmien-uutiskirjeessa-juhlistetaan-yrittajyytta\/\" \/>\n<meta property=\"og:locale\" content=\"en_GB\" \/>\n<meta property=\"og:type\" content=\"article\" \/>\n<meta property=\"og:title\" content=\"E-P:n Leader-ryhmien uutiskirjeess\u00e4 juhlistetaan yritt\u00e4jyytt\u00e4 - Liiveri\" \/>\n<meta property=\"og:description\" content=\"Vuoden 2024 kolmas uutiskirje on julkaistu. Uutiskirjeen aiheita: Runopaja inspiroi sanataiteiluun SmartCode Solutions &#8211; koodaus- ja teko\u00e4lyosaamista \u00c4ht\u00e4rist\u00e4 Lukkarin Puustelli Evij\u00e4rvelt\u00e4 sai uuden is\u00e4nn\u00e4n ja em\u00e4nn\u00e4n Naisyritt\u00e4j\u00e4t rakentavat kest\u00e4v\u00e4\u00e4 liiketoimintaa J\u00e4rviseudun Pelletti Oy tuottaa puhdasta kotimaista puupelletti\u00e4 Hanketoimijoiden Teams-kahvit syyskuusta alkaen L\u00e4hiruokap\u00e4iv\u00e4\u00e4 vietet\u00e4\u00e4n j\u00e4lleen 7.9. Etel\u00e4-Pohjanmaan Leader-ryhm\u00e4t ja ELY-keskus jakavat nelj\u00e4 kertaa vuodessa ilmestyv\u00e4ss\u00e4 uutiskirjeess\u00e4 [&hellip;]\" \/>\n<meta property=\"og:url\" content=\"https:\/\/liiveri.net\/en\/uutiset\/e-pn-leader-ryhmien-uutiskirjeessa-juhlistetaan-yrittajyytta\/\" \/>\n<meta property=\"og:site_name\" content=\"Liiveri\" \/>\n<meta property=\"article:publisher\" content=\"https:\/\/www.facebook.com\/LeaderLiiveri\" \/>\n<meta property=\"article:published_time\" content=\"2024-09-05T10:46:07+00:00\" \/>\n<meta property=\"og:image\" content=\"https:\/\/liiveri.net\/wp-content\/uploads\/2023\/12\/Kuvituskuva1-01-min.png\" \/>\n\t<meta property=\"og:image:width\" content=\"4000\" \/>\n\t<meta property=\"og:image:height\" content=\"2250\" \/>\n\t<meta property=\"og:image:type\" content=\"image\/png\" \/>\n<meta name=\"author\" content=\"Sanna Haapakoski\" \/>\n<meta name=\"twitter:card\" content=\"summary_large_image\" \/>\n<meta name=\"twitter:creator\" content=\"@LeaderLiiveri\" \/>\n<meta name=\"twitter:site\" content=\"@LeaderLiiveri\" \/>\n<meta name=\"twitter:label1\" content=\"Written by\" \/>\n\t<meta name=\"twitter:data1\" content=\"Sanna Haapakoski\" \/>\n\t<meta name=\"twitter:label2\" content=\"Estimated reading time\" \/>\n\t<meta name=\"twitter:data2\" content=\"1 minute\" \/>\n<script type=\"application\/ld+json\" class=\"yoast-schema-graph\">{\"@context\":\"https:\/\/schema.org\",\"@graph\":[{\"@type\":\"Article\",\"@id\":\"https:\/\/liiveri.net\/uutiset\/e-pn-leader-ryhmien-uutiskirjeessa-juhlistetaan-yrittajyytta\/#article\",\"isPartOf\":{\"@id\":\"https:\/\/liiveri.net\/uutiset\/e-pn-leader-ryhmien-uutiskirjeessa-juhlistetaan-yrittajyytta\/\"},\"author\":{\"name\":\"Sanna Haapakoski\",\"@id\":\"https:\/\/liiveri.net\/#\/schema\/person\/ac306228647ee1c649862732e141a9c2\"},\"headline\":\"E-P:n Leader-ryhmien uutiskirjeess\u00e4 juhlistetaan yritt\u00e4jyytt\u00e4\",\"datePublished\":\"2024-09-05T10:46:07+00:00\",\"dateModified\":\"2024-09-05T10:46:07+00:00\",\"mainEntityOfPage\":{\"@id\":\"https:\/\/liiveri.net\/uutiset\/e-pn-leader-ryhmien-uutiskirjeessa-juhlistetaan-yrittajyytta\/\"},\"wordCount\":98,\"commentCount\":0,\"publisher\":{\"@id\":\"https:\/\/liiveri.net\/#organization\"},\"image\":{\"@id\":\"https:\/\/liiveri.net\/uutiset\/e-pn-leader-ryhmien-uutiskirjeessa-juhlistetaan-yrittajyytta\/#primaryimage\"},\"thumbnailUrl\":\"https:\/\/liiveri.net\/wp-content\/uploads\/2023\/12\/Kuvituskuva1-01-min.png\",\"articleSection\":[\"Kansainv\u00e4lisyys\",\"Liiveri\",\"Uutiset\",\"Digitaalisuus\",\"Ymp\u00e4rist\u00f6\",\"Tarinat\",\"Kyl\u00e4t\",\"Nuoret\",\"Yritykset\",\"Yhteis\u00f6t\"],\"inLanguage\":\"en-GB\",\"potentialAction\":[{\"@type\":\"CommentAction\",\"name\":\"Comment\",\"target\":[\"https:\/\/liiveri.net\/uutiset\/e-pn-leader-ryhmien-uutiskirjeessa-juhlistetaan-yrittajyytta\/#respond\"]}]},{\"@type\":\"WebPage\",\"@id\":\"https:\/\/liiveri.net\/uutiset\/e-pn-leader-ryhmien-uutiskirjeessa-juhlistetaan-yrittajyytta\/\",\"url\":\"https:\/\/liiveri.net\/uutiset\/e-pn-leader-ryhmien-uutiskirjeessa-juhlistetaan-yrittajyytta\/\",\"name\":\"E-P:n Leader-ryhmien uutiskirjeess\u00e4 juhlistetaan yritt\u00e4jyytt\u00e4 - Liiveri\",\"isPartOf\":{\"@id\":\"https:\/\/liiveri.net\/#website\"},\"primaryImageOfPage\":{\"@id\":\"https:\/\/liiveri.net\/uutiset\/e-pn-leader-ryhmien-uutiskirjeessa-juhlistetaan-yrittajyytta\/#primaryimage\"},\"image\":{\"@id\":\"https:\/\/liiveri.net\/uutiset\/e-pn-leader-ryhmien-uutiskirjeessa-juhlistetaan-yrittajyytta\/#primaryimage\"},\"thumbnailUrl\":\"https:\/\/liiveri.net\/wp-content\/uploads\/2023\/12\/Kuvituskuva1-01-min.png\",\"datePublished\":\"2024-09-05T10:46:07+00:00\",\"dateModified\":\"2024-09-05T10:46:07+00:00\",\"breadcrumb\":{\"@id\":\"https:\/\/liiveri.net\/uutiset\/e-pn-leader-ryhmien-uutiskirjeessa-juhlistetaan-yrittajyytta\/#breadcrumb\"},\"inLanguage\":\"en-GB\",\"potentialAction\":[{\"@type\":\"ReadAction\",\"target\":[\"https:\/\/liiveri.net\/uutiset\/e-pn-leader-ryhmien-uutiskirjeessa-juhlistetaan-yrittajyytta\/\"]}]},{\"@type\":\"ImageObject\",\"inLanguage\":\"en-GB\",\"@id\":\"https:\/\/liiveri.net\/uutiset\/e-pn-leader-ryhmien-uutiskirjeessa-juhlistetaan-yrittajyytta\/#primaryimage\",\"url\":\"https:\/\/liiveri.net\/wp-content\/uploads\/2023\/12\/Kuvituskuva1-01-min.png\",\"contentUrl\":\"https:\/\/liiveri.net\/wp-content\/uploads\/2023\/12\/Kuvituskuva1-01-min.png\",\"width\":4000,\"height\":2250},{\"@type\":\"BreadcrumbList\",\"@id\":\"https:\/\/liiveri.net\/uutiset\/e-pn-leader-ryhmien-uutiskirjeessa-juhlistetaan-yrittajyytta\/#breadcrumb\",\"itemListElement\":[{\"@type\":\"ListItem\",\"position\":1,\"name\":\"Etusivu\",\"item\":\"https:\/\/liiveri.net\/\"},{\"@type\":\"ListItem\",\"position\":2,\"name\":\"E-P:n Leader-ryhmien uutiskirjeess\u00e4 juhlistetaan yritt\u00e4jyytt\u00e4\"}]},{\"@type\":\"WebSite\",\"@id\":\"https:\/\/liiveri.net\/#website\",\"url\":\"https:\/\/liiveri.net\/\",\"name\":\"Liiveri - Kehitt\u00e4misyhdistys\",\"description\":\"REILU RAHOITTAJA PALVELUKSESSASI\",\"publisher\":{\"@id\":\"https:\/\/liiveri.net\/#organization\"},\"potentialAction\":[{\"@type\":\"SearchAction\",\"target\":{\"@type\":\"EntryPoint\",\"urlTemplate\":\"https:\/\/liiveri.net\/?s={search_term_string}\"},\"query-input\":\"required name=search_term_string\"}],\"inLanguage\":\"en-GB\"},{\"@type\":\"Organization\",\"@id\":\"https:\/\/liiveri.net\/#organization\",\"name\":\"Kehitt\u00e4misyhdistys Liiveri ry\",\"url\":\"https:\/\/liiveri.net\/\",\"logo\":{\"@type\":\"ImageObject\",\"inLanguage\":\"en-GB\",\"@id\":\"https:\/\/liiveri.net\/#\/schema\/logo\/image\/\",\"url\":\"https:\/\/liiveri.net\/wp-content\/uploads\/2023\/02\/placeholder.png\",\"contentUrl\":\"https:\/\/liiveri.net\/wp-content\/uploads\/2023\/02\/placeholder.png\",\"width\":1920,\"height\":1080,\"caption\":\"Kehitt\u00e4misyhdistys Liiveri ry\"},\"image\":{\"@id\":\"https:\/\/liiveri.net\/#\/schema\/logo\/image\/\"},\"sameAs\":[\"https:\/\/www.facebook.com\/LeaderLiiveri\",\"https:\/\/x.com\/LeaderLiiveri\",\"https:\/\/www.instagram.com\/leaderliiveri\/\"]},{\"@type\":\"Person\",\"@id\":\"https:\/\/liiveri.net\/#\/schema\/person\/ac306228647ee1c649862732e141a9c2\",\"name\":\"Sanna Haapakoski\",\"image\":{\"@type\":\"ImageObject\",\"inLanguage\":\"en-GB\",\"@id\":\"https:\/\/liiveri.net\/#\/schema\/person\/image\/\",\"url\":\"https:\/\/liiveri.net\/wp-content\/litespeed\/avatar\/1\/608d57c6a3106ab30083d3b9e2c64800.jpg?ver=1776687660\",\"contentUrl\":\"https:\/\/liiveri.net\/wp-content\/litespeed\/avatar\/1\/608d57c6a3106ab30083d3b9e2c64800.jpg?ver=1776687660\",\"caption\":\"Sanna Haapakoski\"},\"url\":\"https:\/\/liiveri.net\/en\/uutiset\/author\/sanna\/\"}]}<\/script>\n<!-- \/ Yoast SEO plugin. -->","yoast_head_json":{"title":"E-P:n Leader-ryhmien uutiskirjeess\u00e4 juhlistetaan yritt\u00e4jyytt\u00e4 - Liiveri","robots":{"index":"index","follow":"follow","max-snippet":"max-snippet:-1","max-image-preview":"max-image-preview:large","max-video-preview":"max-video-preview:-1"},"canonical":"https:\/\/liiveri.net\/en\/uutiset\/e-pn-leader-ryhmien-uutiskirjeessa-juhlistetaan-yrittajyytta\/","og_locale":"en_GB","og_type":"article","og_title":"E-P:n Leader-ryhmien uutiskirjeess\u00e4 juhlistetaan yritt\u00e4jyytt\u00e4 - Liiveri","og_description":"Vuoden 2024 kolmas uutiskirje on julkaistu. Uutiskirjeen aiheita: Runopaja inspiroi sanataiteiluun SmartCode Solutions &#8211; koodaus- ja teko\u00e4lyosaamista \u00c4ht\u00e4rist\u00e4 Lukkarin Puustelli Evij\u00e4rvelt\u00e4 sai uuden is\u00e4nn\u00e4n ja em\u00e4nn\u00e4n Naisyritt\u00e4j\u00e4t rakentavat kest\u00e4v\u00e4\u00e4 liiketoimintaa J\u00e4rviseudun Pelletti Oy tuottaa puhdasta kotimaista puupelletti\u00e4 Hanketoimijoiden Teams-kahvit syyskuusta alkaen L\u00e4hiruokap\u00e4iv\u00e4\u00e4 vietet\u00e4\u00e4n j\u00e4lleen 7.9. Etel\u00e4-Pohjanmaan Leader-ryhm\u00e4t ja ELY-keskus jakavat nelj\u00e4 kertaa vuodessa ilmestyv\u00e4ss\u00e4 uutiskirjeess\u00e4 [&hellip;]","og_url":"https:\/\/liiveri.net\/en\/uutiset\/e-pn-leader-ryhmien-uutiskirjeessa-juhlistetaan-yrittajyytta\/","og_site_name":"Liiveri","article_publisher":"https:\/\/www.facebook.com\/LeaderLiiveri","article_published_time":"2024-09-05T10:46:07+00:00","og_image":[{"width":4000,"height":2250,"url":"https:\/\/liiveri.net\/wp-content\/uploads\/2023\/12\/Kuvituskuva1-01-min.png","type":"image\/png"}],"author":"Sanna Haapakoski","twitter_card":"summary_large_image","twitter_creator":"@LeaderLiiveri","twitter_site":"@LeaderLiiveri","twitter_misc":{"Written by":"Sanna Haapakoski","Estimated reading time":"1 minute"},"schema":{"@context":"https:\/\/schema.org","@graph":[{"@type":"Article","@id":"https:\/\/liiveri.net\/uutiset\/e-pn-leader-ryhmien-uutiskirjeessa-juhlistetaan-yrittajyytta\/#article","isPartOf":{"@id":"https:\/\/liiveri.net\/uutiset\/e-pn-leader-ryhmien-uutiskirjeessa-juhlistetaan-yrittajyytta\/"},"author":{"name":"Sanna Haapakoski","@id":"https:\/\/liiveri.net\/#\/schema\/person\/ac306228647ee1c649862732e141a9c2"},"headline":"E-P:n Leader-ryhmien uutiskirjeess\u00e4 juhlistetaan yritt\u00e4jyytt\u00e4","datePublished":"2024-09-05T10:46:07+00:00","dateModified":"2024-09-05T10:46:07+00:00","mainEntityOfPage":{"@id":"https:\/\/liiveri.net\/uutiset\/e-pn-leader-ryhmien-uutiskirjeessa-juhlistetaan-yrittajyytta\/"},"wordCount":98,"commentCount":0,"publisher":{"@id":"https:\/\/liiveri.net\/#organization"},"image":{"@id":"https:\/\/liiveri.net\/uutiset\/e-pn-leader-ryhmien-uutiskirjeessa-juhlistetaan-yrittajyytta\/#primaryimage"},"thumbnailUrl":"https:\/\/liiveri.net\/wp-content\/uploads\/2023\/12\/Kuvituskuva1-01-min.png","articleSection":["Kansainv\u00e4lisyys","Liiveri","Uutiset","Digitaalisuus","Ymp\u00e4rist\u00f6","Tarinat","Kyl\u00e4t","Nuoret","Yritykset","Yhteis\u00f6t"],"inLanguage":"en-GB","potentialAction":[{"@type":"CommentAction","name":"Comment","target":["https:\/\/liiveri.net\/uutiset\/e-pn-leader-ryhmien-uutiskirjeessa-juhlistetaan-yrittajyytta\/#respond"]}]},{"@type":"WebPage","@id":"https:\/\/liiveri.net\/uutiset\/e-pn-leader-ryhmien-uutiskirjeessa-juhlistetaan-yrittajyytta\/","url":"https:\/\/liiveri.net\/uutiset\/e-pn-leader-ryhmien-uutiskirjeessa-juhlistetaan-yrittajyytta\/","name":"E-P:n Leader-ryhmien uutiskirjeess\u00e4 juhlistetaan yritt\u00e4jyytt\u00e4 - Liiveri","isPartOf":{"@id":"https:\/\/liiveri.net\/#website"},"primaryImageOfPage":{"@id":"https:\/\/liiveri.net\/uutiset\/e-pn-leader-ryhmien-uutiskirjeessa-juhlistetaan-yrittajyytta\/#primaryimage"},"image":{"@id":"https:\/\/liiveri.net\/uutiset\/e-pn-leader-ryhmien-uutiskirjeessa-juhlistetaan-yrittajyytta\/#primaryimage"},"thumbnailUrl":"https:\/\/liiveri.net\/wp-content\/uploads\/2023\/12\/Kuvituskuva1-01-min.png","datePublished":"2024-09-05T10:46:07+00:00","dateModified":"2024-09-05T10:46:07+00:00","breadcrumb":{"@id":"https:\/\/liiveri.net\/uutiset\/e-pn-leader-ryhmien-uutiskirjeessa-juhlistetaan-yrittajyytta\/#breadcrumb"},"inLanguage":"en-GB","potentialAction":[{"@type":"ReadAction","target":["https:\/\/liiveri.net\/uutiset\/e-pn-leader-ryhmien-uutiskirjeessa-juhlistetaan-yrittajyytta\/"]}]},{"@type":"ImageObject","inLanguage":"en-GB","@id":"https:\/\/liiveri.net\/uutiset\/e-pn-leader-ryhmien-uutiskirjeessa-juhlistetaan-yrittajyytta\/#primaryimage","url":"https:\/\/liiveri.net\/wp-content\/uploads\/2023\/12\/Kuvituskuva1-01-min.png","contentUrl":"https:\/\/liiveri.net\/wp-content\/uploads\/2023\/12\/Kuvituskuva1-01-min.png","width":4000,"height":2250},{"@type":"BreadcrumbList","@id":"https:\/\/liiveri.net\/uutiset\/e-pn-leader-ryhmien-uutiskirjeessa-juhlistetaan-yrittajyytta\/#breadcrumb","itemListElement":[{"@type":"ListItem","position":1,"name":"Etusivu","item":"https:\/\/liiveri.net\/"},{"@type":"ListItem","position":2,"name":"E-P:n Leader-ryhmien uutiskirjeess\u00e4 juhlistetaan yritt\u00e4jyytt\u00e4"}]},{"@type":"WebSite","@id":"https:\/\/liiveri.net\/#website","url":"https:\/\/liiveri.net\/","name":"Liiveri - Kehitt\u00e4misyhdistys","description":"REILU RAHOITTAJA PALVELUKSESSASI","publisher":{"@id":"https:\/\/liiveri.net\/#organization"},"potentialAction":[{"@type":"SearchAction","target":{"@type":"EntryPoint","urlTemplate":"https:\/\/liiveri.net\/?s={search_term_string}"},"query-input":"required name=search_term_string"}],"inLanguage":"en-GB"},{"@type":"Organization","@id":"https:\/\/liiveri.net\/#organization","name":"Kehitt\u00e4misyhdistys Liiveri ry","url":"https:\/\/liiveri.net\/","logo":{"@type":"ImageObject","inLanguage":"en-GB","@id":"https:\/\/liiveri.net\/#\/schema\/logo\/image\/","url":"https:\/\/liiveri.net\/wp-content\/uploads\/2023\/02\/placeholder.png","contentUrl":"https:\/\/liiveri.net\/wp-content\/uploads\/2023\/02\/placeholder.png","width":1920,"height":1080,"caption":"Kehitt\u00e4misyhdistys Liiveri ry"},"image":{"@id":"https:\/\/liiveri.net\/#\/schema\/logo\/image\/"},"sameAs":["https:\/\/www.facebook.com\/LeaderLiiveri","https:\/\/x.com\/LeaderLiiveri","https:\/\/www.instagram.com\/leaderliiveri\/"]},{"@type":"Person","@id":"https:\/\/liiveri.net\/#\/schema\/person\/ac306228647ee1c649862732e141a9c2","name":"Sanna Haapakoski","image":{"@type":"ImageObject","inLanguage":"en-GB","@id":"https:\/\/liiveri.net\/#\/schema\/person\/image\/","url":"https:\/\/liiveri.net\/wp-content\/litespeed\/avatar\/1\/608d57c6a3106ab30083d3b9e2c64800.jpg?ver=1776687660","contentUrl":"https:\/\/liiveri.net\/wp-content\/litespeed\/avatar\/1\/608d57c6a3106ab30083d3b9e2c64800.jpg?ver=1776687660","caption":"Sanna Haapakoski"},"url":"https:\/\/liiveri.net\/en\/uutiset\/author\/sanna\/"}]}},"acf":[],"_links":{"self":[{"href":"https:\/\/liiveri.net\/en\/wp-json\/wp\/v2\/posts\/16912","targetHints":{"allow":["GET"]}}],"collection":[{"href":"https:\/\/liiveri.net\/en\/wp-json\/wp\/v2\/posts"}],"about":[{"href":"https:\/\/liiveri.net\/en\/wp-json\/wp\/v2\/types\/post"}],"author":[{"embeddable":true,"href":"https:\/\/liiveri.net\/en\/wp-json\/wp\/v2\/users\/3"}],"replies":[{"embeddable":true,"href":"https:\/\/liiveri.net\/en\/wp-json\/wp\/v2\/comments?post=16912"}],"version-history":[{"count":1,"href":"https:\/\/liiveri.net\/en\/wp-json\/wp\/v2\/posts\/16912\/revisions"}],"predecessor-version":[{"id":16913,"href":"https:\/\/liiveri.net\/en\/wp-json\/wp\/v2\/posts\/16912\/revisions\/16913"}],"wp:featuredmedia":[{"embeddable":true,"href":"https:\/\/liiveri.net\/en\/wp-json\/wp\/v2\/media\/11758"}],"wp:attachment":[{"href":"https:\/\/liiveri.net\/en\/wp-json\/wp\/v2\/media?parent=16912"}],"wp:term":[{"taxonomy":"category","embeddable":true,"href":"https:\/\/liiveri.net\/en\/wp-json\/wp\/v2\/categories?post=16912"},{"taxonomy":"post_tag","embeddable":true,"href":"https:\/\/liiveri.net\/en\/wp-json\/wp\/v2\/tags?post=16912"}],"curies":[{"name":"wp","href":"https:\/\/api.w.org\/{rel}","templated":true}]}}