{"id":19050,"date":"2025-04-14T11:09:28","date_gmt":"2025-04-14T08:09:28","guid":{"rendered":"https:\/\/liiveri.net\/?p=19050"},"modified":"2025-04-17T09:36:28","modified_gmt":"2025-04-17T06:36:28","slug":"kysely-yhteisojen-ekoteoista-ja-kehitystarpeista","status":"publish","type":"post","link":"https:\/\/liiveri.net\/en\/uutiset\/kysely-yhteisojen-ekoteoista-ja-kehitystarpeista\/","title":{"rendered":"Survey on communities&#039; eco-actions and development needs"},"content":{"rendered":"<p>Liiveri wants to improve communities&#039; environmental awareness and knowledge, and encourage and help communities to carry out eco-deeds of various sizes. The themes are promoted through the Eco-Deeds Together project. At the beginning of the project, we will conduct a survey for communities so that the project&#039;s activities can be directed as well as possible.<\/p>\n<p>The survey will find out what kind of eco-deeds you are currently doing in your community and what you would like to learn more about. The survey will also find out how you would like to utilize Liiveri&#039;s Eco-Deeds project to develop your operations. In addition to the project&#039;s future activities, Liiveri can support your operations with project funding.<\/p>\n<p>You can answer the survey anonymously, but if you would like to be involved in the project, please leave your contact information at the end.<\/p>\n<p>For more information: Leader Liiveri Eco-Acts Together project manager Sanna Pihlaja 050 554 7442, sanna.pihlaja@liiveri.net<\/p>\n<p><strong>Please answer the survey by May 18, 2025:<\/strong><\/p>\n<p><strong><a href=\"https:\/\/forms.office.com\/Pages\/ResponsePage.aspx?id=UxuI2XO4pkegWjLI3oB9K7ymNqc5RS9BiHgCYkC8eVVUNk1JRVVQN1FIMUVaMjBCNldaSUpSVEYzUi4u\" target=\"_blank\" rel=\"noopener\">Survey on communities&#039; eco-actions and development needs<\/a><\/strong><\/p>\n<p>&nbsp;<\/p>\n<p>&nbsp;<\/p>","protected":false},"excerpt":{"rendered":"<p>Liiveri wants to improve communities&#039; environmental awareness and knowledge, and encourage and help communities to carry out eco-deeds of various sizes. The topics of the theme are promoted through the Eco-Deeds Together project. At the beginning of the project, we will conduct a survey for communities so that the project&#039;s activities can be directed as well as possible. The survey will find out what kind of eco-deeds you are currently doing in your community and what you would like to learn more about. The survey will also find out how you would like to utilize Liiveri&#039;s Eco-Deeds project [\u2026]<\/p>","protected":false},"author":3,"featured_media":19054,"comment_status":"closed","ping_status":"closed","sticky":false,"template":"","format":"standard","meta":{"_acf_changed":false,"footnotes":""},"categories":[9,11,14,29,30,32],"tags":[],"class_list":["post-19050","post","type-post","status-publish","format-standard","has-post-thumbnail","hentry","category-tiedotteet","category-kylat","category-yhteisot","category-liiveri","category-uutiset","category-ymparisto"],"yoast_head":"<!-- This site is optimized with the Yoast SEO plugin v23.3 - https:\/\/yoast.com\/wordpress\/plugins\/seo\/ -->\n<title>Kysely yhteis\u00f6jen ekoteoista ja kehitystarpeista - Liiveri<\/title>\n<meta name=\"robots\" content=\"index, follow, max-snippet:-1, max-image-preview:large, max-video-preview:-1\" \/>\n<link rel=\"canonical\" href=\"https:\/\/liiveri.net\/en\/uutiset\/kysely-yhteisojen-ekoteoista-ja-kehitystarpeista\/\" \/>\n<meta property=\"og:locale\" content=\"en_GB\" \/>\n<meta property=\"og:type\" content=\"article\" \/>\n<meta property=\"og:title\" content=\"Kysely yhteis\u00f6jen ekoteoista ja kehitystarpeista - Liiveri\" \/>\n<meta property=\"og:description\" content=\"Liiveri haluaa parantaa yhteis\u00f6jen ymp\u00e4rist\u00f6tietoisuutta ja -osaamista sek\u00e4 kannustaa ja auttaa yhteis\u00f6j\u00e4 toteuttamaan eri kokoisia ekotekoja. Teeman aiheita edistet\u00e4\u00e4n Ekotekoja yhdess\u00e4 -hankkeen avulla. Hankkeen alussa toteutamme kyselyn yhteis\u00f6ille, jotta hankkeen toimet pystyt\u00e4\u00e4n suuntaamaan mahdollisimman hyvin. Kyselyll\u00e4 selvitet\u00e4\u00e4n, millaisia ekotekoja teette yhteis\u00f6ss\u00e4nne nyt ja mist\u00e4 haluaisitte oppia lis\u00e4\u00e4. Lis\u00e4ksi kyselyll\u00e4 selvitet\u00e4\u00e4n, miten haluaisitte hy\u00f6dynt\u00e4\u00e4 Liiverin Ekotekoja-hanketta [&hellip;]\" \/>\n<meta property=\"og:url\" content=\"https:\/\/liiveri.net\/en\/uutiset\/kysely-yhteisojen-ekoteoista-ja-kehitystarpeista\/\" \/>\n<meta property=\"og:site_name\" content=\"Liiveri\" \/>\n<meta property=\"article:publisher\" content=\"https:\/\/www.facebook.com\/LeaderLiiveri\" \/>\n<meta property=\"article:published_time\" content=\"2025-04-14T08:09:28+00:00\" \/>\n<meta property=\"article:modified_time\" content=\"2025-04-17T06:36:28+00:00\" \/>\n<meta property=\"og:image\" content=\"https:\/\/liiveri.net\/wp-content\/uploads\/2025\/04\/Nimeton-1920-x-1080-px-1.png\" \/>\n\t<meta property=\"og:image:width\" content=\"1920\" \/>\n\t<meta property=\"og:image:height\" content=\"1080\" \/>\n\t<meta property=\"og:image:type\" content=\"image\/png\" \/>\n<meta name=\"author\" content=\"Sanna Haapakoski\" \/>\n<meta name=\"twitter:card\" content=\"summary_large_image\" \/>\n<meta name=\"twitter:creator\" content=\"@LeaderLiiveri\" \/>\n<meta name=\"twitter:site\" content=\"@LeaderLiiveri\" \/>\n<meta name=\"twitter:label1\" content=\"Written by\" \/>\n\t<meta name=\"twitter:data1\" content=\"Sanna Haapakoski\" \/>\n\t<meta name=\"twitter:label2\" content=\"Estimated reading time\" \/>\n\t<meta name=\"twitter:data2\" content=\"1 minute\" \/>\n<script type=\"application\/ld+json\" class=\"yoast-schema-graph\">{\"@context\":\"https:\/\/schema.org\",\"@graph\":[{\"@type\":\"Article\",\"@id\":\"https:\/\/liiveri.net\/uutiset\/kysely-yhteisojen-ekoteoista-ja-kehitystarpeista\/#article\",\"isPartOf\":{\"@id\":\"https:\/\/liiveri.net\/uutiset\/kysely-yhteisojen-ekoteoista-ja-kehitystarpeista\/\"},\"author\":{\"name\":\"Sanna Haapakoski\",\"@id\":\"https:\/\/liiveri.net\/#\/schema\/person\/ac306228647ee1c649862732e141a9c2\"},\"headline\":\"Kysely yhteis\u00f6jen ekoteoista ja kehitystarpeista\",\"datePublished\":\"2025-04-14T08:09:28+00:00\",\"dateModified\":\"2025-04-17T06:36:28+00:00\",\"mainEntityOfPage\":{\"@id\":\"https:\/\/liiveri.net\/uutiset\/kysely-yhteisojen-ekoteoista-ja-kehitystarpeista\/\"},\"wordCount\":130,\"publisher\":{\"@id\":\"https:\/\/liiveri.net\/#organization\"},\"image\":{\"@id\":\"https:\/\/liiveri.net\/uutiset\/kysely-yhteisojen-ekoteoista-ja-kehitystarpeista\/#primaryimage\"},\"thumbnailUrl\":\"https:\/\/liiveri.net\/wp-content\/uploads\/2025\/04\/Nimeton-1920-x-1080-px-1.png\",\"articleSection\":[\"Tiedotteet\",\"Kyl\u00e4t\",\"Yhteis\u00f6t\",\"Liiveri\",\"Uutiset\",\"Ymp\u00e4rist\u00f6\"],\"inLanguage\":\"en-GB\"},{\"@type\":\"WebPage\",\"@id\":\"https:\/\/liiveri.net\/uutiset\/kysely-yhteisojen-ekoteoista-ja-kehitystarpeista\/\",\"url\":\"https:\/\/liiveri.net\/uutiset\/kysely-yhteisojen-ekoteoista-ja-kehitystarpeista\/\",\"name\":\"Kysely yhteis\u00f6jen ekoteoista ja kehitystarpeista - Liiveri\",\"isPartOf\":{\"@id\":\"https:\/\/liiveri.net\/#website\"},\"primaryImageOfPage\":{\"@id\":\"https:\/\/liiveri.net\/uutiset\/kysely-yhteisojen-ekoteoista-ja-kehitystarpeista\/#primaryimage\"},\"image\":{\"@id\":\"https:\/\/liiveri.net\/uutiset\/kysely-yhteisojen-ekoteoista-ja-kehitystarpeista\/#primaryimage\"},\"thumbnailUrl\":\"https:\/\/liiveri.net\/wp-content\/uploads\/2025\/04\/Nimeton-1920-x-1080-px-1.png\",\"datePublished\":\"2025-04-14T08:09:28+00:00\",\"dateModified\":\"2025-04-17T06:36:28+00:00\",\"breadcrumb\":{\"@id\":\"https:\/\/liiveri.net\/uutiset\/kysely-yhteisojen-ekoteoista-ja-kehitystarpeista\/#breadcrumb\"},\"inLanguage\":\"en-GB\",\"potentialAction\":[{\"@type\":\"ReadAction\",\"target\":[\"https:\/\/liiveri.net\/uutiset\/kysely-yhteisojen-ekoteoista-ja-kehitystarpeista\/\"]}]},{\"@type\":\"ImageObject\",\"inLanguage\":\"en-GB\",\"@id\":\"https:\/\/liiveri.net\/uutiset\/kysely-yhteisojen-ekoteoista-ja-kehitystarpeista\/#primaryimage\",\"url\":\"https:\/\/liiveri.net\/wp-content\/uploads\/2025\/04\/Nimeton-1920-x-1080-px-1.png\",\"contentUrl\":\"https:\/\/liiveri.net\/wp-content\/uploads\/2025\/04\/Nimeton-1920-x-1080-px-1.png\",\"width\":1920,\"height\":1080},{\"@type\":\"BreadcrumbList\",\"@id\":\"https:\/\/liiveri.net\/uutiset\/kysely-yhteisojen-ekoteoista-ja-kehitystarpeista\/#breadcrumb\",\"itemListElement\":[{\"@type\":\"ListItem\",\"position\":1,\"name\":\"Etusivu\",\"item\":\"https:\/\/liiveri.net\/\"},{\"@type\":\"ListItem\",\"position\":2,\"name\":\"Kysely yhteis\u00f6jen ekoteoista ja kehitystarpeista\"}]},{\"@type\":\"WebSite\",\"@id\":\"https:\/\/liiveri.net\/#website\",\"url\":\"https:\/\/liiveri.net\/\",\"name\":\"Liiveri - Kehitt\u00e4misyhdistys\",\"description\":\"REILU RAHOITTAJA PALVELUKSESSASI\",\"publisher\":{\"@id\":\"https:\/\/liiveri.net\/#organization\"},\"potentialAction\":[{\"@type\":\"SearchAction\",\"target\":{\"@type\":\"EntryPoint\",\"urlTemplate\":\"https:\/\/liiveri.net\/?s={search_term_string}\"},\"query-input\":\"required name=search_term_string\"}],\"inLanguage\":\"en-GB\"},{\"@type\":\"Organization\",\"@id\":\"https:\/\/liiveri.net\/#organization\",\"name\":\"Kehitt\u00e4misyhdistys Liiveri ry\",\"url\":\"https:\/\/liiveri.net\/\",\"logo\":{\"@type\":\"ImageObject\",\"inLanguage\":\"en-GB\",\"@id\":\"https:\/\/liiveri.net\/#\/schema\/logo\/image\/\",\"url\":\"https:\/\/liiveri.net\/wp-content\/uploads\/2023\/02\/placeholder.png\",\"contentUrl\":\"https:\/\/liiveri.net\/wp-content\/uploads\/2023\/02\/placeholder.png\",\"width\":1920,\"height\":1080,\"caption\":\"Kehitt\u00e4misyhdistys Liiveri ry\"},\"image\":{\"@id\":\"https:\/\/liiveri.net\/#\/schema\/logo\/image\/\"},\"sameAs\":[\"https:\/\/www.facebook.com\/LeaderLiiveri\",\"https:\/\/x.com\/LeaderLiiveri\",\"https:\/\/www.instagram.com\/leaderliiveri\/\"]},{\"@type\":\"Person\",\"@id\":\"https:\/\/liiveri.net\/#\/schema\/person\/ac306228647ee1c649862732e141a9c2\",\"name\":\"Sanna Haapakoski\",\"image\":{\"@type\":\"ImageObject\",\"inLanguage\":\"en-GB\",\"@id\":\"https:\/\/liiveri.net\/#\/schema\/person\/image\/\",\"url\":\"https:\/\/liiveri.net\/wp-content\/litespeed\/avatar\/1\/608d57c6a3106ab30083d3b9e2c64800.jpg?ver=1777292544\",\"contentUrl\":\"https:\/\/liiveri.net\/wp-content\/litespeed\/avatar\/1\/608d57c6a3106ab30083d3b9e2c64800.jpg?ver=1777292544\",\"caption\":\"Sanna Haapakoski\"},\"url\":\"https:\/\/liiveri.net\/en\/uutiset\/author\/sanna\/\"}]}<\/script>\n<!-- \/ Yoast SEO plugin. -->","yoast_head_json":{"title":"Kysely yhteis\u00f6jen ekoteoista ja kehitystarpeista - Liiveri","robots":{"index":"index","follow":"follow","max-snippet":"max-snippet:-1","max-image-preview":"max-image-preview:large","max-video-preview":"max-video-preview:-1"},"canonical":"https:\/\/liiveri.net\/en\/uutiset\/kysely-yhteisojen-ekoteoista-ja-kehitystarpeista\/","og_locale":"en_GB","og_type":"article","og_title":"Kysely yhteis\u00f6jen ekoteoista ja kehitystarpeista - Liiveri","og_description":"Liiveri haluaa parantaa yhteis\u00f6jen ymp\u00e4rist\u00f6tietoisuutta ja -osaamista sek\u00e4 kannustaa ja auttaa yhteis\u00f6j\u00e4 toteuttamaan eri kokoisia ekotekoja. Teeman aiheita edistet\u00e4\u00e4n Ekotekoja yhdess\u00e4 -hankkeen avulla. Hankkeen alussa toteutamme kyselyn yhteis\u00f6ille, jotta hankkeen toimet pystyt\u00e4\u00e4n suuntaamaan mahdollisimman hyvin. Kyselyll\u00e4 selvitet\u00e4\u00e4n, millaisia ekotekoja teette yhteis\u00f6ss\u00e4nne nyt ja mist\u00e4 haluaisitte oppia lis\u00e4\u00e4. Lis\u00e4ksi kyselyll\u00e4 selvitet\u00e4\u00e4n, miten haluaisitte hy\u00f6dynt\u00e4\u00e4 Liiverin Ekotekoja-hanketta [&hellip;]","og_url":"https:\/\/liiveri.net\/en\/uutiset\/kysely-yhteisojen-ekoteoista-ja-kehitystarpeista\/","og_site_name":"Liiveri","article_publisher":"https:\/\/www.facebook.com\/LeaderLiiveri","article_published_time":"2025-04-14T08:09:28+00:00","article_modified_time":"2025-04-17T06:36:28+00:00","og_image":[{"width":1920,"height":1080,"url":"https:\/\/liiveri.net\/wp-content\/uploads\/2025\/04\/Nimeton-1920-x-1080-px-1.png","type":"image\/png"}],"author":"Sanna Haapakoski","twitter_card":"summary_large_image","twitter_creator":"@LeaderLiiveri","twitter_site":"@LeaderLiiveri","twitter_misc":{"Written by":"Sanna Haapakoski","Estimated reading time":"1 minute"},"schema":{"@context":"https:\/\/schema.org","@graph":[{"@type":"Article","@id":"https:\/\/liiveri.net\/uutiset\/kysely-yhteisojen-ekoteoista-ja-kehitystarpeista\/#article","isPartOf":{"@id":"https:\/\/liiveri.net\/uutiset\/kysely-yhteisojen-ekoteoista-ja-kehitystarpeista\/"},"author":{"name":"Sanna Haapakoski","@id":"https:\/\/liiveri.net\/#\/schema\/person\/ac306228647ee1c649862732e141a9c2"},"headline":"Kysely yhteis\u00f6jen ekoteoista ja kehitystarpeista","datePublished":"2025-04-14T08:09:28+00:00","dateModified":"2025-04-17T06:36:28+00:00","mainEntityOfPage":{"@id":"https:\/\/liiveri.net\/uutiset\/kysely-yhteisojen-ekoteoista-ja-kehitystarpeista\/"},"wordCount":130,"publisher":{"@id":"https:\/\/liiveri.net\/#organization"},"image":{"@id":"https:\/\/liiveri.net\/uutiset\/kysely-yhteisojen-ekoteoista-ja-kehitystarpeista\/#primaryimage"},"thumbnailUrl":"https:\/\/liiveri.net\/wp-content\/uploads\/2025\/04\/Nimeton-1920-x-1080-px-1.png","articleSection":["Tiedotteet","Kyl\u00e4t","Yhteis\u00f6t","Liiveri","Uutiset","Ymp\u00e4rist\u00f6"],"inLanguage":"en-GB"},{"@type":"WebPage","@id":"https:\/\/liiveri.net\/uutiset\/kysely-yhteisojen-ekoteoista-ja-kehitystarpeista\/","url":"https:\/\/liiveri.net\/uutiset\/kysely-yhteisojen-ekoteoista-ja-kehitystarpeista\/","name":"Kysely yhteis\u00f6jen ekoteoista ja kehitystarpeista - Liiveri","isPartOf":{"@id":"https:\/\/liiveri.net\/#website"},"primaryImageOfPage":{"@id":"https:\/\/liiveri.net\/uutiset\/kysely-yhteisojen-ekoteoista-ja-kehitystarpeista\/#primaryimage"},"image":{"@id":"https:\/\/liiveri.net\/uutiset\/kysely-yhteisojen-ekoteoista-ja-kehitystarpeista\/#primaryimage"},"thumbnailUrl":"https:\/\/liiveri.net\/wp-content\/uploads\/2025\/04\/Nimeton-1920-x-1080-px-1.png","datePublished":"2025-04-14T08:09:28+00:00","dateModified":"2025-04-17T06:36:28+00:00","breadcrumb":{"@id":"https:\/\/liiveri.net\/uutiset\/kysely-yhteisojen-ekoteoista-ja-kehitystarpeista\/#breadcrumb"},"inLanguage":"en-GB","potentialAction":[{"@type":"ReadAction","target":["https:\/\/liiveri.net\/uutiset\/kysely-yhteisojen-ekoteoista-ja-kehitystarpeista\/"]}]},{"@type":"ImageObject","inLanguage":"en-GB","@id":"https:\/\/liiveri.net\/uutiset\/kysely-yhteisojen-ekoteoista-ja-kehitystarpeista\/#primaryimage","url":"https:\/\/liiveri.net\/wp-content\/uploads\/2025\/04\/Nimeton-1920-x-1080-px-1.png","contentUrl":"https:\/\/liiveri.net\/wp-content\/uploads\/2025\/04\/Nimeton-1920-x-1080-px-1.png","width":1920,"height":1080},{"@type":"BreadcrumbList","@id":"https:\/\/liiveri.net\/uutiset\/kysely-yhteisojen-ekoteoista-ja-kehitystarpeista\/#breadcrumb","itemListElement":[{"@type":"ListItem","position":1,"name":"Etusivu","item":"https:\/\/liiveri.net\/"},{"@type":"ListItem","position":2,"name":"Kysely yhteis\u00f6jen ekoteoista ja kehitystarpeista"}]},{"@type":"WebSite","@id":"https:\/\/liiveri.net\/#website","url":"https:\/\/liiveri.net\/","name":"Liiveri - Kehitt\u00e4misyhdistys","description":"REILU RAHOITTAJA PALVELUKSESSASI","publisher":{"@id":"https:\/\/liiveri.net\/#organization"},"potentialAction":[{"@type":"SearchAction","target":{"@type":"EntryPoint","urlTemplate":"https:\/\/liiveri.net\/?s={search_term_string}"},"query-input":"required name=search_term_string"}],"inLanguage":"en-GB"},{"@type":"Organization","@id":"https:\/\/liiveri.net\/#organization","name":"Kehitt\u00e4misyhdistys Liiveri ry","url":"https:\/\/liiveri.net\/","logo":{"@type":"ImageObject","inLanguage":"en-GB","@id":"https:\/\/liiveri.net\/#\/schema\/logo\/image\/","url":"https:\/\/liiveri.net\/wp-content\/uploads\/2023\/02\/placeholder.png","contentUrl":"https:\/\/liiveri.net\/wp-content\/uploads\/2023\/02\/placeholder.png","width":1920,"height":1080,"caption":"Kehitt\u00e4misyhdistys Liiveri ry"},"image":{"@id":"https:\/\/liiveri.net\/#\/schema\/logo\/image\/"},"sameAs":["https:\/\/www.facebook.com\/LeaderLiiveri","https:\/\/x.com\/LeaderLiiveri","https:\/\/www.instagram.com\/leaderliiveri\/"]},{"@type":"Person","@id":"https:\/\/liiveri.net\/#\/schema\/person\/ac306228647ee1c649862732e141a9c2","name":"Sanna Haapakoski","image":{"@type":"ImageObject","inLanguage":"en-GB","@id":"https:\/\/liiveri.net\/#\/schema\/person\/image\/","url":"https:\/\/liiveri.net\/wp-content\/litespeed\/avatar\/1\/608d57c6a3106ab30083d3b9e2c64800.jpg?ver=1777292544","contentUrl":"https:\/\/liiveri.net\/wp-content\/litespeed\/avatar\/1\/608d57c6a3106ab30083d3b9e2c64800.jpg?ver=1777292544","caption":"Sanna Haapakoski"},"url":"https:\/\/liiveri.net\/en\/uutiset\/author\/sanna\/"}]}},"acf":[],"_links":{"self":[{"href":"https:\/\/liiveri.net\/en\/wp-json\/wp\/v2\/posts\/19050","targetHints":{"allow":["GET"]}}],"collection":[{"href":"https:\/\/liiveri.net\/en\/wp-json\/wp\/v2\/posts"}],"about":[{"href":"https:\/\/liiveri.net\/en\/wp-json\/wp\/v2\/types\/post"}],"author":[{"embeddable":true,"href":"https:\/\/liiveri.net\/en\/wp-json\/wp\/v2\/users\/3"}],"replies":[{"embeddable":true,"href":"https:\/\/liiveri.net\/en\/wp-json\/wp\/v2\/comments?post=19050"}],"version-history":[{"count":4,"href":"https:\/\/liiveri.net\/en\/wp-json\/wp\/v2\/posts\/19050\/revisions"}],"predecessor-version":[{"id":19073,"href":"https:\/\/liiveri.net\/en\/wp-json\/wp\/v2\/posts\/19050\/revisions\/19073"}],"wp:featuredmedia":[{"embeddable":true,"href":"https:\/\/liiveri.net\/en\/wp-json\/wp\/v2\/media\/19054"}],"wp:attachment":[{"href":"https:\/\/liiveri.net\/en\/wp-json\/wp\/v2\/media?parent=19050"}],"wp:term":[{"taxonomy":"category","embeddable":true,"href":"https:\/\/liiveri.net\/en\/wp-json\/wp\/v2\/categories?post=19050"},{"taxonomy":"post_tag","embeddable":true,"href":"https:\/\/liiveri.net\/en\/wp-json\/wp\/v2\/tags?post=19050"}],"curies":[{"name":"wp","href":"https:\/\/api.w.org\/{rel}","templated":true}]}}