{"id":19712,"date":"2025-06-09T12:55:24","date_gmt":"2025-06-09T09:55:24","guid":{"rendered":"https:\/\/liiveri.net\/?p=19712"},"modified":"2025-06-11T11:33:22","modified_gmt":"2025-06-11T08:33:22","slug":"liiverin-toimisto-kiinni-heinakuussa","status":"publish","type":"post","link":"https:\/\/liiveri.net\/en\/uutiset\/liiverin-toimisto-kiinni-heinakuussa\/","title":{"rendered":"Liiveri office closed in July"},"content":{"rendered":"<p>Liiveri office is closed for the month of July. Some Liiveri employees will start their vacation already on Midsummer and the last ones at the beginning of July. We will return to work in August.<\/p>\n<p>Urgent matters can be handled during the holidays by sending an email to toimisto@liiveri.net.<\/p>\n<p>There are many inspiring activities planned for the fall: support for safety and preparedness, events and workshops, sparring, and examples of sustainable actions from across the region.<\/p>\n<p>Have a wonderful summer and relaxing moments in nature!<\/p>\n<p>&nbsp;<\/p>\n<p>&nbsp;<\/p>\n<p>&nbsp;<\/p>","protected":false},"excerpt":{"rendered":"<p>The Liiveri office is closed during July. Some of the Liiveri residents start their vacation already at Midsummer and the last ones at the beginning of July. We will return to work in August. Urgent matters can be handled during the holidays by sending an email to toimisto@liiveri.net. There are many inspiring activities planned for the autumn: support for safety and preparedness, events and workshops, sparring and examples of sustainable actions from different parts of the region. Have a wonderful summer and relaxing [\u2026]<\/p>","protected":false},"author":3,"featured_media":19713,"comment_status":"closed","ping_status":"closed","sticky":false,"template":"","format":"standard","meta":{"_acf_changed":false,"footnotes":""},"categories":[9,29,30],"tags":[],"class_list":["post-19712","post","type-post","status-publish","format-standard","has-post-thumbnail","hentry","category-tiedotteet","category-liiveri","category-uutiset"],"yoast_head":"<!-- This site is optimized with the Yoast SEO plugin v23.3 - https:\/\/yoast.com\/wordpress\/plugins\/seo\/ -->\n<title>Liiverin toimisto kiinni hein\u00e4kuussa - Liiveri<\/title>\n<meta name=\"robots\" content=\"index, follow, max-snippet:-1, max-image-preview:large, max-video-preview:-1\" \/>\n<link rel=\"canonical\" href=\"https:\/\/liiveri.net\/en\/uutiset\/liiverin-toimisto-kiinni-heinakuussa\/\" \/>\n<meta property=\"og:locale\" content=\"en_GB\" \/>\n<meta property=\"og:type\" content=\"article\" \/>\n<meta property=\"og:title\" content=\"Liiverin toimisto kiinni hein\u00e4kuussa - Liiveri\" \/>\n<meta property=\"og:description\" content=\"Liiverin toimisto on suljettu hein\u00e4kuun ajan. Osa liiveril\u00e4isist\u00e4 aloittaa loman jo juhannuksena ja viimeisetkin hein\u00e4kuun alussa. Palaamme takaisin ty\u00f6n \u00e4\u00e4reen elokuussa. Kiireellisi\u00e4 asioita voi hoitaa lomien aikana laittamalla s\u00e4hk\u00f6postia toimisto@liiveri.net. Syksyll\u00e4 on luvassa paljon innostavaa toimintaa: tukea turvallisuuteen ja varautumiseen, tapahtumia ja ty\u00f6pajoja, sparrausta ja esimerkkej\u00e4 kest\u00e4vist\u00e4 teoista eri puolilta aluetta. Ihanaa kes\u00e4\u00e4 ja rentouttavia [&hellip;]\" \/>\n<meta property=\"og:url\" content=\"https:\/\/liiveri.net\/en\/uutiset\/liiverin-toimisto-kiinni-heinakuussa\/\" \/>\n<meta property=\"og:site_name\" content=\"Liiveri\" \/>\n<meta property=\"article:publisher\" content=\"https:\/\/www.facebook.com\/LeaderLiiveri\" \/>\n<meta property=\"article:published_time\" content=\"2025-06-09T09:55:24+00:00\" \/>\n<meta property=\"article:modified_time\" content=\"2025-06-11T08:33:22+00:00\" \/>\n<meta property=\"og:image\" content=\"https:\/\/liiveri.net\/wp-content\/uploads\/2025\/06\/Kesakuva-toimistolta-min-scaled.jpg\" \/>\n\t<meta property=\"og:image:width\" content=\"2560\" \/>\n\t<meta property=\"og:image:height\" content=\"1440\" \/>\n\t<meta property=\"og:image:type\" content=\"image\/jpeg\" \/>\n<meta name=\"author\" content=\"Sanna Haapakoski\" \/>\n<meta name=\"twitter:card\" content=\"summary_large_image\" \/>\n<meta name=\"twitter:creator\" content=\"@LeaderLiiveri\" \/>\n<meta name=\"twitter:site\" content=\"@LeaderLiiveri\" \/>\n<meta name=\"twitter:label1\" content=\"Written by\" \/>\n\t<meta name=\"twitter:data1\" content=\"Sanna Haapakoski\" \/>\n\t<meta name=\"twitter:label2\" content=\"Estimated reading time\" \/>\n\t<meta name=\"twitter:data2\" content=\"1 minute\" \/>\n<script type=\"application\/ld+json\" class=\"yoast-schema-graph\">{\"@context\":\"https:\/\/schema.org\",\"@graph\":[{\"@type\":\"Article\",\"@id\":\"https:\/\/liiveri.net\/uutiset\/liiverin-toimisto-kiinni-heinakuussa\/#article\",\"isPartOf\":{\"@id\":\"https:\/\/liiveri.net\/uutiset\/liiverin-toimisto-kiinni-heinakuussa\/\"},\"author\":{\"name\":\"Sanna Haapakoski\",\"@id\":\"https:\/\/liiveri.net\/#\/schema\/person\/ac306228647ee1c649862732e141a9c2\"},\"headline\":\"Liiverin toimisto kiinni hein\u00e4kuussa\",\"datePublished\":\"2025-06-09T09:55:24+00:00\",\"dateModified\":\"2025-06-11T08:33:22+00:00\",\"mainEntityOfPage\":{\"@id\":\"https:\/\/liiveri.net\/uutiset\/liiverin-toimisto-kiinni-heinakuussa\/\"},\"wordCount\":76,\"publisher\":{\"@id\":\"https:\/\/liiveri.net\/#organization\"},\"image\":{\"@id\":\"https:\/\/liiveri.net\/uutiset\/liiverin-toimisto-kiinni-heinakuussa\/#primaryimage\"},\"thumbnailUrl\":\"https:\/\/liiveri.net\/wp-content\/uploads\/2025\/06\/Kesakuva-toimistolta-min-scaled.jpg\",\"articleSection\":[\"Tiedotteet\",\"Liiveri\",\"Uutiset\"],\"inLanguage\":\"en-GB\"},{\"@type\":\"WebPage\",\"@id\":\"https:\/\/liiveri.net\/uutiset\/liiverin-toimisto-kiinni-heinakuussa\/\",\"url\":\"https:\/\/liiveri.net\/uutiset\/liiverin-toimisto-kiinni-heinakuussa\/\",\"name\":\"Liiverin toimisto kiinni hein\u00e4kuussa - Liiveri\",\"isPartOf\":{\"@id\":\"https:\/\/liiveri.net\/#website\"},\"primaryImageOfPage\":{\"@id\":\"https:\/\/liiveri.net\/uutiset\/liiverin-toimisto-kiinni-heinakuussa\/#primaryimage\"},\"image\":{\"@id\":\"https:\/\/liiveri.net\/uutiset\/liiverin-toimisto-kiinni-heinakuussa\/#primaryimage\"},\"thumbnailUrl\":\"https:\/\/liiveri.net\/wp-content\/uploads\/2025\/06\/Kesakuva-toimistolta-min-scaled.jpg\",\"datePublished\":\"2025-06-09T09:55:24+00:00\",\"dateModified\":\"2025-06-11T08:33:22+00:00\",\"breadcrumb\":{\"@id\":\"https:\/\/liiveri.net\/uutiset\/liiverin-toimisto-kiinni-heinakuussa\/#breadcrumb\"},\"inLanguage\":\"en-GB\",\"potentialAction\":[{\"@type\":\"ReadAction\",\"target\":[\"https:\/\/liiveri.net\/uutiset\/liiverin-toimisto-kiinni-heinakuussa\/\"]}]},{\"@type\":\"ImageObject\",\"inLanguage\":\"en-GB\",\"@id\":\"https:\/\/liiveri.net\/uutiset\/liiverin-toimisto-kiinni-heinakuussa\/#primaryimage\",\"url\":\"https:\/\/liiveri.net\/wp-content\/uploads\/2025\/06\/Kesakuva-toimistolta-min-scaled.jpg\",\"contentUrl\":\"https:\/\/liiveri.net\/wp-content\/uploads\/2025\/06\/Kesakuva-toimistolta-min-scaled.jpg\",\"width\":2560,\"height\":1440},{\"@type\":\"BreadcrumbList\",\"@id\":\"https:\/\/liiveri.net\/uutiset\/liiverin-toimisto-kiinni-heinakuussa\/#breadcrumb\",\"itemListElement\":[{\"@type\":\"ListItem\",\"position\":1,\"name\":\"Etusivu\",\"item\":\"https:\/\/liiveri.net\/\"},{\"@type\":\"ListItem\",\"position\":2,\"name\":\"Liiverin toimisto kiinni hein\u00e4kuussa\"}]},{\"@type\":\"WebSite\",\"@id\":\"https:\/\/liiveri.net\/#website\",\"url\":\"https:\/\/liiveri.net\/\",\"name\":\"Liiveri - Kehitt\u00e4misyhdistys\",\"description\":\"REILU RAHOITTAJA PALVELUKSESSASI\",\"publisher\":{\"@id\":\"https:\/\/liiveri.net\/#organization\"},\"potentialAction\":[{\"@type\":\"SearchAction\",\"target\":{\"@type\":\"EntryPoint\",\"urlTemplate\":\"https:\/\/liiveri.net\/?s={search_term_string}\"},\"query-input\":\"required name=search_term_string\"}],\"inLanguage\":\"en-GB\"},{\"@type\":\"Organization\",\"@id\":\"https:\/\/liiveri.net\/#organization\",\"name\":\"Kehitt\u00e4misyhdistys Liiveri ry\",\"url\":\"https:\/\/liiveri.net\/\",\"logo\":{\"@type\":\"ImageObject\",\"inLanguage\":\"en-GB\",\"@id\":\"https:\/\/liiveri.net\/#\/schema\/logo\/image\/\",\"url\":\"https:\/\/liiveri.net\/wp-content\/uploads\/2023\/02\/placeholder.png\",\"contentUrl\":\"https:\/\/liiveri.net\/wp-content\/uploads\/2023\/02\/placeholder.png\",\"width\":1920,\"height\":1080,\"caption\":\"Kehitt\u00e4misyhdistys Liiveri ry\"},\"image\":{\"@id\":\"https:\/\/liiveri.net\/#\/schema\/logo\/image\/\"},\"sameAs\":[\"https:\/\/www.facebook.com\/LeaderLiiveri\",\"https:\/\/x.com\/LeaderLiiveri\",\"https:\/\/www.instagram.com\/leaderliiveri\/\"]},{\"@type\":\"Person\",\"@id\":\"https:\/\/liiveri.net\/#\/schema\/person\/ac306228647ee1c649862732e141a9c2\",\"name\":\"Sanna Haapakoski\",\"image\":{\"@type\":\"ImageObject\",\"inLanguage\":\"en-GB\",\"@id\":\"https:\/\/liiveri.net\/#\/schema\/person\/image\/\",\"url\":\"https:\/\/liiveri.net\/wp-content\/litespeed\/avatar\/1\/608d57c6a3106ab30083d3b9e2c64800.jpg?ver=1777292544\",\"contentUrl\":\"https:\/\/liiveri.net\/wp-content\/litespeed\/avatar\/1\/608d57c6a3106ab30083d3b9e2c64800.jpg?ver=1777292544\",\"caption\":\"Sanna Haapakoski\"},\"url\":\"https:\/\/liiveri.net\/en\/uutiset\/author\/sanna\/\"}]}<\/script>\n<!-- \/ Yoast SEO plugin. -->","yoast_head_json":{"title":"Liiverin toimisto kiinni hein\u00e4kuussa - Liiveri","robots":{"index":"index","follow":"follow","max-snippet":"max-snippet:-1","max-image-preview":"max-image-preview:large","max-video-preview":"max-video-preview:-1"},"canonical":"https:\/\/liiveri.net\/en\/uutiset\/liiverin-toimisto-kiinni-heinakuussa\/","og_locale":"en_GB","og_type":"article","og_title":"Liiverin toimisto kiinni hein\u00e4kuussa - Liiveri","og_description":"Liiverin toimisto on suljettu hein\u00e4kuun ajan. Osa liiveril\u00e4isist\u00e4 aloittaa loman jo juhannuksena ja viimeisetkin hein\u00e4kuun alussa. Palaamme takaisin ty\u00f6n \u00e4\u00e4reen elokuussa. Kiireellisi\u00e4 asioita voi hoitaa lomien aikana laittamalla s\u00e4hk\u00f6postia toimisto@liiveri.net. Syksyll\u00e4 on luvassa paljon innostavaa toimintaa: tukea turvallisuuteen ja varautumiseen, tapahtumia ja ty\u00f6pajoja, sparrausta ja esimerkkej\u00e4 kest\u00e4vist\u00e4 teoista eri puolilta aluetta. Ihanaa kes\u00e4\u00e4 ja rentouttavia [&hellip;]","og_url":"https:\/\/liiveri.net\/en\/uutiset\/liiverin-toimisto-kiinni-heinakuussa\/","og_site_name":"Liiveri","article_publisher":"https:\/\/www.facebook.com\/LeaderLiiveri","article_published_time":"2025-06-09T09:55:24+00:00","article_modified_time":"2025-06-11T08:33:22+00:00","og_image":[{"width":2560,"height":1440,"url":"https:\/\/liiveri.net\/wp-content\/uploads\/2025\/06\/Kesakuva-toimistolta-min-scaled.jpg","type":"image\/jpeg"}],"author":"Sanna Haapakoski","twitter_card":"summary_large_image","twitter_creator":"@LeaderLiiveri","twitter_site":"@LeaderLiiveri","twitter_misc":{"Written by":"Sanna Haapakoski","Estimated reading time":"1 minute"},"schema":{"@context":"https:\/\/schema.org","@graph":[{"@type":"Article","@id":"https:\/\/liiveri.net\/uutiset\/liiverin-toimisto-kiinni-heinakuussa\/#article","isPartOf":{"@id":"https:\/\/liiveri.net\/uutiset\/liiverin-toimisto-kiinni-heinakuussa\/"},"author":{"name":"Sanna Haapakoski","@id":"https:\/\/liiveri.net\/#\/schema\/person\/ac306228647ee1c649862732e141a9c2"},"headline":"Liiverin toimisto kiinni hein\u00e4kuussa","datePublished":"2025-06-09T09:55:24+00:00","dateModified":"2025-06-11T08:33:22+00:00","mainEntityOfPage":{"@id":"https:\/\/liiveri.net\/uutiset\/liiverin-toimisto-kiinni-heinakuussa\/"},"wordCount":76,"publisher":{"@id":"https:\/\/liiveri.net\/#organization"},"image":{"@id":"https:\/\/liiveri.net\/uutiset\/liiverin-toimisto-kiinni-heinakuussa\/#primaryimage"},"thumbnailUrl":"https:\/\/liiveri.net\/wp-content\/uploads\/2025\/06\/Kesakuva-toimistolta-min-scaled.jpg","articleSection":["Tiedotteet","Liiveri","Uutiset"],"inLanguage":"en-GB"},{"@type":"WebPage","@id":"https:\/\/liiveri.net\/uutiset\/liiverin-toimisto-kiinni-heinakuussa\/","url":"https:\/\/liiveri.net\/uutiset\/liiverin-toimisto-kiinni-heinakuussa\/","name":"Liiverin toimisto kiinni hein\u00e4kuussa - Liiveri","isPartOf":{"@id":"https:\/\/liiveri.net\/#website"},"primaryImageOfPage":{"@id":"https:\/\/liiveri.net\/uutiset\/liiverin-toimisto-kiinni-heinakuussa\/#primaryimage"},"image":{"@id":"https:\/\/liiveri.net\/uutiset\/liiverin-toimisto-kiinni-heinakuussa\/#primaryimage"},"thumbnailUrl":"https:\/\/liiveri.net\/wp-content\/uploads\/2025\/06\/Kesakuva-toimistolta-min-scaled.jpg","datePublished":"2025-06-09T09:55:24+00:00","dateModified":"2025-06-11T08:33:22+00:00","breadcrumb":{"@id":"https:\/\/liiveri.net\/uutiset\/liiverin-toimisto-kiinni-heinakuussa\/#breadcrumb"},"inLanguage":"en-GB","potentialAction":[{"@type":"ReadAction","target":["https:\/\/liiveri.net\/uutiset\/liiverin-toimisto-kiinni-heinakuussa\/"]}]},{"@type":"ImageObject","inLanguage":"en-GB","@id":"https:\/\/liiveri.net\/uutiset\/liiverin-toimisto-kiinni-heinakuussa\/#primaryimage","url":"https:\/\/liiveri.net\/wp-content\/uploads\/2025\/06\/Kesakuva-toimistolta-min-scaled.jpg","contentUrl":"https:\/\/liiveri.net\/wp-content\/uploads\/2025\/06\/Kesakuva-toimistolta-min-scaled.jpg","width":2560,"height":1440},{"@type":"BreadcrumbList","@id":"https:\/\/liiveri.net\/uutiset\/liiverin-toimisto-kiinni-heinakuussa\/#breadcrumb","itemListElement":[{"@type":"ListItem","position":1,"name":"Etusivu","item":"https:\/\/liiveri.net\/"},{"@type":"ListItem","position":2,"name":"Liiverin toimisto kiinni hein\u00e4kuussa"}]},{"@type":"WebSite","@id":"https:\/\/liiveri.net\/#website","url":"https:\/\/liiveri.net\/","name":"Liiveri - Kehitt\u00e4misyhdistys","description":"REILU RAHOITTAJA PALVELUKSESSASI","publisher":{"@id":"https:\/\/liiveri.net\/#organization"},"potentialAction":[{"@type":"SearchAction","target":{"@type":"EntryPoint","urlTemplate":"https:\/\/liiveri.net\/?s={search_term_string}"},"query-input":"required name=search_term_string"}],"inLanguage":"en-GB"},{"@type":"Organization","@id":"https:\/\/liiveri.net\/#organization","name":"Kehitt\u00e4misyhdistys Liiveri ry","url":"https:\/\/liiveri.net\/","logo":{"@type":"ImageObject","inLanguage":"en-GB","@id":"https:\/\/liiveri.net\/#\/schema\/logo\/image\/","url":"https:\/\/liiveri.net\/wp-content\/uploads\/2023\/02\/placeholder.png","contentUrl":"https:\/\/liiveri.net\/wp-content\/uploads\/2023\/02\/placeholder.png","width":1920,"height":1080,"caption":"Kehitt\u00e4misyhdistys Liiveri ry"},"image":{"@id":"https:\/\/liiveri.net\/#\/schema\/logo\/image\/"},"sameAs":["https:\/\/www.facebook.com\/LeaderLiiveri","https:\/\/x.com\/LeaderLiiveri","https:\/\/www.instagram.com\/leaderliiveri\/"]},{"@type":"Person","@id":"https:\/\/liiveri.net\/#\/schema\/person\/ac306228647ee1c649862732e141a9c2","name":"Sanna Haapakoski","image":{"@type":"ImageObject","inLanguage":"en-GB","@id":"https:\/\/liiveri.net\/#\/schema\/person\/image\/","url":"https:\/\/liiveri.net\/wp-content\/litespeed\/avatar\/1\/608d57c6a3106ab30083d3b9e2c64800.jpg?ver=1777292544","contentUrl":"https:\/\/liiveri.net\/wp-content\/litespeed\/avatar\/1\/608d57c6a3106ab30083d3b9e2c64800.jpg?ver=1777292544","caption":"Sanna Haapakoski"},"url":"https:\/\/liiveri.net\/en\/uutiset\/author\/sanna\/"}]}},"acf":[],"_links":{"self":[{"href":"https:\/\/liiveri.net\/en\/wp-json\/wp\/v2\/posts\/19712","targetHints":{"allow":["GET"]}}],"collection":[{"href":"https:\/\/liiveri.net\/en\/wp-json\/wp\/v2\/posts"}],"about":[{"href":"https:\/\/liiveri.net\/en\/wp-json\/wp\/v2\/types\/post"}],"author":[{"embeddable":true,"href":"https:\/\/liiveri.net\/en\/wp-json\/wp\/v2\/users\/3"}],"replies":[{"embeddable":true,"href":"https:\/\/liiveri.net\/en\/wp-json\/wp\/v2\/comments?post=19712"}],"version-history":[{"count":5,"href":"https:\/\/liiveri.net\/en\/wp-json\/wp\/v2\/posts\/19712\/revisions"}],"predecessor-version":[{"id":19877,"href":"https:\/\/liiveri.net\/en\/wp-json\/wp\/v2\/posts\/19712\/revisions\/19877"}],"wp:featuredmedia":[{"embeddable":true,"href":"https:\/\/liiveri.net\/en\/wp-json\/wp\/v2\/media\/19713"}],"wp:attachment":[{"href":"https:\/\/liiveri.net\/en\/wp-json\/wp\/v2\/media?parent=19712"}],"wp:term":[{"taxonomy":"category","embeddable":true,"href":"https:\/\/liiveri.net\/en\/wp-json\/wp\/v2\/categories?post=19712"},{"taxonomy":"post_tag","embeddable":true,"href":"https:\/\/liiveri.net\/en\/wp-json\/wp\/v2\/tags?post=19712"}],"curies":[{"name":"wp","href":"https:\/\/api.w.org\/{rel}","templated":true}]}}