{"id":20058,"date":"2025-06-16T16:09:39","date_gmt":"2025-06-16T13:09:39","guid":{"rendered":"https:\/\/liiveri.net\/?p=20058"},"modified":"2025-06-16T16:09:39","modified_gmt":"2025-06-16T13:09:39","slug":"jarjestetaan-yhdessa-tapahtuma-kestavan-kehityksen-viikolla-syyskuussa","status":"publish","type":"post","link":"https:\/\/liiveri.net\/en\/uutiset\/jarjestetaan-yhdessa-tapahtuma-kestavan-kehityksen-viikolla-syyskuussa\/","title":{"rendered":"Let&#039;s organize an event together during Sustainable Development Week in September"},"content":{"rendered":"<p>The aim of the Sustainable Development Week is to create a week of events together with associations, municipalities, companies and other stakeholders, highlighting all the good examples of sustainable development work done in rural areas. The activities organized during the week can be ecological, social or economic sustainability, and the activities can be implemented, for example, as workshops, lectures, theme days or open house events. The events of the Sustainable Development Week can be organized by various actors such as municipalities, schools, companies or associations.<\/p>\n<p><strong>Would you like to organize an event during Sustainable Development Week in collaboration with the Liiverin Eco-Actions Together project? Let&#039;s brainstorm and implement them as a group - together we can achieve more! Get in touch <a href=\"https:\/\/liiveri.net\/en\/yhteystiedot\/\" target=\"_blank\" rel=\"noopener\">I&#039;ll say<\/a>.<\/strong><\/p>\n<p>&nbsp;<\/p>\n<h2>Come join us as an organizer<\/h2>\n<ul>\n<li>Think about what you can organize that concerns either social, economic or ecological sustainability.<\/li>\n<li>Plan an event for Sustainability Week.<\/li>\n<li>Think about partners and target group.<\/li>\n<li>Register your event at kestavankehityksenviikko.fi by September 15th.<\/li>\n<li>Participation is free (each organizer is responsible for the costs of their own event).<\/li>\n<\/ul>\n<p>Your event will be marketed as part of a larger whole with other sustainable activities, but plan if you need your own contributions to reach a specific target group.<br \/>\nNo action is too small.<\/p>\n<p>Sustainable Development Week is an arena where the responsibility work of rural actors is made visible and where discussions are held on sustainability issues in the region. Sustainable Development Week is an annual event week, which is organized every 39 years.<\/p>\n<p><a href=\"https:\/\/kestavankehityksenviikko.fi\/\" target=\"_blank\" rel=\"noopener\">Discover Sustainable Development Week.<\/a><\/p>\n<p>&nbsp;<\/p>\n<p>&nbsp;<\/p>","protected":false},"excerpt":{"rendered":"<p>The aim of the Sustainable Development Week is to create a week of events together with associations, municipalities, companies and other stakeholders, highlighting all the good examples of sustainable development work done in rural areas. The activities organized during the week can be ecological, social or economic sustainability, and the activities can be implemented, for example, as workshops, lectures, theme days or open house events. The events of the Sustainable Development Week can be organized by different [\u2026]<\/p>","protected":false},"author":3,"featured_media":20055,"comment_status":"closed","ping_status":"closed","sticky":false,"template":"","format":"standard","meta":{"_acf_changed":false,"footnotes":""},"categories":[11,14,29,30,32],"tags":[],"class_list":["post-20058","post","type-post","status-publish","format-standard","has-post-thumbnail","hentry","category-kylat","category-yhteisot","category-liiveri","category-uutiset","category-ymparisto"],"yoast_head":"<!-- This site is optimized with the Yoast SEO plugin v23.3 - https:\/\/yoast.com\/wordpress\/plugins\/seo\/ -->\n<title>J\u00e4rjestet\u00e4\u00e4n yhdess\u00e4 tapahtuma Kest\u00e4v\u00e4n kehityksen viikolla syyskuussa - Liiveri<\/title>\n<meta name=\"robots\" content=\"index, follow, max-snippet:-1, max-image-preview:large, max-video-preview:-1\" \/>\n<link rel=\"canonical\" href=\"https:\/\/liiveri.net\/en\/uutiset\/jarjestetaan-yhdessa-tapahtuma-kestavan-kehityksen-viikolla-syyskuussa\/\" \/>\n<meta property=\"og:locale\" content=\"en_GB\" \/>\n<meta property=\"og:type\" content=\"article\" \/>\n<meta property=\"og:title\" content=\"J\u00e4rjestet\u00e4\u00e4n yhdess\u00e4 tapahtuma Kest\u00e4v\u00e4n kehityksen viikolla syyskuussa - Liiveri\" \/>\n<meta property=\"og:description\" content=\"Kest\u00e4v\u00e4n kehityksen viikolla halutaan luoda yhdess\u00e4 yhdistysten, kuntien, yritysten ja muiden sidosryhmien kanssa tapahtumaviikko, jossa nostetaan esille kaikki hyv\u00e4t esimerkit maaseudulla tehdyst\u00e4 kest\u00e4v\u00e4n kehityksen ty\u00f6st\u00e4. Viikon aikana j\u00e4rjestett\u00e4v\u00e4 toiminta voi olla ekologista, sosiaalista tai taloudellista kest\u00e4vyytt\u00e4, ja toiminnan voi toteuttaa esimerkiksi ty\u00f6pajoina, luentoina, teemap\u00e4ivin\u00e4 tai avoimien ovien tapahtumina. Kest\u00e4v\u00e4n kehityksen viikon tapahtumia voivat j\u00e4rjest\u00e4\u00e4 eri [&hellip;]\" \/>\n<meta property=\"og:url\" content=\"https:\/\/liiveri.net\/en\/uutiset\/jarjestetaan-yhdessa-tapahtuma-kestavan-kehityksen-viikolla-syyskuussa\/\" \/>\n<meta property=\"og:site_name\" content=\"Liiveri\" \/>\n<meta property=\"article:publisher\" content=\"https:\/\/www.facebook.com\/LeaderLiiveri\" \/>\n<meta property=\"article:published_time\" content=\"2025-06-16T13:09:39+00:00\" \/>\n<meta property=\"og:image\" content=\"https:\/\/liiveri.net\/wp-content\/uploads\/2025\/06\/Nettisivujen-paakuvat-1-min.png\" \/>\n\t<meta property=\"og:image:width\" content=\"2400\" \/>\n\t<meta property=\"og:image:height\" content=\"1200\" \/>\n\t<meta property=\"og:image:type\" content=\"image\/png\" \/>\n<meta name=\"author\" content=\"Sanna Haapakoski\" \/>\n<meta name=\"twitter:card\" content=\"summary_large_image\" \/>\n<meta name=\"twitter:creator\" content=\"@LeaderLiiveri\" \/>\n<meta name=\"twitter:site\" content=\"@LeaderLiiveri\" \/>\n<meta name=\"twitter:label1\" content=\"Written by\" \/>\n\t<meta name=\"twitter:data1\" content=\"Sanna Haapakoski\" \/>\n\t<meta name=\"twitter:label2\" content=\"Estimated reading time\" \/>\n\t<meta name=\"twitter:data2\" content=\"2 minutes\" \/>\n<script type=\"application\/ld+json\" class=\"yoast-schema-graph\">{\"@context\":\"https:\/\/schema.org\",\"@graph\":[{\"@type\":\"Article\",\"@id\":\"https:\/\/liiveri.net\/uutiset\/jarjestetaan-yhdessa-tapahtuma-kestavan-kehityksen-viikolla-syyskuussa\/#article\",\"isPartOf\":{\"@id\":\"https:\/\/liiveri.net\/uutiset\/jarjestetaan-yhdessa-tapahtuma-kestavan-kehityksen-viikolla-syyskuussa\/\"},\"author\":{\"name\":\"Sanna Haapakoski\",\"@id\":\"https:\/\/liiveri.net\/#\/schema\/person\/ac306228647ee1c649862732e141a9c2\"},\"headline\":\"J\u00e4rjestet\u00e4\u00e4n yhdess\u00e4 tapahtuma Kest\u00e4v\u00e4n kehityksen viikolla syyskuussa\",\"datePublished\":\"2025-06-16T13:09:39+00:00\",\"dateModified\":\"2025-06-16T13:09:39+00:00\",\"mainEntityOfPage\":{\"@id\":\"https:\/\/liiveri.net\/uutiset\/jarjestetaan-yhdessa-tapahtuma-kestavan-kehityksen-viikolla-syyskuussa\/\"},\"wordCount\":238,\"publisher\":{\"@id\":\"https:\/\/liiveri.net\/#organization\"},\"image\":{\"@id\":\"https:\/\/liiveri.net\/uutiset\/jarjestetaan-yhdessa-tapahtuma-kestavan-kehityksen-viikolla-syyskuussa\/#primaryimage\"},\"thumbnailUrl\":\"https:\/\/liiveri.net\/wp-content\/uploads\/2025\/06\/Nettisivujen-paakuvat-1-min.png\",\"articleSection\":[\"Kyl\u00e4t\",\"Yhteis\u00f6t\",\"Liiveri\",\"Uutiset\",\"Ymp\u00e4rist\u00f6\"],\"inLanguage\":\"en-GB\"},{\"@type\":\"WebPage\",\"@id\":\"https:\/\/liiveri.net\/uutiset\/jarjestetaan-yhdessa-tapahtuma-kestavan-kehityksen-viikolla-syyskuussa\/\",\"url\":\"https:\/\/liiveri.net\/uutiset\/jarjestetaan-yhdessa-tapahtuma-kestavan-kehityksen-viikolla-syyskuussa\/\",\"name\":\"J\u00e4rjestet\u00e4\u00e4n yhdess\u00e4 tapahtuma Kest\u00e4v\u00e4n kehityksen viikolla syyskuussa - Liiveri\",\"isPartOf\":{\"@id\":\"https:\/\/liiveri.net\/#website\"},\"primaryImageOfPage\":{\"@id\":\"https:\/\/liiveri.net\/uutiset\/jarjestetaan-yhdessa-tapahtuma-kestavan-kehityksen-viikolla-syyskuussa\/#primaryimage\"},\"image\":{\"@id\":\"https:\/\/liiveri.net\/uutiset\/jarjestetaan-yhdessa-tapahtuma-kestavan-kehityksen-viikolla-syyskuussa\/#primaryimage\"},\"thumbnailUrl\":\"https:\/\/liiveri.net\/wp-content\/uploads\/2025\/06\/Nettisivujen-paakuvat-1-min.png\",\"datePublished\":\"2025-06-16T13:09:39+00:00\",\"dateModified\":\"2025-06-16T13:09:39+00:00\",\"breadcrumb\":{\"@id\":\"https:\/\/liiveri.net\/uutiset\/jarjestetaan-yhdessa-tapahtuma-kestavan-kehityksen-viikolla-syyskuussa\/#breadcrumb\"},\"inLanguage\":\"en-GB\",\"potentialAction\":[{\"@type\":\"ReadAction\",\"target\":[\"https:\/\/liiveri.net\/uutiset\/jarjestetaan-yhdessa-tapahtuma-kestavan-kehityksen-viikolla-syyskuussa\/\"]}]},{\"@type\":\"ImageObject\",\"inLanguage\":\"en-GB\",\"@id\":\"https:\/\/liiveri.net\/uutiset\/jarjestetaan-yhdessa-tapahtuma-kestavan-kehityksen-viikolla-syyskuussa\/#primaryimage\",\"url\":\"https:\/\/liiveri.net\/wp-content\/uploads\/2025\/06\/Nettisivujen-paakuvat-1-min.png\",\"contentUrl\":\"https:\/\/liiveri.net\/wp-content\/uploads\/2025\/06\/Nettisivujen-paakuvat-1-min.png\",\"width\":2400,\"height\":1200},{\"@type\":\"BreadcrumbList\",\"@id\":\"https:\/\/liiveri.net\/uutiset\/jarjestetaan-yhdessa-tapahtuma-kestavan-kehityksen-viikolla-syyskuussa\/#breadcrumb\",\"itemListElement\":[{\"@type\":\"ListItem\",\"position\":1,\"name\":\"Etusivu\",\"item\":\"https:\/\/liiveri.net\/\"},{\"@type\":\"ListItem\",\"position\":2,\"name\":\"J\u00e4rjestet\u00e4\u00e4n yhdess\u00e4 tapahtuma Kest\u00e4v\u00e4n kehityksen viikolla syyskuussa\"}]},{\"@type\":\"WebSite\",\"@id\":\"https:\/\/liiveri.net\/#website\",\"url\":\"https:\/\/liiveri.net\/\",\"name\":\"Liiveri - Kehitt\u00e4misyhdistys\",\"description\":\"REILU RAHOITTAJA PALVELUKSESSASI\",\"publisher\":{\"@id\":\"https:\/\/liiveri.net\/#organization\"},\"potentialAction\":[{\"@type\":\"SearchAction\",\"target\":{\"@type\":\"EntryPoint\",\"urlTemplate\":\"https:\/\/liiveri.net\/?s={search_term_string}\"},\"query-input\":\"required name=search_term_string\"}],\"inLanguage\":\"en-GB\"},{\"@type\":\"Organization\",\"@id\":\"https:\/\/liiveri.net\/#organization\",\"name\":\"Kehitt\u00e4misyhdistys Liiveri ry\",\"url\":\"https:\/\/liiveri.net\/\",\"logo\":{\"@type\":\"ImageObject\",\"inLanguage\":\"en-GB\",\"@id\":\"https:\/\/liiveri.net\/#\/schema\/logo\/image\/\",\"url\":\"https:\/\/liiveri.net\/wp-content\/uploads\/2023\/02\/placeholder.png\",\"contentUrl\":\"https:\/\/liiveri.net\/wp-content\/uploads\/2023\/02\/placeholder.png\",\"width\":1920,\"height\":1080,\"caption\":\"Kehitt\u00e4misyhdistys Liiveri ry\"},\"image\":{\"@id\":\"https:\/\/liiveri.net\/#\/schema\/logo\/image\/\"},\"sameAs\":[\"https:\/\/www.facebook.com\/LeaderLiiveri\",\"https:\/\/x.com\/LeaderLiiveri\",\"https:\/\/www.instagram.com\/leaderliiveri\/\"]},{\"@type\":\"Person\",\"@id\":\"https:\/\/liiveri.net\/#\/schema\/person\/ac306228647ee1c649862732e141a9c2\",\"name\":\"Sanna Haapakoski\",\"image\":{\"@type\":\"ImageObject\",\"inLanguage\":\"en-GB\",\"@id\":\"https:\/\/liiveri.net\/#\/schema\/person\/image\/\",\"url\":\"https:\/\/liiveri.net\/wp-content\/litespeed\/avatar\/1\/608d57c6a3106ab30083d3b9e2c64800.jpg?ver=1777292544\",\"contentUrl\":\"https:\/\/liiveri.net\/wp-content\/litespeed\/avatar\/1\/608d57c6a3106ab30083d3b9e2c64800.jpg?ver=1777292544\",\"caption\":\"Sanna Haapakoski\"},\"url\":\"https:\/\/liiveri.net\/en\/uutiset\/author\/sanna\/\"}]}<\/script>\n<!-- \/ Yoast SEO plugin. -->","yoast_head_json":{"title":"J\u00e4rjestet\u00e4\u00e4n yhdess\u00e4 tapahtuma Kest\u00e4v\u00e4n kehityksen viikolla syyskuussa - Liiveri","robots":{"index":"index","follow":"follow","max-snippet":"max-snippet:-1","max-image-preview":"max-image-preview:large","max-video-preview":"max-video-preview:-1"},"canonical":"https:\/\/liiveri.net\/en\/uutiset\/jarjestetaan-yhdessa-tapahtuma-kestavan-kehityksen-viikolla-syyskuussa\/","og_locale":"en_GB","og_type":"article","og_title":"J\u00e4rjestet\u00e4\u00e4n yhdess\u00e4 tapahtuma Kest\u00e4v\u00e4n kehityksen viikolla syyskuussa - Liiveri","og_description":"Kest\u00e4v\u00e4n kehityksen viikolla halutaan luoda yhdess\u00e4 yhdistysten, kuntien, yritysten ja muiden sidosryhmien kanssa tapahtumaviikko, jossa nostetaan esille kaikki hyv\u00e4t esimerkit maaseudulla tehdyst\u00e4 kest\u00e4v\u00e4n kehityksen ty\u00f6st\u00e4. Viikon aikana j\u00e4rjestett\u00e4v\u00e4 toiminta voi olla ekologista, sosiaalista tai taloudellista kest\u00e4vyytt\u00e4, ja toiminnan voi toteuttaa esimerkiksi ty\u00f6pajoina, luentoina, teemap\u00e4ivin\u00e4 tai avoimien ovien tapahtumina. Kest\u00e4v\u00e4n kehityksen viikon tapahtumia voivat j\u00e4rjest\u00e4\u00e4 eri [&hellip;]","og_url":"https:\/\/liiveri.net\/en\/uutiset\/jarjestetaan-yhdessa-tapahtuma-kestavan-kehityksen-viikolla-syyskuussa\/","og_site_name":"Liiveri","article_publisher":"https:\/\/www.facebook.com\/LeaderLiiveri","article_published_time":"2025-06-16T13:09:39+00:00","og_image":[{"width":2400,"height":1200,"url":"https:\/\/liiveri.net\/wp-content\/uploads\/2025\/06\/Nettisivujen-paakuvat-1-min.png","type":"image\/png"}],"author":"Sanna Haapakoski","twitter_card":"summary_large_image","twitter_creator":"@LeaderLiiveri","twitter_site":"@LeaderLiiveri","twitter_misc":{"Written by":"Sanna Haapakoski","Estimated reading time":"2 minutes"},"schema":{"@context":"https:\/\/schema.org","@graph":[{"@type":"Article","@id":"https:\/\/liiveri.net\/uutiset\/jarjestetaan-yhdessa-tapahtuma-kestavan-kehityksen-viikolla-syyskuussa\/#article","isPartOf":{"@id":"https:\/\/liiveri.net\/uutiset\/jarjestetaan-yhdessa-tapahtuma-kestavan-kehityksen-viikolla-syyskuussa\/"},"author":{"name":"Sanna Haapakoski","@id":"https:\/\/liiveri.net\/#\/schema\/person\/ac306228647ee1c649862732e141a9c2"},"headline":"J\u00e4rjestet\u00e4\u00e4n yhdess\u00e4 tapahtuma Kest\u00e4v\u00e4n kehityksen viikolla syyskuussa","datePublished":"2025-06-16T13:09:39+00:00","dateModified":"2025-06-16T13:09:39+00:00","mainEntityOfPage":{"@id":"https:\/\/liiveri.net\/uutiset\/jarjestetaan-yhdessa-tapahtuma-kestavan-kehityksen-viikolla-syyskuussa\/"},"wordCount":238,"publisher":{"@id":"https:\/\/liiveri.net\/#organization"},"image":{"@id":"https:\/\/liiveri.net\/uutiset\/jarjestetaan-yhdessa-tapahtuma-kestavan-kehityksen-viikolla-syyskuussa\/#primaryimage"},"thumbnailUrl":"https:\/\/liiveri.net\/wp-content\/uploads\/2025\/06\/Nettisivujen-paakuvat-1-min.png","articleSection":["Kyl\u00e4t","Yhteis\u00f6t","Liiveri","Uutiset","Ymp\u00e4rist\u00f6"],"inLanguage":"en-GB"},{"@type":"WebPage","@id":"https:\/\/liiveri.net\/uutiset\/jarjestetaan-yhdessa-tapahtuma-kestavan-kehityksen-viikolla-syyskuussa\/","url":"https:\/\/liiveri.net\/uutiset\/jarjestetaan-yhdessa-tapahtuma-kestavan-kehityksen-viikolla-syyskuussa\/","name":"J\u00e4rjestet\u00e4\u00e4n yhdess\u00e4 tapahtuma Kest\u00e4v\u00e4n kehityksen viikolla syyskuussa - Liiveri","isPartOf":{"@id":"https:\/\/liiveri.net\/#website"},"primaryImageOfPage":{"@id":"https:\/\/liiveri.net\/uutiset\/jarjestetaan-yhdessa-tapahtuma-kestavan-kehityksen-viikolla-syyskuussa\/#primaryimage"},"image":{"@id":"https:\/\/liiveri.net\/uutiset\/jarjestetaan-yhdessa-tapahtuma-kestavan-kehityksen-viikolla-syyskuussa\/#primaryimage"},"thumbnailUrl":"https:\/\/liiveri.net\/wp-content\/uploads\/2025\/06\/Nettisivujen-paakuvat-1-min.png","datePublished":"2025-06-16T13:09:39+00:00","dateModified":"2025-06-16T13:09:39+00:00","breadcrumb":{"@id":"https:\/\/liiveri.net\/uutiset\/jarjestetaan-yhdessa-tapahtuma-kestavan-kehityksen-viikolla-syyskuussa\/#breadcrumb"},"inLanguage":"en-GB","potentialAction":[{"@type":"ReadAction","target":["https:\/\/liiveri.net\/uutiset\/jarjestetaan-yhdessa-tapahtuma-kestavan-kehityksen-viikolla-syyskuussa\/"]}]},{"@type":"ImageObject","inLanguage":"en-GB","@id":"https:\/\/liiveri.net\/uutiset\/jarjestetaan-yhdessa-tapahtuma-kestavan-kehityksen-viikolla-syyskuussa\/#primaryimage","url":"https:\/\/liiveri.net\/wp-content\/uploads\/2025\/06\/Nettisivujen-paakuvat-1-min.png","contentUrl":"https:\/\/liiveri.net\/wp-content\/uploads\/2025\/06\/Nettisivujen-paakuvat-1-min.png","width":2400,"height":1200},{"@type":"BreadcrumbList","@id":"https:\/\/liiveri.net\/uutiset\/jarjestetaan-yhdessa-tapahtuma-kestavan-kehityksen-viikolla-syyskuussa\/#breadcrumb","itemListElement":[{"@type":"ListItem","position":1,"name":"Etusivu","item":"https:\/\/liiveri.net\/"},{"@type":"ListItem","position":2,"name":"J\u00e4rjestet\u00e4\u00e4n yhdess\u00e4 tapahtuma Kest\u00e4v\u00e4n kehityksen viikolla syyskuussa"}]},{"@type":"WebSite","@id":"https:\/\/liiveri.net\/#website","url":"https:\/\/liiveri.net\/","name":"Liiveri - Kehitt\u00e4misyhdistys","description":"REILU RAHOITTAJA PALVELUKSESSASI","publisher":{"@id":"https:\/\/liiveri.net\/#organization"},"potentialAction":[{"@type":"SearchAction","target":{"@type":"EntryPoint","urlTemplate":"https:\/\/liiveri.net\/?s={search_term_string}"},"query-input":"required name=search_term_string"}],"inLanguage":"en-GB"},{"@type":"Organization","@id":"https:\/\/liiveri.net\/#organization","name":"Kehitt\u00e4misyhdistys Liiveri ry","url":"https:\/\/liiveri.net\/","logo":{"@type":"ImageObject","inLanguage":"en-GB","@id":"https:\/\/liiveri.net\/#\/schema\/logo\/image\/","url":"https:\/\/liiveri.net\/wp-content\/uploads\/2023\/02\/placeholder.png","contentUrl":"https:\/\/liiveri.net\/wp-content\/uploads\/2023\/02\/placeholder.png","width":1920,"height":1080,"caption":"Kehitt\u00e4misyhdistys Liiveri ry"},"image":{"@id":"https:\/\/liiveri.net\/#\/schema\/logo\/image\/"},"sameAs":["https:\/\/www.facebook.com\/LeaderLiiveri","https:\/\/x.com\/LeaderLiiveri","https:\/\/www.instagram.com\/leaderliiveri\/"]},{"@type":"Person","@id":"https:\/\/liiveri.net\/#\/schema\/person\/ac306228647ee1c649862732e141a9c2","name":"Sanna Haapakoski","image":{"@type":"ImageObject","inLanguage":"en-GB","@id":"https:\/\/liiveri.net\/#\/schema\/person\/image\/","url":"https:\/\/liiveri.net\/wp-content\/litespeed\/avatar\/1\/608d57c6a3106ab30083d3b9e2c64800.jpg?ver=1777292544","contentUrl":"https:\/\/liiveri.net\/wp-content\/litespeed\/avatar\/1\/608d57c6a3106ab30083d3b9e2c64800.jpg?ver=1777292544","caption":"Sanna Haapakoski"},"url":"https:\/\/liiveri.net\/en\/uutiset\/author\/sanna\/"}]}},"acf":[],"_links":{"self":[{"href":"https:\/\/liiveri.net\/en\/wp-json\/wp\/v2\/posts\/20058","targetHints":{"allow":["GET"]}}],"collection":[{"href":"https:\/\/liiveri.net\/en\/wp-json\/wp\/v2\/posts"}],"about":[{"href":"https:\/\/liiveri.net\/en\/wp-json\/wp\/v2\/types\/post"}],"author":[{"embeddable":true,"href":"https:\/\/liiveri.net\/en\/wp-json\/wp\/v2\/users\/3"}],"replies":[{"embeddable":true,"href":"https:\/\/liiveri.net\/en\/wp-json\/wp\/v2\/comments?post=20058"}],"version-history":[{"count":1,"href":"https:\/\/liiveri.net\/en\/wp-json\/wp\/v2\/posts\/20058\/revisions"}],"predecessor-version":[{"id":20059,"href":"https:\/\/liiveri.net\/en\/wp-json\/wp\/v2\/posts\/20058\/revisions\/20059"}],"wp:featuredmedia":[{"embeddable":true,"href":"https:\/\/liiveri.net\/en\/wp-json\/wp\/v2\/media\/20055"}],"wp:attachment":[{"href":"https:\/\/liiveri.net\/en\/wp-json\/wp\/v2\/media?parent=20058"}],"wp:term":[{"taxonomy":"category","embeddable":true,"href":"https:\/\/liiveri.net\/en\/wp-json\/wp\/v2\/categories?post=20058"},{"taxonomy":"post_tag","embeddable":true,"href":"https:\/\/liiveri.net\/en\/wp-json\/wp\/v2\/tags?post=20058"}],"curies":[{"name":"wp","href":"https:\/\/api.w.org\/{rel}","templated":true}]}}