{"id":3092,"date":"2015-09-15T11:05:00","date_gmt":"2015-09-15T08:05:00","guid":{"rendered":"https:\/\/liiveri.net\/blog\/2015\/09\/15\/liiverissa-vietettiin-avoimia-ovia\/"},"modified":"2023-03-24T10:06:43","modified_gmt":"2023-03-24T08:06:43","slug":"liiverissa-vietettiin-avoimia-ovia","status":"publish","type":"post","link":"https:\/\/liiveri.net\/en\/uutiset\/liiverissa-vietettiin-avoimia-ovia\/","title":{"rendered":"Open House was held in Liiveri"},"content":{"rendered":"<p>Liiver Open Doors was celebrated on Saturday 12 September together with the opening of MLL&#039;s Perhetalo Aurinkoinen. A quiz about Liiver and Leader was organised at our presentation point. Prizes donated by the municipality were raffled among all those who answered. The event was also part of the Ilmajoki municipality&#039;s 500th anniversary celebrations.<\/p>\n<p>Raffle prizes and winners:<\/p>\n<p>Two Ilmajoki 500 shirts: Maarit Niemist\u00f6, Ilmajoki and Mikael Matikainen, V\u00f6yri<\/p>\n<p>Four CDs: Mirja Koivum\u00e4ki, Kauhajoki, Nelli Yli-Karjanmaa, Mikko Kallio and Minea Autio, Ilmajoki<\/p>\n<p>Two Ilmajoki picture books: Soile Rahkola and Jarkko Hietikko, Ilmajoki<\/p>\n<p>Additionally, Liiver linen towel: Sanna \u00c5lander, Ilmajoki<\/p>\n<p>Prizes will be delivered to the winners!<\/p>","protected":false},"excerpt":{"rendered":"<p>Liiver Open House was celebrated on Saturday 12.9. together with the opening of MLL&#039;s Perhetalo Aurinkoinen. A quiz about Liiver and Leader was organized at our presentation point. Prizes donated by the municipality were raffled among all those who answered. The event was also part of the 500th anniversary celebrations of the municipality of Ilmajoki. Raffle prizes and winners: Two Ilmajoki 500 shirts: Maarit Niemist\u00f6, Ilmajoki and Mikael Matikainen, V\u00f6yri Four CDs: Mirja Koivum\u00e4ki, Kauhajoki, Nelli Yli-Karjanmaa, Mikko Kallio and Minea [\u2026]<\/p>","protected":false},"author":1,"featured_media":948,"comment_status":"open","ping_status":"open","sticky":false,"template":"","format":"standard","meta":{"_acf_changed":false,"footnotes":""},"categories":[30],"tags":[],"class_list":["post-3092","post","type-post","status-publish","format-standard","has-post-thumbnail","hentry","category-uutiset"],"yoast_head":"<!-- This site is optimized with the Yoast SEO plugin v23.3 - https:\/\/yoast.com\/wordpress\/plugins\/seo\/ -->\n<title>Liiveriss\u00e4 vietettiin Avoimia ovia - Liiveri<\/title>\n<meta name=\"robots\" content=\"index, follow, max-snippet:-1, max-image-preview:large, max-video-preview:-1\" \/>\n<link rel=\"canonical\" href=\"https:\/\/liiveri.net\/en\/uutiset\/liiverissa-vietettiin-avoimia-ovia\/\" \/>\n<meta property=\"og:locale\" content=\"en_GB\" \/>\n<meta property=\"og:type\" content=\"article\" \/>\n<meta property=\"og:title\" content=\"Liiveriss\u00e4 vietettiin Avoimia ovia - Liiveri\" \/>\n<meta property=\"og:description\" content=\"Liiverin Avoimia ovia vietettiin lauantaina 12.9. yhdess&auml; MLL:n Perhetalo Aurinkoisen avajaisien kanssa. Esittelypisteess&auml;mme j&auml;rjestettiin visailu Liiverist&auml; ja Leaderista. Kaikkien vastanneiden kesken arvottiin kunnan lahjoittamia palkintoja. Tapahtuma kuului my&ouml;s Ilmajoen kunnan 500-vuotisjuhlallisuuksiin. Arpavoitot ja voittajat: Kaksi&nbsp;Ilmajoki 500 -paitaa: Maarit Niemist&ouml;, Ilmajoki ja Mikael Matikainen, V&ouml;yri Nelj&auml; Cd-levy&auml;: Mirja Koivum&auml;ki, Kauhajoki, Nelli Yli-Karjanmaa, Mikko Kallio ja Minea [&hellip;]\" \/>\n<meta property=\"og:url\" content=\"https:\/\/liiveri.net\/en\/uutiset\/liiverissa-vietettiin-avoimia-ovia\/\" \/>\n<meta property=\"og:site_name\" content=\"Liiveri\" \/>\n<meta property=\"article:publisher\" content=\"https:\/\/www.facebook.com\/LeaderLiiveri\" \/>\n<meta property=\"article:published_time\" content=\"2015-09-15T08:05:00+00:00\" \/>\n<meta property=\"article:modified_time\" content=\"2023-03-24T08:06:43+00:00\" \/>\n<meta property=\"og:image\" content=\"https:\/\/liiveri.net\/wp-content\/uploads\/2023\/02\/placeholder.png\" \/>\n\t<meta property=\"og:image:width\" content=\"1920\" \/>\n\t<meta property=\"og:image:height\" content=\"1080\" \/>\n\t<meta property=\"og:image:type\" content=\"image\/png\" \/>\n<meta name=\"author\" content=\"Admin\" \/>\n<meta name=\"twitter:card\" content=\"summary_large_image\" \/>\n<meta name=\"twitter:creator\" content=\"@LeaderLiiveri\" \/>\n<meta name=\"twitter:site\" content=\"@LeaderLiiveri\" \/>\n<meta name=\"twitter:label1\" content=\"Written by\" \/>\n\t<meta name=\"twitter:data1\" content=\"Admin\" \/>\n<script type=\"application\/ld+json\" class=\"yoast-schema-graph\">{\"@context\":\"https:\/\/schema.org\",\"@graph\":[{\"@type\":\"Article\",\"@id\":\"https:\/\/liiveri.net\/uutiset\/liiverissa-vietettiin-avoimia-ovia\/#article\",\"isPartOf\":{\"@id\":\"https:\/\/liiveri.net\/uutiset\/liiverissa-vietettiin-avoimia-ovia\/\"},\"author\":{\"name\":\"Admin\",\"@id\":\"https:\/\/liiveri.net\/#\/schema\/person\/4d2151d167ce291fb59ae4929e4f150a\"},\"headline\":\"Liiveriss\u00e4 vietettiin Avoimia ovia\",\"datePublished\":\"2015-09-15T08:05:00+00:00\",\"dateModified\":\"2023-03-24T08:06:43+00:00\",\"mainEntityOfPage\":{\"@id\":\"https:\/\/liiveri.net\/uutiset\/liiverissa-vietettiin-avoimia-ovia\/\"},\"wordCount\":97,\"commentCount\":0,\"publisher\":{\"@id\":\"https:\/\/liiveri.net\/#organization\"},\"image\":{\"@id\":\"https:\/\/liiveri.net\/uutiset\/liiverissa-vietettiin-avoimia-ovia\/#primaryimage\"},\"thumbnailUrl\":\"https:\/\/liiveri.net\/wp-content\/uploads\/2023\/02\/placeholder.png\",\"articleSection\":[\"Uutiset\"],\"inLanguage\":\"en-GB\",\"potentialAction\":[{\"@type\":\"CommentAction\",\"name\":\"Comment\",\"target\":[\"https:\/\/liiveri.net\/uutiset\/liiverissa-vietettiin-avoimia-ovia\/#respond\"]}]},{\"@type\":\"WebPage\",\"@id\":\"https:\/\/liiveri.net\/uutiset\/liiverissa-vietettiin-avoimia-ovia\/\",\"url\":\"https:\/\/liiveri.net\/uutiset\/liiverissa-vietettiin-avoimia-ovia\/\",\"name\":\"Liiveriss\u00e4 vietettiin Avoimia ovia - Liiveri\",\"isPartOf\":{\"@id\":\"https:\/\/liiveri.net\/#website\"},\"primaryImageOfPage\":{\"@id\":\"https:\/\/liiveri.net\/uutiset\/liiverissa-vietettiin-avoimia-ovia\/#primaryimage\"},\"image\":{\"@id\":\"https:\/\/liiveri.net\/uutiset\/liiverissa-vietettiin-avoimia-ovia\/#primaryimage\"},\"thumbnailUrl\":\"https:\/\/liiveri.net\/wp-content\/uploads\/2023\/02\/placeholder.png\",\"datePublished\":\"2015-09-15T08:05:00+00:00\",\"dateModified\":\"2023-03-24T08:06:43+00:00\",\"breadcrumb\":{\"@id\":\"https:\/\/liiveri.net\/uutiset\/liiverissa-vietettiin-avoimia-ovia\/#breadcrumb\"},\"inLanguage\":\"en-GB\",\"potentialAction\":[{\"@type\":\"ReadAction\",\"target\":[\"https:\/\/liiveri.net\/uutiset\/liiverissa-vietettiin-avoimia-ovia\/\"]}]},{\"@type\":\"ImageObject\",\"inLanguage\":\"en-GB\",\"@id\":\"https:\/\/liiveri.net\/uutiset\/liiverissa-vietettiin-avoimia-ovia\/#primaryimage\",\"url\":\"https:\/\/liiveri.net\/wp-content\/uploads\/2023\/02\/placeholder.png\",\"contentUrl\":\"https:\/\/liiveri.net\/wp-content\/uploads\/2023\/02\/placeholder.png\",\"width\":1920,\"height\":1080,\"caption\":\"Leader Liiveri -logo.\"},{\"@type\":\"BreadcrumbList\",\"@id\":\"https:\/\/liiveri.net\/uutiset\/liiverissa-vietettiin-avoimia-ovia\/#breadcrumb\",\"itemListElement\":[{\"@type\":\"ListItem\",\"position\":1,\"name\":\"Etusivu\",\"item\":\"https:\/\/liiveri.net\/\"},{\"@type\":\"ListItem\",\"position\":2,\"name\":\"Liiveriss\u00e4 vietettiin Avoimia ovia\"}]},{\"@type\":\"WebSite\",\"@id\":\"https:\/\/liiveri.net\/#website\",\"url\":\"https:\/\/liiveri.net\/\",\"name\":\"Liiveri - Kehitt\u00e4misyhdistys\",\"description\":\"REILU RAHOITTAJA PALVELUKSESSASI\",\"publisher\":{\"@id\":\"https:\/\/liiveri.net\/#organization\"},\"potentialAction\":[{\"@type\":\"SearchAction\",\"target\":{\"@type\":\"EntryPoint\",\"urlTemplate\":\"https:\/\/liiveri.net\/?s={search_term_string}\"},\"query-input\":\"required name=search_term_string\"}],\"inLanguage\":\"en-GB\"},{\"@type\":\"Organization\",\"@id\":\"https:\/\/liiveri.net\/#organization\",\"name\":\"Kehitt\u00e4misyhdistys Liiveri ry\",\"url\":\"https:\/\/liiveri.net\/\",\"logo\":{\"@type\":\"ImageObject\",\"inLanguage\":\"en-GB\",\"@id\":\"https:\/\/liiveri.net\/#\/schema\/logo\/image\/\",\"url\":\"https:\/\/liiveri.net\/wp-content\/uploads\/2023\/02\/placeholder.png\",\"contentUrl\":\"https:\/\/liiveri.net\/wp-content\/uploads\/2023\/02\/placeholder.png\",\"width\":1920,\"height\":1080,\"caption\":\"Kehitt\u00e4misyhdistys Liiveri ry\"},\"image\":{\"@id\":\"https:\/\/liiveri.net\/#\/schema\/logo\/image\/\"},\"sameAs\":[\"https:\/\/www.facebook.com\/LeaderLiiveri\",\"https:\/\/x.com\/LeaderLiiveri\",\"https:\/\/www.instagram.com\/leaderliiveri\/\"]},{\"@type\":\"Person\",\"@id\":\"https:\/\/liiveri.net\/#\/schema\/person\/4d2151d167ce291fb59ae4929e4f150a\",\"name\":\"Admin\",\"image\":{\"@type\":\"ImageObject\",\"inLanguage\":\"en-GB\",\"@id\":\"https:\/\/liiveri.net\/#\/schema\/person\/image\/\",\"url\":\"https:\/\/liiveri.net\/wp-content\/litespeed\/avatar\/1\/a408f0f48bbe882d38689644bc375f8c.jpg?ver=1777459663\",\"contentUrl\":\"https:\/\/liiveri.net\/wp-content\/litespeed\/avatar\/1\/a408f0f48bbe882d38689644bc375f8c.jpg?ver=1777459663\",\"caption\":\"Admin\"},\"sameAs\":[\"https:\/\/liiveri.net\"],\"url\":\"https:\/\/liiveri.net\/en\/uutiset\/author\/admin\/\"}]}<\/script>\n<!-- \/ Yoast SEO plugin. -->","yoast_head_json":{"title":"Liiveriss\u00e4 vietettiin Avoimia ovia - Liiveri","robots":{"index":"index","follow":"follow","max-snippet":"max-snippet:-1","max-image-preview":"max-image-preview:large","max-video-preview":"max-video-preview:-1"},"canonical":"https:\/\/liiveri.net\/en\/uutiset\/liiverissa-vietettiin-avoimia-ovia\/","og_locale":"en_GB","og_type":"article","og_title":"Liiveriss\u00e4 vietettiin Avoimia ovia - Liiveri","og_description":"Liiverin Avoimia ovia vietettiin lauantaina 12.9. yhdess&auml; MLL:n Perhetalo Aurinkoisen avajaisien kanssa. Esittelypisteess&auml;mme j&auml;rjestettiin visailu Liiverist&auml; ja Leaderista. Kaikkien vastanneiden kesken arvottiin kunnan lahjoittamia palkintoja. Tapahtuma kuului my&ouml;s Ilmajoen kunnan 500-vuotisjuhlallisuuksiin. Arpavoitot ja voittajat: Kaksi&nbsp;Ilmajoki 500 -paitaa: Maarit Niemist&ouml;, Ilmajoki ja Mikael Matikainen, V&ouml;yri Nelj&auml; Cd-levy&auml;: Mirja Koivum&auml;ki, Kauhajoki, Nelli Yli-Karjanmaa, Mikko Kallio ja Minea [&hellip;]","og_url":"https:\/\/liiveri.net\/en\/uutiset\/liiverissa-vietettiin-avoimia-ovia\/","og_site_name":"Liiveri","article_publisher":"https:\/\/www.facebook.com\/LeaderLiiveri","article_published_time":"2015-09-15T08:05:00+00:00","article_modified_time":"2023-03-24T08:06:43+00:00","og_image":[{"width":1920,"height":1080,"url":"https:\/\/liiveri.net\/wp-content\/uploads\/2023\/02\/placeholder.png","type":"image\/png"}],"author":"Admin","twitter_card":"summary_large_image","twitter_creator":"@LeaderLiiveri","twitter_site":"@LeaderLiiveri","twitter_misc":{"Written by":"Admin"},"schema":{"@context":"https:\/\/schema.org","@graph":[{"@type":"Article","@id":"https:\/\/liiveri.net\/uutiset\/liiverissa-vietettiin-avoimia-ovia\/#article","isPartOf":{"@id":"https:\/\/liiveri.net\/uutiset\/liiverissa-vietettiin-avoimia-ovia\/"},"author":{"name":"Admin","@id":"https:\/\/liiveri.net\/#\/schema\/person\/4d2151d167ce291fb59ae4929e4f150a"},"headline":"Liiveriss\u00e4 vietettiin Avoimia ovia","datePublished":"2015-09-15T08:05:00+00:00","dateModified":"2023-03-24T08:06:43+00:00","mainEntityOfPage":{"@id":"https:\/\/liiveri.net\/uutiset\/liiverissa-vietettiin-avoimia-ovia\/"},"wordCount":97,"commentCount":0,"publisher":{"@id":"https:\/\/liiveri.net\/#organization"},"image":{"@id":"https:\/\/liiveri.net\/uutiset\/liiverissa-vietettiin-avoimia-ovia\/#primaryimage"},"thumbnailUrl":"https:\/\/liiveri.net\/wp-content\/uploads\/2023\/02\/placeholder.png","articleSection":["Uutiset"],"inLanguage":"en-GB","potentialAction":[{"@type":"CommentAction","name":"Comment","target":["https:\/\/liiveri.net\/uutiset\/liiverissa-vietettiin-avoimia-ovia\/#respond"]}]},{"@type":"WebPage","@id":"https:\/\/liiveri.net\/uutiset\/liiverissa-vietettiin-avoimia-ovia\/","url":"https:\/\/liiveri.net\/uutiset\/liiverissa-vietettiin-avoimia-ovia\/","name":"Liiveriss\u00e4 vietettiin Avoimia ovia - Liiveri","isPartOf":{"@id":"https:\/\/liiveri.net\/#website"},"primaryImageOfPage":{"@id":"https:\/\/liiveri.net\/uutiset\/liiverissa-vietettiin-avoimia-ovia\/#primaryimage"},"image":{"@id":"https:\/\/liiveri.net\/uutiset\/liiverissa-vietettiin-avoimia-ovia\/#primaryimage"},"thumbnailUrl":"https:\/\/liiveri.net\/wp-content\/uploads\/2023\/02\/placeholder.png","datePublished":"2015-09-15T08:05:00+00:00","dateModified":"2023-03-24T08:06:43+00:00","breadcrumb":{"@id":"https:\/\/liiveri.net\/uutiset\/liiverissa-vietettiin-avoimia-ovia\/#breadcrumb"},"inLanguage":"en-GB","potentialAction":[{"@type":"ReadAction","target":["https:\/\/liiveri.net\/uutiset\/liiverissa-vietettiin-avoimia-ovia\/"]}]},{"@type":"ImageObject","inLanguage":"en-GB","@id":"https:\/\/liiveri.net\/uutiset\/liiverissa-vietettiin-avoimia-ovia\/#primaryimage","url":"https:\/\/liiveri.net\/wp-content\/uploads\/2023\/02\/placeholder.png","contentUrl":"https:\/\/liiveri.net\/wp-content\/uploads\/2023\/02\/placeholder.png","width":1920,"height":1080,"caption":"Leader Liiveri -logo."},{"@type":"BreadcrumbList","@id":"https:\/\/liiveri.net\/uutiset\/liiverissa-vietettiin-avoimia-ovia\/#breadcrumb","itemListElement":[{"@type":"ListItem","position":1,"name":"Etusivu","item":"https:\/\/liiveri.net\/"},{"@type":"ListItem","position":2,"name":"Liiveriss\u00e4 vietettiin Avoimia ovia"}]},{"@type":"WebSite","@id":"https:\/\/liiveri.net\/#website","url":"https:\/\/liiveri.net\/","name":"Liiveri - Kehitt\u00e4misyhdistys","description":"REILU RAHOITTAJA PALVELUKSESSASI","publisher":{"@id":"https:\/\/liiveri.net\/#organization"},"potentialAction":[{"@type":"SearchAction","target":{"@type":"EntryPoint","urlTemplate":"https:\/\/liiveri.net\/?s={search_term_string}"},"query-input":"required name=search_term_string"}],"inLanguage":"en-GB"},{"@type":"Organization","@id":"https:\/\/liiveri.net\/#organization","name":"Kehitt\u00e4misyhdistys Liiveri ry","url":"https:\/\/liiveri.net\/","logo":{"@type":"ImageObject","inLanguage":"en-GB","@id":"https:\/\/liiveri.net\/#\/schema\/logo\/image\/","url":"https:\/\/liiveri.net\/wp-content\/uploads\/2023\/02\/placeholder.png","contentUrl":"https:\/\/liiveri.net\/wp-content\/uploads\/2023\/02\/placeholder.png","width":1920,"height":1080,"caption":"Kehitt\u00e4misyhdistys Liiveri ry"},"image":{"@id":"https:\/\/liiveri.net\/#\/schema\/logo\/image\/"},"sameAs":["https:\/\/www.facebook.com\/LeaderLiiveri","https:\/\/x.com\/LeaderLiiveri","https:\/\/www.instagram.com\/leaderliiveri\/"]},{"@type":"Person","@id":"https:\/\/liiveri.net\/#\/schema\/person\/4d2151d167ce291fb59ae4929e4f150a","name":"Admin","image":{"@type":"ImageObject","inLanguage":"en-GB","@id":"https:\/\/liiveri.net\/#\/schema\/person\/image\/","url":"https:\/\/liiveri.net\/wp-content\/litespeed\/avatar\/1\/a408f0f48bbe882d38689644bc375f8c.jpg?ver=1777459663","contentUrl":"https:\/\/liiveri.net\/wp-content\/litespeed\/avatar\/1\/a408f0f48bbe882d38689644bc375f8c.jpg?ver=1777459663","caption":"Admin"},"sameAs":["https:\/\/liiveri.net"],"url":"https:\/\/liiveri.net\/en\/uutiset\/author\/admin\/"}]}},"acf":[],"_links":{"self":[{"href":"https:\/\/liiveri.net\/en\/wp-json\/wp\/v2\/posts\/3092","targetHints":{"allow":["GET"]}}],"collection":[{"href":"https:\/\/liiveri.net\/en\/wp-json\/wp\/v2\/posts"}],"about":[{"href":"https:\/\/liiveri.net\/en\/wp-json\/wp\/v2\/types\/post"}],"author":[{"embeddable":true,"href":"https:\/\/liiveri.net\/en\/wp-json\/wp\/v2\/users\/1"}],"replies":[{"embeddable":true,"href":"https:\/\/liiveri.net\/en\/wp-json\/wp\/v2\/comments?post=3092"}],"version-history":[{"count":0,"href":"https:\/\/liiveri.net\/en\/wp-json\/wp\/v2\/posts\/3092\/revisions"}],"wp:featuredmedia":[{"embeddable":true,"href":"https:\/\/liiveri.net\/en\/wp-json\/wp\/v2\/media\/948"}],"wp:attachment":[{"href":"https:\/\/liiveri.net\/en\/wp-json\/wp\/v2\/media?parent=3092"}],"wp:term":[{"taxonomy":"category","embeddable":true,"href":"https:\/\/liiveri.net\/en\/wp-json\/wp\/v2\/categories?post=3092"},{"taxonomy":"post_tag","embeddable":true,"href":"https:\/\/liiveri.net\/en\/wp-json\/wp\/v2\/tags?post=3092"}],"curies":[{"name":"wp","href":"https:\/\/api.w.org\/{rel}","templated":true}]}}