{"id":3118,"date":"2016-02-29T17:10:00","date_gmt":"2016-02-29T15:10:00","guid":{"rendered":"https:\/\/liiveri.net\/blog\/2016\/02\/29\/johanna-ikola-maakunnalliseksi-kylaasiamieheksi\/"},"modified":"2023-03-24T10:06:47","modified_gmt":"2023-03-24T08:06:47","slug":"johanna-ikola-maakunnalliseksi-kylaasiamieheksi","status":"publish","type":"post","link":"https:\/\/liiveri.net\/en\/uutiset\/johanna-ikola-maakunnalliseksi-kylaasiamieheksi\/","title":{"rendered":"Johanna Ikola as provincial village representative"},"content":{"rendered":"<p>The board of Etel\u00e4pohjalaiset kyl\u00e4t ry appointed Johanna Ikola from Lapua as the executive director of the association and the new provincial village representative. Juha Pohjonen, who has been the village representative for two decades, will retire at the beginning of April. He is already part-time retired, and Ikola will take up the sticks right from the beginning of March. Johanna Ikola has worked as a trustee in EPK since the beginning of the association&#039;s operations.<\/p>\n<p>The provincial association of villages celebrated its 20th anniversary last November at Sein\u00e4joki Kampustalo. Every year, the association chooses the Southern Pohja village of the year, and currently the title is held by Ylih\u00e4rm\u00e4 Yliluoma. The members of Etel\u00e4pohjalaiset kyl\u00e4t ry include villages in the province as well as other associations and municipalities. The chairman of the association is Heikki Korkealaakso from Kauhava.<\/p>","protected":false},"excerpt":{"rendered":"<p>The board of the Southern Pohjois Villages Association appointed Johanna Ikola from Lapua as the association&#039;s executive director and new provincial village representative. Juha Pohjonen, who has been the village representative for two decades, will retire at the beginning of April. He is already on part-time retirement, and Ikola will take up the reins as of the beginning of March. Johanna Ikola has served as a trusted person in the EPK since the association&#039;s inception. The provincial village association celebrated its 20th anniversary last November at the Sein\u00e4joki Kampustalo. [\u2026]<\/p>","protected":false},"author":1,"featured_media":948,"comment_status":"open","ping_status":"open","sticky":false,"template":"","format":"standard","meta":{"_acf_changed":false,"footnotes":""},"categories":[30],"tags":[],"class_list":["post-3118","post","type-post","status-publish","format-standard","has-post-thumbnail","hentry","category-uutiset"],"yoast_head":"<!-- This site is optimized with the Yoast SEO plugin v23.3 - https:\/\/yoast.com\/wordpress\/plugins\/seo\/ -->\n<title>Johanna Ikola maakunnalliseksi kyl\u00e4asiamieheksi - Liiveri<\/title>\n<meta name=\"robots\" content=\"index, follow, max-snippet:-1, max-image-preview:large, max-video-preview:-1\" \/>\n<link rel=\"canonical\" href=\"https:\/\/liiveri.net\/en\/uutiset\/johanna-ikola-maakunnalliseksi-kylaasiamieheksi\/\" \/>\n<meta property=\"og:locale\" content=\"en_GB\" \/>\n<meta property=\"og:type\" content=\"article\" \/>\n<meta property=\"og:title\" content=\"Johanna Ikola maakunnalliseksi kyl\u00e4asiamieheksi - Liiveri\" \/>\n<meta property=\"og:description\" content=\"Etel&auml;pohjalaiset kyl&auml;t ry:n hallitus&nbsp; nimesi yhdistyksen toiminnanjohtajaksi ja uudeksi maakunnalliseksi kyl&auml;asiamieheksi Johanna Ikolan Lapualta. Kaksi vuosikymment&auml; kyl&auml;asiamiehen pesti&auml; hoitanut Juha Pohjonen j&auml;&auml; el&auml;kkeelle huhtikuun alusta. H&auml;n on jo osa-aikael&auml;kkeell&auml;, ja Ikola tarttuukin puikkoihin heti maaliskuun alusta. Johanna Ikola on toiminut luottamushenkil&ouml;n&auml; EPK:ssa yhdistyksen toiminnan alusta saakka. Maakunnallinen kylien yhteenliittym&auml; vietti 20-vuotisjuhlaansa viime marraskuussa Sein&auml;joen Kampustalolla. [&hellip;]\" \/>\n<meta property=\"og:url\" content=\"https:\/\/liiveri.net\/en\/uutiset\/johanna-ikola-maakunnalliseksi-kylaasiamieheksi\/\" \/>\n<meta property=\"og:site_name\" content=\"Liiveri\" \/>\n<meta property=\"article:publisher\" content=\"https:\/\/www.facebook.com\/LeaderLiiveri\" \/>\n<meta property=\"article:published_time\" content=\"2016-02-29T15:10:00+00:00\" \/>\n<meta property=\"article:modified_time\" content=\"2023-03-24T08:06:47+00:00\" \/>\n<meta property=\"og:image\" content=\"https:\/\/liiveri.net\/wp-content\/uploads\/2023\/02\/placeholder.png\" \/>\n\t<meta property=\"og:image:width\" content=\"1920\" \/>\n\t<meta property=\"og:image:height\" content=\"1080\" \/>\n\t<meta property=\"og:image:type\" content=\"image\/png\" \/>\n<meta name=\"author\" content=\"Admin\" \/>\n<meta name=\"twitter:card\" content=\"summary_large_image\" \/>\n<meta name=\"twitter:creator\" content=\"@LeaderLiiveri\" \/>\n<meta name=\"twitter:site\" content=\"@LeaderLiiveri\" \/>\n<meta name=\"twitter:label1\" content=\"Written by\" \/>\n\t<meta name=\"twitter:data1\" content=\"Admin\" \/>\n\t<meta name=\"twitter:label2\" content=\"Estimated reading time\" \/>\n\t<meta name=\"twitter:data2\" content=\"1 minute\" \/>\n<script type=\"application\/ld+json\" class=\"yoast-schema-graph\">{\"@context\":\"https:\/\/schema.org\",\"@graph\":[{\"@type\":\"Article\",\"@id\":\"https:\/\/liiveri.net\/uutiset\/johanna-ikola-maakunnalliseksi-kylaasiamieheksi\/#article\",\"isPartOf\":{\"@id\":\"https:\/\/liiveri.net\/uutiset\/johanna-ikola-maakunnalliseksi-kylaasiamieheksi\/\"},\"author\":{\"name\":\"Admin\",\"@id\":\"https:\/\/liiveri.net\/#\/schema\/person\/4d2151d167ce291fb59ae4929e4f150a\"},\"headline\":\"Johanna Ikola maakunnalliseksi kyl\u00e4asiamieheksi\",\"datePublished\":\"2016-02-29T15:10:00+00:00\",\"dateModified\":\"2023-03-24T08:06:47+00:00\",\"mainEntityOfPage\":{\"@id\":\"https:\/\/liiveri.net\/uutiset\/johanna-ikola-maakunnalliseksi-kylaasiamieheksi\/\"},\"wordCount\":143,\"commentCount\":0,\"publisher\":{\"@id\":\"https:\/\/liiveri.net\/#organization\"},\"image\":{\"@id\":\"https:\/\/liiveri.net\/uutiset\/johanna-ikola-maakunnalliseksi-kylaasiamieheksi\/#primaryimage\"},\"thumbnailUrl\":\"https:\/\/liiveri.net\/wp-content\/uploads\/2023\/02\/placeholder.png\",\"articleSection\":[\"Uutiset\"],\"inLanguage\":\"en-GB\",\"potentialAction\":[{\"@type\":\"CommentAction\",\"name\":\"Comment\",\"target\":[\"https:\/\/liiveri.net\/uutiset\/johanna-ikola-maakunnalliseksi-kylaasiamieheksi\/#respond\"]}]},{\"@type\":\"WebPage\",\"@id\":\"https:\/\/liiveri.net\/uutiset\/johanna-ikola-maakunnalliseksi-kylaasiamieheksi\/\",\"url\":\"https:\/\/liiveri.net\/uutiset\/johanna-ikola-maakunnalliseksi-kylaasiamieheksi\/\",\"name\":\"Johanna Ikola maakunnalliseksi kyl\u00e4asiamieheksi - Liiveri\",\"isPartOf\":{\"@id\":\"https:\/\/liiveri.net\/#website\"},\"primaryImageOfPage\":{\"@id\":\"https:\/\/liiveri.net\/uutiset\/johanna-ikola-maakunnalliseksi-kylaasiamieheksi\/#primaryimage\"},\"image\":{\"@id\":\"https:\/\/liiveri.net\/uutiset\/johanna-ikola-maakunnalliseksi-kylaasiamieheksi\/#primaryimage\"},\"thumbnailUrl\":\"https:\/\/liiveri.net\/wp-content\/uploads\/2023\/02\/placeholder.png\",\"datePublished\":\"2016-02-29T15:10:00+00:00\",\"dateModified\":\"2023-03-24T08:06:47+00:00\",\"breadcrumb\":{\"@id\":\"https:\/\/liiveri.net\/uutiset\/johanna-ikola-maakunnalliseksi-kylaasiamieheksi\/#breadcrumb\"},\"inLanguage\":\"en-GB\",\"potentialAction\":[{\"@type\":\"ReadAction\",\"target\":[\"https:\/\/liiveri.net\/uutiset\/johanna-ikola-maakunnalliseksi-kylaasiamieheksi\/\"]}]},{\"@type\":\"ImageObject\",\"inLanguage\":\"en-GB\",\"@id\":\"https:\/\/liiveri.net\/uutiset\/johanna-ikola-maakunnalliseksi-kylaasiamieheksi\/#primaryimage\",\"url\":\"https:\/\/liiveri.net\/wp-content\/uploads\/2023\/02\/placeholder.png\",\"contentUrl\":\"https:\/\/liiveri.net\/wp-content\/uploads\/2023\/02\/placeholder.png\",\"width\":1920,\"height\":1080,\"caption\":\"Leader Liiveri -logo.\"},{\"@type\":\"BreadcrumbList\",\"@id\":\"https:\/\/liiveri.net\/uutiset\/johanna-ikola-maakunnalliseksi-kylaasiamieheksi\/#breadcrumb\",\"itemListElement\":[{\"@type\":\"ListItem\",\"position\":1,\"name\":\"Etusivu\",\"item\":\"https:\/\/liiveri.net\/\"},{\"@type\":\"ListItem\",\"position\":2,\"name\":\"Johanna Ikola maakunnalliseksi kyl\u00e4asiamieheksi\"}]},{\"@type\":\"WebSite\",\"@id\":\"https:\/\/liiveri.net\/#website\",\"url\":\"https:\/\/liiveri.net\/\",\"name\":\"Liiveri - Kehitt\u00e4misyhdistys\",\"description\":\"REILU RAHOITTAJA PALVELUKSESSASI\",\"publisher\":{\"@id\":\"https:\/\/liiveri.net\/#organization\"},\"potentialAction\":[{\"@type\":\"SearchAction\",\"target\":{\"@type\":\"EntryPoint\",\"urlTemplate\":\"https:\/\/liiveri.net\/?s={search_term_string}\"},\"query-input\":\"required name=search_term_string\"}],\"inLanguage\":\"en-GB\"},{\"@type\":\"Organization\",\"@id\":\"https:\/\/liiveri.net\/#organization\",\"name\":\"Kehitt\u00e4misyhdistys Liiveri ry\",\"url\":\"https:\/\/liiveri.net\/\",\"logo\":{\"@type\":\"ImageObject\",\"inLanguage\":\"en-GB\",\"@id\":\"https:\/\/liiveri.net\/#\/schema\/logo\/image\/\",\"url\":\"https:\/\/liiveri.net\/wp-content\/uploads\/2023\/02\/placeholder.png\",\"contentUrl\":\"https:\/\/liiveri.net\/wp-content\/uploads\/2023\/02\/placeholder.png\",\"width\":1920,\"height\":1080,\"caption\":\"Kehitt\u00e4misyhdistys Liiveri ry\"},\"image\":{\"@id\":\"https:\/\/liiveri.net\/#\/schema\/logo\/image\/\"},\"sameAs\":[\"https:\/\/www.facebook.com\/LeaderLiiveri\",\"https:\/\/x.com\/LeaderLiiveri\",\"https:\/\/www.instagram.com\/leaderliiveri\/\"]},{\"@type\":\"Person\",\"@id\":\"https:\/\/liiveri.net\/#\/schema\/person\/4d2151d167ce291fb59ae4929e4f150a\",\"name\":\"Admin\",\"image\":{\"@type\":\"ImageObject\",\"inLanguage\":\"en-GB\",\"@id\":\"https:\/\/liiveri.net\/#\/schema\/person\/image\/\",\"url\":\"https:\/\/liiveri.net\/wp-content\/litespeed\/avatar\/1\/a408f0f48bbe882d38689644bc375f8c.jpg?ver=1777459663\",\"contentUrl\":\"https:\/\/liiveri.net\/wp-content\/litespeed\/avatar\/1\/a408f0f48bbe882d38689644bc375f8c.jpg?ver=1777459663\",\"caption\":\"Admin\"},\"sameAs\":[\"https:\/\/liiveri.net\"],\"url\":\"https:\/\/liiveri.net\/en\/uutiset\/author\/admin\/\"}]}<\/script>\n<!-- \/ Yoast SEO plugin. -->","yoast_head_json":{"title":"Johanna Ikola maakunnalliseksi kyl\u00e4asiamieheksi - Liiveri","robots":{"index":"index","follow":"follow","max-snippet":"max-snippet:-1","max-image-preview":"max-image-preview:large","max-video-preview":"max-video-preview:-1"},"canonical":"https:\/\/liiveri.net\/en\/uutiset\/johanna-ikola-maakunnalliseksi-kylaasiamieheksi\/","og_locale":"en_GB","og_type":"article","og_title":"Johanna Ikola maakunnalliseksi kyl\u00e4asiamieheksi - Liiveri","og_description":"Etel&auml;pohjalaiset kyl&auml;t ry:n hallitus&nbsp; nimesi yhdistyksen toiminnanjohtajaksi ja uudeksi maakunnalliseksi kyl&auml;asiamieheksi Johanna Ikolan Lapualta. Kaksi vuosikymment&auml; kyl&auml;asiamiehen pesti&auml; hoitanut Juha Pohjonen j&auml;&auml; el&auml;kkeelle huhtikuun alusta. H&auml;n on jo osa-aikael&auml;kkeell&auml;, ja Ikola tarttuukin puikkoihin heti maaliskuun alusta. Johanna Ikola on toiminut luottamushenkil&ouml;n&auml; EPK:ssa yhdistyksen toiminnan alusta saakka. Maakunnallinen kylien yhteenliittym&auml; vietti 20-vuotisjuhlaansa viime marraskuussa Sein&auml;joen Kampustalolla. [&hellip;]","og_url":"https:\/\/liiveri.net\/en\/uutiset\/johanna-ikola-maakunnalliseksi-kylaasiamieheksi\/","og_site_name":"Liiveri","article_publisher":"https:\/\/www.facebook.com\/LeaderLiiveri","article_published_time":"2016-02-29T15:10:00+00:00","article_modified_time":"2023-03-24T08:06:47+00:00","og_image":[{"width":1920,"height":1080,"url":"https:\/\/liiveri.net\/wp-content\/uploads\/2023\/02\/placeholder.png","type":"image\/png"}],"author":"Admin","twitter_card":"summary_large_image","twitter_creator":"@LeaderLiiveri","twitter_site":"@LeaderLiiveri","twitter_misc":{"Written by":"Admin","Estimated reading time":"1 minute"},"schema":{"@context":"https:\/\/schema.org","@graph":[{"@type":"Article","@id":"https:\/\/liiveri.net\/uutiset\/johanna-ikola-maakunnalliseksi-kylaasiamieheksi\/#article","isPartOf":{"@id":"https:\/\/liiveri.net\/uutiset\/johanna-ikola-maakunnalliseksi-kylaasiamieheksi\/"},"author":{"name":"Admin","@id":"https:\/\/liiveri.net\/#\/schema\/person\/4d2151d167ce291fb59ae4929e4f150a"},"headline":"Johanna Ikola maakunnalliseksi kyl\u00e4asiamieheksi","datePublished":"2016-02-29T15:10:00+00:00","dateModified":"2023-03-24T08:06:47+00:00","mainEntityOfPage":{"@id":"https:\/\/liiveri.net\/uutiset\/johanna-ikola-maakunnalliseksi-kylaasiamieheksi\/"},"wordCount":143,"commentCount":0,"publisher":{"@id":"https:\/\/liiveri.net\/#organization"},"image":{"@id":"https:\/\/liiveri.net\/uutiset\/johanna-ikola-maakunnalliseksi-kylaasiamieheksi\/#primaryimage"},"thumbnailUrl":"https:\/\/liiveri.net\/wp-content\/uploads\/2023\/02\/placeholder.png","articleSection":["Uutiset"],"inLanguage":"en-GB","potentialAction":[{"@type":"CommentAction","name":"Comment","target":["https:\/\/liiveri.net\/uutiset\/johanna-ikola-maakunnalliseksi-kylaasiamieheksi\/#respond"]}]},{"@type":"WebPage","@id":"https:\/\/liiveri.net\/uutiset\/johanna-ikola-maakunnalliseksi-kylaasiamieheksi\/","url":"https:\/\/liiveri.net\/uutiset\/johanna-ikola-maakunnalliseksi-kylaasiamieheksi\/","name":"Johanna Ikola maakunnalliseksi kyl\u00e4asiamieheksi - Liiveri","isPartOf":{"@id":"https:\/\/liiveri.net\/#website"},"primaryImageOfPage":{"@id":"https:\/\/liiveri.net\/uutiset\/johanna-ikola-maakunnalliseksi-kylaasiamieheksi\/#primaryimage"},"image":{"@id":"https:\/\/liiveri.net\/uutiset\/johanna-ikola-maakunnalliseksi-kylaasiamieheksi\/#primaryimage"},"thumbnailUrl":"https:\/\/liiveri.net\/wp-content\/uploads\/2023\/02\/placeholder.png","datePublished":"2016-02-29T15:10:00+00:00","dateModified":"2023-03-24T08:06:47+00:00","breadcrumb":{"@id":"https:\/\/liiveri.net\/uutiset\/johanna-ikola-maakunnalliseksi-kylaasiamieheksi\/#breadcrumb"},"inLanguage":"en-GB","potentialAction":[{"@type":"ReadAction","target":["https:\/\/liiveri.net\/uutiset\/johanna-ikola-maakunnalliseksi-kylaasiamieheksi\/"]}]},{"@type":"ImageObject","inLanguage":"en-GB","@id":"https:\/\/liiveri.net\/uutiset\/johanna-ikola-maakunnalliseksi-kylaasiamieheksi\/#primaryimage","url":"https:\/\/liiveri.net\/wp-content\/uploads\/2023\/02\/placeholder.png","contentUrl":"https:\/\/liiveri.net\/wp-content\/uploads\/2023\/02\/placeholder.png","width":1920,"height":1080,"caption":"Leader Liiveri -logo."},{"@type":"BreadcrumbList","@id":"https:\/\/liiveri.net\/uutiset\/johanna-ikola-maakunnalliseksi-kylaasiamieheksi\/#breadcrumb","itemListElement":[{"@type":"ListItem","position":1,"name":"Etusivu","item":"https:\/\/liiveri.net\/"},{"@type":"ListItem","position":2,"name":"Johanna Ikola maakunnalliseksi kyl\u00e4asiamieheksi"}]},{"@type":"WebSite","@id":"https:\/\/liiveri.net\/#website","url":"https:\/\/liiveri.net\/","name":"Liiveri - Kehitt\u00e4misyhdistys","description":"REILU RAHOITTAJA PALVELUKSESSASI","publisher":{"@id":"https:\/\/liiveri.net\/#organization"},"potentialAction":[{"@type":"SearchAction","target":{"@type":"EntryPoint","urlTemplate":"https:\/\/liiveri.net\/?s={search_term_string}"},"query-input":"required name=search_term_string"}],"inLanguage":"en-GB"},{"@type":"Organization","@id":"https:\/\/liiveri.net\/#organization","name":"Kehitt\u00e4misyhdistys Liiveri ry","url":"https:\/\/liiveri.net\/","logo":{"@type":"ImageObject","inLanguage":"en-GB","@id":"https:\/\/liiveri.net\/#\/schema\/logo\/image\/","url":"https:\/\/liiveri.net\/wp-content\/uploads\/2023\/02\/placeholder.png","contentUrl":"https:\/\/liiveri.net\/wp-content\/uploads\/2023\/02\/placeholder.png","width":1920,"height":1080,"caption":"Kehitt\u00e4misyhdistys Liiveri ry"},"image":{"@id":"https:\/\/liiveri.net\/#\/schema\/logo\/image\/"},"sameAs":["https:\/\/www.facebook.com\/LeaderLiiveri","https:\/\/x.com\/LeaderLiiveri","https:\/\/www.instagram.com\/leaderliiveri\/"]},{"@type":"Person","@id":"https:\/\/liiveri.net\/#\/schema\/person\/4d2151d167ce291fb59ae4929e4f150a","name":"Admin","image":{"@type":"ImageObject","inLanguage":"en-GB","@id":"https:\/\/liiveri.net\/#\/schema\/person\/image\/","url":"https:\/\/liiveri.net\/wp-content\/litespeed\/avatar\/1\/a408f0f48bbe882d38689644bc375f8c.jpg?ver=1777459663","contentUrl":"https:\/\/liiveri.net\/wp-content\/litespeed\/avatar\/1\/a408f0f48bbe882d38689644bc375f8c.jpg?ver=1777459663","caption":"Admin"},"sameAs":["https:\/\/liiveri.net"],"url":"https:\/\/liiveri.net\/en\/uutiset\/author\/admin\/"}]}},"acf":[],"_links":{"self":[{"href":"https:\/\/liiveri.net\/en\/wp-json\/wp\/v2\/posts\/3118","targetHints":{"allow":["GET"]}}],"collection":[{"href":"https:\/\/liiveri.net\/en\/wp-json\/wp\/v2\/posts"}],"about":[{"href":"https:\/\/liiveri.net\/en\/wp-json\/wp\/v2\/types\/post"}],"author":[{"embeddable":true,"href":"https:\/\/liiveri.net\/en\/wp-json\/wp\/v2\/users\/1"}],"replies":[{"embeddable":true,"href":"https:\/\/liiveri.net\/en\/wp-json\/wp\/v2\/comments?post=3118"}],"version-history":[{"count":0,"href":"https:\/\/liiveri.net\/en\/wp-json\/wp\/v2\/posts\/3118\/revisions"}],"wp:featuredmedia":[{"embeddable":true,"href":"https:\/\/liiveri.net\/en\/wp-json\/wp\/v2\/media\/948"}],"wp:attachment":[{"href":"https:\/\/liiveri.net\/en\/wp-json\/wp\/v2\/media?parent=3118"}],"wp:term":[{"taxonomy":"category","embeddable":true,"href":"https:\/\/liiveri.net\/en\/wp-json\/wp\/v2\/categories?post=3118"},{"taxonomy":"post_tag","embeddable":true,"href":"https:\/\/liiveri.net\/en\/wp-json\/wp\/v2\/tags?post=3118"}],"curies":[{"name":"wp","href":"https:\/\/api.w.org\/{rel}","templated":true}]}}