{"id":3120,"date":"2016-03-23T08:45:00","date_gmt":"2016-03-23T06:45:00","guid":{"rendered":"https:\/\/liiveri.net\/blog\/2016\/03\/23\/liiverin-hallitus-uudistui\/"},"modified":"2023-03-24T10:06:47","modified_gmt":"2023-03-24T08:06:47","slug":"liiverin-hallitus-uudistui","status":"publish","type":"post","link":"https:\/\/liiveri.net\/en\/uutiset\/liiverin-hallitus-uudistui\/","title":{"rendered":"Liiver&#039;s government was reformed"},"content":{"rendered":"<p>Entrepreneur <strong>Keijo Viertoma<\/strong> Ilmajoki was elected to continue as chairman of the board of Sein\u00e4joki Seudun Kehitt\u00e4misyhdistys Liiveri ry. The annual meeting elected new members to the board on Tuesday, March 22.<\/p>\n<p>An actual member of the board was elected <strong>Juha Koivisto<\/strong> From Sein\u00e4joki. People from Ylistaro were elected as new deputy members to the board <strong>Hanna-Leena Viirim\u00e4ki<\/strong> and jalasj\u00e4rvinen, Kurika&#039;s environment secretary<strong> Jutta Lillberg-Puskala<\/strong>.<\/p>\n<p>Tarja Oksaharju from Sein\u00e4joki, Hannu Rajam\u00e4ki from Sein\u00e4joki Ylistaro and Helena Lampinen from Kurikan Jalasj\u00e4rvi left the board.<\/p>\n<p>Board 2016 \u2013 2017<\/p>\n<table border=\"1\" cellspacing=\"0\" cellpadding=\"0\">\n<tbody>\n<tr>\n<td valign=\"top\" width=\"324\">\n<p><strong>Full member <\/strong><\/p>\n<\/td>\n<td valign=\"top\" width=\"324\">\n<p><strong>Alternate member<\/strong><\/p>\n<\/td>\n<\/tr>\n<tr>\n<td valign=\"top\" width=\"324\">\n<p><strong>Keijo Viertoma, president<\/strong><\/p>\n<\/td>\n<td valign=\"top\" width=\"324\">\n<p><strong>&nbsp;<\/strong><\/p>\n<\/td>\n<\/tr>\n<tr>\n<td valign=\"top\" width=\"324\">\n<p>Mervi M\u00e4enp\u00e4\u00e4<\/p>\n<\/td>\n<td valign=\"top\" width=\"324\">\n<p>Carita Lahdenm\u00e4ki<\/p>\n<\/td>\n<\/tr>\n<tr>\n<td valign=\"top\" width=\"324\">\n<p>Rami Mattila<\/p>\n<\/td>\n<td valign=\"top\" width=\"324\">\n<p>Jukka Pajunen<\/p>\n<\/td>\n<\/tr>\n<tr>\n<td valign=\"top\" width=\"324\">\n<p>Sami M\u00e4ntym\u00e4ki<\/p>\n<\/td>\n<td valign=\"top\" width=\"324\">\n<p>Sanna Karim\u00e4ki-Nuutinen<\/p>\n<\/td>\n<\/tr>\n<tr>\n<td valign=\"top\" width=\"324\">\n<p>Juha Koivisto<\/p>\n<\/td>\n<td valign=\"top\" width=\"324\">\n<p>Leena Vedenjoku<\/p>\n<\/td>\n<\/tr>\n<tr>\n<td valign=\"top\" width=\"324\">\n<p>Minna Lepp\u00e4l\u00e4<\/p>\n<\/td>\n<td valign=\"top\" width=\"324\">\n<p>Jaakko Ristim\u00e4ki<\/p>\n<\/td>\n<\/tr>\n<tr>\n<td valign=\"top\" width=\"324\">\n<p>Hannemari Niemi<\/p>\n<\/td>\n<td valign=\"top\" width=\"324\">\n<p>Masa Paavola<\/p>\n<\/td>\n<\/tr>\n<tr>\n<td valign=\"top\" width=\"324\">\n<p>Timo Myllari<\/p>\n<\/td>\n<td valign=\"top\" width=\"324\">\n<p>Hanna-Leena Viirim\u00e4ki<\/p>\n<\/td>\n<\/tr>\n<tr>\n<td valign=\"top\" width=\"324\">\n<p>Osku Ketola<\/p>\n<\/td>\n<td valign=\"top\" width=\"324\">\n<p>Johanna Hietanen<\/p>\n<\/td>\n<\/tr>\n<tr>\n<td valign=\"top\" width=\"324\">\n<p>Carita Samppala<\/p>\n<\/td>\n<td valign=\"top\" width=\"324\">\n<p>Timo Urpala<\/p>\n<\/td>\n<\/tr>\n<tr>\n<td valign=\"top\" width=\"324\">\n<p>Reijo H\u00e4m\u00e4l\u00e4inen<\/p>\n<\/td>\n<td valign=\"top\" width=\"324\">\n<p>Jutta Lillberg-Puskala<\/p>\n<\/td>\n<\/tr>\n<\/tbody>\n<\/table>\n<p><a name=\"paatoksiahankejayritystuista\"><\/a><a href=\"#paatoksiahankejayritystuista\">&nbsp;<\/a><\/p>","protected":false},"excerpt":{"rendered":"<p>Entrepreneur Keijo Viertoma from Ilmajoki was elected to continue as the chairman of the board of directors of the Sein\u00e4joki Region Development Association Liiveri. The annual meeting elected new members to the board on Tuesday, March 22. Juha Koivisto from Sein\u00e4joki was elected as a full member of the board. Hanna-Leena Viirim\u00e4ki from Ylistaro and Jutta Lillberg-Puskala from Jalasj\u00e4rvi, the environmental secretary of Kurikka, were elected as new deputy members to the board. Tarja Oksaharju from Sein\u00e4joki, Hannu Rajam\u00e4ki from Ylistaro in Sein\u00e4joki and Helena Lampinen from Jalasj\u00e4rvi in Kurikka were elected as the new deputy members of the board. The following left the board: Tarja Oksaharju from Sein\u00e4joki, Hannu Rajam\u00e4ki from Ylistaro in Sein\u00e4joki and Helena Lampinen from Jalasj\u00e4rvi in Kurikka. [\u2026]<\/p>","protected":false},"author":1,"featured_media":948,"comment_status":"open","ping_status":"open","sticky":false,"template":"","format":"standard","meta":{"_acf_changed":false,"footnotes":""},"categories":[30],"tags":[],"class_list":["post-3120","post","type-post","status-publish","format-standard","has-post-thumbnail","hentry","category-uutiset"],"yoast_head":"<!-- This site is optimized with the Yoast SEO plugin v23.3 - https:\/\/yoast.com\/wordpress\/plugins\/seo\/ -->\n<title>Liiverin hallitus uudistui - Liiveri<\/title>\n<meta name=\"robots\" content=\"index, follow, max-snippet:-1, max-image-preview:large, max-video-preview:-1\" \/>\n<link rel=\"canonical\" href=\"https:\/\/liiveri.net\/en\/uutiset\/liiverin-hallitus-uudistui\/\" \/>\n<meta property=\"og:locale\" content=\"en_GB\" \/>\n<meta property=\"og:type\" content=\"article\" \/>\n<meta property=\"og:title\" content=\"Liiverin hallitus uudistui - Liiveri\" \/>\n<meta property=\"og:description\" content=\"Yritt&auml;j&auml; Keijo Viertoma Ilmajoelta valitiin jatkamaan Sein&auml;joen Seudun Kehitt&auml;misyhdistys Liiveri ry:n hallituksen puheenjohtajana. Vuosikokous valitsi uusia j&auml;seni&auml; hallitukseen tiistaina 22.3. Hallituksen varsinaiseksi j&auml;seneksi valittii Juha Koivisto Sein&auml;joelta. Uusiksi varaj&auml;seniksi hallitukseen valittiin ylistarolainen Hanna-Leena Viirim&auml;ki ja jalasj&auml;rvinen, Kurikan ymp&auml;rist&ouml;sihteeri Jutta Lillberg-Puskala. Hallituksesta pois j&auml;iv&auml;t Tarja Oksaharju Sein&auml;joelta, Hannu Rajam&auml;ki Sein&auml;joen Ylistarosta ja Helena Lampinen Kurikan Jalasj&auml;rvelt&auml;. [&hellip;]\" \/>\n<meta property=\"og:url\" content=\"https:\/\/liiveri.net\/en\/uutiset\/liiverin-hallitus-uudistui\/\" \/>\n<meta property=\"og:site_name\" content=\"Liiveri\" \/>\n<meta property=\"article:publisher\" content=\"https:\/\/www.facebook.com\/LeaderLiiveri\" \/>\n<meta property=\"article:published_time\" content=\"2016-03-23T06:45:00+00:00\" \/>\n<meta property=\"article:modified_time\" content=\"2023-03-24T08:06:47+00:00\" \/>\n<meta property=\"og:image\" content=\"https:\/\/liiveri.net\/wp-content\/uploads\/2023\/02\/placeholder.png\" \/>\n\t<meta property=\"og:image:width\" content=\"1920\" \/>\n\t<meta property=\"og:image:height\" content=\"1080\" \/>\n\t<meta property=\"og:image:type\" content=\"image\/png\" \/>\n<meta name=\"author\" content=\"Admin\" \/>\n<meta name=\"twitter:card\" content=\"summary_large_image\" \/>\n<meta name=\"twitter:creator\" content=\"@LeaderLiiveri\" \/>\n<meta name=\"twitter:site\" content=\"@LeaderLiiveri\" \/>\n<meta name=\"twitter:label1\" content=\"Written by\" \/>\n\t<meta name=\"twitter:data1\" content=\"Admin\" \/>\n\t<meta name=\"twitter:label2\" content=\"Estimated reading time\" \/>\n\t<meta name=\"twitter:data2\" content=\"1 minute\" \/>\n<script type=\"application\/ld+json\" class=\"yoast-schema-graph\">{\"@context\":\"https:\/\/schema.org\",\"@graph\":[{\"@type\":\"Article\",\"@id\":\"https:\/\/liiveri.net\/uutiset\/liiverin-hallitus-uudistui\/#article\",\"isPartOf\":{\"@id\":\"https:\/\/liiveri.net\/uutiset\/liiverin-hallitus-uudistui\/\"},\"author\":{\"name\":\"Admin\",\"@id\":\"https:\/\/liiveri.net\/#\/schema\/person\/4d2151d167ce291fb59ae4929e4f150a\"},\"headline\":\"Liiverin hallitus uudistui\",\"datePublished\":\"2016-03-23T06:45:00+00:00\",\"dateModified\":\"2023-03-24T08:06:47+00:00\",\"mainEntityOfPage\":{\"@id\":\"https:\/\/liiveri.net\/uutiset\/liiverin-hallitus-uudistui\/\"},\"wordCount\":176,\"commentCount\":0,\"publisher\":{\"@id\":\"https:\/\/liiveri.net\/#organization\"},\"image\":{\"@id\":\"https:\/\/liiveri.net\/uutiset\/liiverin-hallitus-uudistui\/#primaryimage\"},\"thumbnailUrl\":\"https:\/\/liiveri.net\/wp-content\/uploads\/2023\/02\/placeholder.png\",\"articleSection\":[\"Uutiset\"],\"inLanguage\":\"en-GB\",\"potentialAction\":[{\"@type\":\"CommentAction\",\"name\":\"Comment\",\"target\":[\"https:\/\/liiveri.net\/uutiset\/liiverin-hallitus-uudistui\/#respond\"]}]},{\"@type\":\"WebPage\",\"@id\":\"https:\/\/liiveri.net\/uutiset\/liiverin-hallitus-uudistui\/\",\"url\":\"https:\/\/liiveri.net\/uutiset\/liiverin-hallitus-uudistui\/\",\"name\":\"Liiverin hallitus uudistui - Liiveri\",\"isPartOf\":{\"@id\":\"https:\/\/liiveri.net\/#website\"},\"primaryImageOfPage\":{\"@id\":\"https:\/\/liiveri.net\/uutiset\/liiverin-hallitus-uudistui\/#primaryimage\"},\"image\":{\"@id\":\"https:\/\/liiveri.net\/uutiset\/liiverin-hallitus-uudistui\/#primaryimage\"},\"thumbnailUrl\":\"https:\/\/liiveri.net\/wp-content\/uploads\/2023\/02\/placeholder.png\",\"datePublished\":\"2016-03-23T06:45:00+00:00\",\"dateModified\":\"2023-03-24T08:06:47+00:00\",\"breadcrumb\":{\"@id\":\"https:\/\/liiveri.net\/uutiset\/liiverin-hallitus-uudistui\/#breadcrumb\"},\"inLanguage\":\"en-GB\",\"potentialAction\":[{\"@type\":\"ReadAction\",\"target\":[\"https:\/\/liiveri.net\/uutiset\/liiverin-hallitus-uudistui\/\"]}]},{\"@type\":\"ImageObject\",\"inLanguage\":\"en-GB\",\"@id\":\"https:\/\/liiveri.net\/uutiset\/liiverin-hallitus-uudistui\/#primaryimage\",\"url\":\"https:\/\/liiveri.net\/wp-content\/uploads\/2023\/02\/placeholder.png\",\"contentUrl\":\"https:\/\/liiveri.net\/wp-content\/uploads\/2023\/02\/placeholder.png\",\"width\":1920,\"height\":1080,\"caption\":\"Leader Liiveri -logo.\"},{\"@type\":\"BreadcrumbList\",\"@id\":\"https:\/\/liiveri.net\/uutiset\/liiverin-hallitus-uudistui\/#breadcrumb\",\"itemListElement\":[{\"@type\":\"ListItem\",\"position\":1,\"name\":\"Etusivu\",\"item\":\"https:\/\/liiveri.net\/\"},{\"@type\":\"ListItem\",\"position\":2,\"name\":\"Liiverin hallitus uudistui\"}]},{\"@type\":\"WebSite\",\"@id\":\"https:\/\/liiveri.net\/#website\",\"url\":\"https:\/\/liiveri.net\/\",\"name\":\"Liiveri - Kehitt\u00e4misyhdistys\",\"description\":\"REILU RAHOITTAJA PALVELUKSESSASI\",\"publisher\":{\"@id\":\"https:\/\/liiveri.net\/#organization\"},\"potentialAction\":[{\"@type\":\"SearchAction\",\"target\":{\"@type\":\"EntryPoint\",\"urlTemplate\":\"https:\/\/liiveri.net\/?s={search_term_string}\"},\"query-input\":\"required name=search_term_string\"}],\"inLanguage\":\"en-GB\"},{\"@type\":\"Organization\",\"@id\":\"https:\/\/liiveri.net\/#organization\",\"name\":\"Kehitt\u00e4misyhdistys Liiveri ry\",\"url\":\"https:\/\/liiveri.net\/\",\"logo\":{\"@type\":\"ImageObject\",\"inLanguage\":\"en-GB\",\"@id\":\"https:\/\/liiveri.net\/#\/schema\/logo\/image\/\",\"url\":\"https:\/\/liiveri.net\/wp-content\/uploads\/2023\/02\/placeholder.png\",\"contentUrl\":\"https:\/\/liiveri.net\/wp-content\/uploads\/2023\/02\/placeholder.png\",\"width\":1920,\"height\":1080,\"caption\":\"Kehitt\u00e4misyhdistys Liiveri ry\"},\"image\":{\"@id\":\"https:\/\/liiveri.net\/#\/schema\/logo\/image\/\"},\"sameAs\":[\"https:\/\/www.facebook.com\/LeaderLiiveri\",\"https:\/\/x.com\/LeaderLiiveri\",\"https:\/\/www.instagram.com\/leaderliiveri\/\"]},{\"@type\":\"Person\",\"@id\":\"https:\/\/liiveri.net\/#\/schema\/person\/4d2151d167ce291fb59ae4929e4f150a\",\"name\":\"Admin\",\"image\":{\"@type\":\"ImageObject\",\"inLanguage\":\"en-GB\",\"@id\":\"https:\/\/liiveri.net\/#\/schema\/person\/image\/\",\"url\":\"https:\/\/liiveri.net\/wp-content\/litespeed\/avatar\/1\/a408f0f48bbe882d38689644bc375f8c.jpg?ver=1777459663\",\"contentUrl\":\"https:\/\/liiveri.net\/wp-content\/litespeed\/avatar\/1\/a408f0f48bbe882d38689644bc375f8c.jpg?ver=1777459663\",\"caption\":\"Admin\"},\"sameAs\":[\"https:\/\/liiveri.net\"],\"url\":\"https:\/\/liiveri.net\/en\/uutiset\/author\/admin\/\"}]}<\/script>\n<!-- \/ Yoast SEO plugin. -->","yoast_head_json":{"title":"Liiverin hallitus uudistui - Liiveri","robots":{"index":"index","follow":"follow","max-snippet":"max-snippet:-1","max-image-preview":"max-image-preview:large","max-video-preview":"max-video-preview:-1"},"canonical":"https:\/\/liiveri.net\/en\/uutiset\/liiverin-hallitus-uudistui\/","og_locale":"en_GB","og_type":"article","og_title":"Liiverin hallitus uudistui - Liiveri","og_description":"Yritt&auml;j&auml; Keijo Viertoma Ilmajoelta valitiin jatkamaan Sein&auml;joen Seudun Kehitt&auml;misyhdistys Liiveri ry:n hallituksen puheenjohtajana. Vuosikokous valitsi uusia j&auml;seni&auml; hallitukseen tiistaina 22.3. Hallituksen varsinaiseksi j&auml;seneksi valittii Juha Koivisto Sein&auml;joelta. Uusiksi varaj&auml;seniksi hallitukseen valittiin ylistarolainen Hanna-Leena Viirim&auml;ki ja jalasj&auml;rvinen, Kurikan ymp&auml;rist&ouml;sihteeri Jutta Lillberg-Puskala. Hallituksesta pois j&auml;iv&auml;t Tarja Oksaharju Sein&auml;joelta, Hannu Rajam&auml;ki Sein&auml;joen Ylistarosta ja Helena Lampinen Kurikan Jalasj&auml;rvelt&auml;. [&hellip;]","og_url":"https:\/\/liiveri.net\/en\/uutiset\/liiverin-hallitus-uudistui\/","og_site_name":"Liiveri","article_publisher":"https:\/\/www.facebook.com\/LeaderLiiveri","article_published_time":"2016-03-23T06:45:00+00:00","article_modified_time":"2023-03-24T08:06:47+00:00","og_image":[{"width":1920,"height":1080,"url":"https:\/\/liiveri.net\/wp-content\/uploads\/2023\/02\/placeholder.png","type":"image\/png"}],"author":"Admin","twitter_card":"summary_large_image","twitter_creator":"@LeaderLiiveri","twitter_site":"@LeaderLiiveri","twitter_misc":{"Written by":"Admin","Estimated reading time":"1 minute"},"schema":{"@context":"https:\/\/schema.org","@graph":[{"@type":"Article","@id":"https:\/\/liiveri.net\/uutiset\/liiverin-hallitus-uudistui\/#article","isPartOf":{"@id":"https:\/\/liiveri.net\/uutiset\/liiverin-hallitus-uudistui\/"},"author":{"name":"Admin","@id":"https:\/\/liiveri.net\/#\/schema\/person\/4d2151d167ce291fb59ae4929e4f150a"},"headline":"Liiverin hallitus uudistui","datePublished":"2016-03-23T06:45:00+00:00","dateModified":"2023-03-24T08:06:47+00:00","mainEntityOfPage":{"@id":"https:\/\/liiveri.net\/uutiset\/liiverin-hallitus-uudistui\/"},"wordCount":176,"commentCount":0,"publisher":{"@id":"https:\/\/liiveri.net\/#organization"},"image":{"@id":"https:\/\/liiveri.net\/uutiset\/liiverin-hallitus-uudistui\/#primaryimage"},"thumbnailUrl":"https:\/\/liiveri.net\/wp-content\/uploads\/2023\/02\/placeholder.png","articleSection":["Uutiset"],"inLanguage":"en-GB","potentialAction":[{"@type":"CommentAction","name":"Comment","target":["https:\/\/liiveri.net\/uutiset\/liiverin-hallitus-uudistui\/#respond"]}]},{"@type":"WebPage","@id":"https:\/\/liiveri.net\/uutiset\/liiverin-hallitus-uudistui\/","url":"https:\/\/liiveri.net\/uutiset\/liiverin-hallitus-uudistui\/","name":"Liiverin hallitus uudistui - Liiveri","isPartOf":{"@id":"https:\/\/liiveri.net\/#website"},"primaryImageOfPage":{"@id":"https:\/\/liiveri.net\/uutiset\/liiverin-hallitus-uudistui\/#primaryimage"},"image":{"@id":"https:\/\/liiveri.net\/uutiset\/liiverin-hallitus-uudistui\/#primaryimage"},"thumbnailUrl":"https:\/\/liiveri.net\/wp-content\/uploads\/2023\/02\/placeholder.png","datePublished":"2016-03-23T06:45:00+00:00","dateModified":"2023-03-24T08:06:47+00:00","breadcrumb":{"@id":"https:\/\/liiveri.net\/uutiset\/liiverin-hallitus-uudistui\/#breadcrumb"},"inLanguage":"en-GB","potentialAction":[{"@type":"ReadAction","target":["https:\/\/liiveri.net\/uutiset\/liiverin-hallitus-uudistui\/"]}]},{"@type":"ImageObject","inLanguage":"en-GB","@id":"https:\/\/liiveri.net\/uutiset\/liiverin-hallitus-uudistui\/#primaryimage","url":"https:\/\/liiveri.net\/wp-content\/uploads\/2023\/02\/placeholder.png","contentUrl":"https:\/\/liiveri.net\/wp-content\/uploads\/2023\/02\/placeholder.png","width":1920,"height":1080,"caption":"Leader Liiveri -logo."},{"@type":"BreadcrumbList","@id":"https:\/\/liiveri.net\/uutiset\/liiverin-hallitus-uudistui\/#breadcrumb","itemListElement":[{"@type":"ListItem","position":1,"name":"Etusivu","item":"https:\/\/liiveri.net\/"},{"@type":"ListItem","position":2,"name":"Liiverin hallitus uudistui"}]},{"@type":"WebSite","@id":"https:\/\/liiveri.net\/#website","url":"https:\/\/liiveri.net\/","name":"Liiveri - Kehitt\u00e4misyhdistys","description":"REILU RAHOITTAJA PALVELUKSESSASI","publisher":{"@id":"https:\/\/liiveri.net\/#organization"},"potentialAction":[{"@type":"SearchAction","target":{"@type":"EntryPoint","urlTemplate":"https:\/\/liiveri.net\/?s={search_term_string}"},"query-input":"required name=search_term_string"}],"inLanguage":"en-GB"},{"@type":"Organization","@id":"https:\/\/liiveri.net\/#organization","name":"Kehitt\u00e4misyhdistys Liiveri ry","url":"https:\/\/liiveri.net\/","logo":{"@type":"ImageObject","inLanguage":"en-GB","@id":"https:\/\/liiveri.net\/#\/schema\/logo\/image\/","url":"https:\/\/liiveri.net\/wp-content\/uploads\/2023\/02\/placeholder.png","contentUrl":"https:\/\/liiveri.net\/wp-content\/uploads\/2023\/02\/placeholder.png","width":1920,"height":1080,"caption":"Kehitt\u00e4misyhdistys Liiveri ry"},"image":{"@id":"https:\/\/liiveri.net\/#\/schema\/logo\/image\/"},"sameAs":["https:\/\/www.facebook.com\/LeaderLiiveri","https:\/\/x.com\/LeaderLiiveri","https:\/\/www.instagram.com\/leaderliiveri\/"]},{"@type":"Person","@id":"https:\/\/liiveri.net\/#\/schema\/person\/4d2151d167ce291fb59ae4929e4f150a","name":"Admin","image":{"@type":"ImageObject","inLanguage":"en-GB","@id":"https:\/\/liiveri.net\/#\/schema\/person\/image\/","url":"https:\/\/liiveri.net\/wp-content\/litespeed\/avatar\/1\/a408f0f48bbe882d38689644bc375f8c.jpg?ver=1777459663","contentUrl":"https:\/\/liiveri.net\/wp-content\/litespeed\/avatar\/1\/a408f0f48bbe882d38689644bc375f8c.jpg?ver=1777459663","caption":"Admin"},"sameAs":["https:\/\/liiveri.net"],"url":"https:\/\/liiveri.net\/en\/uutiset\/author\/admin\/"}]}},"acf":[],"_links":{"self":[{"href":"https:\/\/liiveri.net\/en\/wp-json\/wp\/v2\/posts\/3120","targetHints":{"allow":["GET"]}}],"collection":[{"href":"https:\/\/liiveri.net\/en\/wp-json\/wp\/v2\/posts"}],"about":[{"href":"https:\/\/liiveri.net\/en\/wp-json\/wp\/v2\/types\/post"}],"author":[{"embeddable":true,"href":"https:\/\/liiveri.net\/en\/wp-json\/wp\/v2\/users\/1"}],"replies":[{"embeddable":true,"href":"https:\/\/liiveri.net\/en\/wp-json\/wp\/v2\/comments?post=3120"}],"version-history":[{"count":0,"href":"https:\/\/liiveri.net\/en\/wp-json\/wp\/v2\/posts\/3120\/revisions"}],"wp:featuredmedia":[{"embeddable":true,"href":"https:\/\/liiveri.net\/en\/wp-json\/wp\/v2\/media\/948"}],"wp:attachment":[{"href":"https:\/\/liiveri.net\/en\/wp-json\/wp\/v2\/media?parent=3120"}],"wp:term":[{"taxonomy":"category","embeddable":true,"href":"https:\/\/liiveri.net\/en\/wp-json\/wp\/v2\/categories?post=3120"},{"taxonomy":"post_tag","embeddable":true,"href":"https:\/\/liiveri.net\/en\/wp-json\/wp\/v2\/tags?post=3120"}],"curies":[{"name":"wp","href":"https:\/\/api.w.org\/{rel}","templated":true}]}}