{"id":3159,"date":"2017-02-20T08:24:00","date_gmt":"2017-02-20T06:24:00","guid":{"rendered":"https:\/\/liiveri.net\/blog\/2017\/02\/20\/etsintakuullutus-yhteiskunnallisesta-yrittajyydesta-kiinnostuneista-kylista\/"},"modified":"2023-03-24T10:06:53","modified_gmt":"2023-03-24T08:06:53","slug":"etsintakuullutus-yhteiskunnallisesta-yrittajyydesta-kiinnostuneista-kylista","status":"publish","type":"post","link":"https:\/\/liiveri.net\/en\/uutiset\/etsintakuullutus-yhteiskunnallisesta-yrittajyydesta-kiinnostuneista-kylista\/","title":{"rendered":"Call for applications from villages interested in social entrepreneurship"},"content":{"rendered":"<p>The Ruralia Institute is looking for people active in the South Ostrobothnia region and who are interested in providing services.<br \/>interested village actors and associations as case villages for the social entrepreneurship development project.<\/p>\n<p>If you are interested in developing and possibly producing some of the services needed in the village in your area and directing more than half of the potential profit to the development of the activity or the village, please contact us by email at katja.rinne-koski@helsinki.fi or by phone at 050 415 1159. Registration is requested by 28.2.2017.<\/p>\n<p><a name=\"pytinki\"><\/a><a href=\"#pytinki\">&nbsp; <\/a><\/p>","protected":false},"excerpt":{"rendered":"<p>The Ruralia Institute is looking for active village actors and associations from the South Ostrobothnia region who are interested in providing services as case villages for the social entrepreneurship development project. If you are interested in developing and possibly producing some services needed in the village in your area and directing more than half of the possible profit to the development of the activity or the village, please contact us by email at katja.rinne-koski@helsinki.fi or by phone at 050 415 1159. Registration is requested by 28.2.2017. &nbsp;<\/p>","protected":false},"author":1,"featured_media":948,"comment_status":"open","ping_status":"open","sticky":false,"template":"","format":"standard","meta":{"_acf_changed":false,"footnotes":""},"categories":[30],"tags":[],"class_list":["post-3159","post","type-post","status-publish","format-standard","has-post-thumbnail","hentry","category-uutiset"],"yoast_head":"<!-- This site is optimized with the Yoast SEO plugin v23.3 - https:\/\/yoast.com\/wordpress\/plugins\/seo\/ -->\n<title>Etsint\u00e4kuullutus yhteiskunnallisesta yritt\u00e4jyydest\u00e4 kiinnostuneista kylist\u00e4 - Liiveri<\/title>\n<meta name=\"robots\" content=\"index, follow, max-snippet:-1, max-image-preview:large, max-video-preview:-1\" \/>\n<link rel=\"canonical\" href=\"https:\/\/liiveri.net\/en\/uutiset\/etsintakuullutus-yhteiskunnallisesta-yrittajyydesta-kiinnostuneista-kylista\/\" \/>\n<meta property=\"og:locale\" content=\"en_GB\" \/>\n<meta property=\"og:type\" content=\"article\" \/>\n<meta property=\"og:title\" content=\"Etsint\u00e4kuullutus yhteiskunnallisesta yritt\u00e4jyydest\u00e4 kiinnostuneista kylist\u00e4 - Liiveri\" \/>\n<meta property=\"og:description\" content=\"Ruralia-instituutti etsii Etel&auml;-Pohjanmaan alueelta aktiivisia ja palveluiden tuottamisestakiinnostuneita kyl&auml;toimijoita ja yhdistyksi&auml; case-kyliksi yhteiskunnallisen yritt&auml;jyyden kehitt&auml;misen hankkeeseen. Mik&auml;li olette kiinnostuneita kehitt&auml;m&auml;&auml;n ja mahdollisesti tuottamaan joitakin kyl&auml;ss&auml; tarvittavia palveluja alueellanne ja ohjaamaan yli puolet mahdollisesta voitosta toiminnan tai kyl&auml;n kehitt&auml;miseksi, ottakaa yhteytt&auml; s&auml;hk&ouml;postitse osoitteeseen katja.rinne-koski@helsinki.fi tai puhelimitse 050 415 1159. Ilmoittautumisia pyydet&auml;&auml;n 28.2.2017 menness&auml;. &nbsp;\" \/>\n<meta property=\"og:url\" content=\"https:\/\/liiveri.net\/en\/uutiset\/etsintakuullutus-yhteiskunnallisesta-yrittajyydesta-kiinnostuneista-kylista\/\" \/>\n<meta property=\"og:site_name\" content=\"Liiveri\" \/>\n<meta property=\"article:publisher\" content=\"https:\/\/www.facebook.com\/LeaderLiiveri\" \/>\n<meta property=\"article:published_time\" content=\"2017-02-20T06:24:00+00:00\" \/>\n<meta property=\"article:modified_time\" content=\"2023-03-24T08:06:53+00:00\" \/>\n<meta property=\"og:image\" content=\"https:\/\/liiveri.net\/wp-content\/uploads\/2023\/02\/placeholder.png\" \/>\n\t<meta property=\"og:image:width\" content=\"1920\" \/>\n\t<meta property=\"og:image:height\" content=\"1080\" \/>\n\t<meta property=\"og:image:type\" content=\"image\/png\" \/>\n<meta name=\"author\" content=\"Admin\" \/>\n<meta name=\"twitter:card\" content=\"summary_large_image\" \/>\n<meta name=\"twitter:creator\" content=\"@LeaderLiiveri\" \/>\n<meta name=\"twitter:site\" content=\"@LeaderLiiveri\" \/>\n<meta name=\"twitter:label1\" content=\"Written by\" \/>\n\t<meta name=\"twitter:data1\" content=\"Admin\" \/>\n<script type=\"application\/ld+json\" class=\"yoast-schema-graph\">{\"@context\":\"https:\/\/schema.org\",\"@graph\":[{\"@type\":\"Article\",\"@id\":\"https:\/\/liiveri.net\/uutiset\/etsintakuullutus-yhteiskunnallisesta-yrittajyydesta-kiinnostuneista-kylista\/#article\",\"isPartOf\":{\"@id\":\"https:\/\/liiveri.net\/uutiset\/etsintakuullutus-yhteiskunnallisesta-yrittajyydesta-kiinnostuneista-kylista\/\"},\"author\":{\"name\":\"Admin\",\"@id\":\"https:\/\/liiveri.net\/#\/schema\/person\/4d2151d167ce291fb59ae4929e4f150a\"},\"headline\":\"Etsint\u00e4kuullutus yhteiskunnallisesta yritt\u00e4jyydest\u00e4 kiinnostuneista kylist\u00e4\",\"datePublished\":\"2017-02-20T06:24:00+00:00\",\"dateModified\":\"2023-03-24T08:06:53+00:00\",\"mainEntityOfPage\":{\"@id\":\"https:\/\/liiveri.net\/uutiset\/etsintakuullutus-yhteiskunnallisesta-yrittajyydesta-kiinnostuneista-kylista\/\"},\"wordCount\":91,\"commentCount\":0,\"publisher\":{\"@id\":\"https:\/\/liiveri.net\/#organization\"},\"image\":{\"@id\":\"https:\/\/liiveri.net\/uutiset\/etsintakuullutus-yhteiskunnallisesta-yrittajyydesta-kiinnostuneista-kylista\/#primaryimage\"},\"thumbnailUrl\":\"https:\/\/liiveri.net\/wp-content\/uploads\/2023\/02\/placeholder.png\",\"articleSection\":[\"Uutiset\"],\"inLanguage\":\"en-GB\",\"potentialAction\":[{\"@type\":\"CommentAction\",\"name\":\"Comment\",\"target\":[\"https:\/\/liiveri.net\/uutiset\/etsintakuullutus-yhteiskunnallisesta-yrittajyydesta-kiinnostuneista-kylista\/#respond\"]}]},{\"@type\":\"WebPage\",\"@id\":\"https:\/\/liiveri.net\/uutiset\/etsintakuullutus-yhteiskunnallisesta-yrittajyydesta-kiinnostuneista-kylista\/\",\"url\":\"https:\/\/liiveri.net\/uutiset\/etsintakuullutus-yhteiskunnallisesta-yrittajyydesta-kiinnostuneista-kylista\/\",\"name\":\"Etsint\u00e4kuullutus yhteiskunnallisesta yritt\u00e4jyydest\u00e4 kiinnostuneista kylist\u00e4 - Liiveri\",\"isPartOf\":{\"@id\":\"https:\/\/liiveri.net\/#website\"},\"primaryImageOfPage\":{\"@id\":\"https:\/\/liiveri.net\/uutiset\/etsintakuullutus-yhteiskunnallisesta-yrittajyydesta-kiinnostuneista-kylista\/#primaryimage\"},\"image\":{\"@id\":\"https:\/\/liiveri.net\/uutiset\/etsintakuullutus-yhteiskunnallisesta-yrittajyydesta-kiinnostuneista-kylista\/#primaryimage\"},\"thumbnailUrl\":\"https:\/\/liiveri.net\/wp-content\/uploads\/2023\/02\/placeholder.png\",\"datePublished\":\"2017-02-20T06:24:00+00:00\",\"dateModified\":\"2023-03-24T08:06:53+00:00\",\"breadcrumb\":{\"@id\":\"https:\/\/liiveri.net\/uutiset\/etsintakuullutus-yhteiskunnallisesta-yrittajyydesta-kiinnostuneista-kylista\/#breadcrumb\"},\"inLanguage\":\"en-GB\",\"potentialAction\":[{\"@type\":\"ReadAction\",\"target\":[\"https:\/\/liiveri.net\/uutiset\/etsintakuullutus-yhteiskunnallisesta-yrittajyydesta-kiinnostuneista-kylista\/\"]}]},{\"@type\":\"ImageObject\",\"inLanguage\":\"en-GB\",\"@id\":\"https:\/\/liiveri.net\/uutiset\/etsintakuullutus-yhteiskunnallisesta-yrittajyydesta-kiinnostuneista-kylista\/#primaryimage\",\"url\":\"https:\/\/liiveri.net\/wp-content\/uploads\/2023\/02\/placeholder.png\",\"contentUrl\":\"https:\/\/liiveri.net\/wp-content\/uploads\/2023\/02\/placeholder.png\",\"width\":1920,\"height\":1080,\"caption\":\"Leader Liiveri -logo.\"},{\"@type\":\"BreadcrumbList\",\"@id\":\"https:\/\/liiveri.net\/uutiset\/etsintakuullutus-yhteiskunnallisesta-yrittajyydesta-kiinnostuneista-kylista\/#breadcrumb\",\"itemListElement\":[{\"@type\":\"ListItem\",\"position\":1,\"name\":\"Etusivu\",\"item\":\"https:\/\/liiveri.net\/\"},{\"@type\":\"ListItem\",\"position\":2,\"name\":\"Etsint\u00e4kuullutus yhteiskunnallisesta yritt\u00e4jyydest\u00e4 kiinnostuneista kylist\u00e4\"}]},{\"@type\":\"WebSite\",\"@id\":\"https:\/\/liiveri.net\/#website\",\"url\":\"https:\/\/liiveri.net\/\",\"name\":\"Liiveri - Kehitt\u00e4misyhdistys\",\"description\":\"REILU RAHOITTAJA PALVELUKSESSASI\",\"publisher\":{\"@id\":\"https:\/\/liiveri.net\/#organization\"},\"potentialAction\":[{\"@type\":\"SearchAction\",\"target\":{\"@type\":\"EntryPoint\",\"urlTemplate\":\"https:\/\/liiveri.net\/?s={search_term_string}\"},\"query-input\":\"required name=search_term_string\"}],\"inLanguage\":\"en-GB\"},{\"@type\":\"Organization\",\"@id\":\"https:\/\/liiveri.net\/#organization\",\"name\":\"Kehitt\u00e4misyhdistys Liiveri ry\",\"url\":\"https:\/\/liiveri.net\/\",\"logo\":{\"@type\":\"ImageObject\",\"inLanguage\":\"en-GB\",\"@id\":\"https:\/\/liiveri.net\/#\/schema\/logo\/image\/\",\"url\":\"https:\/\/liiveri.net\/wp-content\/uploads\/2023\/02\/placeholder.png\",\"contentUrl\":\"https:\/\/liiveri.net\/wp-content\/uploads\/2023\/02\/placeholder.png\",\"width\":1920,\"height\":1080,\"caption\":\"Kehitt\u00e4misyhdistys Liiveri ry\"},\"image\":{\"@id\":\"https:\/\/liiveri.net\/#\/schema\/logo\/image\/\"},\"sameAs\":[\"https:\/\/www.facebook.com\/LeaderLiiveri\",\"https:\/\/x.com\/LeaderLiiveri\",\"https:\/\/www.instagram.com\/leaderliiveri\/\"]},{\"@type\":\"Person\",\"@id\":\"https:\/\/liiveri.net\/#\/schema\/person\/4d2151d167ce291fb59ae4929e4f150a\",\"name\":\"Admin\",\"image\":{\"@type\":\"ImageObject\",\"inLanguage\":\"en-GB\",\"@id\":\"https:\/\/liiveri.net\/#\/schema\/person\/image\/\",\"url\":\"https:\/\/liiveri.net\/wp-content\/litespeed\/avatar\/1\/a408f0f48bbe882d38689644bc375f8c.jpg?ver=1777459663\",\"contentUrl\":\"https:\/\/liiveri.net\/wp-content\/litespeed\/avatar\/1\/a408f0f48bbe882d38689644bc375f8c.jpg?ver=1777459663\",\"caption\":\"Admin\"},\"sameAs\":[\"https:\/\/liiveri.net\"],\"url\":\"https:\/\/liiveri.net\/en\/uutiset\/author\/admin\/\"}]}<\/script>\n<!-- \/ Yoast SEO plugin. -->","yoast_head_json":{"title":"Etsint\u00e4kuullutus yhteiskunnallisesta yritt\u00e4jyydest\u00e4 kiinnostuneista kylist\u00e4 - Liiveri","robots":{"index":"index","follow":"follow","max-snippet":"max-snippet:-1","max-image-preview":"max-image-preview:large","max-video-preview":"max-video-preview:-1"},"canonical":"https:\/\/liiveri.net\/en\/uutiset\/etsintakuullutus-yhteiskunnallisesta-yrittajyydesta-kiinnostuneista-kylista\/","og_locale":"en_GB","og_type":"article","og_title":"Etsint\u00e4kuullutus yhteiskunnallisesta yritt\u00e4jyydest\u00e4 kiinnostuneista kylist\u00e4 - Liiveri","og_description":"Ruralia-instituutti etsii Etel&auml;-Pohjanmaan alueelta aktiivisia ja palveluiden tuottamisestakiinnostuneita kyl&auml;toimijoita ja yhdistyksi&auml; case-kyliksi yhteiskunnallisen yritt&auml;jyyden kehitt&auml;misen hankkeeseen. Mik&auml;li olette kiinnostuneita kehitt&auml;m&auml;&auml;n ja mahdollisesti tuottamaan joitakin kyl&auml;ss&auml; tarvittavia palveluja alueellanne ja ohjaamaan yli puolet mahdollisesta voitosta toiminnan tai kyl&auml;n kehitt&auml;miseksi, ottakaa yhteytt&auml; s&auml;hk&ouml;postitse osoitteeseen katja.rinne-koski@helsinki.fi tai puhelimitse 050 415 1159. Ilmoittautumisia pyydet&auml;&auml;n 28.2.2017 menness&auml;. &nbsp;","og_url":"https:\/\/liiveri.net\/en\/uutiset\/etsintakuullutus-yhteiskunnallisesta-yrittajyydesta-kiinnostuneista-kylista\/","og_site_name":"Liiveri","article_publisher":"https:\/\/www.facebook.com\/LeaderLiiveri","article_published_time":"2017-02-20T06:24:00+00:00","article_modified_time":"2023-03-24T08:06:53+00:00","og_image":[{"width":1920,"height":1080,"url":"https:\/\/liiveri.net\/wp-content\/uploads\/2023\/02\/placeholder.png","type":"image\/png"}],"author":"Admin","twitter_card":"summary_large_image","twitter_creator":"@LeaderLiiveri","twitter_site":"@LeaderLiiveri","twitter_misc":{"Written by":"Admin"},"schema":{"@context":"https:\/\/schema.org","@graph":[{"@type":"Article","@id":"https:\/\/liiveri.net\/uutiset\/etsintakuullutus-yhteiskunnallisesta-yrittajyydesta-kiinnostuneista-kylista\/#article","isPartOf":{"@id":"https:\/\/liiveri.net\/uutiset\/etsintakuullutus-yhteiskunnallisesta-yrittajyydesta-kiinnostuneista-kylista\/"},"author":{"name":"Admin","@id":"https:\/\/liiveri.net\/#\/schema\/person\/4d2151d167ce291fb59ae4929e4f150a"},"headline":"Etsint\u00e4kuullutus yhteiskunnallisesta yritt\u00e4jyydest\u00e4 kiinnostuneista kylist\u00e4","datePublished":"2017-02-20T06:24:00+00:00","dateModified":"2023-03-24T08:06:53+00:00","mainEntityOfPage":{"@id":"https:\/\/liiveri.net\/uutiset\/etsintakuullutus-yhteiskunnallisesta-yrittajyydesta-kiinnostuneista-kylista\/"},"wordCount":91,"commentCount":0,"publisher":{"@id":"https:\/\/liiveri.net\/#organization"},"image":{"@id":"https:\/\/liiveri.net\/uutiset\/etsintakuullutus-yhteiskunnallisesta-yrittajyydesta-kiinnostuneista-kylista\/#primaryimage"},"thumbnailUrl":"https:\/\/liiveri.net\/wp-content\/uploads\/2023\/02\/placeholder.png","articleSection":["Uutiset"],"inLanguage":"en-GB","potentialAction":[{"@type":"CommentAction","name":"Comment","target":["https:\/\/liiveri.net\/uutiset\/etsintakuullutus-yhteiskunnallisesta-yrittajyydesta-kiinnostuneista-kylista\/#respond"]}]},{"@type":"WebPage","@id":"https:\/\/liiveri.net\/uutiset\/etsintakuullutus-yhteiskunnallisesta-yrittajyydesta-kiinnostuneista-kylista\/","url":"https:\/\/liiveri.net\/uutiset\/etsintakuullutus-yhteiskunnallisesta-yrittajyydesta-kiinnostuneista-kylista\/","name":"Etsint\u00e4kuullutus yhteiskunnallisesta yritt\u00e4jyydest\u00e4 kiinnostuneista kylist\u00e4 - Liiveri","isPartOf":{"@id":"https:\/\/liiveri.net\/#website"},"primaryImageOfPage":{"@id":"https:\/\/liiveri.net\/uutiset\/etsintakuullutus-yhteiskunnallisesta-yrittajyydesta-kiinnostuneista-kylista\/#primaryimage"},"image":{"@id":"https:\/\/liiveri.net\/uutiset\/etsintakuullutus-yhteiskunnallisesta-yrittajyydesta-kiinnostuneista-kylista\/#primaryimage"},"thumbnailUrl":"https:\/\/liiveri.net\/wp-content\/uploads\/2023\/02\/placeholder.png","datePublished":"2017-02-20T06:24:00+00:00","dateModified":"2023-03-24T08:06:53+00:00","breadcrumb":{"@id":"https:\/\/liiveri.net\/uutiset\/etsintakuullutus-yhteiskunnallisesta-yrittajyydesta-kiinnostuneista-kylista\/#breadcrumb"},"inLanguage":"en-GB","potentialAction":[{"@type":"ReadAction","target":["https:\/\/liiveri.net\/uutiset\/etsintakuullutus-yhteiskunnallisesta-yrittajyydesta-kiinnostuneista-kylista\/"]}]},{"@type":"ImageObject","inLanguage":"en-GB","@id":"https:\/\/liiveri.net\/uutiset\/etsintakuullutus-yhteiskunnallisesta-yrittajyydesta-kiinnostuneista-kylista\/#primaryimage","url":"https:\/\/liiveri.net\/wp-content\/uploads\/2023\/02\/placeholder.png","contentUrl":"https:\/\/liiveri.net\/wp-content\/uploads\/2023\/02\/placeholder.png","width":1920,"height":1080,"caption":"Leader Liiveri -logo."},{"@type":"BreadcrumbList","@id":"https:\/\/liiveri.net\/uutiset\/etsintakuullutus-yhteiskunnallisesta-yrittajyydesta-kiinnostuneista-kylista\/#breadcrumb","itemListElement":[{"@type":"ListItem","position":1,"name":"Etusivu","item":"https:\/\/liiveri.net\/"},{"@type":"ListItem","position":2,"name":"Etsint\u00e4kuullutus yhteiskunnallisesta yritt\u00e4jyydest\u00e4 kiinnostuneista kylist\u00e4"}]},{"@type":"WebSite","@id":"https:\/\/liiveri.net\/#website","url":"https:\/\/liiveri.net\/","name":"Liiveri - Kehitt\u00e4misyhdistys","description":"REILU RAHOITTAJA PALVELUKSESSASI","publisher":{"@id":"https:\/\/liiveri.net\/#organization"},"potentialAction":[{"@type":"SearchAction","target":{"@type":"EntryPoint","urlTemplate":"https:\/\/liiveri.net\/?s={search_term_string}"},"query-input":"required name=search_term_string"}],"inLanguage":"en-GB"},{"@type":"Organization","@id":"https:\/\/liiveri.net\/#organization","name":"Kehitt\u00e4misyhdistys Liiveri ry","url":"https:\/\/liiveri.net\/","logo":{"@type":"ImageObject","inLanguage":"en-GB","@id":"https:\/\/liiveri.net\/#\/schema\/logo\/image\/","url":"https:\/\/liiveri.net\/wp-content\/uploads\/2023\/02\/placeholder.png","contentUrl":"https:\/\/liiveri.net\/wp-content\/uploads\/2023\/02\/placeholder.png","width":1920,"height":1080,"caption":"Kehitt\u00e4misyhdistys Liiveri ry"},"image":{"@id":"https:\/\/liiveri.net\/#\/schema\/logo\/image\/"},"sameAs":["https:\/\/www.facebook.com\/LeaderLiiveri","https:\/\/x.com\/LeaderLiiveri","https:\/\/www.instagram.com\/leaderliiveri\/"]},{"@type":"Person","@id":"https:\/\/liiveri.net\/#\/schema\/person\/4d2151d167ce291fb59ae4929e4f150a","name":"Admin","image":{"@type":"ImageObject","inLanguage":"en-GB","@id":"https:\/\/liiveri.net\/#\/schema\/person\/image\/","url":"https:\/\/liiveri.net\/wp-content\/litespeed\/avatar\/1\/a408f0f48bbe882d38689644bc375f8c.jpg?ver=1777459663","contentUrl":"https:\/\/liiveri.net\/wp-content\/litespeed\/avatar\/1\/a408f0f48bbe882d38689644bc375f8c.jpg?ver=1777459663","caption":"Admin"},"sameAs":["https:\/\/liiveri.net"],"url":"https:\/\/liiveri.net\/en\/uutiset\/author\/admin\/"}]}},"acf":[],"_links":{"self":[{"href":"https:\/\/liiveri.net\/en\/wp-json\/wp\/v2\/posts\/3159","targetHints":{"allow":["GET"]}}],"collection":[{"href":"https:\/\/liiveri.net\/en\/wp-json\/wp\/v2\/posts"}],"about":[{"href":"https:\/\/liiveri.net\/en\/wp-json\/wp\/v2\/types\/post"}],"author":[{"embeddable":true,"href":"https:\/\/liiveri.net\/en\/wp-json\/wp\/v2\/users\/1"}],"replies":[{"embeddable":true,"href":"https:\/\/liiveri.net\/en\/wp-json\/wp\/v2\/comments?post=3159"}],"version-history":[{"count":0,"href":"https:\/\/liiveri.net\/en\/wp-json\/wp\/v2\/posts\/3159\/revisions"}],"wp:featuredmedia":[{"embeddable":true,"href":"https:\/\/liiveri.net\/en\/wp-json\/wp\/v2\/media\/948"}],"wp:attachment":[{"href":"https:\/\/liiveri.net\/en\/wp-json\/wp\/v2\/media?parent=3159"}],"wp:term":[{"taxonomy":"category","embeddable":true,"href":"https:\/\/liiveri.net\/en\/wp-json\/wp\/v2\/categories?post=3159"},{"taxonomy":"post_tag","embeddable":true,"href":"https:\/\/liiveri.net\/en\/wp-json\/wp\/v2\/tags?post=3159"}],"curies":[{"name":"wp","href":"https:\/\/api.w.org\/{rel}","templated":true}]}}