{"id":3164,"date":"2017-03-29T13:13:00","date_gmt":"2017-03-29T10:13:00","guid":{"rendered":"https:\/\/liiveri.net\/blog\/2017\/03\/29\/liiveri-hallitukseen-uusia-jasenia\/"},"modified":"2023-03-24T10:06:54","modified_gmt":"2023-03-24T08:06:54","slug":"liiveri-hallitukseen-uusia-jasenia","status":"publish","type":"post","link":"https:\/\/liiveri.net\/en\/uutiset\/liiveri-hallitukseen-uusia-jasenia\/","title":{"rendered":"New members to the Liiveri board"},"content":{"rendered":"<p>Liiver&#039;s annual general meeting elected entrepreneur Keijo Viertoman from Ilmajoki to continue as the chairman of the board of directors of Liiver. Merja V\u00e4lim\u00e4ki from Sein\u00e4joki, Anne Ojaj\u00e4rvi from Jalasj\u00e4rvi and Tarja Pienim\u00e4ki from Ilmajoki were elected as new full members of the board. Kirsi Huhtala and Mika Yli-Pet\u00e4ys from Jalasj\u00e4rvi, Petra Hakoniemi and Timo Tuuri from Ilmajoki and Hannu Ilom\u00e4ki from Per\u00e4sein\u00e4joki were elected as deputy members. Hannemari Niemi and Jukka Pajunen left the board after their term of office expired.<\/p>\n<p>Liiveri&#039;s government 2017:<\/p>\n<table border=\"1\" cellspacing=\"0\" cellpadding=\"0\">\n<tbody>\n<tr>\n<td colspan=\"2\" valign=\"top\" width=\"321\">\n<p><strong>Full members<\/strong><\/p>\n<\/td>\n<td colspan=\"2\" valign=\"top\" width=\"321\">\n<p><strong>Substitute members<\/strong><\/p>\n<\/td>\n<\/tr>\n<tr>\n<td valign=\"top\" width=\"160\">\n<p><strong>Name<\/strong><\/p>\n<\/td>\n<td valign=\"top\" width=\"160\">\n<p><strong>Municipality<\/strong><\/p>\n<\/td>\n<td valign=\"top\" width=\"160\">\n<p><strong>Name<\/strong><\/p>\n<\/td>\n<td valign=\"top\" width=\"160\">\n<p><strong>Municipality<\/strong><\/p>\n<\/td>\n<\/tr>\n<tr>\n<td width=\"160\">\n<p>Keijo Viertoma, president<\/p>\n<\/td>\n<td valign=\"top\" width=\"160\">\n<p>Ilmajoki<\/p>\n<\/td>\n<td valign=\"top\" width=\"160\">\n<p>Masa Paavola<\/p>\n<\/td>\n<td valign=\"top\" width=\"160\">\n<p>Ilmajoki<\/p>\n<\/td>\n<\/tr>\n<tr>\n<td width=\"160\">\n<p>Merja Valimaki<\/p>\n<\/td>\n<td valign=\"top\" width=\"160\">\n<p>Sein\u00e4joki \/ Nurmo<\/p>\n<\/td>\n<td valign=\"top\" width=\"160\">\n<p>Johanna Rintam\u00e4ki<\/p>\n<\/td>\n<td valign=\"top\" width=\"160\">\n<p>Seinajoki<\/p>\n<\/td>\n<\/tr>\n<tr>\n<td width=\"160\">\n<p>Anne Ojajarvi<\/p>\n<\/td>\n<td valign=\"top\" width=\"160\">\n<p>Kurikka \/ Jalasj\u00e4rvi<\/p>\n<\/td>\n<td valign=\"top\" width=\"160\">\n<p>Kirsi Huhtala<\/p>\n<\/td>\n<td valign=\"top\" width=\"160\">\n<p>Kurikka \/ Jalasj\u00e4rvi<\/p>\n<\/td>\n<\/tr>\n<tr>\n<td width=\"160\">\n<p>Tarja Pienim\u00e4ki<\/p>\n<\/td>\n<td valign=\"top\" width=\"160\">\n<p>Ilmajoki<\/p>\n<\/td>\n<td valign=\"top\" width=\"160\">\n<p>Petra Hakoniemi<\/p>\n<\/td>\n<td valign=\"top\" width=\"160\">\n<p>Ilmajoki<\/p>\n<\/td>\n<\/tr>\n<tr>\n<td width=\"160\">\n<p>Rami Mattila<\/p>\n<\/td>\n<td valign=\"top\" width=\"160\">\n<p>Ilmajoki<\/p>\n<\/td>\n<td valign=\"top\" width=\"160\">\n<p>Timo Tuuri<\/p>\n<\/td>\n<td valign=\"top\" width=\"160\">\n<p>Ilmajoki<\/p>\n<\/td>\n<\/tr>\n<tr>\n<td width=\"160\">\n<p>Sami M\u00e4ntym\u00e4ki<\/p>\n<\/td>\n<td valign=\"top\" width=\"160\">\n<p>Seinajoki<\/p>\n<\/td>\n<td valign=\"top\" width=\"160\">\n<p>Hannu Ilom\u00e4ki<\/p>\n<\/td>\n<td valign=\"top\" width=\"160\">\n<p>Sein\u00e4joki \/ Per\u00e4sein\u00e4joki<\/p>\n<\/td>\n<\/tr>\n<tr>\n<td width=\"160\">\n<p>Mervi M\u00e4enp\u00e4\u00e4<\/p>\n<\/td>\n<td valign=\"top\" width=\"160\">\n<p>Sein\u00e4joki \/ Ylistaro<\/p>\n<\/td>\n<td valign=\"top\" width=\"160\">\n<p>Jaakko Ristim\u00e4ki<\/p>\n<\/td>\n<td valign=\"top\" width=\"160\">\n<p>Sein\u00e4joki \/ Nurmo<\/p>\n<\/td>\n<\/tr>\n<tr>\n<td width=\"160\">\n<p>Reijo H\u00e4m\u00e4l\u00e4inen<\/p>\n<\/td>\n<td valign=\"top\" width=\"160\">\n<p>Kurikka \/ Jalasj\u00e4rvi<\/p>\n<\/td>\n<td valign=\"top\" width=\"160\">\n<p>Mika Yli-Pet\u00e4ys<\/p>\n<\/td>\n<td valign=\"top\" width=\"160\">\n<p>Kurikka \/ Jalasj\u00e4rvi<\/p>\n<\/td>\n<\/tr>\n<tr>\n<td width=\"160\">\n<p>Juha Koivisto<\/p>\n<\/td>\n<td valign=\"top\" width=\"160\">\n<p>Seinajoki<\/p>\n<\/td>\n<td valign=\"top\" width=\"160\">\n<p>Leena Vedenjoku<\/p>\n<\/td>\n<td valign=\"top\" width=\"160\">\n<p>Sein\u00e4joki \/ Nurmo<\/p>\n<\/td>\n<\/tr>\n<tr>\n<td width=\"160\">\n<p>Timo Myllari<\/p>\n<\/td>\n<td valign=\"top\" width=\"160\">\n<p>Sein\u00e4joki \/ Per\u00e4sein\u00e4joki<\/p>\n<\/td>\n<td valign=\"top\" width=\"160\">\n<p>Hanna-Leena Viirim\u00e4ki<\/p>\n<\/td>\n<td valign=\"top\" width=\"160\">\n<p>Sein\u00e4joki \/ Ylistaro<\/p>\n<\/td>\n<\/tr>\n<tr>\n<td width=\"160\">\n<p>Osku Ketola<\/p>\n<\/td>\n<td valign=\"top\" width=\"160\">\n<p>Ilmajoki<\/p>\n<\/td>\n<td valign=\"top\" width=\"160\">\n<p>Timo Urpala<\/p>\n<\/td>\n<td valign=\"top\" width=\"160\">\n<p>Ilmajoki<\/p>\n<\/td>\n<\/tr>\n<tr>\n<td width=\"160\">\n<p>Carita Samppala<\/p>\n<\/td>\n<td valign=\"top\" width=\"160\">\n<p>Jalasj\u00e4rvi<\/p>\n<\/td>\n<td valign=\"top\" width=\"160\">\n<p>Arja Ketoja<\/p>\n<\/td>\n<td valign=\"top\" width=\"160\">\n<p>Kurikka \/ Jalasj\u00e4rvi<\/p>\n<\/td>\n<\/tr>\n<\/tbody>\n<\/table>","protected":false},"excerpt":{"rendered":"<p>Liiver&#039;s annual general meeting elected entrepreneur Keijo Viertoman from Ilmajoki to continue as the chairman of the board of directors of Liiver. Merja V\u00e4lim\u00e4ki from Sein\u00e4joki, Anne Ojaj\u00e4rvi from Jalasj\u00e4rvi and Tarja Pienim\u00e4ki from Ilmajoki were elected as new full members of the board. Kirsi Huhtala and Mika Yli-Pet\u00e4ys from Jalasj\u00e4rvi, Petra Hakoniemi and Timo Tuuri from Ilmajoki and Hannu Ilom\u00e4ki from Per\u00e4sein\u00e4joki were elected as deputy members. Hannemari Niemi and Jukka Pajunen left the board after their board years had expired. Liiver [\u2026]<\/p>","protected":false},"author":1,"featured_media":948,"comment_status":"open","ping_status":"open","sticky":false,"template":"","format":"standard","meta":{"_acf_changed":false,"footnotes":""},"categories":[30],"tags":[],"class_list":["post-3164","post","type-post","status-publish","format-standard","has-post-thumbnail","hentry","category-uutiset"],"yoast_head":"<!-- This site is optimized with the Yoast SEO plugin v23.3 - https:\/\/yoast.com\/wordpress\/plugins\/seo\/ -->\n<title>Liiveri hallitukseen uusia j\u00e4seni\u00e4 - Liiveri<\/title>\n<meta name=\"robots\" content=\"index, follow, max-snippet:-1, max-image-preview:large, max-video-preview:-1\" \/>\n<link rel=\"canonical\" href=\"https:\/\/liiveri.net\/en\/uutiset\/liiveri-hallitukseen-uusia-jasenia\/\" \/>\n<meta property=\"og:locale\" content=\"en_GB\" \/>\n<meta property=\"og:type\" content=\"article\" \/>\n<meta property=\"og:title\" content=\"Liiveri hallitukseen uusia j\u00e4seni\u00e4 - Liiveri\" \/>\n<meta property=\"og:description\" content=\"Liiverin vuosikokous valitsi yritt&auml;j&auml; Keijo Viertoman Ilmajoelta jatkamaan Liiverin hallituksen puheenjohtajana. Hallituksen uusiksi varsinaisiksi j&auml;seniksi valittiin Merja V&auml;lim&auml;ki Sein&auml;joelta, Anne Ojaj&auml;rvi Jalasj&auml;rvelt&auml; ja Tarja Pienim&auml;ki Ilmajoelta. Varaj&auml;seniksi valittiin Kirsi Huhtala ja Mika Yli-Pet&auml;ys Jalasj&auml;rvelt&auml;, Petra Hakoniemi ja Timo Tuuri Ilmajoelta ja Hannu Ilom&auml;ki Per&auml;sein&auml;joelta. Hallituksesta pois j&auml;iv&auml;t, hallitusvuosien t&auml;ytytty&auml;, Hannemari Niemi ja Jukka Pajunen. Liiverin [&hellip;]\" \/>\n<meta property=\"og:url\" content=\"https:\/\/liiveri.net\/en\/uutiset\/liiveri-hallitukseen-uusia-jasenia\/\" \/>\n<meta property=\"og:site_name\" content=\"Liiveri\" \/>\n<meta property=\"article:publisher\" content=\"https:\/\/www.facebook.com\/LeaderLiiveri\" \/>\n<meta property=\"article:published_time\" content=\"2017-03-29T10:13:00+00:00\" \/>\n<meta property=\"article:modified_time\" content=\"2023-03-24T08:06:54+00:00\" \/>\n<meta property=\"og:image\" content=\"https:\/\/liiveri.net\/wp-content\/uploads\/2023\/02\/placeholder.png\" \/>\n\t<meta property=\"og:image:width\" content=\"1920\" \/>\n\t<meta property=\"og:image:height\" content=\"1080\" \/>\n\t<meta property=\"og:image:type\" content=\"image\/png\" \/>\n<meta name=\"author\" content=\"Admin\" \/>\n<meta name=\"twitter:card\" content=\"summary_large_image\" \/>\n<meta name=\"twitter:creator\" content=\"@LeaderLiiveri\" \/>\n<meta name=\"twitter:site\" content=\"@LeaderLiiveri\" \/>\n<meta name=\"twitter:label1\" content=\"Written by\" \/>\n\t<meta name=\"twitter:data1\" content=\"Admin\" \/>\n\t<meta name=\"twitter:label2\" content=\"Estimated reading time\" \/>\n\t<meta name=\"twitter:data2\" content=\"1 minute\" \/>\n<script type=\"application\/ld+json\" class=\"yoast-schema-graph\">{\"@context\":\"https:\/\/schema.org\",\"@graph\":[{\"@type\":\"Article\",\"@id\":\"https:\/\/liiveri.net\/uutiset\/liiveri-hallitukseen-uusia-jasenia\/#article\",\"isPartOf\":{\"@id\":\"https:\/\/liiveri.net\/uutiset\/liiveri-hallitukseen-uusia-jasenia\/\"},\"author\":{\"name\":\"Admin\",\"@id\":\"https:\/\/liiveri.net\/#\/schema\/person\/4d2151d167ce291fb59ae4929e4f150a\"},\"headline\":\"Liiveri hallitukseen uusia j\u00e4seni\u00e4\",\"datePublished\":\"2017-03-29T10:13:00+00:00\",\"dateModified\":\"2023-03-24T08:06:54+00:00\",\"mainEntityOfPage\":{\"@id\":\"https:\/\/liiveri.net\/uutiset\/liiveri-hallitukseen-uusia-jasenia\/\"},\"wordCount\":269,\"commentCount\":0,\"publisher\":{\"@id\":\"https:\/\/liiveri.net\/#organization\"},\"image\":{\"@id\":\"https:\/\/liiveri.net\/uutiset\/liiveri-hallitukseen-uusia-jasenia\/#primaryimage\"},\"thumbnailUrl\":\"https:\/\/liiveri.net\/wp-content\/uploads\/2023\/02\/placeholder.png\",\"articleSection\":[\"Uutiset\"],\"inLanguage\":\"en-GB\",\"potentialAction\":[{\"@type\":\"CommentAction\",\"name\":\"Comment\",\"target\":[\"https:\/\/liiveri.net\/uutiset\/liiveri-hallitukseen-uusia-jasenia\/#respond\"]}]},{\"@type\":\"WebPage\",\"@id\":\"https:\/\/liiveri.net\/uutiset\/liiveri-hallitukseen-uusia-jasenia\/\",\"url\":\"https:\/\/liiveri.net\/uutiset\/liiveri-hallitukseen-uusia-jasenia\/\",\"name\":\"Liiveri hallitukseen uusia j\u00e4seni\u00e4 - Liiveri\",\"isPartOf\":{\"@id\":\"https:\/\/liiveri.net\/#website\"},\"primaryImageOfPage\":{\"@id\":\"https:\/\/liiveri.net\/uutiset\/liiveri-hallitukseen-uusia-jasenia\/#primaryimage\"},\"image\":{\"@id\":\"https:\/\/liiveri.net\/uutiset\/liiveri-hallitukseen-uusia-jasenia\/#primaryimage\"},\"thumbnailUrl\":\"https:\/\/liiveri.net\/wp-content\/uploads\/2023\/02\/placeholder.png\",\"datePublished\":\"2017-03-29T10:13:00+00:00\",\"dateModified\":\"2023-03-24T08:06:54+00:00\",\"breadcrumb\":{\"@id\":\"https:\/\/liiveri.net\/uutiset\/liiveri-hallitukseen-uusia-jasenia\/#breadcrumb\"},\"inLanguage\":\"en-GB\",\"potentialAction\":[{\"@type\":\"ReadAction\",\"target\":[\"https:\/\/liiveri.net\/uutiset\/liiveri-hallitukseen-uusia-jasenia\/\"]}]},{\"@type\":\"ImageObject\",\"inLanguage\":\"en-GB\",\"@id\":\"https:\/\/liiveri.net\/uutiset\/liiveri-hallitukseen-uusia-jasenia\/#primaryimage\",\"url\":\"https:\/\/liiveri.net\/wp-content\/uploads\/2023\/02\/placeholder.png\",\"contentUrl\":\"https:\/\/liiveri.net\/wp-content\/uploads\/2023\/02\/placeholder.png\",\"width\":1920,\"height\":1080,\"caption\":\"Leader Liiveri -logo.\"},{\"@type\":\"BreadcrumbList\",\"@id\":\"https:\/\/liiveri.net\/uutiset\/liiveri-hallitukseen-uusia-jasenia\/#breadcrumb\",\"itemListElement\":[{\"@type\":\"ListItem\",\"position\":1,\"name\":\"Etusivu\",\"item\":\"https:\/\/liiveri.net\/\"},{\"@type\":\"ListItem\",\"position\":2,\"name\":\"Liiveri hallitukseen uusia j\u00e4seni\u00e4\"}]},{\"@type\":\"WebSite\",\"@id\":\"https:\/\/liiveri.net\/#website\",\"url\":\"https:\/\/liiveri.net\/\",\"name\":\"Liiveri - Kehitt\u00e4misyhdistys\",\"description\":\"REILU RAHOITTAJA PALVELUKSESSASI\",\"publisher\":{\"@id\":\"https:\/\/liiveri.net\/#organization\"},\"potentialAction\":[{\"@type\":\"SearchAction\",\"target\":{\"@type\":\"EntryPoint\",\"urlTemplate\":\"https:\/\/liiveri.net\/?s={search_term_string}\"},\"query-input\":\"required name=search_term_string\"}],\"inLanguage\":\"en-GB\"},{\"@type\":\"Organization\",\"@id\":\"https:\/\/liiveri.net\/#organization\",\"name\":\"Kehitt\u00e4misyhdistys Liiveri ry\",\"url\":\"https:\/\/liiveri.net\/\",\"logo\":{\"@type\":\"ImageObject\",\"inLanguage\":\"en-GB\",\"@id\":\"https:\/\/liiveri.net\/#\/schema\/logo\/image\/\",\"url\":\"https:\/\/liiveri.net\/wp-content\/uploads\/2023\/02\/placeholder.png\",\"contentUrl\":\"https:\/\/liiveri.net\/wp-content\/uploads\/2023\/02\/placeholder.png\",\"width\":1920,\"height\":1080,\"caption\":\"Kehitt\u00e4misyhdistys Liiveri ry\"},\"image\":{\"@id\":\"https:\/\/liiveri.net\/#\/schema\/logo\/image\/\"},\"sameAs\":[\"https:\/\/www.facebook.com\/LeaderLiiveri\",\"https:\/\/x.com\/LeaderLiiveri\",\"https:\/\/www.instagram.com\/leaderliiveri\/\"]},{\"@type\":\"Person\",\"@id\":\"https:\/\/liiveri.net\/#\/schema\/person\/4d2151d167ce291fb59ae4929e4f150a\",\"name\":\"Admin\",\"image\":{\"@type\":\"ImageObject\",\"inLanguage\":\"en-GB\",\"@id\":\"https:\/\/liiveri.net\/#\/schema\/person\/image\/\",\"url\":\"https:\/\/liiveri.net\/wp-content\/litespeed\/avatar\/1\/a408f0f48bbe882d38689644bc375f8c.jpg?ver=1777459663\",\"contentUrl\":\"https:\/\/liiveri.net\/wp-content\/litespeed\/avatar\/1\/a408f0f48bbe882d38689644bc375f8c.jpg?ver=1777459663\",\"caption\":\"Admin\"},\"sameAs\":[\"https:\/\/liiveri.net\"],\"url\":\"https:\/\/liiveri.net\/en\/uutiset\/author\/admin\/\"}]}<\/script>\n<!-- \/ Yoast SEO plugin. -->","yoast_head_json":{"title":"Liiveri hallitukseen uusia j\u00e4seni\u00e4 - Liiveri","robots":{"index":"index","follow":"follow","max-snippet":"max-snippet:-1","max-image-preview":"max-image-preview:large","max-video-preview":"max-video-preview:-1"},"canonical":"https:\/\/liiveri.net\/en\/uutiset\/liiveri-hallitukseen-uusia-jasenia\/","og_locale":"en_GB","og_type":"article","og_title":"Liiveri hallitukseen uusia j\u00e4seni\u00e4 - Liiveri","og_description":"Liiverin vuosikokous valitsi yritt&auml;j&auml; Keijo Viertoman Ilmajoelta jatkamaan Liiverin hallituksen puheenjohtajana. Hallituksen uusiksi varsinaisiksi j&auml;seniksi valittiin Merja V&auml;lim&auml;ki Sein&auml;joelta, Anne Ojaj&auml;rvi Jalasj&auml;rvelt&auml; ja Tarja Pienim&auml;ki Ilmajoelta. Varaj&auml;seniksi valittiin Kirsi Huhtala ja Mika Yli-Pet&auml;ys Jalasj&auml;rvelt&auml;, Petra Hakoniemi ja Timo Tuuri Ilmajoelta ja Hannu Ilom&auml;ki Per&auml;sein&auml;joelta. Hallituksesta pois j&auml;iv&auml;t, hallitusvuosien t&auml;ytytty&auml;, Hannemari Niemi ja Jukka Pajunen. Liiverin [&hellip;]","og_url":"https:\/\/liiveri.net\/en\/uutiset\/liiveri-hallitukseen-uusia-jasenia\/","og_site_name":"Liiveri","article_publisher":"https:\/\/www.facebook.com\/LeaderLiiveri","article_published_time":"2017-03-29T10:13:00+00:00","article_modified_time":"2023-03-24T08:06:54+00:00","og_image":[{"width":1920,"height":1080,"url":"https:\/\/liiveri.net\/wp-content\/uploads\/2023\/02\/placeholder.png","type":"image\/png"}],"author":"Admin","twitter_card":"summary_large_image","twitter_creator":"@LeaderLiiveri","twitter_site":"@LeaderLiiveri","twitter_misc":{"Written by":"Admin","Estimated reading time":"1 minute"},"schema":{"@context":"https:\/\/schema.org","@graph":[{"@type":"Article","@id":"https:\/\/liiveri.net\/uutiset\/liiveri-hallitukseen-uusia-jasenia\/#article","isPartOf":{"@id":"https:\/\/liiveri.net\/uutiset\/liiveri-hallitukseen-uusia-jasenia\/"},"author":{"name":"Admin","@id":"https:\/\/liiveri.net\/#\/schema\/person\/4d2151d167ce291fb59ae4929e4f150a"},"headline":"Liiveri hallitukseen uusia j\u00e4seni\u00e4","datePublished":"2017-03-29T10:13:00+00:00","dateModified":"2023-03-24T08:06:54+00:00","mainEntityOfPage":{"@id":"https:\/\/liiveri.net\/uutiset\/liiveri-hallitukseen-uusia-jasenia\/"},"wordCount":269,"commentCount":0,"publisher":{"@id":"https:\/\/liiveri.net\/#organization"},"image":{"@id":"https:\/\/liiveri.net\/uutiset\/liiveri-hallitukseen-uusia-jasenia\/#primaryimage"},"thumbnailUrl":"https:\/\/liiveri.net\/wp-content\/uploads\/2023\/02\/placeholder.png","articleSection":["Uutiset"],"inLanguage":"en-GB","potentialAction":[{"@type":"CommentAction","name":"Comment","target":["https:\/\/liiveri.net\/uutiset\/liiveri-hallitukseen-uusia-jasenia\/#respond"]}]},{"@type":"WebPage","@id":"https:\/\/liiveri.net\/uutiset\/liiveri-hallitukseen-uusia-jasenia\/","url":"https:\/\/liiveri.net\/uutiset\/liiveri-hallitukseen-uusia-jasenia\/","name":"Liiveri hallitukseen uusia j\u00e4seni\u00e4 - Liiveri","isPartOf":{"@id":"https:\/\/liiveri.net\/#website"},"primaryImageOfPage":{"@id":"https:\/\/liiveri.net\/uutiset\/liiveri-hallitukseen-uusia-jasenia\/#primaryimage"},"image":{"@id":"https:\/\/liiveri.net\/uutiset\/liiveri-hallitukseen-uusia-jasenia\/#primaryimage"},"thumbnailUrl":"https:\/\/liiveri.net\/wp-content\/uploads\/2023\/02\/placeholder.png","datePublished":"2017-03-29T10:13:00+00:00","dateModified":"2023-03-24T08:06:54+00:00","breadcrumb":{"@id":"https:\/\/liiveri.net\/uutiset\/liiveri-hallitukseen-uusia-jasenia\/#breadcrumb"},"inLanguage":"en-GB","potentialAction":[{"@type":"ReadAction","target":["https:\/\/liiveri.net\/uutiset\/liiveri-hallitukseen-uusia-jasenia\/"]}]},{"@type":"ImageObject","inLanguage":"en-GB","@id":"https:\/\/liiveri.net\/uutiset\/liiveri-hallitukseen-uusia-jasenia\/#primaryimage","url":"https:\/\/liiveri.net\/wp-content\/uploads\/2023\/02\/placeholder.png","contentUrl":"https:\/\/liiveri.net\/wp-content\/uploads\/2023\/02\/placeholder.png","width":1920,"height":1080,"caption":"Leader Liiveri -logo."},{"@type":"BreadcrumbList","@id":"https:\/\/liiveri.net\/uutiset\/liiveri-hallitukseen-uusia-jasenia\/#breadcrumb","itemListElement":[{"@type":"ListItem","position":1,"name":"Etusivu","item":"https:\/\/liiveri.net\/"},{"@type":"ListItem","position":2,"name":"Liiveri hallitukseen uusia j\u00e4seni\u00e4"}]},{"@type":"WebSite","@id":"https:\/\/liiveri.net\/#website","url":"https:\/\/liiveri.net\/","name":"Liiveri - Kehitt\u00e4misyhdistys","description":"REILU RAHOITTAJA PALVELUKSESSASI","publisher":{"@id":"https:\/\/liiveri.net\/#organization"},"potentialAction":[{"@type":"SearchAction","target":{"@type":"EntryPoint","urlTemplate":"https:\/\/liiveri.net\/?s={search_term_string}"},"query-input":"required name=search_term_string"}],"inLanguage":"en-GB"},{"@type":"Organization","@id":"https:\/\/liiveri.net\/#organization","name":"Kehitt\u00e4misyhdistys Liiveri ry","url":"https:\/\/liiveri.net\/","logo":{"@type":"ImageObject","inLanguage":"en-GB","@id":"https:\/\/liiveri.net\/#\/schema\/logo\/image\/","url":"https:\/\/liiveri.net\/wp-content\/uploads\/2023\/02\/placeholder.png","contentUrl":"https:\/\/liiveri.net\/wp-content\/uploads\/2023\/02\/placeholder.png","width":1920,"height":1080,"caption":"Kehitt\u00e4misyhdistys Liiveri ry"},"image":{"@id":"https:\/\/liiveri.net\/#\/schema\/logo\/image\/"},"sameAs":["https:\/\/www.facebook.com\/LeaderLiiveri","https:\/\/x.com\/LeaderLiiveri","https:\/\/www.instagram.com\/leaderliiveri\/"]},{"@type":"Person","@id":"https:\/\/liiveri.net\/#\/schema\/person\/4d2151d167ce291fb59ae4929e4f150a","name":"Admin","image":{"@type":"ImageObject","inLanguage":"en-GB","@id":"https:\/\/liiveri.net\/#\/schema\/person\/image\/","url":"https:\/\/liiveri.net\/wp-content\/litespeed\/avatar\/1\/a408f0f48bbe882d38689644bc375f8c.jpg?ver=1777459663","contentUrl":"https:\/\/liiveri.net\/wp-content\/litespeed\/avatar\/1\/a408f0f48bbe882d38689644bc375f8c.jpg?ver=1777459663","caption":"Admin"},"sameAs":["https:\/\/liiveri.net"],"url":"https:\/\/liiveri.net\/en\/uutiset\/author\/admin\/"}]}},"acf":[],"_links":{"self":[{"href":"https:\/\/liiveri.net\/en\/wp-json\/wp\/v2\/posts\/3164","targetHints":{"allow":["GET"]}}],"collection":[{"href":"https:\/\/liiveri.net\/en\/wp-json\/wp\/v2\/posts"}],"about":[{"href":"https:\/\/liiveri.net\/en\/wp-json\/wp\/v2\/types\/post"}],"author":[{"embeddable":true,"href":"https:\/\/liiveri.net\/en\/wp-json\/wp\/v2\/users\/1"}],"replies":[{"embeddable":true,"href":"https:\/\/liiveri.net\/en\/wp-json\/wp\/v2\/comments?post=3164"}],"version-history":[{"count":0,"href":"https:\/\/liiveri.net\/en\/wp-json\/wp\/v2\/posts\/3164\/revisions"}],"wp:featuredmedia":[{"embeddable":true,"href":"https:\/\/liiveri.net\/en\/wp-json\/wp\/v2\/media\/948"}],"wp:attachment":[{"href":"https:\/\/liiveri.net\/en\/wp-json\/wp\/v2\/media?parent=3164"}],"wp:term":[{"taxonomy":"category","embeddable":true,"href":"https:\/\/liiveri.net\/en\/wp-json\/wp\/v2\/categories?post=3164"},{"taxonomy":"post_tag","embeddable":true,"href":"https:\/\/liiveri.net\/en\/wp-json\/wp\/v2\/tags?post=3164"}],"curies":[{"name":"wp","href":"https:\/\/api.w.org\/{rel}","templated":true}]}}