{"id":3189,"date":"2018-05-16T13:16:00","date_gmt":"2018-05-16T10:16:00","guid":{"rendered":"https:\/\/liiveri.net\/blog\/2018\/05\/16\/tarja-pienimaesta-liiverin-uusi-puheenjohtaja\/"},"modified":"2023-03-24T10:06:57","modified_gmt":"2023-03-24T08:06:57","slug":"tarja-pienimaesta-liiverin-uusi-puheenjohtaja","status":"publish","type":"post","link":"https:\/\/liiveri.net\/en\/uutiset\/tarja-pienimaesta-liiverin-uusi-puheenjohtaja\/","title":{"rendered":"Tarja Pienim\u00e4ki becomes the new chairwoman of Liiver"},"content":{"rendered":"<p>Leader Liiveri has elected Tarja Pienim\u00e4ki from Ilmajoki as the new chairperson at its annual meeting. Pienim\u00e4ki has extensive experience in business development. She currently works as a private consultant at Develop Train Oy.<\/p>\n<p>\u2013 The feelings are excited and expectant. Good work has been done in Liiver over the years, and hopefully it will only continue and improve, Pienim\u00e4ki says.<\/p>\n<p>In particular, he hopes that as many people as possible will become enthusiastic about local development and that many new business ideas that enrich the region, as well as projects by associations and citizens, will be brought to the fore.<\/p>\n<p>Pienim\u00e4ki steps in after six years of piloting Liiver<strong> Keijo Viertoman<\/strong> The outgoing chairman is pleased with the election.<\/p>\n<p>\u2013 The most important task of the chairman is to ensure that the board members feel they are in the right place to make decisions that are important for the region, Viertoma says.<\/p>\n<p>The meeting also awarded the Jalasj\u00e4rvi-based Mukula Association for its good development work. Mukula has long offered young people the opportunity to have their voices heard.<\/p>\n<p>\u2013 The association has always thought without prejudice and tried new ideas and ways of working. Mukula has also shown by his example that one can be boldly proud of one&#039;s home region, praises the executive director <strong>Sinikka Koivum\u00e4ki<\/strong>.<\/p>\n<p>The following were elected as new full members of the Board of Directors: <strong>Jarmo Kallio<\/strong> from Air River, <strong>Timo Tuuri<\/strong> from Air River, <strong>Arja Ketoja<\/strong> From Jalasj\u00e4rvi and <strong>Jaakko Ristim\u00e4ki<\/strong> from Sein\u00e4joki. The following were elected as new deputy members: <strong>P\u00e4ivi Alaniska<\/strong> From Sein\u00e4joki, <strong>Timo Tuomikoski<\/strong> From Ilmajoki and <strong>Janne Lehtinen<\/strong> From Jalasj\u00e4rvi.<\/p>","protected":false},"excerpt":{"rendered":"<p>Leader Liiveri has elected Tarja Pienim\u00e4ki from Ilmajoki as its new chairperson at its annual meeting. Pienim\u00e4ki has extensive experience in business development. She currently works as a private consultant at Develop Train Oy. \u201cThe feelings are excited and expectant. Liiveri has done good work over the years, and I hope it will only continue and improve,\u201d Pienim\u00e4ki says. He especially hopes that as many people as possible will get excited about local development [\u2026]<\/p>","protected":false},"author":1,"featured_media":948,"comment_status":"open","ping_status":"open","sticky":false,"template":"","format":"standard","meta":{"_acf_changed":false,"footnotes":""},"categories":[30],"tags":[],"class_list":["post-3189","post","type-post","status-publish","format-standard","has-post-thumbnail","hentry","category-uutiset"],"yoast_head":"<!-- This site is optimized with the Yoast SEO plugin v23.3 - https:\/\/yoast.com\/wordpress\/plugins\/seo\/ -->\n<title>Tarja Pienim\u00e4est\u00e4 Liiverin uusi puheenjohtaja - Liiveri<\/title>\n<meta name=\"robots\" content=\"index, follow, max-snippet:-1, max-image-preview:large, max-video-preview:-1\" \/>\n<link rel=\"canonical\" href=\"https:\/\/liiveri.net\/en\/uutiset\/tarja-pienimaesta-liiverin-uusi-puheenjohtaja\/\" \/>\n<meta property=\"og:locale\" content=\"en_GB\" \/>\n<meta property=\"og:type\" content=\"article\" \/>\n<meta property=\"og:title\" content=\"Tarja Pienim\u00e4est\u00e4 Liiverin uusi puheenjohtaja - Liiveri\" \/>\n<meta property=\"og:description\" content=\"Leader Liiveri on vuosikokouksessa valinnut uudeksi puheenjohtajaksi Tarja Pienim&auml;en Ilmajoelta. Pienim&auml;ell&auml; on pitk&auml; kokemus elinkeinoel&auml;m&auml;n kehitt&auml;misest&auml;. Nykyisin h&auml;n toimii yksityisen&auml; konsulttina Develop Train Oy:ss&auml;. &ndash; Innostuneet ja odottavat on fiilikset. Liiveriss&auml; on tehty hyv&auml;&auml; ty&ouml;t&auml; vuosien varrella, ja toivottavasti se vain pysyy ja paranoo, Pienim&auml;ki toteaa. Erityisesti h&auml;n toivoo, ett&auml; mahdollisimman moni innostuisi paikallisesta kehitt&auml;misest&auml; [&hellip;]\" \/>\n<meta property=\"og:url\" content=\"https:\/\/liiveri.net\/en\/uutiset\/tarja-pienimaesta-liiverin-uusi-puheenjohtaja\/\" \/>\n<meta property=\"og:site_name\" content=\"Liiveri\" \/>\n<meta property=\"article:publisher\" content=\"https:\/\/www.facebook.com\/LeaderLiiveri\" \/>\n<meta property=\"article:published_time\" content=\"2018-05-16T10:16:00+00:00\" \/>\n<meta property=\"article:modified_time\" content=\"2023-03-24T08:06:57+00:00\" \/>\n<meta property=\"og:image\" content=\"https:\/\/liiveri.net\/wp-content\/uploads\/2023\/02\/placeholder.png\" \/>\n\t<meta property=\"og:image:width\" content=\"1920\" \/>\n\t<meta property=\"og:image:height\" content=\"1080\" \/>\n\t<meta property=\"og:image:type\" content=\"image\/png\" \/>\n<meta name=\"author\" content=\"Admin\" \/>\n<meta name=\"twitter:card\" content=\"summary_large_image\" \/>\n<meta name=\"twitter:creator\" content=\"@LeaderLiiveri\" \/>\n<meta name=\"twitter:site\" content=\"@LeaderLiiveri\" \/>\n<meta name=\"twitter:label1\" content=\"Written by\" \/>\n\t<meta name=\"twitter:data1\" content=\"Admin\" \/>\n\t<meta name=\"twitter:label2\" content=\"Estimated reading time\" \/>\n\t<meta name=\"twitter:data2\" content=\"1 minute\" \/>\n<script type=\"application\/ld+json\" class=\"yoast-schema-graph\">{\"@context\":\"https:\/\/schema.org\",\"@graph\":[{\"@type\":\"Article\",\"@id\":\"https:\/\/liiveri.net\/uutiset\/tarja-pienimaesta-liiverin-uusi-puheenjohtaja\/#article\",\"isPartOf\":{\"@id\":\"https:\/\/liiveri.net\/uutiset\/tarja-pienimaesta-liiverin-uusi-puheenjohtaja\/\"},\"author\":{\"name\":\"Admin\",\"@id\":\"https:\/\/liiveri.net\/#\/schema\/person\/4d2151d167ce291fb59ae4929e4f150a\"},\"headline\":\"Tarja Pienim\u00e4est\u00e4 Liiverin uusi puheenjohtaja\",\"datePublished\":\"2018-05-16T10:16:00+00:00\",\"dateModified\":\"2023-03-24T08:06:57+00:00\",\"mainEntityOfPage\":{\"@id\":\"https:\/\/liiveri.net\/uutiset\/tarja-pienimaesta-liiverin-uusi-puheenjohtaja\/\"},\"wordCount\":298,\"commentCount\":0,\"publisher\":{\"@id\":\"https:\/\/liiveri.net\/#organization\"},\"image\":{\"@id\":\"https:\/\/liiveri.net\/uutiset\/tarja-pienimaesta-liiverin-uusi-puheenjohtaja\/#primaryimage\"},\"thumbnailUrl\":\"https:\/\/liiveri.net\/wp-content\/uploads\/2023\/02\/placeholder.png\",\"articleSection\":[\"Uutiset\"],\"inLanguage\":\"en-GB\",\"potentialAction\":[{\"@type\":\"CommentAction\",\"name\":\"Comment\",\"target\":[\"https:\/\/liiveri.net\/uutiset\/tarja-pienimaesta-liiverin-uusi-puheenjohtaja\/#respond\"]}]},{\"@type\":\"WebPage\",\"@id\":\"https:\/\/liiveri.net\/uutiset\/tarja-pienimaesta-liiverin-uusi-puheenjohtaja\/\",\"url\":\"https:\/\/liiveri.net\/uutiset\/tarja-pienimaesta-liiverin-uusi-puheenjohtaja\/\",\"name\":\"Tarja Pienim\u00e4est\u00e4 Liiverin uusi puheenjohtaja - Liiveri\",\"isPartOf\":{\"@id\":\"https:\/\/liiveri.net\/#website\"},\"primaryImageOfPage\":{\"@id\":\"https:\/\/liiveri.net\/uutiset\/tarja-pienimaesta-liiverin-uusi-puheenjohtaja\/#primaryimage\"},\"image\":{\"@id\":\"https:\/\/liiveri.net\/uutiset\/tarja-pienimaesta-liiverin-uusi-puheenjohtaja\/#primaryimage\"},\"thumbnailUrl\":\"https:\/\/liiveri.net\/wp-content\/uploads\/2023\/02\/placeholder.png\",\"datePublished\":\"2018-05-16T10:16:00+00:00\",\"dateModified\":\"2023-03-24T08:06:57+00:00\",\"breadcrumb\":{\"@id\":\"https:\/\/liiveri.net\/uutiset\/tarja-pienimaesta-liiverin-uusi-puheenjohtaja\/#breadcrumb\"},\"inLanguage\":\"en-GB\",\"potentialAction\":[{\"@type\":\"ReadAction\",\"target\":[\"https:\/\/liiveri.net\/uutiset\/tarja-pienimaesta-liiverin-uusi-puheenjohtaja\/\"]}]},{\"@type\":\"ImageObject\",\"inLanguage\":\"en-GB\",\"@id\":\"https:\/\/liiveri.net\/uutiset\/tarja-pienimaesta-liiverin-uusi-puheenjohtaja\/#primaryimage\",\"url\":\"https:\/\/liiveri.net\/wp-content\/uploads\/2023\/02\/placeholder.png\",\"contentUrl\":\"https:\/\/liiveri.net\/wp-content\/uploads\/2023\/02\/placeholder.png\",\"width\":1920,\"height\":1080,\"caption\":\"Leader Liiveri -logo.\"},{\"@type\":\"BreadcrumbList\",\"@id\":\"https:\/\/liiveri.net\/uutiset\/tarja-pienimaesta-liiverin-uusi-puheenjohtaja\/#breadcrumb\",\"itemListElement\":[{\"@type\":\"ListItem\",\"position\":1,\"name\":\"Etusivu\",\"item\":\"https:\/\/liiveri.net\/\"},{\"@type\":\"ListItem\",\"position\":2,\"name\":\"Tarja Pienim\u00e4est\u00e4 Liiverin uusi puheenjohtaja\"}]},{\"@type\":\"WebSite\",\"@id\":\"https:\/\/liiveri.net\/#website\",\"url\":\"https:\/\/liiveri.net\/\",\"name\":\"Liiveri - Kehitt\u00e4misyhdistys\",\"description\":\"REILU RAHOITTAJA PALVELUKSESSASI\",\"publisher\":{\"@id\":\"https:\/\/liiveri.net\/#organization\"},\"potentialAction\":[{\"@type\":\"SearchAction\",\"target\":{\"@type\":\"EntryPoint\",\"urlTemplate\":\"https:\/\/liiveri.net\/?s={search_term_string}\"},\"query-input\":\"required name=search_term_string\"}],\"inLanguage\":\"en-GB\"},{\"@type\":\"Organization\",\"@id\":\"https:\/\/liiveri.net\/#organization\",\"name\":\"Kehitt\u00e4misyhdistys Liiveri ry\",\"url\":\"https:\/\/liiveri.net\/\",\"logo\":{\"@type\":\"ImageObject\",\"inLanguage\":\"en-GB\",\"@id\":\"https:\/\/liiveri.net\/#\/schema\/logo\/image\/\",\"url\":\"https:\/\/liiveri.net\/wp-content\/uploads\/2023\/02\/placeholder.png\",\"contentUrl\":\"https:\/\/liiveri.net\/wp-content\/uploads\/2023\/02\/placeholder.png\",\"width\":1920,\"height\":1080,\"caption\":\"Kehitt\u00e4misyhdistys Liiveri ry\"},\"image\":{\"@id\":\"https:\/\/liiveri.net\/#\/schema\/logo\/image\/\"},\"sameAs\":[\"https:\/\/www.facebook.com\/LeaderLiiveri\",\"https:\/\/x.com\/LeaderLiiveri\",\"https:\/\/www.instagram.com\/leaderliiveri\/\"]},{\"@type\":\"Person\",\"@id\":\"https:\/\/liiveri.net\/#\/schema\/person\/4d2151d167ce291fb59ae4929e4f150a\",\"name\":\"Admin\",\"image\":{\"@type\":\"ImageObject\",\"inLanguage\":\"en-GB\",\"@id\":\"https:\/\/liiveri.net\/#\/schema\/person\/image\/\",\"url\":\"https:\/\/liiveri.net\/wp-content\/litespeed\/avatar\/1\/a408f0f48bbe882d38689644bc375f8c.jpg?ver=1777459663\",\"contentUrl\":\"https:\/\/liiveri.net\/wp-content\/litespeed\/avatar\/1\/a408f0f48bbe882d38689644bc375f8c.jpg?ver=1777459663\",\"caption\":\"Admin\"},\"sameAs\":[\"https:\/\/liiveri.net\"],\"url\":\"https:\/\/liiveri.net\/en\/uutiset\/author\/admin\/\"}]}<\/script>\n<!-- \/ Yoast SEO plugin. -->","yoast_head_json":{"title":"Tarja Pienim\u00e4est\u00e4 Liiverin uusi puheenjohtaja - Liiveri","robots":{"index":"index","follow":"follow","max-snippet":"max-snippet:-1","max-image-preview":"max-image-preview:large","max-video-preview":"max-video-preview:-1"},"canonical":"https:\/\/liiveri.net\/en\/uutiset\/tarja-pienimaesta-liiverin-uusi-puheenjohtaja\/","og_locale":"en_GB","og_type":"article","og_title":"Tarja Pienim\u00e4est\u00e4 Liiverin uusi puheenjohtaja - Liiveri","og_description":"Leader Liiveri on vuosikokouksessa valinnut uudeksi puheenjohtajaksi Tarja Pienim&auml;en Ilmajoelta. Pienim&auml;ell&auml; on pitk&auml; kokemus elinkeinoel&auml;m&auml;n kehitt&auml;misest&auml;. Nykyisin h&auml;n toimii yksityisen&auml; konsulttina Develop Train Oy:ss&auml;. &ndash; Innostuneet ja odottavat on fiilikset. Liiveriss&auml; on tehty hyv&auml;&auml; ty&ouml;t&auml; vuosien varrella, ja toivottavasti se vain pysyy ja paranoo, Pienim&auml;ki toteaa. Erityisesti h&auml;n toivoo, ett&auml; mahdollisimman moni innostuisi paikallisesta kehitt&auml;misest&auml; [&hellip;]","og_url":"https:\/\/liiveri.net\/en\/uutiset\/tarja-pienimaesta-liiverin-uusi-puheenjohtaja\/","og_site_name":"Liiveri","article_publisher":"https:\/\/www.facebook.com\/LeaderLiiveri","article_published_time":"2018-05-16T10:16:00+00:00","article_modified_time":"2023-03-24T08:06:57+00:00","og_image":[{"width":1920,"height":1080,"url":"https:\/\/liiveri.net\/wp-content\/uploads\/2023\/02\/placeholder.png","type":"image\/png"}],"author":"Admin","twitter_card":"summary_large_image","twitter_creator":"@LeaderLiiveri","twitter_site":"@LeaderLiiveri","twitter_misc":{"Written by":"Admin","Estimated reading time":"1 minute"},"schema":{"@context":"https:\/\/schema.org","@graph":[{"@type":"Article","@id":"https:\/\/liiveri.net\/uutiset\/tarja-pienimaesta-liiverin-uusi-puheenjohtaja\/#article","isPartOf":{"@id":"https:\/\/liiveri.net\/uutiset\/tarja-pienimaesta-liiverin-uusi-puheenjohtaja\/"},"author":{"name":"Admin","@id":"https:\/\/liiveri.net\/#\/schema\/person\/4d2151d167ce291fb59ae4929e4f150a"},"headline":"Tarja Pienim\u00e4est\u00e4 Liiverin uusi puheenjohtaja","datePublished":"2018-05-16T10:16:00+00:00","dateModified":"2023-03-24T08:06:57+00:00","mainEntityOfPage":{"@id":"https:\/\/liiveri.net\/uutiset\/tarja-pienimaesta-liiverin-uusi-puheenjohtaja\/"},"wordCount":298,"commentCount":0,"publisher":{"@id":"https:\/\/liiveri.net\/#organization"},"image":{"@id":"https:\/\/liiveri.net\/uutiset\/tarja-pienimaesta-liiverin-uusi-puheenjohtaja\/#primaryimage"},"thumbnailUrl":"https:\/\/liiveri.net\/wp-content\/uploads\/2023\/02\/placeholder.png","articleSection":["Uutiset"],"inLanguage":"en-GB","potentialAction":[{"@type":"CommentAction","name":"Comment","target":["https:\/\/liiveri.net\/uutiset\/tarja-pienimaesta-liiverin-uusi-puheenjohtaja\/#respond"]}]},{"@type":"WebPage","@id":"https:\/\/liiveri.net\/uutiset\/tarja-pienimaesta-liiverin-uusi-puheenjohtaja\/","url":"https:\/\/liiveri.net\/uutiset\/tarja-pienimaesta-liiverin-uusi-puheenjohtaja\/","name":"Tarja Pienim\u00e4est\u00e4 Liiverin uusi puheenjohtaja - Liiveri","isPartOf":{"@id":"https:\/\/liiveri.net\/#website"},"primaryImageOfPage":{"@id":"https:\/\/liiveri.net\/uutiset\/tarja-pienimaesta-liiverin-uusi-puheenjohtaja\/#primaryimage"},"image":{"@id":"https:\/\/liiveri.net\/uutiset\/tarja-pienimaesta-liiverin-uusi-puheenjohtaja\/#primaryimage"},"thumbnailUrl":"https:\/\/liiveri.net\/wp-content\/uploads\/2023\/02\/placeholder.png","datePublished":"2018-05-16T10:16:00+00:00","dateModified":"2023-03-24T08:06:57+00:00","breadcrumb":{"@id":"https:\/\/liiveri.net\/uutiset\/tarja-pienimaesta-liiverin-uusi-puheenjohtaja\/#breadcrumb"},"inLanguage":"en-GB","potentialAction":[{"@type":"ReadAction","target":["https:\/\/liiveri.net\/uutiset\/tarja-pienimaesta-liiverin-uusi-puheenjohtaja\/"]}]},{"@type":"ImageObject","inLanguage":"en-GB","@id":"https:\/\/liiveri.net\/uutiset\/tarja-pienimaesta-liiverin-uusi-puheenjohtaja\/#primaryimage","url":"https:\/\/liiveri.net\/wp-content\/uploads\/2023\/02\/placeholder.png","contentUrl":"https:\/\/liiveri.net\/wp-content\/uploads\/2023\/02\/placeholder.png","width":1920,"height":1080,"caption":"Leader Liiveri -logo."},{"@type":"BreadcrumbList","@id":"https:\/\/liiveri.net\/uutiset\/tarja-pienimaesta-liiverin-uusi-puheenjohtaja\/#breadcrumb","itemListElement":[{"@type":"ListItem","position":1,"name":"Etusivu","item":"https:\/\/liiveri.net\/"},{"@type":"ListItem","position":2,"name":"Tarja Pienim\u00e4est\u00e4 Liiverin uusi puheenjohtaja"}]},{"@type":"WebSite","@id":"https:\/\/liiveri.net\/#website","url":"https:\/\/liiveri.net\/","name":"Liiveri - Kehitt\u00e4misyhdistys","description":"REILU RAHOITTAJA PALVELUKSESSASI","publisher":{"@id":"https:\/\/liiveri.net\/#organization"},"potentialAction":[{"@type":"SearchAction","target":{"@type":"EntryPoint","urlTemplate":"https:\/\/liiveri.net\/?s={search_term_string}"},"query-input":"required name=search_term_string"}],"inLanguage":"en-GB"},{"@type":"Organization","@id":"https:\/\/liiveri.net\/#organization","name":"Kehitt\u00e4misyhdistys Liiveri ry","url":"https:\/\/liiveri.net\/","logo":{"@type":"ImageObject","inLanguage":"en-GB","@id":"https:\/\/liiveri.net\/#\/schema\/logo\/image\/","url":"https:\/\/liiveri.net\/wp-content\/uploads\/2023\/02\/placeholder.png","contentUrl":"https:\/\/liiveri.net\/wp-content\/uploads\/2023\/02\/placeholder.png","width":1920,"height":1080,"caption":"Kehitt\u00e4misyhdistys Liiveri ry"},"image":{"@id":"https:\/\/liiveri.net\/#\/schema\/logo\/image\/"},"sameAs":["https:\/\/www.facebook.com\/LeaderLiiveri","https:\/\/x.com\/LeaderLiiveri","https:\/\/www.instagram.com\/leaderliiveri\/"]},{"@type":"Person","@id":"https:\/\/liiveri.net\/#\/schema\/person\/4d2151d167ce291fb59ae4929e4f150a","name":"Admin","image":{"@type":"ImageObject","inLanguage":"en-GB","@id":"https:\/\/liiveri.net\/#\/schema\/person\/image\/","url":"https:\/\/liiveri.net\/wp-content\/litespeed\/avatar\/1\/a408f0f48bbe882d38689644bc375f8c.jpg?ver=1777459663","contentUrl":"https:\/\/liiveri.net\/wp-content\/litespeed\/avatar\/1\/a408f0f48bbe882d38689644bc375f8c.jpg?ver=1777459663","caption":"Admin"},"sameAs":["https:\/\/liiveri.net"],"url":"https:\/\/liiveri.net\/en\/uutiset\/author\/admin\/"}]}},"acf":[],"_links":{"self":[{"href":"https:\/\/liiveri.net\/en\/wp-json\/wp\/v2\/posts\/3189","targetHints":{"allow":["GET"]}}],"collection":[{"href":"https:\/\/liiveri.net\/en\/wp-json\/wp\/v2\/posts"}],"about":[{"href":"https:\/\/liiveri.net\/en\/wp-json\/wp\/v2\/types\/post"}],"author":[{"embeddable":true,"href":"https:\/\/liiveri.net\/en\/wp-json\/wp\/v2\/users\/1"}],"replies":[{"embeddable":true,"href":"https:\/\/liiveri.net\/en\/wp-json\/wp\/v2\/comments?post=3189"}],"version-history":[{"count":0,"href":"https:\/\/liiveri.net\/en\/wp-json\/wp\/v2\/posts\/3189\/revisions"}],"wp:featuredmedia":[{"embeddable":true,"href":"https:\/\/liiveri.net\/en\/wp-json\/wp\/v2\/media\/948"}],"wp:attachment":[{"href":"https:\/\/liiveri.net\/en\/wp-json\/wp\/v2\/media?parent=3189"}],"wp:term":[{"taxonomy":"category","embeddable":true,"href":"https:\/\/liiveri.net\/en\/wp-json\/wp\/v2\/categories?post=3189"},{"taxonomy":"post_tag","embeddable":true,"href":"https:\/\/liiveri.net\/en\/wp-json\/wp\/v2\/tags?post=3189"}],"curies":[{"name":"wp","href":"https:\/\/api.w.org\/{rel}","templated":true}]}}