{"id":3200,"date":"2019-03-28T08:51:00","date_gmt":"2019-03-28T06:51:00","guid":{"rendered":"https:\/\/liiveri.net\/blog\/2019\/03\/28\/erikooset-emannat-palkittiin-liiverin-vuosikokouksessa\/"},"modified":"2023-03-24T10:06:59","modified_gmt":"2023-03-24T08:06:59","slug":"erikooset-emannat-palkittiin-liiverin-vuosikokouksessa","status":"publish","type":"post","link":"https:\/\/liiveri.net\/en\/uutiset\/erikooset-emannat-palkittiin-liiverin-vuosikokouksessa\/","title":{"rendered":"Special hostesses were awarded at Liiver&#039;s annual meeting"},"content":{"rendered":"<p>At its annual meeting, Leader Liiveri has awarded Erikooset em\u00e4nn\u00e4t for good development work. Erikooset em\u00e4nn\u00e4 is a business group of four women from Seinjoki, where we learn and realize together. In addition, the meeting elected new deputy members to the board. Minna Tuohisto-Kokko from Ilmajoki, Karri Kallio from Sein\u00e4joki, Anne-Mari Tullila from Nurmo and Anniina Rintam\u00e4ki from Ylistaro were appointed to the board.<\/p>\n<p>Jenni Kaustinen (Design Kaje), Arja Vekola (Tmi AV Sisustuspaja, Aunen Aitat), Kaisa Loppi (Order restaurant It\u00e4m\u00e4e talo, Kaisa&#039;s kitchen), Marjo Lyyluoma (B&amp;B Tapanila) and Sein\u00e4joki University of Applied Sciences are behind the corporate group.<\/p>\n<p>- The project is a great example of how small companies and a university of applied sciences can genuinely learn together and support their own and each other&#039;s development, Liiver&#039;s Executive Director Sinikka Koivum\u00e4ki praises.<\/p>","protected":false},"excerpt":{"rendered":"<p>Leader Liiveri has awarded Erikooset em\u00e4nn\u00e4t for good development work at its annual meeting. Erikooset em\u00e4nn\u00e4t is a business group of four women from Sein\u00e4joki, where they learn and gain insights together. In addition, new deputy members were elected to the board of directors at the meeting. Minna Tuohisto-Kokko from Ilmajoki, Karri Kallio from Sein\u00e4joki, Anne-Mari Tullila from Nurmo and Anniina Rintam\u00e4ki from Ylistaro were appointed to the board. Jenni Kaustinen (Design Kaje), Arja Vekola (Tmi AV Sisustuspaja, Aunen [\u2026]<\/p>","protected":false},"author":1,"featured_media":948,"comment_status":"open","ping_status":"open","sticky":false,"template":"","format":"standard","meta":{"_acf_changed":false,"footnotes":""},"categories":[30],"tags":[],"class_list":["post-3200","post","type-post","status-publish","format-standard","has-post-thumbnail","hentry","category-uutiset"],"yoast_head":"<!-- This site is optimized with the Yoast SEO plugin v23.3 - https:\/\/yoast.com\/wordpress\/plugins\/seo\/ -->\n<title>Erikooset em\u00e4nn\u00e4t palkittiin Liiverin vuosikokouksessa - Liiveri<\/title>\n<meta name=\"robots\" content=\"index, follow, max-snippet:-1, max-image-preview:large, max-video-preview:-1\" \/>\n<link rel=\"canonical\" href=\"https:\/\/liiveri.net\/en\/uutiset\/erikooset-emannat-palkittiin-liiverin-vuosikokouksessa\/\" \/>\n<meta property=\"og:locale\" content=\"en_GB\" \/>\n<meta property=\"og:type\" content=\"article\" \/>\n<meta property=\"og:title\" content=\"Erikooset em\u00e4nn\u00e4t palkittiin Liiverin vuosikokouksessa - Liiveri\" \/>\n<meta property=\"og:description\" content=\"Leader Liiveri on vuosikokouksessaan palkinnut Erikooset em&auml;nn&auml;t hyv&auml;st&auml; kehitt&auml;misty&ouml;st&auml;. Erikooset em&auml;nn&auml;t on nelj&auml;n sein&auml;jokisen naisen yritysryhm&auml;, jossa opitaan ja oivalletaan yhdess&auml;. Lis&auml;ksi kokouksessa valittiin uusia varaj&auml;seni&auml; hallitukseen. Hallitukseen nimettiin Minna Tuohisto-Kokko Ilmajoelta, Karri Kallio Sein&auml;joelta, Anne-Mari Tullila Nurmosta sek&auml; Anniina Rintam&auml;ki Ylistarosta. Yritysryhm&auml;n taustalla vaikuttavat Jenni Kaustinen (Design Kaje), Arja Vekola (Tmi A.V. Sisustuspaja, Aunen [&hellip;]\" \/>\n<meta property=\"og:url\" content=\"https:\/\/liiveri.net\/en\/uutiset\/erikooset-emannat-palkittiin-liiverin-vuosikokouksessa\/\" \/>\n<meta property=\"og:site_name\" content=\"Liiveri\" \/>\n<meta property=\"article:publisher\" content=\"https:\/\/www.facebook.com\/LeaderLiiveri\" \/>\n<meta property=\"article:published_time\" content=\"2019-03-28T06:51:00+00:00\" \/>\n<meta property=\"article:modified_time\" content=\"2023-03-24T08:06:59+00:00\" \/>\n<meta property=\"og:image\" content=\"https:\/\/liiveri.net\/wp-content\/uploads\/2023\/02\/placeholder.png\" \/>\n\t<meta property=\"og:image:width\" content=\"1920\" \/>\n\t<meta property=\"og:image:height\" content=\"1080\" \/>\n\t<meta property=\"og:image:type\" content=\"image\/png\" \/>\n<meta name=\"author\" content=\"Admin\" \/>\n<meta name=\"twitter:card\" content=\"summary_large_image\" \/>\n<meta name=\"twitter:creator\" content=\"@LeaderLiiveri\" \/>\n<meta name=\"twitter:site\" content=\"@LeaderLiiveri\" \/>\n<meta name=\"twitter:label1\" content=\"Written by\" \/>\n\t<meta name=\"twitter:data1\" content=\"Admin\" \/>\n\t<meta name=\"twitter:label2\" content=\"Estimated reading time\" \/>\n\t<meta name=\"twitter:data2\" content=\"1 minute\" \/>\n<script type=\"application\/ld+json\" class=\"yoast-schema-graph\">{\"@context\":\"https:\/\/schema.org\",\"@graph\":[{\"@type\":\"Article\",\"@id\":\"https:\/\/liiveri.net\/uutiset\/erikooset-emannat-palkittiin-liiverin-vuosikokouksessa\/#article\",\"isPartOf\":{\"@id\":\"https:\/\/liiveri.net\/uutiset\/erikooset-emannat-palkittiin-liiverin-vuosikokouksessa\/\"},\"author\":{\"name\":\"Admin\",\"@id\":\"https:\/\/liiveri.net\/#\/schema\/person\/4d2151d167ce291fb59ae4929e4f150a\"},\"headline\":\"Erikooset em\u00e4nn\u00e4t palkittiin Liiverin vuosikokouksessa\",\"datePublished\":\"2019-03-28T06:51:00+00:00\",\"dateModified\":\"2023-03-24T08:06:59+00:00\",\"mainEntityOfPage\":{\"@id\":\"https:\/\/liiveri.net\/uutiset\/erikooset-emannat-palkittiin-liiverin-vuosikokouksessa\/\"},\"wordCount\":152,\"commentCount\":0,\"publisher\":{\"@id\":\"https:\/\/liiveri.net\/#organization\"},\"image\":{\"@id\":\"https:\/\/liiveri.net\/uutiset\/erikooset-emannat-palkittiin-liiverin-vuosikokouksessa\/#primaryimage\"},\"thumbnailUrl\":\"https:\/\/liiveri.net\/wp-content\/uploads\/2023\/02\/placeholder.png\",\"articleSection\":[\"Uutiset\"],\"inLanguage\":\"en-GB\",\"potentialAction\":[{\"@type\":\"CommentAction\",\"name\":\"Comment\",\"target\":[\"https:\/\/liiveri.net\/uutiset\/erikooset-emannat-palkittiin-liiverin-vuosikokouksessa\/#respond\"]}]},{\"@type\":\"WebPage\",\"@id\":\"https:\/\/liiveri.net\/uutiset\/erikooset-emannat-palkittiin-liiverin-vuosikokouksessa\/\",\"url\":\"https:\/\/liiveri.net\/uutiset\/erikooset-emannat-palkittiin-liiverin-vuosikokouksessa\/\",\"name\":\"Erikooset em\u00e4nn\u00e4t palkittiin Liiverin vuosikokouksessa - Liiveri\",\"isPartOf\":{\"@id\":\"https:\/\/liiveri.net\/#website\"},\"primaryImageOfPage\":{\"@id\":\"https:\/\/liiveri.net\/uutiset\/erikooset-emannat-palkittiin-liiverin-vuosikokouksessa\/#primaryimage\"},\"image\":{\"@id\":\"https:\/\/liiveri.net\/uutiset\/erikooset-emannat-palkittiin-liiverin-vuosikokouksessa\/#primaryimage\"},\"thumbnailUrl\":\"https:\/\/liiveri.net\/wp-content\/uploads\/2023\/02\/placeholder.png\",\"datePublished\":\"2019-03-28T06:51:00+00:00\",\"dateModified\":\"2023-03-24T08:06:59+00:00\",\"breadcrumb\":{\"@id\":\"https:\/\/liiveri.net\/uutiset\/erikooset-emannat-palkittiin-liiverin-vuosikokouksessa\/#breadcrumb\"},\"inLanguage\":\"en-GB\",\"potentialAction\":[{\"@type\":\"ReadAction\",\"target\":[\"https:\/\/liiveri.net\/uutiset\/erikooset-emannat-palkittiin-liiverin-vuosikokouksessa\/\"]}]},{\"@type\":\"ImageObject\",\"inLanguage\":\"en-GB\",\"@id\":\"https:\/\/liiveri.net\/uutiset\/erikooset-emannat-palkittiin-liiverin-vuosikokouksessa\/#primaryimage\",\"url\":\"https:\/\/liiveri.net\/wp-content\/uploads\/2023\/02\/placeholder.png\",\"contentUrl\":\"https:\/\/liiveri.net\/wp-content\/uploads\/2023\/02\/placeholder.png\",\"width\":1920,\"height\":1080,\"caption\":\"Leader Liiveri -logo.\"},{\"@type\":\"BreadcrumbList\",\"@id\":\"https:\/\/liiveri.net\/uutiset\/erikooset-emannat-palkittiin-liiverin-vuosikokouksessa\/#breadcrumb\",\"itemListElement\":[{\"@type\":\"ListItem\",\"position\":1,\"name\":\"Etusivu\",\"item\":\"https:\/\/liiveri.net\/\"},{\"@type\":\"ListItem\",\"position\":2,\"name\":\"Erikooset em\u00e4nn\u00e4t palkittiin Liiverin vuosikokouksessa\"}]},{\"@type\":\"WebSite\",\"@id\":\"https:\/\/liiveri.net\/#website\",\"url\":\"https:\/\/liiveri.net\/\",\"name\":\"Liiveri - Kehitt\u00e4misyhdistys\",\"description\":\"REILU RAHOITTAJA PALVELUKSESSASI\",\"publisher\":{\"@id\":\"https:\/\/liiveri.net\/#organization\"},\"potentialAction\":[{\"@type\":\"SearchAction\",\"target\":{\"@type\":\"EntryPoint\",\"urlTemplate\":\"https:\/\/liiveri.net\/?s={search_term_string}\"},\"query-input\":\"required name=search_term_string\"}],\"inLanguage\":\"en-GB\"},{\"@type\":\"Organization\",\"@id\":\"https:\/\/liiveri.net\/#organization\",\"name\":\"Kehitt\u00e4misyhdistys Liiveri ry\",\"url\":\"https:\/\/liiveri.net\/\",\"logo\":{\"@type\":\"ImageObject\",\"inLanguage\":\"en-GB\",\"@id\":\"https:\/\/liiveri.net\/#\/schema\/logo\/image\/\",\"url\":\"https:\/\/liiveri.net\/wp-content\/uploads\/2023\/02\/placeholder.png\",\"contentUrl\":\"https:\/\/liiveri.net\/wp-content\/uploads\/2023\/02\/placeholder.png\",\"width\":1920,\"height\":1080,\"caption\":\"Kehitt\u00e4misyhdistys Liiveri ry\"},\"image\":{\"@id\":\"https:\/\/liiveri.net\/#\/schema\/logo\/image\/\"},\"sameAs\":[\"https:\/\/www.facebook.com\/LeaderLiiveri\",\"https:\/\/x.com\/LeaderLiiveri\",\"https:\/\/www.instagram.com\/leaderliiveri\/\"]},{\"@type\":\"Person\",\"@id\":\"https:\/\/liiveri.net\/#\/schema\/person\/4d2151d167ce291fb59ae4929e4f150a\",\"name\":\"Admin\",\"image\":{\"@type\":\"ImageObject\",\"inLanguage\":\"en-GB\",\"@id\":\"https:\/\/liiveri.net\/#\/schema\/person\/image\/\",\"url\":\"https:\/\/liiveri.net\/wp-content\/litespeed\/avatar\/1\/a408f0f48bbe882d38689644bc375f8c.jpg?ver=1777459663\",\"contentUrl\":\"https:\/\/liiveri.net\/wp-content\/litespeed\/avatar\/1\/a408f0f48bbe882d38689644bc375f8c.jpg?ver=1777459663\",\"caption\":\"Admin\"},\"sameAs\":[\"https:\/\/liiveri.net\"],\"url\":\"https:\/\/liiveri.net\/en\/uutiset\/author\/admin\/\"}]}<\/script>\n<!-- \/ Yoast SEO plugin. -->","yoast_head_json":{"title":"Erikooset em\u00e4nn\u00e4t palkittiin Liiverin vuosikokouksessa - Liiveri","robots":{"index":"index","follow":"follow","max-snippet":"max-snippet:-1","max-image-preview":"max-image-preview:large","max-video-preview":"max-video-preview:-1"},"canonical":"https:\/\/liiveri.net\/en\/uutiset\/erikooset-emannat-palkittiin-liiverin-vuosikokouksessa\/","og_locale":"en_GB","og_type":"article","og_title":"Erikooset em\u00e4nn\u00e4t palkittiin Liiverin vuosikokouksessa - Liiveri","og_description":"Leader Liiveri on vuosikokouksessaan palkinnut Erikooset em&auml;nn&auml;t hyv&auml;st&auml; kehitt&auml;misty&ouml;st&auml;. Erikooset em&auml;nn&auml;t on nelj&auml;n sein&auml;jokisen naisen yritysryhm&auml;, jossa opitaan ja oivalletaan yhdess&auml;. Lis&auml;ksi kokouksessa valittiin uusia varaj&auml;seni&auml; hallitukseen. Hallitukseen nimettiin Minna Tuohisto-Kokko Ilmajoelta, Karri Kallio Sein&auml;joelta, Anne-Mari Tullila Nurmosta sek&auml; Anniina Rintam&auml;ki Ylistarosta. Yritysryhm&auml;n taustalla vaikuttavat Jenni Kaustinen (Design Kaje), Arja Vekola (Tmi A.V. Sisustuspaja, Aunen [&hellip;]","og_url":"https:\/\/liiveri.net\/en\/uutiset\/erikooset-emannat-palkittiin-liiverin-vuosikokouksessa\/","og_site_name":"Liiveri","article_publisher":"https:\/\/www.facebook.com\/LeaderLiiveri","article_published_time":"2019-03-28T06:51:00+00:00","article_modified_time":"2023-03-24T08:06:59+00:00","og_image":[{"width":1920,"height":1080,"url":"https:\/\/liiveri.net\/wp-content\/uploads\/2023\/02\/placeholder.png","type":"image\/png"}],"author":"Admin","twitter_card":"summary_large_image","twitter_creator":"@LeaderLiiveri","twitter_site":"@LeaderLiiveri","twitter_misc":{"Written by":"Admin","Estimated reading time":"1 minute"},"schema":{"@context":"https:\/\/schema.org","@graph":[{"@type":"Article","@id":"https:\/\/liiveri.net\/uutiset\/erikooset-emannat-palkittiin-liiverin-vuosikokouksessa\/#article","isPartOf":{"@id":"https:\/\/liiveri.net\/uutiset\/erikooset-emannat-palkittiin-liiverin-vuosikokouksessa\/"},"author":{"name":"Admin","@id":"https:\/\/liiveri.net\/#\/schema\/person\/4d2151d167ce291fb59ae4929e4f150a"},"headline":"Erikooset em\u00e4nn\u00e4t palkittiin Liiverin vuosikokouksessa","datePublished":"2019-03-28T06:51:00+00:00","dateModified":"2023-03-24T08:06:59+00:00","mainEntityOfPage":{"@id":"https:\/\/liiveri.net\/uutiset\/erikooset-emannat-palkittiin-liiverin-vuosikokouksessa\/"},"wordCount":152,"commentCount":0,"publisher":{"@id":"https:\/\/liiveri.net\/#organization"},"image":{"@id":"https:\/\/liiveri.net\/uutiset\/erikooset-emannat-palkittiin-liiverin-vuosikokouksessa\/#primaryimage"},"thumbnailUrl":"https:\/\/liiveri.net\/wp-content\/uploads\/2023\/02\/placeholder.png","articleSection":["Uutiset"],"inLanguage":"en-GB","potentialAction":[{"@type":"CommentAction","name":"Comment","target":["https:\/\/liiveri.net\/uutiset\/erikooset-emannat-palkittiin-liiverin-vuosikokouksessa\/#respond"]}]},{"@type":"WebPage","@id":"https:\/\/liiveri.net\/uutiset\/erikooset-emannat-palkittiin-liiverin-vuosikokouksessa\/","url":"https:\/\/liiveri.net\/uutiset\/erikooset-emannat-palkittiin-liiverin-vuosikokouksessa\/","name":"Erikooset em\u00e4nn\u00e4t palkittiin Liiverin vuosikokouksessa - Liiveri","isPartOf":{"@id":"https:\/\/liiveri.net\/#website"},"primaryImageOfPage":{"@id":"https:\/\/liiveri.net\/uutiset\/erikooset-emannat-palkittiin-liiverin-vuosikokouksessa\/#primaryimage"},"image":{"@id":"https:\/\/liiveri.net\/uutiset\/erikooset-emannat-palkittiin-liiverin-vuosikokouksessa\/#primaryimage"},"thumbnailUrl":"https:\/\/liiveri.net\/wp-content\/uploads\/2023\/02\/placeholder.png","datePublished":"2019-03-28T06:51:00+00:00","dateModified":"2023-03-24T08:06:59+00:00","breadcrumb":{"@id":"https:\/\/liiveri.net\/uutiset\/erikooset-emannat-palkittiin-liiverin-vuosikokouksessa\/#breadcrumb"},"inLanguage":"en-GB","potentialAction":[{"@type":"ReadAction","target":["https:\/\/liiveri.net\/uutiset\/erikooset-emannat-palkittiin-liiverin-vuosikokouksessa\/"]}]},{"@type":"ImageObject","inLanguage":"en-GB","@id":"https:\/\/liiveri.net\/uutiset\/erikooset-emannat-palkittiin-liiverin-vuosikokouksessa\/#primaryimage","url":"https:\/\/liiveri.net\/wp-content\/uploads\/2023\/02\/placeholder.png","contentUrl":"https:\/\/liiveri.net\/wp-content\/uploads\/2023\/02\/placeholder.png","width":1920,"height":1080,"caption":"Leader Liiveri -logo."},{"@type":"BreadcrumbList","@id":"https:\/\/liiveri.net\/uutiset\/erikooset-emannat-palkittiin-liiverin-vuosikokouksessa\/#breadcrumb","itemListElement":[{"@type":"ListItem","position":1,"name":"Etusivu","item":"https:\/\/liiveri.net\/"},{"@type":"ListItem","position":2,"name":"Erikooset em\u00e4nn\u00e4t palkittiin Liiverin vuosikokouksessa"}]},{"@type":"WebSite","@id":"https:\/\/liiveri.net\/#website","url":"https:\/\/liiveri.net\/","name":"Liiveri - Kehitt\u00e4misyhdistys","description":"REILU RAHOITTAJA PALVELUKSESSASI","publisher":{"@id":"https:\/\/liiveri.net\/#organization"},"potentialAction":[{"@type":"SearchAction","target":{"@type":"EntryPoint","urlTemplate":"https:\/\/liiveri.net\/?s={search_term_string}"},"query-input":"required name=search_term_string"}],"inLanguage":"en-GB"},{"@type":"Organization","@id":"https:\/\/liiveri.net\/#organization","name":"Kehitt\u00e4misyhdistys Liiveri ry","url":"https:\/\/liiveri.net\/","logo":{"@type":"ImageObject","inLanguage":"en-GB","@id":"https:\/\/liiveri.net\/#\/schema\/logo\/image\/","url":"https:\/\/liiveri.net\/wp-content\/uploads\/2023\/02\/placeholder.png","contentUrl":"https:\/\/liiveri.net\/wp-content\/uploads\/2023\/02\/placeholder.png","width":1920,"height":1080,"caption":"Kehitt\u00e4misyhdistys Liiveri ry"},"image":{"@id":"https:\/\/liiveri.net\/#\/schema\/logo\/image\/"},"sameAs":["https:\/\/www.facebook.com\/LeaderLiiveri","https:\/\/x.com\/LeaderLiiveri","https:\/\/www.instagram.com\/leaderliiveri\/"]},{"@type":"Person","@id":"https:\/\/liiveri.net\/#\/schema\/person\/4d2151d167ce291fb59ae4929e4f150a","name":"Admin","image":{"@type":"ImageObject","inLanguage":"en-GB","@id":"https:\/\/liiveri.net\/#\/schema\/person\/image\/","url":"https:\/\/liiveri.net\/wp-content\/litespeed\/avatar\/1\/a408f0f48bbe882d38689644bc375f8c.jpg?ver=1777459663","contentUrl":"https:\/\/liiveri.net\/wp-content\/litespeed\/avatar\/1\/a408f0f48bbe882d38689644bc375f8c.jpg?ver=1777459663","caption":"Admin"},"sameAs":["https:\/\/liiveri.net"],"url":"https:\/\/liiveri.net\/en\/uutiset\/author\/admin\/"}]}},"acf":[],"_links":{"self":[{"href":"https:\/\/liiveri.net\/en\/wp-json\/wp\/v2\/posts\/3200","targetHints":{"allow":["GET"]}}],"collection":[{"href":"https:\/\/liiveri.net\/en\/wp-json\/wp\/v2\/posts"}],"about":[{"href":"https:\/\/liiveri.net\/en\/wp-json\/wp\/v2\/types\/post"}],"author":[{"embeddable":true,"href":"https:\/\/liiveri.net\/en\/wp-json\/wp\/v2\/users\/1"}],"replies":[{"embeddable":true,"href":"https:\/\/liiveri.net\/en\/wp-json\/wp\/v2\/comments?post=3200"}],"version-history":[{"count":0,"href":"https:\/\/liiveri.net\/en\/wp-json\/wp\/v2\/posts\/3200\/revisions"}],"wp:featuredmedia":[{"embeddable":true,"href":"https:\/\/liiveri.net\/en\/wp-json\/wp\/v2\/media\/948"}],"wp:attachment":[{"href":"https:\/\/liiveri.net\/en\/wp-json\/wp\/v2\/media?parent=3200"}],"wp:term":[{"taxonomy":"category","embeddable":true,"href":"https:\/\/liiveri.net\/en\/wp-json\/wp\/v2\/categories?post=3200"},{"taxonomy":"post_tag","embeddable":true,"href":"https:\/\/liiveri.net\/en\/wp-json\/wp\/v2\/tags?post=3200"}],"curies":[{"name":"wp","href":"https:\/\/api.w.org\/{rel}","templated":true}]}}