{"id":3210,"date":"2019-11-20T15:27:00","date_gmt":"2019-11-20T13:27:00","guid":{"rendered":"https:\/\/liiveri.net\/blog\/2019\/11\/20\/viisi-taideprojektia-starttaa-ensi-vuonna\/"},"modified":"2023-03-24T10:07:00","modified_gmt":"2023-03-24T08:07:00","slug":"viisi-taideprojektia-starttaa-ensi-vuonna","status":"publish","type":"post","link":"https:\/\/liiveri.net\/en\/uutiset\/viisi-taideprojektia-starttaa-ensi-vuonna\/","title":{"rendered":"Five art projects will start next year"},"content":{"rendered":"<p>A mural for the skating rink, artwork for the playground, memories turned into songs, art for the experience stairs, storytelling of local history... Five open-minded associations received funding to hire an artist:<\/p>\n<ul style=\"margin-bottom: 0cm;\">\n<li>MLL Jalasj\u00e4rvi: Permanent works of art with children and young people will be placed in Aukustipuisto Park and the yard of the youth center Wilhola. One or two artists will be hired as a working partner for 3-4 months.<\/li>\n<li>Ilmajoki Entrepreneurs Association: Storytelling the playground, drawing from history. Three artists will be hired.<\/li>\n<li>Cultural Association KoHo ry: Duo Ohoiva records the memories of railway workers in nursing homes. The stories are turned into songs and a musical play is being worked on. One gerontologist and one master of theatre arts are being hired for a month.<\/li>\n<li>Village Association Kaanaa ry: We are hiring artist JP K\u00f6ykk\u00e4, originally from Yllistaaro, who will lead a workshop that will result in a mural on the wall of the ice rink. The artist will work for two months.<\/li>\n<li>Lakeuden El\u00e4mysliikunta ry: We will create art in the K\u00e4p\u00e4lik\u00f6 yard, the accessible children&#039;s path, the adventure stairs and the birdhouse park. We will hire three artists.<\/li>\n<\/ul>\n<p>&nbsp;<\/p>\n<p>In addition, Liiveri supports the hiring of young people in the following associations:<\/p>\n<ul>\n<li>Ilmajoki Rengonkyl\u00e4seura ry: Development of the Rengonkyl\u00e4seura&#039;s activities, communications and the annual event in Ruissaari. The young person will be hired for three months.<\/li>\n<li>Ilmajoki 4H Association: Development and planning of low-threshold day camp activities for 6-12 year olds. The young person will be hired for four months.<\/li>\n<\/ul>\n<p>Liiver&#039;s board of directors selected the projects to be funded at its meeting, but they will still undergo a legality check at the ELY Centre.<\/p>\n<p>For more information: Telle Lemetyinen, tel. +358 40 579 0615 and <a href=\"\/en\/btgoesart\/\">www.liiveri.net\/btgoesart<\/a><\/p>","protected":false},"excerpt":{"rendered":"<p>A mural for the skating rink, artworks for the playground, memories as songs, art for the experience stairs, storytelling of local history... Five open-minded associations received funding to hire an artist: MLL Jalasj\u00e4rvi: permanent visual artworks with children and young people in Aukustipuisto and the yard of youth center Wilhola. Let&#039;s hire one or two artists as a work couple for 3-4 months. Ilmajoki entrepreneurs ry: Storytelling of the playground drawing from history. We are hiring three artists. Kulttuuriyhdistys KoHo ry: Duo Ohoiva records the railway workers&#039; [...]<\/p>","protected":false},"author":1,"featured_media":948,"comment_status":"open","ping_status":"open","sticky":false,"template":"","format":"standard","meta":{"_acf_changed":false,"footnotes":""},"categories":[30],"tags":[],"class_list":["post-3210","post","type-post","status-publish","format-standard","has-post-thumbnail","hentry","category-uutiset"],"yoast_head":"<!-- This site is optimized with the Yoast SEO plugin v23.3 - https:\/\/yoast.com\/wordpress\/plugins\/seo\/ -->\n<title>Viisi taideprojektia starttaa ensi vuonna - Liiveri<\/title>\n<meta name=\"robots\" content=\"index, follow, max-snippet:-1, max-image-preview:large, max-video-preview:-1\" \/>\n<link rel=\"canonical\" href=\"https:\/\/liiveri.net\/en\/uutiset\/viisi-taideprojektia-starttaa-ensi-vuonna\/\" \/>\n<meta property=\"og:locale\" content=\"en_GB\" \/>\n<meta property=\"og:type\" content=\"article\" \/>\n<meta property=\"og:title\" content=\"Viisi taideprojektia starttaa ensi vuonna - Liiveri\" \/>\n<meta property=\"og:description\" content=\"Muraali luistelukoppiin, taideteokset leikkipuistoon, muistot lauluiksi, taidetta el&auml;mysportaille, paikallishistorian tarinallistaminen&hellip; Viisi ennakkoluulotonta yhdistyst&auml; sai rahoitusta taitelijan palkkaamiseen: MLL Jalasj&auml;rvi: Aukustipuistoon ja nuorisotalo Wilholan pihaan pysyv&auml;t kuvataideteokset lasten ja nuorten kanssa. Palkataan yksi tai kaksi taitelijaa ty&ouml;pariksi 3-4 kuukaudeksi. Ilmajoen yritt&auml;j&auml;t ry: Leikkipuiston tarinallistaminen historiasta ammentaen. Palkataan kolme taiteilijaa. Kulttuuriyhdistys KoHo ry: Duo Ohoiva tallentaa rautatiel&auml;isten [&hellip;]\" \/>\n<meta property=\"og:url\" content=\"https:\/\/liiveri.net\/en\/uutiset\/viisi-taideprojektia-starttaa-ensi-vuonna\/\" \/>\n<meta property=\"og:site_name\" content=\"Liiveri\" \/>\n<meta property=\"article:publisher\" content=\"https:\/\/www.facebook.com\/LeaderLiiveri\" \/>\n<meta property=\"article:published_time\" content=\"2019-11-20T13:27:00+00:00\" \/>\n<meta property=\"article:modified_time\" content=\"2023-03-24T08:07:00+00:00\" \/>\n<meta property=\"og:image\" content=\"https:\/\/liiveri.net\/wp-content\/uploads\/2023\/02\/placeholder.png\" \/>\n\t<meta property=\"og:image:width\" content=\"1920\" \/>\n\t<meta property=\"og:image:height\" content=\"1080\" \/>\n\t<meta property=\"og:image:type\" content=\"image\/png\" \/>\n<meta name=\"author\" content=\"Admin\" \/>\n<meta name=\"twitter:card\" content=\"summary_large_image\" \/>\n<meta name=\"twitter:creator\" content=\"@LeaderLiiveri\" \/>\n<meta name=\"twitter:site\" content=\"@LeaderLiiveri\" \/>\n<meta name=\"twitter:label1\" content=\"Written by\" \/>\n\t<meta name=\"twitter:data1\" content=\"Admin\" \/>\n\t<meta name=\"twitter:label2\" content=\"Estimated reading time\" \/>\n\t<meta name=\"twitter:data2\" content=\"1 minute\" \/>\n<script type=\"application\/ld+json\" class=\"yoast-schema-graph\">{\"@context\":\"https:\/\/schema.org\",\"@graph\":[{\"@type\":\"Article\",\"@id\":\"https:\/\/liiveri.net\/uutiset\/viisi-taideprojektia-starttaa-ensi-vuonna\/#article\",\"isPartOf\":{\"@id\":\"https:\/\/liiveri.net\/uutiset\/viisi-taideprojektia-starttaa-ensi-vuonna\/\"},\"author\":{\"name\":\"Admin\",\"@id\":\"https:\/\/liiveri.net\/#\/schema\/person\/4d2151d167ce291fb59ae4929e4f150a\"},\"headline\":\"Viisi taideprojektia starttaa ensi vuonna\",\"datePublished\":\"2019-11-20T13:27:00+00:00\",\"dateModified\":\"2023-03-24T08:07:00+00:00\",\"mainEntityOfPage\":{\"@id\":\"https:\/\/liiveri.net\/uutiset\/viisi-taideprojektia-starttaa-ensi-vuonna\/\"},\"wordCount\":266,\"commentCount\":0,\"publisher\":{\"@id\":\"https:\/\/liiveri.net\/#organization\"},\"image\":{\"@id\":\"https:\/\/liiveri.net\/uutiset\/viisi-taideprojektia-starttaa-ensi-vuonna\/#primaryimage\"},\"thumbnailUrl\":\"https:\/\/liiveri.net\/wp-content\/uploads\/2023\/02\/placeholder.png\",\"articleSection\":[\"Uutiset\"],\"inLanguage\":\"en-GB\",\"potentialAction\":[{\"@type\":\"CommentAction\",\"name\":\"Comment\",\"target\":[\"https:\/\/liiveri.net\/uutiset\/viisi-taideprojektia-starttaa-ensi-vuonna\/#respond\"]}]},{\"@type\":\"WebPage\",\"@id\":\"https:\/\/liiveri.net\/uutiset\/viisi-taideprojektia-starttaa-ensi-vuonna\/\",\"url\":\"https:\/\/liiveri.net\/uutiset\/viisi-taideprojektia-starttaa-ensi-vuonna\/\",\"name\":\"Viisi taideprojektia starttaa ensi vuonna - Liiveri\",\"isPartOf\":{\"@id\":\"https:\/\/liiveri.net\/#website\"},\"primaryImageOfPage\":{\"@id\":\"https:\/\/liiveri.net\/uutiset\/viisi-taideprojektia-starttaa-ensi-vuonna\/#primaryimage\"},\"image\":{\"@id\":\"https:\/\/liiveri.net\/uutiset\/viisi-taideprojektia-starttaa-ensi-vuonna\/#primaryimage\"},\"thumbnailUrl\":\"https:\/\/liiveri.net\/wp-content\/uploads\/2023\/02\/placeholder.png\",\"datePublished\":\"2019-11-20T13:27:00+00:00\",\"dateModified\":\"2023-03-24T08:07:00+00:00\",\"breadcrumb\":{\"@id\":\"https:\/\/liiveri.net\/uutiset\/viisi-taideprojektia-starttaa-ensi-vuonna\/#breadcrumb\"},\"inLanguage\":\"en-GB\",\"potentialAction\":[{\"@type\":\"ReadAction\",\"target\":[\"https:\/\/liiveri.net\/uutiset\/viisi-taideprojektia-starttaa-ensi-vuonna\/\"]}]},{\"@type\":\"ImageObject\",\"inLanguage\":\"en-GB\",\"@id\":\"https:\/\/liiveri.net\/uutiset\/viisi-taideprojektia-starttaa-ensi-vuonna\/#primaryimage\",\"url\":\"https:\/\/liiveri.net\/wp-content\/uploads\/2023\/02\/placeholder.png\",\"contentUrl\":\"https:\/\/liiveri.net\/wp-content\/uploads\/2023\/02\/placeholder.png\",\"width\":1920,\"height\":1080,\"caption\":\"Leader Liiveri -logo.\"},{\"@type\":\"BreadcrumbList\",\"@id\":\"https:\/\/liiveri.net\/uutiset\/viisi-taideprojektia-starttaa-ensi-vuonna\/#breadcrumb\",\"itemListElement\":[{\"@type\":\"ListItem\",\"position\":1,\"name\":\"Etusivu\",\"item\":\"https:\/\/liiveri.net\/\"},{\"@type\":\"ListItem\",\"position\":2,\"name\":\"Viisi taideprojektia starttaa ensi vuonna\"}]},{\"@type\":\"WebSite\",\"@id\":\"https:\/\/liiveri.net\/#website\",\"url\":\"https:\/\/liiveri.net\/\",\"name\":\"Liiveri - Kehitt\u00e4misyhdistys\",\"description\":\"REILU RAHOITTAJA PALVELUKSESSASI\",\"publisher\":{\"@id\":\"https:\/\/liiveri.net\/#organization\"},\"potentialAction\":[{\"@type\":\"SearchAction\",\"target\":{\"@type\":\"EntryPoint\",\"urlTemplate\":\"https:\/\/liiveri.net\/?s={search_term_string}\"},\"query-input\":\"required name=search_term_string\"}],\"inLanguage\":\"en-GB\"},{\"@type\":\"Organization\",\"@id\":\"https:\/\/liiveri.net\/#organization\",\"name\":\"Kehitt\u00e4misyhdistys Liiveri ry\",\"url\":\"https:\/\/liiveri.net\/\",\"logo\":{\"@type\":\"ImageObject\",\"inLanguage\":\"en-GB\",\"@id\":\"https:\/\/liiveri.net\/#\/schema\/logo\/image\/\",\"url\":\"https:\/\/liiveri.net\/wp-content\/uploads\/2023\/02\/placeholder.png\",\"contentUrl\":\"https:\/\/liiveri.net\/wp-content\/uploads\/2023\/02\/placeholder.png\",\"width\":1920,\"height\":1080,\"caption\":\"Kehitt\u00e4misyhdistys Liiveri ry\"},\"image\":{\"@id\":\"https:\/\/liiveri.net\/#\/schema\/logo\/image\/\"},\"sameAs\":[\"https:\/\/www.facebook.com\/LeaderLiiveri\",\"https:\/\/x.com\/LeaderLiiveri\",\"https:\/\/www.instagram.com\/leaderliiveri\/\"]},{\"@type\":\"Person\",\"@id\":\"https:\/\/liiveri.net\/#\/schema\/person\/4d2151d167ce291fb59ae4929e4f150a\",\"name\":\"Admin\",\"image\":{\"@type\":\"ImageObject\",\"inLanguage\":\"en-GB\",\"@id\":\"https:\/\/liiveri.net\/#\/schema\/person\/image\/\",\"url\":\"https:\/\/liiveri.net\/wp-content\/litespeed\/avatar\/1\/a408f0f48bbe882d38689644bc375f8c.jpg?ver=1777459663\",\"contentUrl\":\"https:\/\/liiveri.net\/wp-content\/litespeed\/avatar\/1\/a408f0f48bbe882d38689644bc375f8c.jpg?ver=1777459663\",\"caption\":\"Admin\"},\"sameAs\":[\"https:\/\/liiveri.net\"],\"url\":\"https:\/\/liiveri.net\/en\/uutiset\/author\/admin\/\"}]}<\/script>\n<!-- \/ Yoast SEO plugin. -->","yoast_head_json":{"title":"Viisi taideprojektia starttaa ensi vuonna - Liiveri","robots":{"index":"index","follow":"follow","max-snippet":"max-snippet:-1","max-image-preview":"max-image-preview:large","max-video-preview":"max-video-preview:-1"},"canonical":"https:\/\/liiveri.net\/en\/uutiset\/viisi-taideprojektia-starttaa-ensi-vuonna\/","og_locale":"en_GB","og_type":"article","og_title":"Viisi taideprojektia starttaa ensi vuonna - Liiveri","og_description":"Muraali luistelukoppiin, taideteokset leikkipuistoon, muistot lauluiksi, taidetta el&auml;mysportaille, paikallishistorian tarinallistaminen&hellip; Viisi ennakkoluulotonta yhdistyst&auml; sai rahoitusta taitelijan palkkaamiseen: MLL Jalasj&auml;rvi: Aukustipuistoon ja nuorisotalo Wilholan pihaan pysyv&auml;t kuvataideteokset lasten ja nuorten kanssa. Palkataan yksi tai kaksi taitelijaa ty&ouml;pariksi 3-4 kuukaudeksi. Ilmajoen yritt&auml;j&auml;t ry: Leikkipuiston tarinallistaminen historiasta ammentaen. Palkataan kolme taiteilijaa. Kulttuuriyhdistys KoHo ry: Duo Ohoiva tallentaa rautatiel&auml;isten [&hellip;]","og_url":"https:\/\/liiveri.net\/en\/uutiset\/viisi-taideprojektia-starttaa-ensi-vuonna\/","og_site_name":"Liiveri","article_publisher":"https:\/\/www.facebook.com\/LeaderLiiveri","article_published_time":"2019-11-20T13:27:00+00:00","article_modified_time":"2023-03-24T08:07:00+00:00","og_image":[{"width":1920,"height":1080,"url":"https:\/\/liiveri.net\/wp-content\/uploads\/2023\/02\/placeholder.png","type":"image\/png"}],"author":"Admin","twitter_card":"summary_large_image","twitter_creator":"@LeaderLiiveri","twitter_site":"@LeaderLiiveri","twitter_misc":{"Written by":"Admin","Estimated reading time":"1 minute"},"schema":{"@context":"https:\/\/schema.org","@graph":[{"@type":"Article","@id":"https:\/\/liiveri.net\/uutiset\/viisi-taideprojektia-starttaa-ensi-vuonna\/#article","isPartOf":{"@id":"https:\/\/liiveri.net\/uutiset\/viisi-taideprojektia-starttaa-ensi-vuonna\/"},"author":{"name":"Admin","@id":"https:\/\/liiveri.net\/#\/schema\/person\/4d2151d167ce291fb59ae4929e4f150a"},"headline":"Viisi taideprojektia starttaa ensi vuonna","datePublished":"2019-11-20T13:27:00+00:00","dateModified":"2023-03-24T08:07:00+00:00","mainEntityOfPage":{"@id":"https:\/\/liiveri.net\/uutiset\/viisi-taideprojektia-starttaa-ensi-vuonna\/"},"wordCount":266,"commentCount":0,"publisher":{"@id":"https:\/\/liiveri.net\/#organization"},"image":{"@id":"https:\/\/liiveri.net\/uutiset\/viisi-taideprojektia-starttaa-ensi-vuonna\/#primaryimage"},"thumbnailUrl":"https:\/\/liiveri.net\/wp-content\/uploads\/2023\/02\/placeholder.png","articleSection":["Uutiset"],"inLanguage":"en-GB","potentialAction":[{"@type":"CommentAction","name":"Comment","target":["https:\/\/liiveri.net\/uutiset\/viisi-taideprojektia-starttaa-ensi-vuonna\/#respond"]}]},{"@type":"WebPage","@id":"https:\/\/liiveri.net\/uutiset\/viisi-taideprojektia-starttaa-ensi-vuonna\/","url":"https:\/\/liiveri.net\/uutiset\/viisi-taideprojektia-starttaa-ensi-vuonna\/","name":"Viisi taideprojektia starttaa ensi vuonna - Liiveri","isPartOf":{"@id":"https:\/\/liiveri.net\/#website"},"primaryImageOfPage":{"@id":"https:\/\/liiveri.net\/uutiset\/viisi-taideprojektia-starttaa-ensi-vuonna\/#primaryimage"},"image":{"@id":"https:\/\/liiveri.net\/uutiset\/viisi-taideprojektia-starttaa-ensi-vuonna\/#primaryimage"},"thumbnailUrl":"https:\/\/liiveri.net\/wp-content\/uploads\/2023\/02\/placeholder.png","datePublished":"2019-11-20T13:27:00+00:00","dateModified":"2023-03-24T08:07:00+00:00","breadcrumb":{"@id":"https:\/\/liiveri.net\/uutiset\/viisi-taideprojektia-starttaa-ensi-vuonna\/#breadcrumb"},"inLanguage":"en-GB","potentialAction":[{"@type":"ReadAction","target":["https:\/\/liiveri.net\/uutiset\/viisi-taideprojektia-starttaa-ensi-vuonna\/"]}]},{"@type":"ImageObject","inLanguage":"en-GB","@id":"https:\/\/liiveri.net\/uutiset\/viisi-taideprojektia-starttaa-ensi-vuonna\/#primaryimage","url":"https:\/\/liiveri.net\/wp-content\/uploads\/2023\/02\/placeholder.png","contentUrl":"https:\/\/liiveri.net\/wp-content\/uploads\/2023\/02\/placeholder.png","width":1920,"height":1080,"caption":"Leader Liiveri -logo."},{"@type":"BreadcrumbList","@id":"https:\/\/liiveri.net\/uutiset\/viisi-taideprojektia-starttaa-ensi-vuonna\/#breadcrumb","itemListElement":[{"@type":"ListItem","position":1,"name":"Etusivu","item":"https:\/\/liiveri.net\/"},{"@type":"ListItem","position":2,"name":"Viisi taideprojektia starttaa ensi vuonna"}]},{"@type":"WebSite","@id":"https:\/\/liiveri.net\/#website","url":"https:\/\/liiveri.net\/","name":"Liiveri - Kehitt\u00e4misyhdistys","description":"REILU RAHOITTAJA PALVELUKSESSASI","publisher":{"@id":"https:\/\/liiveri.net\/#organization"},"potentialAction":[{"@type":"SearchAction","target":{"@type":"EntryPoint","urlTemplate":"https:\/\/liiveri.net\/?s={search_term_string}"},"query-input":"required name=search_term_string"}],"inLanguage":"en-GB"},{"@type":"Organization","@id":"https:\/\/liiveri.net\/#organization","name":"Kehitt\u00e4misyhdistys Liiveri ry","url":"https:\/\/liiveri.net\/","logo":{"@type":"ImageObject","inLanguage":"en-GB","@id":"https:\/\/liiveri.net\/#\/schema\/logo\/image\/","url":"https:\/\/liiveri.net\/wp-content\/uploads\/2023\/02\/placeholder.png","contentUrl":"https:\/\/liiveri.net\/wp-content\/uploads\/2023\/02\/placeholder.png","width":1920,"height":1080,"caption":"Kehitt\u00e4misyhdistys Liiveri ry"},"image":{"@id":"https:\/\/liiveri.net\/#\/schema\/logo\/image\/"},"sameAs":["https:\/\/www.facebook.com\/LeaderLiiveri","https:\/\/x.com\/LeaderLiiveri","https:\/\/www.instagram.com\/leaderliiveri\/"]},{"@type":"Person","@id":"https:\/\/liiveri.net\/#\/schema\/person\/4d2151d167ce291fb59ae4929e4f150a","name":"Admin","image":{"@type":"ImageObject","inLanguage":"en-GB","@id":"https:\/\/liiveri.net\/#\/schema\/person\/image\/","url":"https:\/\/liiveri.net\/wp-content\/litespeed\/avatar\/1\/a408f0f48bbe882d38689644bc375f8c.jpg?ver=1777459663","contentUrl":"https:\/\/liiveri.net\/wp-content\/litespeed\/avatar\/1\/a408f0f48bbe882d38689644bc375f8c.jpg?ver=1777459663","caption":"Admin"},"sameAs":["https:\/\/liiveri.net"],"url":"https:\/\/liiveri.net\/en\/uutiset\/author\/admin\/"}]}},"acf":[],"_links":{"self":[{"href":"https:\/\/liiveri.net\/en\/wp-json\/wp\/v2\/posts\/3210","targetHints":{"allow":["GET"]}}],"collection":[{"href":"https:\/\/liiveri.net\/en\/wp-json\/wp\/v2\/posts"}],"about":[{"href":"https:\/\/liiveri.net\/en\/wp-json\/wp\/v2\/types\/post"}],"author":[{"embeddable":true,"href":"https:\/\/liiveri.net\/en\/wp-json\/wp\/v2\/users\/1"}],"replies":[{"embeddable":true,"href":"https:\/\/liiveri.net\/en\/wp-json\/wp\/v2\/comments?post=3210"}],"version-history":[{"count":0,"href":"https:\/\/liiveri.net\/en\/wp-json\/wp\/v2\/posts\/3210\/revisions"}],"wp:featuredmedia":[{"embeddable":true,"href":"https:\/\/liiveri.net\/en\/wp-json\/wp\/v2\/media\/948"}],"wp:attachment":[{"href":"https:\/\/liiveri.net\/en\/wp-json\/wp\/v2\/media?parent=3210"}],"wp:term":[{"taxonomy":"category","embeddable":true,"href":"https:\/\/liiveri.net\/en\/wp-json\/wp\/v2\/categories?post=3210"},{"taxonomy":"post_tag","embeddable":true,"href":"https:\/\/liiveri.net\/en\/wp-json\/wp\/v2\/tags?post=3210"}],"curies":[{"name":"wp","href":"https:\/\/api.w.org\/{rel}","templated":true}]}}