{"id":3223,"date":"2020-06-16T09:34:00","date_gmt":"2020-06-16T06:34:00","guid":{"rendered":"https:\/\/liiveri.net\/blog\/2020\/06\/16\/julkinen-kuuleminen-valokuituverkon-rakentamisesta\/"},"modified":"2023-03-24T10:07:02","modified_gmt":"2023-03-24T08:07:02","slug":"julkinen-kuuleminen-valokuituverkon-rakentamisesta","status":"publish","type":"post","link":"https:\/\/liiveri.net\/en\/uutiset\/julkinen-kuuleminen-valokuituverkon-rakentamisesta\/","title":{"rendered":"Public consultation on the construction of a fiber optic network"},"content":{"rendered":"<p>Suupohjan Seutuverkko Oy (Sunet) plans to build a fiber optic network in Jalasj\u00e4rvi, Kurikan, in the Sikakyl\u00e4 and Keskikyl\u00e4 areas during 2020\u20132021. Subscriber connections will be implemented with fixed fiber optic connections, which will enable the free acquisition of various services from different service providers. Support for the investment project is being sought from the Sein\u00e4joki Region Development Association Liiveri ry.<\/p>\n<p>There are no fiber optic connections available for households or businesses operating in the village in the Sikakyl\u00e4 and Keskikyl\u00e4 areas.<\/p>\n<p>Through this consultation procedure, Sunet Oy is asking operators to indicate whether they intend to build a similar fiber optic network in the Sikakyl\u00e4 and Keskikyl\u00e4 areas.<\/p>\n<p>The notification must be sent to Suupohjan Seutuverkko Oy by 30 June 2020 at 16:00 by post to the address Suupohjan Seutuverkko Oy, Kentt\u00e4tie 10A3, 61800 Kauhajoki or by email to info@sunet.fi<\/p>\n<p>More information:<\/p>\n<p>Aatu Samppala, Suupohjan Regional Network Ltd, 040 841 6129, aatu.samppala@sunet.fi<\/p>\n<p>Sinikka Koivum\u00e4ki, Leader Liiveri, 040 513 1824, sinikka.koivumaki@liiveri.net<\/p>\n<p><a href=\"\/en\/images\/Julkinen kuuleminen_Sikakyla-Keskikyla-v1.1.pdf\/\" target=\"_blank\" rel=\"noopener\">Announcement with map<\/a> (pdf)<\/p>\n<p>&nbsp;<\/p>\n<p>&nbsp;<\/p>","protected":false},"excerpt":{"rendered":"<p>Suupohjan Seutuverkko Oy (Sunet) plans to build a fiber optic network in Jalasj\u00e4rvi, Kurikan, in the Sikakyl\u00e4 and Keskikyl\u00e4 areas during 2020\u20132021. Subscriber connections will be implemented with fixed fiber optic connections, which will enable the free acquisition of various services from different service providers. Support for the investment project is being sought from the Sein\u00e4joki Region Development Association Liiveri ry. There are no fiber optic connections available for households or businesses operating in the village in the Sikakyl\u00e4 and Keskikyl\u00e4 areas. Through this consultation procedure, Sunet Oy [\u2026]<\/p>","protected":false},"author":1,"featured_media":948,"comment_status":"open","ping_status":"open","sticky":false,"template":"","format":"standard","meta":{"_acf_changed":false,"footnotes":""},"categories":[30],"tags":[],"class_list":["post-3223","post","type-post","status-publish","format-standard","has-post-thumbnail","hentry","category-uutiset"],"yoast_head":"<!-- This site is optimized with the Yoast SEO plugin v23.3 - https:\/\/yoast.com\/wordpress\/plugins\/seo\/ -->\n<title>Julkinen kuuleminen valokuituverkon rakentamisesta - Liiveri<\/title>\n<meta name=\"robots\" content=\"index, follow, max-snippet:-1, max-image-preview:large, max-video-preview:-1\" \/>\n<link rel=\"canonical\" href=\"https:\/\/liiveri.net\/en\/uutiset\/julkinen-kuuleminen-valokuituverkon-rakentamisesta\/\" \/>\n<meta property=\"og:locale\" content=\"en_GB\" \/>\n<meta property=\"og:type\" content=\"article\" \/>\n<meta property=\"og:title\" content=\"Julkinen kuuleminen valokuituverkon rakentamisesta - Liiveri\" \/>\n<meta property=\"og:description\" content=\"Suupohjan Seutuverkko Oy (Sunet) aikoo rakennuttaa valokuituverkon Kurikan Jalasj&auml;rvell&auml; Sikakyl&auml;n ja Keskikyl&auml;n alueelle vuoden 2020 &#8211; 2021 aikana. Tilaajaliittym&auml;t toteutetaan kiinteill&auml; valokuituyhteyksill&auml;, jotka mahdollistavat erilaisten palveluiden hankkimisen vapaasti eri palveluntarjoajilta. Investointihankkeeseen haetaan tukea Sein&auml;joen Seudun Kehitt&auml;misyhdistys Liiveri ry:lt&auml;. Sikakyl&auml;n ja Keskikyl&auml;n alueella ei ole tarjolla valokuituyhteyksi&auml; kotitalouksille eik&auml; kyl&auml;ss&auml; toimiville yrityksille. T&auml;ll&auml; kuulemismenettelyll&auml; Sunet Oy [&hellip;]\" \/>\n<meta property=\"og:url\" content=\"https:\/\/liiveri.net\/en\/uutiset\/julkinen-kuuleminen-valokuituverkon-rakentamisesta\/\" \/>\n<meta property=\"og:site_name\" content=\"Liiveri\" \/>\n<meta property=\"article:publisher\" content=\"https:\/\/www.facebook.com\/LeaderLiiveri\" \/>\n<meta property=\"article:published_time\" content=\"2020-06-16T06:34:00+00:00\" \/>\n<meta property=\"article:modified_time\" content=\"2023-03-24T08:07:02+00:00\" \/>\n<meta property=\"og:image\" content=\"https:\/\/liiveri.net\/wp-content\/uploads\/2023\/02\/placeholder.png\" \/>\n\t<meta property=\"og:image:width\" content=\"1920\" \/>\n\t<meta property=\"og:image:height\" content=\"1080\" \/>\n\t<meta property=\"og:image:type\" content=\"image\/png\" \/>\n<meta name=\"author\" content=\"Admin\" \/>\n<meta name=\"twitter:card\" content=\"summary_large_image\" \/>\n<meta name=\"twitter:creator\" content=\"@LeaderLiiveri\" \/>\n<meta name=\"twitter:site\" content=\"@LeaderLiiveri\" \/>\n<meta name=\"twitter:label1\" content=\"Written by\" \/>\n\t<meta name=\"twitter:data1\" content=\"Admin\" \/>\n\t<meta name=\"twitter:label2\" content=\"Estimated reading time\" \/>\n\t<meta name=\"twitter:data2\" content=\"1 minute\" \/>\n<script type=\"application\/ld+json\" class=\"yoast-schema-graph\">{\"@context\":\"https:\/\/schema.org\",\"@graph\":[{\"@type\":\"Article\",\"@id\":\"https:\/\/liiveri.net\/uutiset\/julkinen-kuuleminen-valokuituverkon-rakentamisesta\/#article\",\"isPartOf\":{\"@id\":\"https:\/\/liiveri.net\/uutiset\/julkinen-kuuleminen-valokuituverkon-rakentamisesta\/\"},\"author\":{\"name\":\"Admin\",\"@id\":\"https:\/\/liiveri.net\/#\/schema\/person\/4d2151d167ce291fb59ae4929e4f150a\"},\"headline\":\"Julkinen kuuleminen valokuituverkon rakentamisesta\",\"datePublished\":\"2020-06-16T06:34:00+00:00\",\"dateModified\":\"2023-03-24T08:07:02+00:00\",\"mainEntityOfPage\":{\"@id\":\"https:\/\/liiveri.net\/uutiset\/julkinen-kuuleminen-valokuituverkon-rakentamisesta\/\"},\"wordCount\":168,\"commentCount\":0,\"publisher\":{\"@id\":\"https:\/\/liiveri.net\/#organization\"},\"image\":{\"@id\":\"https:\/\/liiveri.net\/uutiset\/julkinen-kuuleminen-valokuituverkon-rakentamisesta\/#primaryimage\"},\"thumbnailUrl\":\"https:\/\/liiveri.net\/wp-content\/uploads\/2023\/02\/placeholder.png\",\"articleSection\":[\"Uutiset\"],\"inLanguage\":\"en-GB\",\"potentialAction\":[{\"@type\":\"CommentAction\",\"name\":\"Comment\",\"target\":[\"https:\/\/liiveri.net\/uutiset\/julkinen-kuuleminen-valokuituverkon-rakentamisesta\/#respond\"]}]},{\"@type\":\"WebPage\",\"@id\":\"https:\/\/liiveri.net\/uutiset\/julkinen-kuuleminen-valokuituverkon-rakentamisesta\/\",\"url\":\"https:\/\/liiveri.net\/uutiset\/julkinen-kuuleminen-valokuituverkon-rakentamisesta\/\",\"name\":\"Julkinen kuuleminen valokuituverkon rakentamisesta - Liiveri\",\"isPartOf\":{\"@id\":\"https:\/\/liiveri.net\/#website\"},\"primaryImageOfPage\":{\"@id\":\"https:\/\/liiveri.net\/uutiset\/julkinen-kuuleminen-valokuituverkon-rakentamisesta\/#primaryimage\"},\"image\":{\"@id\":\"https:\/\/liiveri.net\/uutiset\/julkinen-kuuleminen-valokuituverkon-rakentamisesta\/#primaryimage\"},\"thumbnailUrl\":\"https:\/\/liiveri.net\/wp-content\/uploads\/2023\/02\/placeholder.png\",\"datePublished\":\"2020-06-16T06:34:00+00:00\",\"dateModified\":\"2023-03-24T08:07:02+00:00\",\"breadcrumb\":{\"@id\":\"https:\/\/liiveri.net\/uutiset\/julkinen-kuuleminen-valokuituverkon-rakentamisesta\/#breadcrumb\"},\"inLanguage\":\"en-GB\",\"potentialAction\":[{\"@type\":\"ReadAction\",\"target\":[\"https:\/\/liiveri.net\/uutiset\/julkinen-kuuleminen-valokuituverkon-rakentamisesta\/\"]}]},{\"@type\":\"ImageObject\",\"inLanguage\":\"en-GB\",\"@id\":\"https:\/\/liiveri.net\/uutiset\/julkinen-kuuleminen-valokuituverkon-rakentamisesta\/#primaryimage\",\"url\":\"https:\/\/liiveri.net\/wp-content\/uploads\/2023\/02\/placeholder.png\",\"contentUrl\":\"https:\/\/liiveri.net\/wp-content\/uploads\/2023\/02\/placeholder.png\",\"width\":1920,\"height\":1080,\"caption\":\"Leader Liiveri -logo.\"},{\"@type\":\"BreadcrumbList\",\"@id\":\"https:\/\/liiveri.net\/uutiset\/julkinen-kuuleminen-valokuituverkon-rakentamisesta\/#breadcrumb\",\"itemListElement\":[{\"@type\":\"ListItem\",\"position\":1,\"name\":\"Etusivu\",\"item\":\"https:\/\/liiveri.net\/\"},{\"@type\":\"ListItem\",\"position\":2,\"name\":\"Julkinen kuuleminen valokuituverkon rakentamisesta\"}]},{\"@type\":\"WebSite\",\"@id\":\"https:\/\/liiveri.net\/#website\",\"url\":\"https:\/\/liiveri.net\/\",\"name\":\"Liiveri - Kehitt\u00e4misyhdistys\",\"description\":\"REILU RAHOITTAJA PALVELUKSESSASI\",\"publisher\":{\"@id\":\"https:\/\/liiveri.net\/#organization\"},\"potentialAction\":[{\"@type\":\"SearchAction\",\"target\":{\"@type\":\"EntryPoint\",\"urlTemplate\":\"https:\/\/liiveri.net\/?s={search_term_string}\"},\"query-input\":\"required name=search_term_string\"}],\"inLanguage\":\"en-GB\"},{\"@type\":\"Organization\",\"@id\":\"https:\/\/liiveri.net\/#organization\",\"name\":\"Kehitt\u00e4misyhdistys Liiveri ry\",\"url\":\"https:\/\/liiveri.net\/\",\"logo\":{\"@type\":\"ImageObject\",\"inLanguage\":\"en-GB\",\"@id\":\"https:\/\/liiveri.net\/#\/schema\/logo\/image\/\",\"url\":\"https:\/\/liiveri.net\/wp-content\/uploads\/2023\/02\/placeholder.png\",\"contentUrl\":\"https:\/\/liiveri.net\/wp-content\/uploads\/2023\/02\/placeholder.png\",\"width\":1920,\"height\":1080,\"caption\":\"Kehitt\u00e4misyhdistys Liiveri ry\"},\"image\":{\"@id\":\"https:\/\/liiveri.net\/#\/schema\/logo\/image\/\"},\"sameAs\":[\"https:\/\/www.facebook.com\/LeaderLiiveri\",\"https:\/\/x.com\/LeaderLiiveri\",\"https:\/\/www.instagram.com\/leaderliiveri\/\"]},{\"@type\":\"Person\",\"@id\":\"https:\/\/liiveri.net\/#\/schema\/person\/4d2151d167ce291fb59ae4929e4f150a\",\"name\":\"Admin\",\"image\":{\"@type\":\"ImageObject\",\"inLanguage\":\"en-GB\",\"@id\":\"https:\/\/liiveri.net\/#\/schema\/person\/image\/\",\"url\":\"https:\/\/liiveri.net\/wp-content\/litespeed\/avatar\/1\/a408f0f48bbe882d38689644bc375f8c.jpg?ver=1777459663\",\"contentUrl\":\"https:\/\/liiveri.net\/wp-content\/litespeed\/avatar\/1\/a408f0f48bbe882d38689644bc375f8c.jpg?ver=1777459663\",\"caption\":\"Admin\"},\"sameAs\":[\"https:\/\/liiveri.net\"],\"url\":\"https:\/\/liiveri.net\/en\/uutiset\/author\/admin\/\"}]}<\/script>\n<!-- \/ Yoast SEO plugin. -->","yoast_head_json":{"title":"Julkinen kuuleminen valokuituverkon rakentamisesta - Liiveri","robots":{"index":"index","follow":"follow","max-snippet":"max-snippet:-1","max-image-preview":"max-image-preview:large","max-video-preview":"max-video-preview:-1"},"canonical":"https:\/\/liiveri.net\/en\/uutiset\/julkinen-kuuleminen-valokuituverkon-rakentamisesta\/","og_locale":"en_GB","og_type":"article","og_title":"Julkinen kuuleminen valokuituverkon rakentamisesta - Liiveri","og_description":"Suupohjan Seutuverkko Oy (Sunet) aikoo rakennuttaa valokuituverkon Kurikan Jalasj&auml;rvell&auml; Sikakyl&auml;n ja Keskikyl&auml;n alueelle vuoden 2020 &#8211; 2021 aikana. Tilaajaliittym&auml;t toteutetaan kiinteill&auml; valokuituyhteyksill&auml;, jotka mahdollistavat erilaisten palveluiden hankkimisen vapaasti eri palveluntarjoajilta. Investointihankkeeseen haetaan tukea Sein&auml;joen Seudun Kehitt&auml;misyhdistys Liiveri ry:lt&auml;. Sikakyl&auml;n ja Keskikyl&auml;n alueella ei ole tarjolla valokuituyhteyksi&auml; kotitalouksille eik&auml; kyl&auml;ss&auml; toimiville yrityksille. T&auml;ll&auml; kuulemismenettelyll&auml; Sunet Oy [&hellip;]","og_url":"https:\/\/liiveri.net\/en\/uutiset\/julkinen-kuuleminen-valokuituverkon-rakentamisesta\/","og_site_name":"Liiveri","article_publisher":"https:\/\/www.facebook.com\/LeaderLiiveri","article_published_time":"2020-06-16T06:34:00+00:00","article_modified_time":"2023-03-24T08:07:02+00:00","og_image":[{"width":1920,"height":1080,"url":"https:\/\/liiveri.net\/wp-content\/uploads\/2023\/02\/placeholder.png","type":"image\/png"}],"author":"Admin","twitter_card":"summary_large_image","twitter_creator":"@LeaderLiiveri","twitter_site":"@LeaderLiiveri","twitter_misc":{"Written by":"Admin","Estimated reading time":"1 minute"},"schema":{"@context":"https:\/\/schema.org","@graph":[{"@type":"Article","@id":"https:\/\/liiveri.net\/uutiset\/julkinen-kuuleminen-valokuituverkon-rakentamisesta\/#article","isPartOf":{"@id":"https:\/\/liiveri.net\/uutiset\/julkinen-kuuleminen-valokuituverkon-rakentamisesta\/"},"author":{"name":"Admin","@id":"https:\/\/liiveri.net\/#\/schema\/person\/4d2151d167ce291fb59ae4929e4f150a"},"headline":"Julkinen kuuleminen valokuituverkon rakentamisesta","datePublished":"2020-06-16T06:34:00+00:00","dateModified":"2023-03-24T08:07:02+00:00","mainEntityOfPage":{"@id":"https:\/\/liiveri.net\/uutiset\/julkinen-kuuleminen-valokuituverkon-rakentamisesta\/"},"wordCount":168,"commentCount":0,"publisher":{"@id":"https:\/\/liiveri.net\/#organization"},"image":{"@id":"https:\/\/liiveri.net\/uutiset\/julkinen-kuuleminen-valokuituverkon-rakentamisesta\/#primaryimage"},"thumbnailUrl":"https:\/\/liiveri.net\/wp-content\/uploads\/2023\/02\/placeholder.png","articleSection":["Uutiset"],"inLanguage":"en-GB","potentialAction":[{"@type":"CommentAction","name":"Comment","target":["https:\/\/liiveri.net\/uutiset\/julkinen-kuuleminen-valokuituverkon-rakentamisesta\/#respond"]}]},{"@type":"WebPage","@id":"https:\/\/liiveri.net\/uutiset\/julkinen-kuuleminen-valokuituverkon-rakentamisesta\/","url":"https:\/\/liiveri.net\/uutiset\/julkinen-kuuleminen-valokuituverkon-rakentamisesta\/","name":"Julkinen kuuleminen valokuituverkon rakentamisesta - Liiveri","isPartOf":{"@id":"https:\/\/liiveri.net\/#website"},"primaryImageOfPage":{"@id":"https:\/\/liiveri.net\/uutiset\/julkinen-kuuleminen-valokuituverkon-rakentamisesta\/#primaryimage"},"image":{"@id":"https:\/\/liiveri.net\/uutiset\/julkinen-kuuleminen-valokuituverkon-rakentamisesta\/#primaryimage"},"thumbnailUrl":"https:\/\/liiveri.net\/wp-content\/uploads\/2023\/02\/placeholder.png","datePublished":"2020-06-16T06:34:00+00:00","dateModified":"2023-03-24T08:07:02+00:00","breadcrumb":{"@id":"https:\/\/liiveri.net\/uutiset\/julkinen-kuuleminen-valokuituverkon-rakentamisesta\/#breadcrumb"},"inLanguage":"en-GB","potentialAction":[{"@type":"ReadAction","target":["https:\/\/liiveri.net\/uutiset\/julkinen-kuuleminen-valokuituverkon-rakentamisesta\/"]}]},{"@type":"ImageObject","inLanguage":"en-GB","@id":"https:\/\/liiveri.net\/uutiset\/julkinen-kuuleminen-valokuituverkon-rakentamisesta\/#primaryimage","url":"https:\/\/liiveri.net\/wp-content\/uploads\/2023\/02\/placeholder.png","contentUrl":"https:\/\/liiveri.net\/wp-content\/uploads\/2023\/02\/placeholder.png","width":1920,"height":1080,"caption":"Leader Liiveri -logo."},{"@type":"BreadcrumbList","@id":"https:\/\/liiveri.net\/uutiset\/julkinen-kuuleminen-valokuituverkon-rakentamisesta\/#breadcrumb","itemListElement":[{"@type":"ListItem","position":1,"name":"Etusivu","item":"https:\/\/liiveri.net\/"},{"@type":"ListItem","position":2,"name":"Julkinen kuuleminen valokuituverkon rakentamisesta"}]},{"@type":"WebSite","@id":"https:\/\/liiveri.net\/#website","url":"https:\/\/liiveri.net\/","name":"Liiveri - Kehitt\u00e4misyhdistys","description":"REILU RAHOITTAJA PALVELUKSESSASI","publisher":{"@id":"https:\/\/liiveri.net\/#organization"},"potentialAction":[{"@type":"SearchAction","target":{"@type":"EntryPoint","urlTemplate":"https:\/\/liiveri.net\/?s={search_term_string}"},"query-input":"required name=search_term_string"}],"inLanguage":"en-GB"},{"@type":"Organization","@id":"https:\/\/liiveri.net\/#organization","name":"Kehitt\u00e4misyhdistys Liiveri ry","url":"https:\/\/liiveri.net\/","logo":{"@type":"ImageObject","inLanguage":"en-GB","@id":"https:\/\/liiveri.net\/#\/schema\/logo\/image\/","url":"https:\/\/liiveri.net\/wp-content\/uploads\/2023\/02\/placeholder.png","contentUrl":"https:\/\/liiveri.net\/wp-content\/uploads\/2023\/02\/placeholder.png","width":1920,"height":1080,"caption":"Kehitt\u00e4misyhdistys Liiveri ry"},"image":{"@id":"https:\/\/liiveri.net\/#\/schema\/logo\/image\/"},"sameAs":["https:\/\/www.facebook.com\/LeaderLiiveri","https:\/\/x.com\/LeaderLiiveri","https:\/\/www.instagram.com\/leaderliiveri\/"]},{"@type":"Person","@id":"https:\/\/liiveri.net\/#\/schema\/person\/4d2151d167ce291fb59ae4929e4f150a","name":"Admin","image":{"@type":"ImageObject","inLanguage":"en-GB","@id":"https:\/\/liiveri.net\/#\/schema\/person\/image\/","url":"https:\/\/liiveri.net\/wp-content\/litespeed\/avatar\/1\/a408f0f48bbe882d38689644bc375f8c.jpg?ver=1777459663","contentUrl":"https:\/\/liiveri.net\/wp-content\/litespeed\/avatar\/1\/a408f0f48bbe882d38689644bc375f8c.jpg?ver=1777459663","caption":"Admin"},"sameAs":["https:\/\/liiveri.net"],"url":"https:\/\/liiveri.net\/en\/uutiset\/author\/admin\/"}]}},"acf":[],"_links":{"self":[{"href":"https:\/\/liiveri.net\/en\/wp-json\/wp\/v2\/posts\/3223","targetHints":{"allow":["GET"]}}],"collection":[{"href":"https:\/\/liiveri.net\/en\/wp-json\/wp\/v2\/posts"}],"about":[{"href":"https:\/\/liiveri.net\/en\/wp-json\/wp\/v2\/types\/post"}],"author":[{"embeddable":true,"href":"https:\/\/liiveri.net\/en\/wp-json\/wp\/v2\/users\/1"}],"replies":[{"embeddable":true,"href":"https:\/\/liiveri.net\/en\/wp-json\/wp\/v2\/comments?post=3223"}],"version-history":[{"count":0,"href":"https:\/\/liiveri.net\/en\/wp-json\/wp\/v2\/posts\/3223\/revisions"}],"wp:featuredmedia":[{"embeddable":true,"href":"https:\/\/liiveri.net\/en\/wp-json\/wp\/v2\/media\/948"}],"wp:attachment":[{"href":"https:\/\/liiveri.net\/en\/wp-json\/wp\/v2\/media?parent=3223"}],"wp:term":[{"taxonomy":"category","embeddable":true,"href":"https:\/\/liiveri.net\/en\/wp-json\/wp\/v2\/categories?post=3223"},{"taxonomy":"post_tag","embeddable":true,"href":"https:\/\/liiveri.net\/en\/wp-json\/wp\/v2\/tags?post=3223"}],"curies":[{"name":"wp","href":"https:\/\/api.w.org\/{rel}","templated":true}]}}