{"id":3225,"date":"2020-08-20T11:04:00","date_gmt":"2020-08-20T08:04:00","guid":{"rendered":"https:\/\/liiveri.net\/blog\/2020\/08\/20\/liiverin-hallitus-2020-2021\/"},"modified":"2023-03-24T10:07:02","modified_gmt":"2023-03-24T08:07:02","slug":"liiverin-hallitus-2020-2021","status":"publish","type":"post","link":"https:\/\/liiveri.net\/en\/uutiset\/liiverin-hallitus-2020-2021\/","title":{"rendered":"Liiveri Board 2020 \u2013 2021"},"content":{"rendered":"<p>Entrepreneur continues as chairman of Liiver <strong>Tarja Pienim\u00e4ki<\/strong> From Ilmajoki, the association&#039;s annual meeting decided in August in Jalasj\u00e4rvi.<\/p>\n<p>New members of the board were elected from Ilmajoki <strong>Jaakko Koskenkorva<\/strong> and <strong>Matti Koivuluoma<\/strong>, from Sein\u00e4joki <strong>Jaana Hurme<\/strong> and <strong>Pirkko Ekoluoma<\/strong> and from Jalasj\u00e4rvi <strong>Pia Rita-Luopa<\/strong>The following were elected as new deputy members: <strong>Outi M\u00e4nty<\/strong> and <strong>Janne Etel\u00e4aho<\/strong> From Ilmajoki.<\/p>\n<p>A full member was elected to continue for the new term of office. <strong>Merja Valimaki<\/strong> and deputy&nbsp;<strong>Hannu Ilom\u00e4ki<\/strong>Both are from Sein\u00e4joki.<\/p>\n<p><a href=\"\/en\/images\/Hallitus 2020.pdf\/\" target=\"_blank\" rel=\"noopener\">Liiveri&#039;s government 2020 \u2013 2021. <\/a>(pdf)<\/p>","protected":false},"excerpt":{"rendered":"<p>Entrepreneur Tarja Pienim\u00e4ki from Ilmajoki will continue as the chairman of Liiver, the association&#039;s annual meeting in August in Jalasj\u00e4rvi decided. Jaakko Koskenkorva and Matti Koivuluoma from Ilmajoki, Jaana Hurme and Pirkko Ekoluoma from Sein\u00e4joki, and Pia Rita-Luopa from Jalasj\u00e4rvi were elected as new members of the board. Outi M\u00e4nty and Janne Etel\u00e4aho from Ilmajoki were elected as new deputy members. Full member Merja V\u00e4lim\u00e4ki and deputy member Hannu Ilom\u00e4ki were elected to continue for the new board term. Both are from Sein\u00e4joki. [\u2026]<\/p>","protected":false},"author":1,"featured_media":948,"comment_status":"open","ping_status":"open","sticky":false,"template":"","format":"standard","meta":{"_acf_changed":false,"footnotes":""},"categories":[30],"tags":[],"class_list":["post-3225","post","type-post","status-publish","format-standard","has-post-thumbnail","hentry","category-uutiset"],"yoast_head":"<!-- This site is optimized with the Yoast SEO plugin v23.3 - https:\/\/yoast.com\/wordpress\/plugins\/seo\/ -->\n<title>Liiverin hallitus 2020 - 2021 - Liiveri<\/title>\n<meta name=\"robots\" content=\"index, follow, max-snippet:-1, max-image-preview:large, max-video-preview:-1\" \/>\n<link rel=\"canonical\" href=\"https:\/\/liiveri.net\/en\/uutiset\/liiverin-hallitus-2020-2021\/\" \/>\n<meta property=\"og:locale\" content=\"en_GB\" \/>\n<meta property=\"og:type\" content=\"article\" \/>\n<meta property=\"og:title\" content=\"Liiverin hallitus 2020 - 2021 - Liiveri\" \/>\n<meta property=\"og:description\" content=\"Liiverin puheenjohtajana jatkaa yritt&auml;j&auml; Tarja Pienim&auml;ki Ilmajoelta, p&auml;&auml;tti yhdistyksen vuosikokous elokuussa Jalasj&auml;rvell&auml;. Hallituksen uusiksi j&auml;seniksi valittiin Ilmajoelta Jaakko Koskenkorva ja Matti Koivuluoma, Sein&auml;joelta Jaana Hurme ja Pirkko Ekoluoma sek&auml; Jalasj&auml;rvelt&auml; Pia Rita-Luopa. Uusiksi varaj&auml;seniksi valittiin Outi M&auml;nty ja Janne Etel&auml;aho Ilmajoelta. Uudelle hallituskaudella jatkamaan valittiin varsinainen j&auml;sen Merja V&auml;lim&auml;ki ja varaj&auml;sen&nbsp;Hannu Ilom&auml;ki. Molemmat ovat Sein&auml;joelta. [&hellip;]\" \/>\n<meta property=\"og:url\" content=\"https:\/\/liiveri.net\/en\/uutiset\/liiverin-hallitus-2020-2021\/\" \/>\n<meta property=\"og:site_name\" content=\"Liiveri\" \/>\n<meta property=\"article:publisher\" content=\"https:\/\/www.facebook.com\/LeaderLiiveri\" \/>\n<meta property=\"article:published_time\" content=\"2020-08-20T08:04:00+00:00\" \/>\n<meta property=\"article:modified_time\" content=\"2023-03-24T08:07:02+00:00\" \/>\n<meta property=\"og:image\" content=\"https:\/\/liiveri.net\/wp-content\/uploads\/2023\/02\/placeholder.png\" \/>\n\t<meta property=\"og:image:width\" content=\"1920\" \/>\n\t<meta property=\"og:image:height\" content=\"1080\" \/>\n\t<meta property=\"og:image:type\" content=\"image\/png\" \/>\n<meta name=\"author\" content=\"Admin\" \/>\n<meta name=\"twitter:card\" content=\"summary_large_image\" \/>\n<meta name=\"twitter:creator\" content=\"@LeaderLiiveri\" \/>\n<meta name=\"twitter:site\" content=\"@LeaderLiiveri\" \/>\n<meta name=\"twitter:label1\" content=\"Written by\" \/>\n\t<meta name=\"twitter:data1\" content=\"Admin\" \/>\n<script type=\"application\/ld+json\" class=\"yoast-schema-graph\">{\"@context\":\"https:\/\/schema.org\",\"@graph\":[{\"@type\":\"Article\",\"@id\":\"https:\/\/liiveri.net\/uutiset\/liiverin-hallitus-2020-2021\/#article\",\"isPartOf\":{\"@id\":\"https:\/\/liiveri.net\/uutiset\/liiverin-hallitus-2020-2021\/\"},\"author\":{\"name\":\"Admin\",\"@id\":\"https:\/\/liiveri.net\/#\/schema\/person\/4d2151d167ce291fb59ae4929e4f150a\"},\"headline\":\"Liiverin hallitus 2020 &#8211; 2021\",\"datePublished\":\"2020-08-20T08:04:00+00:00\",\"dateModified\":\"2023-03-24T08:07:02+00:00\",\"mainEntityOfPage\":{\"@id\":\"https:\/\/liiveri.net\/uutiset\/liiverin-hallitus-2020-2021\/\"},\"wordCount\":101,\"commentCount\":0,\"publisher\":{\"@id\":\"https:\/\/liiveri.net\/#organization\"},\"image\":{\"@id\":\"https:\/\/liiveri.net\/uutiset\/liiverin-hallitus-2020-2021\/#primaryimage\"},\"thumbnailUrl\":\"https:\/\/liiveri.net\/wp-content\/uploads\/2023\/02\/placeholder.png\",\"articleSection\":[\"Uutiset\"],\"inLanguage\":\"en-GB\",\"potentialAction\":[{\"@type\":\"CommentAction\",\"name\":\"Comment\",\"target\":[\"https:\/\/liiveri.net\/uutiset\/liiverin-hallitus-2020-2021\/#respond\"]}]},{\"@type\":\"WebPage\",\"@id\":\"https:\/\/liiveri.net\/uutiset\/liiverin-hallitus-2020-2021\/\",\"url\":\"https:\/\/liiveri.net\/uutiset\/liiverin-hallitus-2020-2021\/\",\"name\":\"Liiverin hallitus 2020 - 2021 - Liiveri\",\"isPartOf\":{\"@id\":\"https:\/\/liiveri.net\/#website\"},\"primaryImageOfPage\":{\"@id\":\"https:\/\/liiveri.net\/uutiset\/liiverin-hallitus-2020-2021\/#primaryimage\"},\"image\":{\"@id\":\"https:\/\/liiveri.net\/uutiset\/liiverin-hallitus-2020-2021\/#primaryimage\"},\"thumbnailUrl\":\"https:\/\/liiveri.net\/wp-content\/uploads\/2023\/02\/placeholder.png\",\"datePublished\":\"2020-08-20T08:04:00+00:00\",\"dateModified\":\"2023-03-24T08:07:02+00:00\",\"breadcrumb\":{\"@id\":\"https:\/\/liiveri.net\/uutiset\/liiverin-hallitus-2020-2021\/#breadcrumb\"},\"inLanguage\":\"en-GB\",\"potentialAction\":[{\"@type\":\"ReadAction\",\"target\":[\"https:\/\/liiveri.net\/uutiset\/liiverin-hallitus-2020-2021\/\"]}]},{\"@type\":\"ImageObject\",\"inLanguage\":\"en-GB\",\"@id\":\"https:\/\/liiveri.net\/uutiset\/liiverin-hallitus-2020-2021\/#primaryimage\",\"url\":\"https:\/\/liiveri.net\/wp-content\/uploads\/2023\/02\/placeholder.png\",\"contentUrl\":\"https:\/\/liiveri.net\/wp-content\/uploads\/2023\/02\/placeholder.png\",\"width\":1920,\"height\":1080,\"caption\":\"Leader Liiveri -logo.\"},{\"@type\":\"BreadcrumbList\",\"@id\":\"https:\/\/liiveri.net\/uutiset\/liiverin-hallitus-2020-2021\/#breadcrumb\",\"itemListElement\":[{\"@type\":\"ListItem\",\"position\":1,\"name\":\"Etusivu\",\"item\":\"https:\/\/liiveri.net\/\"},{\"@type\":\"ListItem\",\"position\":2,\"name\":\"Liiverin hallitus 2020 &#8211; 2021\"}]},{\"@type\":\"WebSite\",\"@id\":\"https:\/\/liiveri.net\/#website\",\"url\":\"https:\/\/liiveri.net\/\",\"name\":\"Liiveri - Kehitt\u00e4misyhdistys\",\"description\":\"REILU RAHOITTAJA PALVELUKSESSASI\",\"publisher\":{\"@id\":\"https:\/\/liiveri.net\/#organization\"},\"potentialAction\":[{\"@type\":\"SearchAction\",\"target\":{\"@type\":\"EntryPoint\",\"urlTemplate\":\"https:\/\/liiveri.net\/?s={search_term_string}\"},\"query-input\":\"required name=search_term_string\"}],\"inLanguage\":\"en-GB\"},{\"@type\":\"Organization\",\"@id\":\"https:\/\/liiveri.net\/#organization\",\"name\":\"Kehitt\u00e4misyhdistys Liiveri ry\",\"url\":\"https:\/\/liiveri.net\/\",\"logo\":{\"@type\":\"ImageObject\",\"inLanguage\":\"en-GB\",\"@id\":\"https:\/\/liiveri.net\/#\/schema\/logo\/image\/\",\"url\":\"https:\/\/liiveri.net\/wp-content\/uploads\/2023\/02\/placeholder.png\",\"contentUrl\":\"https:\/\/liiveri.net\/wp-content\/uploads\/2023\/02\/placeholder.png\",\"width\":1920,\"height\":1080,\"caption\":\"Kehitt\u00e4misyhdistys Liiveri ry\"},\"image\":{\"@id\":\"https:\/\/liiveri.net\/#\/schema\/logo\/image\/\"},\"sameAs\":[\"https:\/\/www.facebook.com\/LeaderLiiveri\",\"https:\/\/x.com\/LeaderLiiveri\",\"https:\/\/www.instagram.com\/leaderliiveri\/\"]},{\"@type\":\"Person\",\"@id\":\"https:\/\/liiveri.net\/#\/schema\/person\/4d2151d167ce291fb59ae4929e4f150a\",\"name\":\"Admin\",\"image\":{\"@type\":\"ImageObject\",\"inLanguage\":\"en-GB\",\"@id\":\"https:\/\/liiveri.net\/#\/schema\/person\/image\/\",\"url\":\"https:\/\/liiveri.net\/wp-content\/litespeed\/avatar\/1\/a408f0f48bbe882d38689644bc375f8c.jpg?ver=1777459663\",\"contentUrl\":\"https:\/\/liiveri.net\/wp-content\/litespeed\/avatar\/1\/a408f0f48bbe882d38689644bc375f8c.jpg?ver=1777459663\",\"caption\":\"Admin\"},\"sameAs\":[\"https:\/\/liiveri.net\"],\"url\":\"https:\/\/liiveri.net\/en\/uutiset\/author\/admin\/\"}]}<\/script>\n<!-- \/ Yoast SEO plugin. -->","yoast_head_json":{"title":"Liiverin hallitus 2020 - 2021 - Liiveri","robots":{"index":"index","follow":"follow","max-snippet":"max-snippet:-1","max-image-preview":"max-image-preview:large","max-video-preview":"max-video-preview:-1"},"canonical":"https:\/\/liiveri.net\/en\/uutiset\/liiverin-hallitus-2020-2021\/","og_locale":"en_GB","og_type":"article","og_title":"Liiverin hallitus 2020 - 2021 - Liiveri","og_description":"Liiverin puheenjohtajana jatkaa yritt&auml;j&auml; Tarja Pienim&auml;ki Ilmajoelta, p&auml;&auml;tti yhdistyksen vuosikokous elokuussa Jalasj&auml;rvell&auml;. Hallituksen uusiksi j&auml;seniksi valittiin Ilmajoelta Jaakko Koskenkorva ja Matti Koivuluoma, Sein&auml;joelta Jaana Hurme ja Pirkko Ekoluoma sek&auml; Jalasj&auml;rvelt&auml; Pia Rita-Luopa. Uusiksi varaj&auml;seniksi valittiin Outi M&auml;nty ja Janne Etel&auml;aho Ilmajoelta. Uudelle hallituskaudella jatkamaan valittiin varsinainen j&auml;sen Merja V&auml;lim&auml;ki ja varaj&auml;sen&nbsp;Hannu Ilom&auml;ki. Molemmat ovat Sein&auml;joelta. [&hellip;]","og_url":"https:\/\/liiveri.net\/en\/uutiset\/liiverin-hallitus-2020-2021\/","og_site_name":"Liiveri","article_publisher":"https:\/\/www.facebook.com\/LeaderLiiveri","article_published_time":"2020-08-20T08:04:00+00:00","article_modified_time":"2023-03-24T08:07:02+00:00","og_image":[{"width":1920,"height":1080,"url":"https:\/\/liiveri.net\/wp-content\/uploads\/2023\/02\/placeholder.png","type":"image\/png"}],"author":"Admin","twitter_card":"summary_large_image","twitter_creator":"@LeaderLiiveri","twitter_site":"@LeaderLiiveri","twitter_misc":{"Written by":"Admin"},"schema":{"@context":"https:\/\/schema.org","@graph":[{"@type":"Article","@id":"https:\/\/liiveri.net\/uutiset\/liiverin-hallitus-2020-2021\/#article","isPartOf":{"@id":"https:\/\/liiveri.net\/uutiset\/liiverin-hallitus-2020-2021\/"},"author":{"name":"Admin","@id":"https:\/\/liiveri.net\/#\/schema\/person\/4d2151d167ce291fb59ae4929e4f150a"},"headline":"Liiverin hallitus 2020 &#8211; 2021","datePublished":"2020-08-20T08:04:00+00:00","dateModified":"2023-03-24T08:07:02+00:00","mainEntityOfPage":{"@id":"https:\/\/liiveri.net\/uutiset\/liiverin-hallitus-2020-2021\/"},"wordCount":101,"commentCount":0,"publisher":{"@id":"https:\/\/liiveri.net\/#organization"},"image":{"@id":"https:\/\/liiveri.net\/uutiset\/liiverin-hallitus-2020-2021\/#primaryimage"},"thumbnailUrl":"https:\/\/liiveri.net\/wp-content\/uploads\/2023\/02\/placeholder.png","articleSection":["Uutiset"],"inLanguage":"en-GB","potentialAction":[{"@type":"CommentAction","name":"Comment","target":["https:\/\/liiveri.net\/uutiset\/liiverin-hallitus-2020-2021\/#respond"]}]},{"@type":"WebPage","@id":"https:\/\/liiveri.net\/uutiset\/liiverin-hallitus-2020-2021\/","url":"https:\/\/liiveri.net\/uutiset\/liiverin-hallitus-2020-2021\/","name":"Liiverin hallitus 2020 - 2021 - Liiveri","isPartOf":{"@id":"https:\/\/liiveri.net\/#website"},"primaryImageOfPage":{"@id":"https:\/\/liiveri.net\/uutiset\/liiverin-hallitus-2020-2021\/#primaryimage"},"image":{"@id":"https:\/\/liiveri.net\/uutiset\/liiverin-hallitus-2020-2021\/#primaryimage"},"thumbnailUrl":"https:\/\/liiveri.net\/wp-content\/uploads\/2023\/02\/placeholder.png","datePublished":"2020-08-20T08:04:00+00:00","dateModified":"2023-03-24T08:07:02+00:00","breadcrumb":{"@id":"https:\/\/liiveri.net\/uutiset\/liiverin-hallitus-2020-2021\/#breadcrumb"},"inLanguage":"en-GB","potentialAction":[{"@type":"ReadAction","target":["https:\/\/liiveri.net\/uutiset\/liiverin-hallitus-2020-2021\/"]}]},{"@type":"ImageObject","inLanguage":"en-GB","@id":"https:\/\/liiveri.net\/uutiset\/liiverin-hallitus-2020-2021\/#primaryimage","url":"https:\/\/liiveri.net\/wp-content\/uploads\/2023\/02\/placeholder.png","contentUrl":"https:\/\/liiveri.net\/wp-content\/uploads\/2023\/02\/placeholder.png","width":1920,"height":1080,"caption":"Leader Liiveri -logo."},{"@type":"BreadcrumbList","@id":"https:\/\/liiveri.net\/uutiset\/liiverin-hallitus-2020-2021\/#breadcrumb","itemListElement":[{"@type":"ListItem","position":1,"name":"Etusivu","item":"https:\/\/liiveri.net\/"},{"@type":"ListItem","position":2,"name":"Liiverin hallitus 2020 &#8211; 2021"}]},{"@type":"WebSite","@id":"https:\/\/liiveri.net\/#website","url":"https:\/\/liiveri.net\/","name":"Liiveri - Kehitt\u00e4misyhdistys","description":"REILU RAHOITTAJA PALVELUKSESSASI","publisher":{"@id":"https:\/\/liiveri.net\/#organization"},"potentialAction":[{"@type":"SearchAction","target":{"@type":"EntryPoint","urlTemplate":"https:\/\/liiveri.net\/?s={search_term_string}"},"query-input":"required name=search_term_string"}],"inLanguage":"en-GB"},{"@type":"Organization","@id":"https:\/\/liiveri.net\/#organization","name":"Kehitt\u00e4misyhdistys Liiveri ry","url":"https:\/\/liiveri.net\/","logo":{"@type":"ImageObject","inLanguage":"en-GB","@id":"https:\/\/liiveri.net\/#\/schema\/logo\/image\/","url":"https:\/\/liiveri.net\/wp-content\/uploads\/2023\/02\/placeholder.png","contentUrl":"https:\/\/liiveri.net\/wp-content\/uploads\/2023\/02\/placeholder.png","width":1920,"height":1080,"caption":"Kehitt\u00e4misyhdistys Liiveri ry"},"image":{"@id":"https:\/\/liiveri.net\/#\/schema\/logo\/image\/"},"sameAs":["https:\/\/www.facebook.com\/LeaderLiiveri","https:\/\/x.com\/LeaderLiiveri","https:\/\/www.instagram.com\/leaderliiveri\/"]},{"@type":"Person","@id":"https:\/\/liiveri.net\/#\/schema\/person\/4d2151d167ce291fb59ae4929e4f150a","name":"Admin","image":{"@type":"ImageObject","inLanguage":"en-GB","@id":"https:\/\/liiveri.net\/#\/schema\/person\/image\/","url":"https:\/\/liiveri.net\/wp-content\/litespeed\/avatar\/1\/a408f0f48bbe882d38689644bc375f8c.jpg?ver=1777459663","contentUrl":"https:\/\/liiveri.net\/wp-content\/litespeed\/avatar\/1\/a408f0f48bbe882d38689644bc375f8c.jpg?ver=1777459663","caption":"Admin"},"sameAs":["https:\/\/liiveri.net"],"url":"https:\/\/liiveri.net\/en\/uutiset\/author\/admin\/"}]}},"acf":[],"_links":{"self":[{"href":"https:\/\/liiveri.net\/en\/wp-json\/wp\/v2\/posts\/3225","targetHints":{"allow":["GET"]}}],"collection":[{"href":"https:\/\/liiveri.net\/en\/wp-json\/wp\/v2\/posts"}],"about":[{"href":"https:\/\/liiveri.net\/en\/wp-json\/wp\/v2\/types\/post"}],"author":[{"embeddable":true,"href":"https:\/\/liiveri.net\/en\/wp-json\/wp\/v2\/users\/1"}],"replies":[{"embeddable":true,"href":"https:\/\/liiveri.net\/en\/wp-json\/wp\/v2\/comments?post=3225"}],"version-history":[{"count":0,"href":"https:\/\/liiveri.net\/en\/wp-json\/wp\/v2\/posts\/3225\/revisions"}],"wp:featuredmedia":[{"embeddable":true,"href":"https:\/\/liiveri.net\/en\/wp-json\/wp\/v2\/media\/948"}],"wp:attachment":[{"href":"https:\/\/liiveri.net\/en\/wp-json\/wp\/v2\/media?parent=3225"}],"wp:term":[{"taxonomy":"category","embeddable":true,"href":"https:\/\/liiveri.net\/en\/wp-json\/wp\/v2\/categories?post=3225"},{"taxonomy":"post_tag","embeddable":true,"href":"https:\/\/liiveri.net\/en\/wp-json\/wp\/v2\/tags?post=3225"}],"curies":[{"name":"wp","href":"https:\/\/api.w.org\/{rel}","templated":true}]}}