{"id":3233,"date":"2020-11-20T14:21:00","date_gmt":"2020-11-20T12:21:00","guid":{"rendered":"https:\/\/liiveri.net\/blog\/2020\/11\/20\/kiinnostaako-kylaasi-yhteiskunnallinen-yrittajyys\/"},"modified":"2023-03-24T10:07:03","modified_gmt":"2023-03-24T08:07:03","slug":"kiinnostaako-kylaasi-yhteiskunnallinen-yrittajyys","status":"publish","type":"post","link":"https:\/\/liiveri.net\/en\/uutiset\/kiinnostaako-kylaasi-yhteiskunnallinen-yrittajyys\/","title":{"rendered":"Is your village interested in social entrepreneurship?"},"content":{"rendered":"<p>The Ruralia Institute is looking for pilot villages in the Southern Ostrobothnia region for the Community-based social entrepreneurship in villages project.<\/p>\n<p>You can apply for a pilot village, if<br \/>- you are interested in developing and producing some of the services needed in the village in your area and directing most of the possible profit to the development of the activity or the village and<br \/>- you are interested in carrying out the practical planning and development process of a community-oriented social enterprise of the village community together with other pilot villages.<\/p>\n<p>As a pilot village<br \/>- you get to build service production suitable for the needs of your own village<br \/>- you will receive background material, guidance and support for the activities of other villages and experts.<\/p>\n<p>Register your village as a pilot village by December 14, 2020 by e-mail to katja.rinne-koski@helsinki.fi or by phone at 050 415 1159. Participation in the project is free of charge for pilot villages.<\/p>\n<p>Do you want to hear more about the theme? Take part in the kick-off event organized by the project online on Monday 23 November 2020 at 18:15\u201319:30. Register with Katja Rinne-Koske, you will receive a participation link in your email. <a href=\"https:\/\/www.helsinki.fi\/fi\/ruralia-instituutti\/yhteiskunnallinen-yrittajyys-maaseudulla-ytya?fbclid=IwAR0_eRhpSTAdrdlqlYIgSNePUFET0KtPaUK1iQeBb7OjQOgR_u6aZObUOes\" target=\"_blank\" rel=\"noopener\">Read more about the program of the event, the project and social entrepreneurship.<\/a><\/p>","protected":false},"excerpt":{"rendered":"<p>The Ruralia Institute is looking for pilot villages in the Southern Ostrobothnia region for the Community-based social entrepreneurship in villages project. You can apply to be a pilot village if - you are interested in developing and producing some of the services needed in the village in your area and channeling most of the possible profit to the development of the operation or the village and - you are interested in carrying out the practical planning and development process of a community-oriented social enterprise of the village community together with other pilot villages. As a pilot village \u2013 you get to build your own [...]<\/p>","protected":false},"author":1,"featured_media":948,"comment_status":"open","ping_status":"open","sticky":false,"template":"","format":"standard","meta":{"_acf_changed":false,"footnotes":""},"categories":[30],"tags":[],"class_list":["post-3233","post","type-post","status-publish","format-standard","has-post-thumbnail","hentry","category-uutiset"],"yoast_head":"<!-- This site is optimized with the Yoast SEO plugin v23.3 - https:\/\/yoast.com\/wordpress\/plugins\/seo\/ -->\n<title>Kiinnostaako kyl\u00e4\u00e4si yhteiskunnallinen yritt\u00e4jyys? - Liiveri<\/title>\n<meta name=\"robots\" content=\"index, follow, max-snippet:-1, max-image-preview:large, max-video-preview:-1\" \/>\n<link rel=\"canonical\" href=\"https:\/\/liiveri.net\/en\/uutiset\/kiinnostaako-kylaasi-yhteiskunnallinen-yrittajyys\/\" \/>\n<meta property=\"og:locale\" content=\"en_GB\" \/>\n<meta property=\"og:type\" content=\"article\" \/>\n<meta property=\"og:title\" content=\"Kiinnostaako kyl\u00e4\u00e4si yhteiskunnallinen yritt\u00e4jyys? - Liiveri\" \/>\n<meta property=\"og:description\" content=\"Ruralia-instituutti etsii Etel&auml;-Pohjanmaan alueelta pilottikyli&auml; Yhteis&ouml;laht&ouml;inen yhteiskunnallinen yritt&auml;jyys kyliss&auml; -hankkeeseen. Pilottikyl&auml;ksi voi hakea, mik&auml;li&#8211; olette kiinnostuneita kehitt&auml;m&auml;&auml;n ja tuottamaan joitakin kyl&auml;ss&auml; tarvittavia palveluja alueellanne ja ohjaamaan suurimman osan mahdollisesta voitosta toiminnan tai kyl&auml;n kehitt&auml;miseksi ja&#8211; olette kiinnostuneita viem&auml;&auml;n yhdess&auml; muiden pilottikylien kanssa l&auml;pi kyl&auml;yhteis&ouml;n yhteis&ouml;l&auml;ht&ouml;isen yhteiskunnallisen yrityksen k&auml;yt&auml;nn&ouml;nl&auml;heisen suunnittelu- ja kehitt&auml;misprosessin. Pilottikyl&auml;n&auml;&#8211; p&auml;&auml;sette rakentamaan oman [&hellip;]\" \/>\n<meta property=\"og:url\" content=\"https:\/\/liiveri.net\/en\/uutiset\/kiinnostaako-kylaasi-yhteiskunnallinen-yrittajyys\/\" \/>\n<meta property=\"og:site_name\" content=\"Liiveri\" \/>\n<meta property=\"article:publisher\" content=\"https:\/\/www.facebook.com\/LeaderLiiveri\" \/>\n<meta property=\"article:published_time\" content=\"2020-11-20T12:21:00+00:00\" \/>\n<meta property=\"article:modified_time\" content=\"2023-03-24T08:07:03+00:00\" \/>\n<meta property=\"og:image\" content=\"https:\/\/liiveri.net\/wp-content\/uploads\/2023\/02\/placeholder.png\" \/>\n\t<meta property=\"og:image:width\" content=\"1920\" \/>\n\t<meta property=\"og:image:height\" content=\"1080\" \/>\n\t<meta property=\"og:image:type\" content=\"image\/png\" \/>\n<meta name=\"author\" content=\"Admin\" \/>\n<meta name=\"twitter:card\" content=\"summary_large_image\" \/>\n<meta name=\"twitter:creator\" content=\"@LeaderLiiveri\" \/>\n<meta name=\"twitter:site\" content=\"@LeaderLiiveri\" \/>\n<meta name=\"twitter:label1\" content=\"Written by\" \/>\n\t<meta name=\"twitter:data1\" content=\"Admin\" \/>\n\t<meta name=\"twitter:label2\" content=\"Estimated reading time\" \/>\n\t<meta name=\"twitter:data2\" content=\"1 minute\" \/>\n<script type=\"application\/ld+json\" class=\"yoast-schema-graph\">{\"@context\":\"https:\/\/schema.org\",\"@graph\":[{\"@type\":\"Article\",\"@id\":\"https:\/\/liiveri.net\/uutiset\/kiinnostaako-kylaasi-yhteiskunnallinen-yrittajyys\/#article\",\"isPartOf\":{\"@id\":\"https:\/\/liiveri.net\/uutiset\/kiinnostaako-kylaasi-yhteiskunnallinen-yrittajyys\/\"},\"author\":{\"name\":\"Admin\",\"@id\":\"https:\/\/liiveri.net\/#\/schema\/person\/4d2151d167ce291fb59ae4929e4f150a\"},\"headline\":\"Kiinnostaako kyl\u00e4\u00e4si yhteiskunnallinen yritt\u00e4jyys?\",\"datePublished\":\"2020-11-20T12:21:00+00:00\",\"dateModified\":\"2023-03-24T08:07:03+00:00\",\"mainEntityOfPage\":{\"@id\":\"https:\/\/liiveri.net\/uutiset\/kiinnostaako-kylaasi-yhteiskunnallinen-yrittajyys\/\"},\"wordCount\":208,\"commentCount\":0,\"publisher\":{\"@id\":\"https:\/\/liiveri.net\/#organization\"},\"image\":{\"@id\":\"https:\/\/liiveri.net\/uutiset\/kiinnostaako-kylaasi-yhteiskunnallinen-yrittajyys\/#primaryimage\"},\"thumbnailUrl\":\"https:\/\/liiveri.net\/wp-content\/uploads\/2023\/02\/placeholder.png\",\"articleSection\":[\"Uutiset\"],\"inLanguage\":\"en-GB\",\"potentialAction\":[{\"@type\":\"CommentAction\",\"name\":\"Comment\",\"target\":[\"https:\/\/liiveri.net\/uutiset\/kiinnostaako-kylaasi-yhteiskunnallinen-yrittajyys\/#respond\"]}]},{\"@type\":\"WebPage\",\"@id\":\"https:\/\/liiveri.net\/uutiset\/kiinnostaako-kylaasi-yhteiskunnallinen-yrittajyys\/\",\"url\":\"https:\/\/liiveri.net\/uutiset\/kiinnostaako-kylaasi-yhteiskunnallinen-yrittajyys\/\",\"name\":\"Kiinnostaako kyl\u00e4\u00e4si yhteiskunnallinen yritt\u00e4jyys? - Liiveri\",\"isPartOf\":{\"@id\":\"https:\/\/liiveri.net\/#website\"},\"primaryImageOfPage\":{\"@id\":\"https:\/\/liiveri.net\/uutiset\/kiinnostaako-kylaasi-yhteiskunnallinen-yrittajyys\/#primaryimage\"},\"image\":{\"@id\":\"https:\/\/liiveri.net\/uutiset\/kiinnostaako-kylaasi-yhteiskunnallinen-yrittajyys\/#primaryimage\"},\"thumbnailUrl\":\"https:\/\/liiveri.net\/wp-content\/uploads\/2023\/02\/placeholder.png\",\"datePublished\":\"2020-11-20T12:21:00+00:00\",\"dateModified\":\"2023-03-24T08:07:03+00:00\",\"breadcrumb\":{\"@id\":\"https:\/\/liiveri.net\/uutiset\/kiinnostaako-kylaasi-yhteiskunnallinen-yrittajyys\/#breadcrumb\"},\"inLanguage\":\"en-GB\",\"potentialAction\":[{\"@type\":\"ReadAction\",\"target\":[\"https:\/\/liiveri.net\/uutiset\/kiinnostaako-kylaasi-yhteiskunnallinen-yrittajyys\/\"]}]},{\"@type\":\"ImageObject\",\"inLanguage\":\"en-GB\",\"@id\":\"https:\/\/liiveri.net\/uutiset\/kiinnostaako-kylaasi-yhteiskunnallinen-yrittajyys\/#primaryimage\",\"url\":\"https:\/\/liiveri.net\/wp-content\/uploads\/2023\/02\/placeholder.png\",\"contentUrl\":\"https:\/\/liiveri.net\/wp-content\/uploads\/2023\/02\/placeholder.png\",\"width\":1920,\"height\":1080,\"caption\":\"Leader Liiveri -logo.\"},{\"@type\":\"BreadcrumbList\",\"@id\":\"https:\/\/liiveri.net\/uutiset\/kiinnostaako-kylaasi-yhteiskunnallinen-yrittajyys\/#breadcrumb\",\"itemListElement\":[{\"@type\":\"ListItem\",\"position\":1,\"name\":\"Etusivu\",\"item\":\"https:\/\/liiveri.net\/\"},{\"@type\":\"ListItem\",\"position\":2,\"name\":\"Kiinnostaako kyl\u00e4\u00e4si yhteiskunnallinen yritt\u00e4jyys?\"}]},{\"@type\":\"WebSite\",\"@id\":\"https:\/\/liiveri.net\/#website\",\"url\":\"https:\/\/liiveri.net\/\",\"name\":\"Liiveri - Kehitt\u00e4misyhdistys\",\"description\":\"REILU RAHOITTAJA PALVELUKSESSASI\",\"publisher\":{\"@id\":\"https:\/\/liiveri.net\/#organization\"},\"potentialAction\":[{\"@type\":\"SearchAction\",\"target\":{\"@type\":\"EntryPoint\",\"urlTemplate\":\"https:\/\/liiveri.net\/?s={search_term_string}\"},\"query-input\":\"required name=search_term_string\"}],\"inLanguage\":\"en-GB\"},{\"@type\":\"Organization\",\"@id\":\"https:\/\/liiveri.net\/#organization\",\"name\":\"Kehitt\u00e4misyhdistys Liiveri ry\",\"url\":\"https:\/\/liiveri.net\/\",\"logo\":{\"@type\":\"ImageObject\",\"inLanguage\":\"en-GB\",\"@id\":\"https:\/\/liiveri.net\/#\/schema\/logo\/image\/\",\"url\":\"https:\/\/liiveri.net\/wp-content\/uploads\/2023\/02\/placeholder.png\",\"contentUrl\":\"https:\/\/liiveri.net\/wp-content\/uploads\/2023\/02\/placeholder.png\",\"width\":1920,\"height\":1080,\"caption\":\"Kehitt\u00e4misyhdistys Liiveri ry\"},\"image\":{\"@id\":\"https:\/\/liiveri.net\/#\/schema\/logo\/image\/\"},\"sameAs\":[\"https:\/\/www.facebook.com\/LeaderLiiveri\",\"https:\/\/x.com\/LeaderLiiveri\",\"https:\/\/www.instagram.com\/leaderliiveri\/\"]},{\"@type\":\"Person\",\"@id\":\"https:\/\/liiveri.net\/#\/schema\/person\/4d2151d167ce291fb59ae4929e4f150a\",\"name\":\"Admin\",\"image\":{\"@type\":\"ImageObject\",\"inLanguage\":\"en-GB\",\"@id\":\"https:\/\/liiveri.net\/#\/schema\/person\/image\/\",\"url\":\"https:\/\/liiveri.net\/wp-content\/litespeed\/avatar\/1\/a408f0f48bbe882d38689644bc375f8c.jpg?ver=1777459663\",\"contentUrl\":\"https:\/\/liiveri.net\/wp-content\/litespeed\/avatar\/1\/a408f0f48bbe882d38689644bc375f8c.jpg?ver=1777459663\",\"caption\":\"Admin\"},\"sameAs\":[\"https:\/\/liiveri.net\"],\"url\":\"https:\/\/liiveri.net\/en\/uutiset\/author\/admin\/\"}]}<\/script>\n<!-- \/ Yoast SEO plugin. -->","yoast_head_json":{"title":"Kiinnostaako kyl\u00e4\u00e4si yhteiskunnallinen yritt\u00e4jyys? - Liiveri","robots":{"index":"index","follow":"follow","max-snippet":"max-snippet:-1","max-image-preview":"max-image-preview:large","max-video-preview":"max-video-preview:-1"},"canonical":"https:\/\/liiveri.net\/en\/uutiset\/kiinnostaako-kylaasi-yhteiskunnallinen-yrittajyys\/","og_locale":"en_GB","og_type":"article","og_title":"Kiinnostaako kyl\u00e4\u00e4si yhteiskunnallinen yritt\u00e4jyys? - Liiveri","og_description":"Ruralia-instituutti etsii Etel&auml;-Pohjanmaan alueelta pilottikyli&auml; Yhteis&ouml;laht&ouml;inen yhteiskunnallinen yritt&auml;jyys kyliss&auml; -hankkeeseen. Pilottikyl&auml;ksi voi hakea, mik&auml;li&#8211; olette kiinnostuneita kehitt&auml;m&auml;&auml;n ja tuottamaan joitakin kyl&auml;ss&auml; tarvittavia palveluja alueellanne ja ohjaamaan suurimman osan mahdollisesta voitosta toiminnan tai kyl&auml;n kehitt&auml;miseksi ja&#8211; olette kiinnostuneita viem&auml;&auml;n yhdess&auml; muiden pilottikylien kanssa l&auml;pi kyl&auml;yhteis&ouml;n yhteis&ouml;l&auml;ht&ouml;isen yhteiskunnallisen yrityksen k&auml;yt&auml;nn&ouml;nl&auml;heisen suunnittelu- ja kehitt&auml;misprosessin. Pilottikyl&auml;n&auml;&#8211; p&auml;&auml;sette rakentamaan oman [&hellip;]","og_url":"https:\/\/liiveri.net\/en\/uutiset\/kiinnostaako-kylaasi-yhteiskunnallinen-yrittajyys\/","og_site_name":"Liiveri","article_publisher":"https:\/\/www.facebook.com\/LeaderLiiveri","article_published_time":"2020-11-20T12:21:00+00:00","article_modified_time":"2023-03-24T08:07:03+00:00","og_image":[{"width":1920,"height":1080,"url":"https:\/\/liiveri.net\/wp-content\/uploads\/2023\/02\/placeholder.png","type":"image\/png"}],"author":"Admin","twitter_card":"summary_large_image","twitter_creator":"@LeaderLiiveri","twitter_site":"@LeaderLiiveri","twitter_misc":{"Written by":"Admin","Estimated reading time":"1 minute"},"schema":{"@context":"https:\/\/schema.org","@graph":[{"@type":"Article","@id":"https:\/\/liiveri.net\/uutiset\/kiinnostaako-kylaasi-yhteiskunnallinen-yrittajyys\/#article","isPartOf":{"@id":"https:\/\/liiveri.net\/uutiset\/kiinnostaako-kylaasi-yhteiskunnallinen-yrittajyys\/"},"author":{"name":"Admin","@id":"https:\/\/liiveri.net\/#\/schema\/person\/4d2151d167ce291fb59ae4929e4f150a"},"headline":"Kiinnostaako kyl\u00e4\u00e4si yhteiskunnallinen yritt\u00e4jyys?","datePublished":"2020-11-20T12:21:00+00:00","dateModified":"2023-03-24T08:07:03+00:00","mainEntityOfPage":{"@id":"https:\/\/liiveri.net\/uutiset\/kiinnostaako-kylaasi-yhteiskunnallinen-yrittajyys\/"},"wordCount":208,"commentCount":0,"publisher":{"@id":"https:\/\/liiveri.net\/#organization"},"image":{"@id":"https:\/\/liiveri.net\/uutiset\/kiinnostaako-kylaasi-yhteiskunnallinen-yrittajyys\/#primaryimage"},"thumbnailUrl":"https:\/\/liiveri.net\/wp-content\/uploads\/2023\/02\/placeholder.png","articleSection":["Uutiset"],"inLanguage":"en-GB","potentialAction":[{"@type":"CommentAction","name":"Comment","target":["https:\/\/liiveri.net\/uutiset\/kiinnostaako-kylaasi-yhteiskunnallinen-yrittajyys\/#respond"]}]},{"@type":"WebPage","@id":"https:\/\/liiveri.net\/uutiset\/kiinnostaako-kylaasi-yhteiskunnallinen-yrittajyys\/","url":"https:\/\/liiveri.net\/uutiset\/kiinnostaako-kylaasi-yhteiskunnallinen-yrittajyys\/","name":"Kiinnostaako kyl\u00e4\u00e4si yhteiskunnallinen yritt\u00e4jyys? - Liiveri","isPartOf":{"@id":"https:\/\/liiveri.net\/#website"},"primaryImageOfPage":{"@id":"https:\/\/liiveri.net\/uutiset\/kiinnostaako-kylaasi-yhteiskunnallinen-yrittajyys\/#primaryimage"},"image":{"@id":"https:\/\/liiveri.net\/uutiset\/kiinnostaako-kylaasi-yhteiskunnallinen-yrittajyys\/#primaryimage"},"thumbnailUrl":"https:\/\/liiveri.net\/wp-content\/uploads\/2023\/02\/placeholder.png","datePublished":"2020-11-20T12:21:00+00:00","dateModified":"2023-03-24T08:07:03+00:00","breadcrumb":{"@id":"https:\/\/liiveri.net\/uutiset\/kiinnostaako-kylaasi-yhteiskunnallinen-yrittajyys\/#breadcrumb"},"inLanguage":"en-GB","potentialAction":[{"@type":"ReadAction","target":["https:\/\/liiveri.net\/uutiset\/kiinnostaako-kylaasi-yhteiskunnallinen-yrittajyys\/"]}]},{"@type":"ImageObject","inLanguage":"en-GB","@id":"https:\/\/liiveri.net\/uutiset\/kiinnostaako-kylaasi-yhteiskunnallinen-yrittajyys\/#primaryimage","url":"https:\/\/liiveri.net\/wp-content\/uploads\/2023\/02\/placeholder.png","contentUrl":"https:\/\/liiveri.net\/wp-content\/uploads\/2023\/02\/placeholder.png","width":1920,"height":1080,"caption":"Leader Liiveri -logo."},{"@type":"BreadcrumbList","@id":"https:\/\/liiveri.net\/uutiset\/kiinnostaako-kylaasi-yhteiskunnallinen-yrittajyys\/#breadcrumb","itemListElement":[{"@type":"ListItem","position":1,"name":"Etusivu","item":"https:\/\/liiveri.net\/"},{"@type":"ListItem","position":2,"name":"Kiinnostaako kyl\u00e4\u00e4si yhteiskunnallinen yritt\u00e4jyys?"}]},{"@type":"WebSite","@id":"https:\/\/liiveri.net\/#website","url":"https:\/\/liiveri.net\/","name":"Liiveri - Kehitt\u00e4misyhdistys","description":"REILU RAHOITTAJA PALVELUKSESSASI","publisher":{"@id":"https:\/\/liiveri.net\/#organization"},"potentialAction":[{"@type":"SearchAction","target":{"@type":"EntryPoint","urlTemplate":"https:\/\/liiveri.net\/?s={search_term_string}"},"query-input":"required name=search_term_string"}],"inLanguage":"en-GB"},{"@type":"Organization","@id":"https:\/\/liiveri.net\/#organization","name":"Kehitt\u00e4misyhdistys Liiveri ry","url":"https:\/\/liiveri.net\/","logo":{"@type":"ImageObject","inLanguage":"en-GB","@id":"https:\/\/liiveri.net\/#\/schema\/logo\/image\/","url":"https:\/\/liiveri.net\/wp-content\/uploads\/2023\/02\/placeholder.png","contentUrl":"https:\/\/liiveri.net\/wp-content\/uploads\/2023\/02\/placeholder.png","width":1920,"height":1080,"caption":"Kehitt\u00e4misyhdistys Liiveri ry"},"image":{"@id":"https:\/\/liiveri.net\/#\/schema\/logo\/image\/"},"sameAs":["https:\/\/www.facebook.com\/LeaderLiiveri","https:\/\/x.com\/LeaderLiiveri","https:\/\/www.instagram.com\/leaderliiveri\/"]},{"@type":"Person","@id":"https:\/\/liiveri.net\/#\/schema\/person\/4d2151d167ce291fb59ae4929e4f150a","name":"Admin","image":{"@type":"ImageObject","inLanguage":"en-GB","@id":"https:\/\/liiveri.net\/#\/schema\/person\/image\/","url":"https:\/\/liiveri.net\/wp-content\/litespeed\/avatar\/1\/a408f0f48bbe882d38689644bc375f8c.jpg?ver=1777459663","contentUrl":"https:\/\/liiveri.net\/wp-content\/litespeed\/avatar\/1\/a408f0f48bbe882d38689644bc375f8c.jpg?ver=1777459663","caption":"Admin"},"sameAs":["https:\/\/liiveri.net"],"url":"https:\/\/liiveri.net\/en\/uutiset\/author\/admin\/"}]}},"acf":[],"_links":{"self":[{"href":"https:\/\/liiveri.net\/en\/wp-json\/wp\/v2\/posts\/3233","targetHints":{"allow":["GET"]}}],"collection":[{"href":"https:\/\/liiveri.net\/en\/wp-json\/wp\/v2\/posts"}],"about":[{"href":"https:\/\/liiveri.net\/en\/wp-json\/wp\/v2\/types\/post"}],"author":[{"embeddable":true,"href":"https:\/\/liiveri.net\/en\/wp-json\/wp\/v2\/users\/1"}],"replies":[{"embeddable":true,"href":"https:\/\/liiveri.net\/en\/wp-json\/wp\/v2\/comments?post=3233"}],"version-history":[{"count":0,"href":"https:\/\/liiveri.net\/en\/wp-json\/wp\/v2\/posts\/3233\/revisions"}],"wp:featuredmedia":[{"embeddable":true,"href":"https:\/\/liiveri.net\/en\/wp-json\/wp\/v2\/media\/948"}],"wp:attachment":[{"href":"https:\/\/liiveri.net\/en\/wp-json\/wp\/v2\/media?parent=3233"}],"wp:term":[{"taxonomy":"category","embeddable":true,"href":"https:\/\/liiveri.net\/en\/wp-json\/wp\/v2\/categories?post=3233"},{"taxonomy":"post_tag","embeddable":true,"href":"https:\/\/liiveri.net\/en\/wp-json\/wp\/v2\/tags?post=3233"}],"curies":[{"name":"wp","href":"https:\/\/api.w.org\/{rel}","templated":true}]}}