{"id":3246,"date":"2021-09-29T19:20:00","date_gmt":"2021-09-29T16:20:00","guid":{"rendered":"https:\/\/liiveri.net\/blog\/2021\/09\/29\/niko-luokkakalliolle-vuoden-nuori-paikallistoimija-kunniamaininta\/"},"modified":"2023-05-04T12:51:59","modified_gmt":"2023-05-04T09:51:59","slug":"niko-luokkakalliolle-vuoden-nuori-paikallistoimija-kunniamaininta","status":"publish","type":"post","link":"https:\/\/liiveri.net\/en\/uutiset\/niko-luokkakalliolle-vuoden-nuori-paikallistoimija-kunniamaininta\/","title":{"rendered":"For Niko Luokkakallio, the Young Local Activist of the Year Honorable Mention"},"content":{"rendered":"<p>Niko Luokkakallio from Jalasj\u00e4rvi received the Young Local Activist of the Year honorable mention on Wednesday, September 29. at the Suomen Kyl\u00e4t ry remote award gala. The event was organized in connection with the national Rural Parliament in Kurika.<\/p>\n<p>Niko Luokkakallio, who was the director of Jokipii Nuorisoseura ry&#039;s drama club and was responsible for the club&#039;s activities, has been involved in the youth club&#039;s activities since 2016. In addition, he has been responsible for Nuorisoseurantalo Alane&#039;s reservations and maintaining the website and Facebook pages. He has been part of Leader Liiver&#039;s youth division for the years 2018\u20132021.<\/p>\n<p>Luokkakallio, who has been a member of the board of directors of the Jokipii Youth Society and the Jokipii-Aho village association since 2018, says that he has learned a lot through being involved in the association&#039;s activities.<\/p>\n<p>&quot;We have become familiar with website systems, audio equipment, the association&#039;s administrative matters and the application processes for association grants.&quot;<\/p>\n<p>Experience has also been gained in organizing large events with the traditional Jokipi Country Market.<\/p>\n<p>Luokkakallio feels good about receiving the Young Local Activist of the Year award.<\/p>\n<p>&quot;It shows that my own contribution to the association&#039;s activities is valued.&quot;<\/p>\n<p>After the work of 20-year-old Niko Luokkakallio, the associations have been clearly satisfied, as he has even been offered the position of chairman of the associations. So far, however, he has refused to be a teacher due to his studies as a classroom teacher, which started this fall.<\/p>\n<p>Luokkakallio especially encourages young people to participate in association activities, as the most active members of several associations are getting older. In particular, he is worried about the associations of small villages, whose activities may be at stake due to the decrease in members.<\/p>\n<p>&quot;If you are interested in joining the activities of an association, you should feel free to pinch the association&#039;s people by the sleeve.&quot;<\/p>\n<p>Luokkakallio reminds that in association activities you don&#039;t have to take on a big responsibility, but you can participate as part of various projects, for example as a volunteer.<\/p>\n<p><a title=\"Suomen Kyl\u00e4t awarded local actors\" href=\"https:\/\/suomenkylat.fi\/ansioituneet-paikallistoimijat-palkittiin-suomen-kylien-palkintogaalassa-maaseutuparlamentissa\/\" target=\"_blank\" rel=\"noopener\">Read more about all the local operators awarded by Suomen Kyl\u00e4t ry.<\/a><\/p>","protected":false},"excerpt":{"rendered":"<p>Niko Luokkakallio from Jalasj\u00e4rvi received the Young Local Activist of the Year honorable mention on Wednesday, September 29. at the Suomen Kyl\u00e4t ry remote award gala. The event was organized in connection with the national Rural Parliament in Kurika. Niko Luokkakallio, who was the director of Jokipii Nuorisoseura ry&#039;s drama club and was responsible for the club&#039;s activities, has been involved in the youth club&#039;s activities since 2016. In addition, he has been responsible for Nuorisoseurantalo Alane&#039;s reservations and maintaining the website and Facebook pages. Leader Liiver&#039;s [\u2026]<\/p>","protected":false},"author":1,"featured_media":948,"comment_status":"open","ping_status":"open","sticky":false,"template":"","format":"standard","meta":{"_acf_changed":false,"footnotes":""},"categories":[11,12,14,30],"tags":[],"class_list":["post-3246","post","type-post","status-publish","format-standard","has-post-thumbnail","hentry","category-kylat","category-nuoret","category-yhteisot","category-uutiset"],"yoast_head":"<!-- This site is optimized with the Yoast SEO plugin v23.3 - https:\/\/yoast.com\/wordpress\/plugins\/seo\/ -->\n<title>Niko Luokkakalliolle Vuoden nuori paikallistoimija -kunniamaininta - Liiveri<\/title>\n<meta name=\"robots\" content=\"index, follow, max-snippet:-1, max-image-preview:large, max-video-preview:-1\" \/>\n<link rel=\"canonical\" href=\"https:\/\/liiveri.net\/en\/uutiset\/niko-luokkakalliolle-vuoden-nuori-paikallistoimija-kunniamaininta\/\" \/>\n<meta property=\"og:locale\" content=\"en_GB\" \/>\n<meta property=\"og:type\" content=\"article\" \/>\n<meta property=\"og:title\" content=\"Niko Luokkakalliolle Vuoden nuori paikallistoimija -kunniamaininta - Liiveri\" \/>\n<meta property=\"og:description\" content=\"Jalasj\u00e4rvel\u00e4inen Niko Luokkakallio sai Vuoden nuori paikallistoimija -kunniamaininnan keskiviikkona 29.9. j\u00e4rjestetyss\u00e4 Suomen Kyl\u00e4t ry:n\u00a0 -et\u00e4palkintogaalassa. Tilaisuus j\u00e4rjestettiin valtakunnallisen Maaseutuparlamentin yhteydess\u00e4 Kurikassa. Jokipiin Nuorisoseura ry:n n\u00e4ytelm\u00e4kerhon ohjaajana toiminut \u00a0ja kerhon toiminnasta vastannut Niko Luokkakallio on ollut nuorisoseuran toiminnassa mukana vuodesta 2016 l\u00e4htien. Lis\u00e4ksi h\u00e4n on vastannut Nuorisoseurantalo Alasen varauksista sek\u00e4 netti- ja Facebook-sivujen yll\u00e4pit\u00e4misest\u00e4. Leader Liiverin [&hellip;]\" \/>\n<meta property=\"og:url\" content=\"https:\/\/liiveri.net\/en\/uutiset\/niko-luokkakalliolle-vuoden-nuori-paikallistoimija-kunniamaininta\/\" \/>\n<meta property=\"og:site_name\" content=\"Liiveri\" \/>\n<meta property=\"article:publisher\" content=\"https:\/\/www.facebook.com\/LeaderLiiveri\" \/>\n<meta property=\"article:published_time\" content=\"2021-09-29T16:20:00+00:00\" \/>\n<meta property=\"article:modified_time\" content=\"2023-05-04T09:51:59+00:00\" \/>\n<meta property=\"og:image\" content=\"https:\/\/liiveri.net\/wp-content\/uploads\/2023\/02\/placeholder.png\" \/>\n\t<meta property=\"og:image:width\" content=\"1920\" \/>\n\t<meta property=\"og:image:height\" content=\"1080\" \/>\n\t<meta property=\"og:image:type\" content=\"image\/png\" \/>\n<meta name=\"author\" content=\"Admin\" \/>\n<meta name=\"twitter:card\" content=\"summary_large_image\" \/>\n<meta name=\"twitter:creator\" content=\"@LeaderLiiveri\" \/>\n<meta name=\"twitter:site\" content=\"@LeaderLiiveri\" \/>\n<meta name=\"twitter:label1\" content=\"Written by\" \/>\n\t<meta name=\"twitter:data1\" content=\"Admin\" \/>\n\t<meta name=\"twitter:label2\" content=\"Estimated reading time\" \/>\n\t<meta name=\"twitter:data2\" content=\"2 minutes\" \/>\n<script type=\"application\/ld+json\" class=\"yoast-schema-graph\">{\"@context\":\"https:\/\/schema.org\",\"@graph\":[{\"@type\":\"Article\",\"@id\":\"https:\/\/liiveri.net\/uutiset\/niko-luokkakalliolle-vuoden-nuori-paikallistoimija-kunniamaininta\/#article\",\"isPartOf\":{\"@id\":\"https:\/\/liiveri.net\/uutiset\/niko-luokkakalliolle-vuoden-nuori-paikallistoimija-kunniamaininta\/\"},\"author\":{\"name\":\"Admin\",\"@id\":\"https:\/\/liiveri.net\/#\/schema\/person\/4d2151d167ce291fb59ae4929e4f150a\"},\"headline\":\"Niko Luokkakalliolle Vuoden nuori paikallistoimija -kunniamaininta\",\"datePublished\":\"2021-09-29T16:20:00+00:00\",\"dateModified\":\"2023-05-04T09:51:59+00:00\",\"mainEntityOfPage\":{\"@id\":\"https:\/\/liiveri.net\/uutiset\/niko-luokkakalliolle-vuoden-nuori-paikallistoimija-kunniamaininta\/\"},\"wordCount\":264,\"commentCount\":0,\"publisher\":{\"@id\":\"https:\/\/liiveri.net\/#organization\"},\"image\":{\"@id\":\"https:\/\/liiveri.net\/uutiset\/niko-luokkakalliolle-vuoden-nuori-paikallistoimija-kunniamaininta\/#primaryimage\"},\"thumbnailUrl\":\"https:\/\/liiveri.net\/wp-content\/uploads\/2023\/02\/placeholder.png\",\"articleSection\":[\"Kyl\u00e4t\",\"Nuoret\",\"Yhteis\u00f6t\",\"Uutiset\"],\"inLanguage\":\"en-GB\",\"potentialAction\":[{\"@type\":\"CommentAction\",\"name\":\"Comment\",\"target\":[\"https:\/\/liiveri.net\/uutiset\/niko-luokkakalliolle-vuoden-nuori-paikallistoimija-kunniamaininta\/#respond\"]}]},{\"@type\":\"WebPage\",\"@id\":\"https:\/\/liiveri.net\/uutiset\/niko-luokkakalliolle-vuoden-nuori-paikallistoimija-kunniamaininta\/\",\"url\":\"https:\/\/liiveri.net\/uutiset\/niko-luokkakalliolle-vuoden-nuori-paikallistoimija-kunniamaininta\/\",\"name\":\"Niko Luokkakalliolle Vuoden nuori paikallistoimija -kunniamaininta - Liiveri\",\"isPartOf\":{\"@id\":\"https:\/\/liiveri.net\/#website\"},\"primaryImageOfPage\":{\"@id\":\"https:\/\/liiveri.net\/uutiset\/niko-luokkakalliolle-vuoden-nuori-paikallistoimija-kunniamaininta\/#primaryimage\"},\"image\":{\"@id\":\"https:\/\/liiveri.net\/uutiset\/niko-luokkakalliolle-vuoden-nuori-paikallistoimija-kunniamaininta\/#primaryimage\"},\"thumbnailUrl\":\"https:\/\/liiveri.net\/wp-content\/uploads\/2023\/02\/placeholder.png\",\"datePublished\":\"2021-09-29T16:20:00+00:00\",\"dateModified\":\"2023-05-04T09:51:59+00:00\",\"breadcrumb\":{\"@id\":\"https:\/\/liiveri.net\/uutiset\/niko-luokkakalliolle-vuoden-nuori-paikallistoimija-kunniamaininta\/#breadcrumb\"},\"inLanguage\":\"en-GB\",\"potentialAction\":[{\"@type\":\"ReadAction\",\"target\":[\"https:\/\/liiveri.net\/uutiset\/niko-luokkakalliolle-vuoden-nuori-paikallistoimija-kunniamaininta\/\"]}]},{\"@type\":\"ImageObject\",\"inLanguage\":\"en-GB\",\"@id\":\"https:\/\/liiveri.net\/uutiset\/niko-luokkakalliolle-vuoden-nuori-paikallistoimija-kunniamaininta\/#primaryimage\",\"url\":\"https:\/\/liiveri.net\/wp-content\/uploads\/2023\/02\/placeholder.png\",\"contentUrl\":\"https:\/\/liiveri.net\/wp-content\/uploads\/2023\/02\/placeholder.png\",\"width\":1920,\"height\":1080,\"caption\":\"Leader Liiveri -logo.\"},{\"@type\":\"BreadcrumbList\",\"@id\":\"https:\/\/liiveri.net\/uutiset\/niko-luokkakalliolle-vuoden-nuori-paikallistoimija-kunniamaininta\/#breadcrumb\",\"itemListElement\":[{\"@type\":\"ListItem\",\"position\":1,\"name\":\"Etusivu\",\"item\":\"https:\/\/liiveri.net\/\"},{\"@type\":\"ListItem\",\"position\":2,\"name\":\"Niko Luokkakalliolle Vuoden nuori paikallistoimija -kunniamaininta\"}]},{\"@type\":\"WebSite\",\"@id\":\"https:\/\/liiveri.net\/#website\",\"url\":\"https:\/\/liiveri.net\/\",\"name\":\"Liiveri - Kehitt\u00e4misyhdistys\",\"description\":\"REILU RAHOITTAJA PALVELUKSESSASI\",\"publisher\":{\"@id\":\"https:\/\/liiveri.net\/#organization\"},\"potentialAction\":[{\"@type\":\"SearchAction\",\"target\":{\"@type\":\"EntryPoint\",\"urlTemplate\":\"https:\/\/liiveri.net\/?s={search_term_string}\"},\"query-input\":\"required name=search_term_string\"}],\"inLanguage\":\"en-GB\"},{\"@type\":\"Organization\",\"@id\":\"https:\/\/liiveri.net\/#organization\",\"name\":\"Kehitt\u00e4misyhdistys Liiveri ry\",\"url\":\"https:\/\/liiveri.net\/\",\"logo\":{\"@type\":\"ImageObject\",\"inLanguage\":\"en-GB\",\"@id\":\"https:\/\/liiveri.net\/#\/schema\/logo\/image\/\",\"url\":\"https:\/\/liiveri.net\/wp-content\/uploads\/2023\/02\/placeholder.png\",\"contentUrl\":\"https:\/\/liiveri.net\/wp-content\/uploads\/2023\/02\/placeholder.png\",\"width\":1920,\"height\":1080,\"caption\":\"Kehitt\u00e4misyhdistys Liiveri ry\"},\"image\":{\"@id\":\"https:\/\/liiveri.net\/#\/schema\/logo\/image\/\"},\"sameAs\":[\"https:\/\/www.facebook.com\/LeaderLiiveri\",\"https:\/\/x.com\/LeaderLiiveri\",\"https:\/\/www.instagram.com\/leaderliiveri\/\"]},{\"@type\":\"Person\",\"@id\":\"https:\/\/liiveri.net\/#\/schema\/person\/4d2151d167ce291fb59ae4929e4f150a\",\"name\":\"Admin\",\"image\":{\"@type\":\"ImageObject\",\"inLanguage\":\"en-GB\",\"@id\":\"https:\/\/liiveri.net\/#\/schema\/person\/image\/\",\"url\":\"https:\/\/liiveri.net\/wp-content\/litespeed\/avatar\/1\/a408f0f48bbe882d38689644bc375f8c.jpg?ver=1777459663\",\"contentUrl\":\"https:\/\/liiveri.net\/wp-content\/litespeed\/avatar\/1\/a408f0f48bbe882d38689644bc375f8c.jpg?ver=1777459663\",\"caption\":\"Admin\"},\"sameAs\":[\"https:\/\/liiveri.net\"],\"url\":\"https:\/\/liiveri.net\/en\/uutiset\/author\/admin\/\"}]}<\/script>\n<!-- \/ Yoast SEO plugin. -->","yoast_head_json":{"title":"Niko Luokkakalliolle Vuoden nuori paikallistoimija -kunniamaininta - Liiveri","robots":{"index":"index","follow":"follow","max-snippet":"max-snippet:-1","max-image-preview":"max-image-preview:large","max-video-preview":"max-video-preview:-1"},"canonical":"https:\/\/liiveri.net\/en\/uutiset\/niko-luokkakalliolle-vuoden-nuori-paikallistoimija-kunniamaininta\/","og_locale":"en_GB","og_type":"article","og_title":"Niko Luokkakalliolle Vuoden nuori paikallistoimija -kunniamaininta - Liiveri","og_description":"Jalasj\u00e4rvel\u00e4inen Niko Luokkakallio sai Vuoden nuori paikallistoimija -kunniamaininnan keskiviikkona 29.9. j\u00e4rjestetyss\u00e4 Suomen Kyl\u00e4t ry:n\u00a0 -et\u00e4palkintogaalassa. Tilaisuus j\u00e4rjestettiin valtakunnallisen Maaseutuparlamentin yhteydess\u00e4 Kurikassa. Jokipiin Nuorisoseura ry:n n\u00e4ytelm\u00e4kerhon ohjaajana toiminut \u00a0ja kerhon toiminnasta vastannut Niko Luokkakallio on ollut nuorisoseuran toiminnassa mukana vuodesta 2016 l\u00e4htien. Lis\u00e4ksi h\u00e4n on vastannut Nuorisoseurantalo Alasen varauksista sek\u00e4 netti- ja Facebook-sivujen yll\u00e4pit\u00e4misest\u00e4. Leader Liiverin [&hellip;]","og_url":"https:\/\/liiveri.net\/en\/uutiset\/niko-luokkakalliolle-vuoden-nuori-paikallistoimija-kunniamaininta\/","og_site_name":"Liiveri","article_publisher":"https:\/\/www.facebook.com\/LeaderLiiveri","article_published_time":"2021-09-29T16:20:00+00:00","article_modified_time":"2023-05-04T09:51:59+00:00","og_image":[{"width":1920,"height":1080,"url":"https:\/\/liiveri.net\/wp-content\/uploads\/2023\/02\/placeholder.png","type":"image\/png"}],"author":"Admin","twitter_card":"summary_large_image","twitter_creator":"@LeaderLiiveri","twitter_site":"@LeaderLiiveri","twitter_misc":{"Written by":"Admin","Estimated reading time":"2 minutes"},"schema":{"@context":"https:\/\/schema.org","@graph":[{"@type":"Article","@id":"https:\/\/liiveri.net\/uutiset\/niko-luokkakalliolle-vuoden-nuori-paikallistoimija-kunniamaininta\/#article","isPartOf":{"@id":"https:\/\/liiveri.net\/uutiset\/niko-luokkakalliolle-vuoden-nuori-paikallistoimija-kunniamaininta\/"},"author":{"name":"Admin","@id":"https:\/\/liiveri.net\/#\/schema\/person\/4d2151d167ce291fb59ae4929e4f150a"},"headline":"Niko Luokkakalliolle Vuoden nuori paikallistoimija -kunniamaininta","datePublished":"2021-09-29T16:20:00+00:00","dateModified":"2023-05-04T09:51:59+00:00","mainEntityOfPage":{"@id":"https:\/\/liiveri.net\/uutiset\/niko-luokkakalliolle-vuoden-nuori-paikallistoimija-kunniamaininta\/"},"wordCount":264,"commentCount":0,"publisher":{"@id":"https:\/\/liiveri.net\/#organization"},"image":{"@id":"https:\/\/liiveri.net\/uutiset\/niko-luokkakalliolle-vuoden-nuori-paikallistoimija-kunniamaininta\/#primaryimage"},"thumbnailUrl":"https:\/\/liiveri.net\/wp-content\/uploads\/2023\/02\/placeholder.png","articleSection":["Kyl\u00e4t","Nuoret","Yhteis\u00f6t","Uutiset"],"inLanguage":"en-GB","potentialAction":[{"@type":"CommentAction","name":"Comment","target":["https:\/\/liiveri.net\/uutiset\/niko-luokkakalliolle-vuoden-nuori-paikallistoimija-kunniamaininta\/#respond"]}]},{"@type":"WebPage","@id":"https:\/\/liiveri.net\/uutiset\/niko-luokkakalliolle-vuoden-nuori-paikallistoimija-kunniamaininta\/","url":"https:\/\/liiveri.net\/uutiset\/niko-luokkakalliolle-vuoden-nuori-paikallistoimija-kunniamaininta\/","name":"Niko Luokkakalliolle Vuoden nuori paikallistoimija -kunniamaininta - Liiveri","isPartOf":{"@id":"https:\/\/liiveri.net\/#website"},"primaryImageOfPage":{"@id":"https:\/\/liiveri.net\/uutiset\/niko-luokkakalliolle-vuoden-nuori-paikallistoimija-kunniamaininta\/#primaryimage"},"image":{"@id":"https:\/\/liiveri.net\/uutiset\/niko-luokkakalliolle-vuoden-nuori-paikallistoimija-kunniamaininta\/#primaryimage"},"thumbnailUrl":"https:\/\/liiveri.net\/wp-content\/uploads\/2023\/02\/placeholder.png","datePublished":"2021-09-29T16:20:00+00:00","dateModified":"2023-05-04T09:51:59+00:00","breadcrumb":{"@id":"https:\/\/liiveri.net\/uutiset\/niko-luokkakalliolle-vuoden-nuori-paikallistoimija-kunniamaininta\/#breadcrumb"},"inLanguage":"en-GB","potentialAction":[{"@type":"ReadAction","target":["https:\/\/liiveri.net\/uutiset\/niko-luokkakalliolle-vuoden-nuori-paikallistoimija-kunniamaininta\/"]}]},{"@type":"ImageObject","inLanguage":"en-GB","@id":"https:\/\/liiveri.net\/uutiset\/niko-luokkakalliolle-vuoden-nuori-paikallistoimija-kunniamaininta\/#primaryimage","url":"https:\/\/liiveri.net\/wp-content\/uploads\/2023\/02\/placeholder.png","contentUrl":"https:\/\/liiveri.net\/wp-content\/uploads\/2023\/02\/placeholder.png","width":1920,"height":1080,"caption":"Leader Liiveri -logo."},{"@type":"BreadcrumbList","@id":"https:\/\/liiveri.net\/uutiset\/niko-luokkakalliolle-vuoden-nuori-paikallistoimija-kunniamaininta\/#breadcrumb","itemListElement":[{"@type":"ListItem","position":1,"name":"Etusivu","item":"https:\/\/liiveri.net\/"},{"@type":"ListItem","position":2,"name":"Niko Luokkakalliolle Vuoden nuori paikallistoimija -kunniamaininta"}]},{"@type":"WebSite","@id":"https:\/\/liiveri.net\/#website","url":"https:\/\/liiveri.net\/","name":"Liiveri - Kehitt\u00e4misyhdistys","description":"REILU RAHOITTAJA PALVELUKSESSASI","publisher":{"@id":"https:\/\/liiveri.net\/#organization"},"potentialAction":[{"@type":"SearchAction","target":{"@type":"EntryPoint","urlTemplate":"https:\/\/liiveri.net\/?s={search_term_string}"},"query-input":"required name=search_term_string"}],"inLanguage":"en-GB"},{"@type":"Organization","@id":"https:\/\/liiveri.net\/#organization","name":"Kehitt\u00e4misyhdistys Liiveri ry","url":"https:\/\/liiveri.net\/","logo":{"@type":"ImageObject","inLanguage":"en-GB","@id":"https:\/\/liiveri.net\/#\/schema\/logo\/image\/","url":"https:\/\/liiveri.net\/wp-content\/uploads\/2023\/02\/placeholder.png","contentUrl":"https:\/\/liiveri.net\/wp-content\/uploads\/2023\/02\/placeholder.png","width":1920,"height":1080,"caption":"Kehitt\u00e4misyhdistys Liiveri ry"},"image":{"@id":"https:\/\/liiveri.net\/#\/schema\/logo\/image\/"},"sameAs":["https:\/\/www.facebook.com\/LeaderLiiveri","https:\/\/x.com\/LeaderLiiveri","https:\/\/www.instagram.com\/leaderliiveri\/"]},{"@type":"Person","@id":"https:\/\/liiveri.net\/#\/schema\/person\/4d2151d167ce291fb59ae4929e4f150a","name":"Admin","image":{"@type":"ImageObject","inLanguage":"en-GB","@id":"https:\/\/liiveri.net\/#\/schema\/person\/image\/","url":"https:\/\/liiveri.net\/wp-content\/litespeed\/avatar\/1\/a408f0f48bbe882d38689644bc375f8c.jpg?ver=1777459663","contentUrl":"https:\/\/liiveri.net\/wp-content\/litespeed\/avatar\/1\/a408f0f48bbe882d38689644bc375f8c.jpg?ver=1777459663","caption":"Admin"},"sameAs":["https:\/\/liiveri.net"],"url":"https:\/\/liiveri.net\/en\/uutiset\/author\/admin\/"}]}},"acf":[],"_links":{"self":[{"href":"https:\/\/liiveri.net\/en\/wp-json\/wp\/v2\/posts\/3246","targetHints":{"allow":["GET"]}}],"collection":[{"href":"https:\/\/liiveri.net\/en\/wp-json\/wp\/v2\/posts"}],"about":[{"href":"https:\/\/liiveri.net\/en\/wp-json\/wp\/v2\/types\/post"}],"author":[{"embeddable":true,"href":"https:\/\/liiveri.net\/en\/wp-json\/wp\/v2\/users\/1"}],"replies":[{"embeddable":true,"href":"https:\/\/liiveri.net\/en\/wp-json\/wp\/v2\/comments?post=3246"}],"version-history":[{"count":0,"href":"https:\/\/liiveri.net\/en\/wp-json\/wp\/v2\/posts\/3246\/revisions"}],"wp:featuredmedia":[{"embeddable":true,"href":"https:\/\/liiveri.net\/en\/wp-json\/wp\/v2\/media\/948"}],"wp:attachment":[{"href":"https:\/\/liiveri.net\/en\/wp-json\/wp\/v2\/media?parent=3246"}],"wp:term":[{"taxonomy":"category","embeddable":true,"href":"https:\/\/liiveri.net\/en\/wp-json\/wp\/v2\/categories?post=3246"},{"taxonomy":"post_tag","embeddable":true,"href":"https:\/\/liiveri.net\/en\/wp-json\/wp\/v2\/tags?post=3246"}],"curies":[{"name":"wp","href":"https:\/\/api.w.org\/{rel}","templated":true}]}}