{"id":3251,"date":"2022-02-23T13:33:00","date_gmt":"2022-02-23T11:33:00","guid":{"rendered":"https:\/\/liiveri.net\/blog\/2022\/02\/23\/mita-toivot-lamminjarvelle-kysely-lapsille-ja-nuorille\/"},"modified":"2023-03-24T10:07:06","modified_gmt":"2023-03-24T08:07:06","slug":"mita-toivot-lamminjarvelle-kysely-lapsille-ja-nuorille","status":"publish","type":"post","link":"https:\/\/liiveri.net\/en\/uutiset\/mita-toivot-lamminjarvelle-kysely-lapsille-ja-nuorille\/","title":{"rendered":"What do you wish for Lamminj\u00e4rvi? \u2013 Questionnaire for children and young people"},"content":{"rendered":"<p>Liiveri has opened a survey to collect information on how the Lamminj\u00e4rvi area should be developed. Would there be even better opportunities for hobbies, places to hang out or something completely new? What kind of area would you like to spend more time there? By answering the survey, your wishes will be heard!<\/p>\n<p>The results of the survey will be presented at the Lamminj\u00e4rvi development evening organized by Liiver on Thursday, March 10, 2022 at 6 p.m. at Jalasj\u00e4rvi building (Jalasj\u00e4rvi hall, second floor). The event will discuss the development of Lamminj\u00e4rvi and its surroundings and try to find parties and ways to implement the ideas. <a href=\"https:\/\/forms.office.com\/Pages\/ResponsePage.aspx?id=UxuI2XO4pkegWjLI3oB9K7ymNqc5RS9BiHgCYkC8eVVUNFZOTjhaODVDRTdMTUdBN1ExSlpJRU9RMi4u\" target=\"_blank\" rel=\"noopener\">Register for the event via the link.<\/a><\/p>\n<p><a href=\"https:\/\/forms.office.com\/Pages\/ResponsePage.aspx?id=UxuI2XO4pkegWjLI3oB9K7ymNqc5RS9BiHgCYkC8eVVUQjA5N1laVVUyVTdPMkZGUUlPV01JTFQwQS4u\" target=\"_blank\" rel=\"noopener\">You can answer the survey here.<\/a> The survey is open until March 7, 2022<\/p>","protected":false},"excerpt":{"rendered":"<p>Liiveri has opened a survey to collect information on how the Lamminj\u00e4rvi area should be developed. Would there be even better opportunities for hobbies, places to hang out or something completely new? What kind of area would you like to spend more time there? By answering the survey, your wishes will be heard! The results of the survey will be presented at the Lamminj\u00e4rvi development evening organized by Liiver on Thursday, March 10, 2022 at 6 p.m. at Jalasj\u00e4rvi building (Jalasj\u00e4rvi hall, second floor). The event will discuss Lamminj\u00e4rvi and [\u2026]<\/p>","protected":false},"author":1,"featured_media":948,"comment_status":"open","ping_status":"open","sticky":false,"template":"","format":"standard","meta":{"_acf_changed":false,"footnotes":""},"categories":[30],"tags":[],"class_list":["post-3251","post","type-post","status-publish","format-standard","has-post-thumbnail","hentry","category-uutiset"],"yoast_head":"<!-- This site is optimized with the Yoast SEO plugin v23.3 - https:\/\/yoast.com\/wordpress\/plugins\/seo\/ -->\n<title>Mit\u00e4 toivot Lamminj\u00e4rvelle? - Kysely lapsille ja nuorille - Liiveri<\/title>\n<meta name=\"robots\" content=\"index, follow, max-snippet:-1, max-image-preview:large, max-video-preview:-1\" \/>\n<link rel=\"canonical\" href=\"https:\/\/liiveri.net\/en\/uutiset\/mita-toivot-lamminjarvelle-kysely-lapsille-ja-nuorille\/\" \/>\n<meta property=\"og:locale\" content=\"en_GB\" \/>\n<meta property=\"og:type\" content=\"article\" \/>\n<meta property=\"og:title\" content=\"Mit\u00e4 toivot Lamminj\u00e4rvelle? - Kysely lapsille ja nuorille - Liiveri\" \/>\n<meta property=\"og:description\" content=\"Liiveri on avannut kyselyn, jolla ker&auml;t&auml;&auml;n tietoa miten Lamminj&auml;rven aluetta pit&auml;isi kehitt&auml;&auml;. Olisiko siell&auml; entist&auml; paremmat mahdollisuudet harrastaa, hengailupaikkoja tai jotain t&auml;ysin uudenlaista? Mink&auml;lainen alue olisi, jotta viett&auml;isit siell&auml; enemm&auml;n aikaa? Kyselyyn vastaamalla saat toiveesi kuuluviin! Kyselyn tulokset esitell&auml;&auml;n Liiverin j&auml;rjest&auml;m&auml;ss&auml; Lamminj&auml;rven kehitt&auml;misillassa torstaina 10.3.2022 klo 18 Jalasj&auml;rvi-talolla (Jalasj&auml;rvi-sali, toinen kerros). Tilaisuudessa keskustellaan Lamminj&auml;rven ja [&hellip;]\" \/>\n<meta property=\"og:url\" content=\"https:\/\/liiveri.net\/en\/uutiset\/mita-toivot-lamminjarvelle-kysely-lapsille-ja-nuorille\/\" \/>\n<meta property=\"og:site_name\" content=\"Liiveri\" \/>\n<meta property=\"article:publisher\" content=\"https:\/\/www.facebook.com\/LeaderLiiveri\" \/>\n<meta property=\"article:published_time\" content=\"2022-02-23T11:33:00+00:00\" \/>\n<meta property=\"article:modified_time\" content=\"2023-03-24T08:07:06+00:00\" \/>\n<meta property=\"og:image\" content=\"https:\/\/liiveri.net\/wp-content\/uploads\/2023\/02\/placeholder.png\" \/>\n\t<meta property=\"og:image:width\" content=\"1920\" \/>\n\t<meta property=\"og:image:height\" content=\"1080\" \/>\n\t<meta property=\"og:image:type\" content=\"image\/png\" \/>\n<meta name=\"author\" content=\"Admin\" \/>\n<meta name=\"twitter:card\" content=\"summary_large_image\" \/>\n<meta name=\"twitter:creator\" content=\"@LeaderLiiveri\" \/>\n<meta name=\"twitter:site\" content=\"@LeaderLiiveri\" \/>\n<meta name=\"twitter:label1\" content=\"Written by\" \/>\n\t<meta name=\"twitter:data1\" content=\"Admin\" \/>\n\t<meta name=\"twitter:label2\" content=\"Estimated reading time\" \/>\n\t<meta name=\"twitter:data2\" content=\"1 minute\" \/>\n<script type=\"application\/ld+json\" class=\"yoast-schema-graph\">{\"@context\":\"https:\/\/schema.org\",\"@graph\":[{\"@type\":\"Article\",\"@id\":\"https:\/\/liiveri.net\/uutiset\/mita-toivot-lamminjarvelle-kysely-lapsille-ja-nuorille\/#article\",\"isPartOf\":{\"@id\":\"https:\/\/liiveri.net\/uutiset\/mita-toivot-lamminjarvelle-kysely-lapsille-ja-nuorille\/\"},\"author\":{\"name\":\"Admin\",\"@id\":\"https:\/\/liiveri.net\/#\/schema\/person\/4d2151d167ce291fb59ae4929e4f150a\"},\"headline\":\"Mit\u00e4 toivot Lamminj\u00e4rvelle? &#8211; Kysely lapsille ja nuorille\",\"datePublished\":\"2022-02-23T11:33:00+00:00\",\"dateModified\":\"2023-03-24T08:07:06+00:00\",\"mainEntityOfPage\":{\"@id\":\"https:\/\/liiveri.net\/uutiset\/mita-toivot-lamminjarvelle-kysely-lapsille-ja-nuorille\/\"},\"wordCount\":150,\"commentCount\":0,\"publisher\":{\"@id\":\"https:\/\/liiveri.net\/#organization\"},\"image\":{\"@id\":\"https:\/\/liiveri.net\/uutiset\/mita-toivot-lamminjarvelle-kysely-lapsille-ja-nuorille\/#primaryimage\"},\"thumbnailUrl\":\"https:\/\/liiveri.net\/wp-content\/uploads\/2023\/02\/placeholder.png\",\"articleSection\":[\"Uutiset\"],\"inLanguage\":\"en-GB\",\"potentialAction\":[{\"@type\":\"CommentAction\",\"name\":\"Comment\",\"target\":[\"https:\/\/liiveri.net\/uutiset\/mita-toivot-lamminjarvelle-kysely-lapsille-ja-nuorille\/#respond\"]}]},{\"@type\":\"WebPage\",\"@id\":\"https:\/\/liiveri.net\/uutiset\/mita-toivot-lamminjarvelle-kysely-lapsille-ja-nuorille\/\",\"url\":\"https:\/\/liiveri.net\/uutiset\/mita-toivot-lamminjarvelle-kysely-lapsille-ja-nuorille\/\",\"name\":\"Mit\u00e4 toivot Lamminj\u00e4rvelle? - Kysely lapsille ja nuorille - Liiveri\",\"isPartOf\":{\"@id\":\"https:\/\/liiveri.net\/#website\"},\"primaryImageOfPage\":{\"@id\":\"https:\/\/liiveri.net\/uutiset\/mita-toivot-lamminjarvelle-kysely-lapsille-ja-nuorille\/#primaryimage\"},\"image\":{\"@id\":\"https:\/\/liiveri.net\/uutiset\/mita-toivot-lamminjarvelle-kysely-lapsille-ja-nuorille\/#primaryimage\"},\"thumbnailUrl\":\"https:\/\/liiveri.net\/wp-content\/uploads\/2023\/02\/placeholder.png\",\"datePublished\":\"2022-02-23T11:33:00+00:00\",\"dateModified\":\"2023-03-24T08:07:06+00:00\",\"breadcrumb\":{\"@id\":\"https:\/\/liiveri.net\/uutiset\/mita-toivot-lamminjarvelle-kysely-lapsille-ja-nuorille\/#breadcrumb\"},\"inLanguage\":\"en-GB\",\"potentialAction\":[{\"@type\":\"ReadAction\",\"target\":[\"https:\/\/liiveri.net\/uutiset\/mita-toivot-lamminjarvelle-kysely-lapsille-ja-nuorille\/\"]}]},{\"@type\":\"ImageObject\",\"inLanguage\":\"en-GB\",\"@id\":\"https:\/\/liiveri.net\/uutiset\/mita-toivot-lamminjarvelle-kysely-lapsille-ja-nuorille\/#primaryimage\",\"url\":\"https:\/\/liiveri.net\/wp-content\/uploads\/2023\/02\/placeholder.png\",\"contentUrl\":\"https:\/\/liiveri.net\/wp-content\/uploads\/2023\/02\/placeholder.png\",\"width\":1920,\"height\":1080,\"caption\":\"Leader Liiveri -logo.\"},{\"@type\":\"BreadcrumbList\",\"@id\":\"https:\/\/liiveri.net\/uutiset\/mita-toivot-lamminjarvelle-kysely-lapsille-ja-nuorille\/#breadcrumb\",\"itemListElement\":[{\"@type\":\"ListItem\",\"position\":1,\"name\":\"Etusivu\",\"item\":\"https:\/\/liiveri.net\/\"},{\"@type\":\"ListItem\",\"position\":2,\"name\":\"Mit\u00e4 toivot Lamminj\u00e4rvelle? &#8211; Kysely lapsille ja nuorille\"}]},{\"@type\":\"WebSite\",\"@id\":\"https:\/\/liiveri.net\/#website\",\"url\":\"https:\/\/liiveri.net\/\",\"name\":\"Liiveri - Kehitt\u00e4misyhdistys\",\"description\":\"REILU RAHOITTAJA PALVELUKSESSASI\",\"publisher\":{\"@id\":\"https:\/\/liiveri.net\/#organization\"},\"potentialAction\":[{\"@type\":\"SearchAction\",\"target\":{\"@type\":\"EntryPoint\",\"urlTemplate\":\"https:\/\/liiveri.net\/?s={search_term_string}\"},\"query-input\":\"required name=search_term_string\"}],\"inLanguage\":\"en-GB\"},{\"@type\":\"Organization\",\"@id\":\"https:\/\/liiveri.net\/#organization\",\"name\":\"Kehitt\u00e4misyhdistys Liiveri ry\",\"url\":\"https:\/\/liiveri.net\/\",\"logo\":{\"@type\":\"ImageObject\",\"inLanguage\":\"en-GB\",\"@id\":\"https:\/\/liiveri.net\/#\/schema\/logo\/image\/\",\"url\":\"https:\/\/liiveri.net\/wp-content\/uploads\/2023\/02\/placeholder.png\",\"contentUrl\":\"https:\/\/liiveri.net\/wp-content\/uploads\/2023\/02\/placeholder.png\",\"width\":1920,\"height\":1080,\"caption\":\"Kehitt\u00e4misyhdistys Liiveri ry\"},\"image\":{\"@id\":\"https:\/\/liiveri.net\/#\/schema\/logo\/image\/\"},\"sameAs\":[\"https:\/\/www.facebook.com\/LeaderLiiveri\",\"https:\/\/x.com\/LeaderLiiveri\",\"https:\/\/www.instagram.com\/leaderliiveri\/\"]},{\"@type\":\"Person\",\"@id\":\"https:\/\/liiveri.net\/#\/schema\/person\/4d2151d167ce291fb59ae4929e4f150a\",\"name\":\"Admin\",\"image\":{\"@type\":\"ImageObject\",\"inLanguage\":\"en-GB\",\"@id\":\"https:\/\/liiveri.net\/#\/schema\/person\/image\/\",\"url\":\"https:\/\/liiveri.net\/wp-content\/litespeed\/avatar\/1\/a408f0f48bbe882d38689644bc375f8c.jpg?ver=1777459663\",\"contentUrl\":\"https:\/\/liiveri.net\/wp-content\/litespeed\/avatar\/1\/a408f0f48bbe882d38689644bc375f8c.jpg?ver=1777459663\",\"caption\":\"Admin\"},\"sameAs\":[\"https:\/\/liiveri.net\"],\"url\":\"https:\/\/liiveri.net\/en\/uutiset\/author\/admin\/\"}]}<\/script>\n<!-- \/ Yoast SEO plugin. -->","yoast_head_json":{"title":"Mit\u00e4 toivot Lamminj\u00e4rvelle? - Kysely lapsille ja nuorille - Liiveri","robots":{"index":"index","follow":"follow","max-snippet":"max-snippet:-1","max-image-preview":"max-image-preview:large","max-video-preview":"max-video-preview:-1"},"canonical":"https:\/\/liiveri.net\/en\/uutiset\/mita-toivot-lamminjarvelle-kysely-lapsille-ja-nuorille\/","og_locale":"en_GB","og_type":"article","og_title":"Mit\u00e4 toivot Lamminj\u00e4rvelle? - Kysely lapsille ja nuorille - Liiveri","og_description":"Liiveri on avannut kyselyn, jolla ker&auml;t&auml;&auml;n tietoa miten Lamminj&auml;rven aluetta pit&auml;isi kehitt&auml;&auml;. Olisiko siell&auml; entist&auml; paremmat mahdollisuudet harrastaa, hengailupaikkoja tai jotain t&auml;ysin uudenlaista? Mink&auml;lainen alue olisi, jotta viett&auml;isit siell&auml; enemm&auml;n aikaa? Kyselyyn vastaamalla saat toiveesi kuuluviin! Kyselyn tulokset esitell&auml;&auml;n Liiverin j&auml;rjest&auml;m&auml;ss&auml; Lamminj&auml;rven kehitt&auml;misillassa torstaina 10.3.2022 klo 18 Jalasj&auml;rvi-talolla (Jalasj&auml;rvi-sali, toinen kerros). Tilaisuudessa keskustellaan Lamminj&auml;rven ja [&hellip;]","og_url":"https:\/\/liiveri.net\/en\/uutiset\/mita-toivot-lamminjarvelle-kysely-lapsille-ja-nuorille\/","og_site_name":"Liiveri","article_publisher":"https:\/\/www.facebook.com\/LeaderLiiveri","article_published_time":"2022-02-23T11:33:00+00:00","article_modified_time":"2023-03-24T08:07:06+00:00","og_image":[{"width":1920,"height":1080,"url":"https:\/\/liiveri.net\/wp-content\/uploads\/2023\/02\/placeholder.png","type":"image\/png"}],"author":"Admin","twitter_card":"summary_large_image","twitter_creator":"@LeaderLiiveri","twitter_site":"@LeaderLiiveri","twitter_misc":{"Written by":"Admin","Estimated reading time":"1 minute"},"schema":{"@context":"https:\/\/schema.org","@graph":[{"@type":"Article","@id":"https:\/\/liiveri.net\/uutiset\/mita-toivot-lamminjarvelle-kysely-lapsille-ja-nuorille\/#article","isPartOf":{"@id":"https:\/\/liiveri.net\/uutiset\/mita-toivot-lamminjarvelle-kysely-lapsille-ja-nuorille\/"},"author":{"name":"Admin","@id":"https:\/\/liiveri.net\/#\/schema\/person\/4d2151d167ce291fb59ae4929e4f150a"},"headline":"Mit\u00e4 toivot Lamminj\u00e4rvelle? &#8211; Kysely lapsille ja nuorille","datePublished":"2022-02-23T11:33:00+00:00","dateModified":"2023-03-24T08:07:06+00:00","mainEntityOfPage":{"@id":"https:\/\/liiveri.net\/uutiset\/mita-toivot-lamminjarvelle-kysely-lapsille-ja-nuorille\/"},"wordCount":150,"commentCount":0,"publisher":{"@id":"https:\/\/liiveri.net\/#organization"},"image":{"@id":"https:\/\/liiveri.net\/uutiset\/mita-toivot-lamminjarvelle-kysely-lapsille-ja-nuorille\/#primaryimage"},"thumbnailUrl":"https:\/\/liiveri.net\/wp-content\/uploads\/2023\/02\/placeholder.png","articleSection":["Uutiset"],"inLanguage":"en-GB","potentialAction":[{"@type":"CommentAction","name":"Comment","target":["https:\/\/liiveri.net\/uutiset\/mita-toivot-lamminjarvelle-kysely-lapsille-ja-nuorille\/#respond"]}]},{"@type":"WebPage","@id":"https:\/\/liiveri.net\/uutiset\/mita-toivot-lamminjarvelle-kysely-lapsille-ja-nuorille\/","url":"https:\/\/liiveri.net\/uutiset\/mita-toivot-lamminjarvelle-kysely-lapsille-ja-nuorille\/","name":"Mit\u00e4 toivot Lamminj\u00e4rvelle? - Kysely lapsille ja nuorille - Liiveri","isPartOf":{"@id":"https:\/\/liiveri.net\/#website"},"primaryImageOfPage":{"@id":"https:\/\/liiveri.net\/uutiset\/mita-toivot-lamminjarvelle-kysely-lapsille-ja-nuorille\/#primaryimage"},"image":{"@id":"https:\/\/liiveri.net\/uutiset\/mita-toivot-lamminjarvelle-kysely-lapsille-ja-nuorille\/#primaryimage"},"thumbnailUrl":"https:\/\/liiveri.net\/wp-content\/uploads\/2023\/02\/placeholder.png","datePublished":"2022-02-23T11:33:00+00:00","dateModified":"2023-03-24T08:07:06+00:00","breadcrumb":{"@id":"https:\/\/liiveri.net\/uutiset\/mita-toivot-lamminjarvelle-kysely-lapsille-ja-nuorille\/#breadcrumb"},"inLanguage":"en-GB","potentialAction":[{"@type":"ReadAction","target":["https:\/\/liiveri.net\/uutiset\/mita-toivot-lamminjarvelle-kysely-lapsille-ja-nuorille\/"]}]},{"@type":"ImageObject","inLanguage":"en-GB","@id":"https:\/\/liiveri.net\/uutiset\/mita-toivot-lamminjarvelle-kysely-lapsille-ja-nuorille\/#primaryimage","url":"https:\/\/liiveri.net\/wp-content\/uploads\/2023\/02\/placeholder.png","contentUrl":"https:\/\/liiveri.net\/wp-content\/uploads\/2023\/02\/placeholder.png","width":1920,"height":1080,"caption":"Leader Liiveri -logo."},{"@type":"BreadcrumbList","@id":"https:\/\/liiveri.net\/uutiset\/mita-toivot-lamminjarvelle-kysely-lapsille-ja-nuorille\/#breadcrumb","itemListElement":[{"@type":"ListItem","position":1,"name":"Etusivu","item":"https:\/\/liiveri.net\/"},{"@type":"ListItem","position":2,"name":"Mit\u00e4 toivot Lamminj\u00e4rvelle? &#8211; Kysely lapsille ja nuorille"}]},{"@type":"WebSite","@id":"https:\/\/liiveri.net\/#website","url":"https:\/\/liiveri.net\/","name":"Liiveri - Kehitt\u00e4misyhdistys","description":"REILU RAHOITTAJA PALVELUKSESSASI","publisher":{"@id":"https:\/\/liiveri.net\/#organization"},"potentialAction":[{"@type":"SearchAction","target":{"@type":"EntryPoint","urlTemplate":"https:\/\/liiveri.net\/?s={search_term_string}"},"query-input":"required name=search_term_string"}],"inLanguage":"en-GB"},{"@type":"Organization","@id":"https:\/\/liiveri.net\/#organization","name":"Kehitt\u00e4misyhdistys Liiveri ry","url":"https:\/\/liiveri.net\/","logo":{"@type":"ImageObject","inLanguage":"en-GB","@id":"https:\/\/liiveri.net\/#\/schema\/logo\/image\/","url":"https:\/\/liiveri.net\/wp-content\/uploads\/2023\/02\/placeholder.png","contentUrl":"https:\/\/liiveri.net\/wp-content\/uploads\/2023\/02\/placeholder.png","width":1920,"height":1080,"caption":"Kehitt\u00e4misyhdistys Liiveri ry"},"image":{"@id":"https:\/\/liiveri.net\/#\/schema\/logo\/image\/"},"sameAs":["https:\/\/www.facebook.com\/LeaderLiiveri","https:\/\/x.com\/LeaderLiiveri","https:\/\/www.instagram.com\/leaderliiveri\/"]},{"@type":"Person","@id":"https:\/\/liiveri.net\/#\/schema\/person\/4d2151d167ce291fb59ae4929e4f150a","name":"Admin","image":{"@type":"ImageObject","inLanguage":"en-GB","@id":"https:\/\/liiveri.net\/#\/schema\/person\/image\/","url":"https:\/\/liiveri.net\/wp-content\/litespeed\/avatar\/1\/a408f0f48bbe882d38689644bc375f8c.jpg?ver=1777459663","contentUrl":"https:\/\/liiveri.net\/wp-content\/litespeed\/avatar\/1\/a408f0f48bbe882d38689644bc375f8c.jpg?ver=1777459663","caption":"Admin"},"sameAs":["https:\/\/liiveri.net"],"url":"https:\/\/liiveri.net\/en\/uutiset\/author\/admin\/"}]}},"acf":[],"_links":{"self":[{"href":"https:\/\/liiveri.net\/en\/wp-json\/wp\/v2\/posts\/3251","targetHints":{"allow":["GET"]}}],"collection":[{"href":"https:\/\/liiveri.net\/en\/wp-json\/wp\/v2\/posts"}],"about":[{"href":"https:\/\/liiveri.net\/en\/wp-json\/wp\/v2\/types\/post"}],"author":[{"embeddable":true,"href":"https:\/\/liiveri.net\/en\/wp-json\/wp\/v2\/users\/1"}],"replies":[{"embeddable":true,"href":"https:\/\/liiveri.net\/en\/wp-json\/wp\/v2\/comments?post=3251"}],"version-history":[{"count":0,"href":"https:\/\/liiveri.net\/en\/wp-json\/wp\/v2\/posts\/3251\/revisions"}],"wp:featuredmedia":[{"embeddable":true,"href":"https:\/\/liiveri.net\/en\/wp-json\/wp\/v2\/media\/948"}],"wp:attachment":[{"href":"https:\/\/liiveri.net\/en\/wp-json\/wp\/v2\/media?parent=3251"}],"wp:term":[{"taxonomy":"category","embeddable":true,"href":"https:\/\/liiveri.net\/en\/wp-json\/wp\/v2\/categories?post=3251"},{"taxonomy":"post_tag","embeddable":true,"href":"https:\/\/liiveri.net\/en\/wp-json\/wp\/v2\/tags?post=3251"}],"curies":[{"name":"wp","href":"https:\/\/api.w.org\/{rel}","templated":true}]}}