{"id":3254,"date":"2022-03-30T11:28:00","date_gmt":"2022-03-30T08:28:00","guid":{"rendered":"https:\/\/liiveri.net\/blog\/2022\/03\/30\/yhdistysten-digikahvilat-pyorivat-kevaan-aikana\/"},"modified":"2023-03-30T15:59:39","modified_gmt":"2023-03-30T12:59:39","slug":"yhdistysten-digikahvilat-pyorivat-kevaan-aikana","status":"publish","type":"post","link":"https:\/\/liiveri.net\/en\/uutiset\/yhdistysten-digikahvilat-pyorivat-kevaan-aikana\/","title":{"rendered":"The associations&#039; digital cafes run during the spring"},"content":{"rendered":"<p>Liiver&#039;s Kylille project offers a 2.5-hour digital cafe-themed, free program package for association gatherings. In the digital cafe, you learn the safe basic use of a smartphone\/tablet and electronic transactions in a relaxed atmosphere and at a leisurely pace. We also get to know e.g. for the 112 application and social media applications. The trainer is Tuomo Rinne.<\/p>\n<p>The program of the digital cafe<br \/>\nThe first lesson is shared by everyone and covers the above-mentioned topics. A large part of the coffee break is reserved for personal guidance. In this part of digital support, participants can solve their problems related to smart devices with the instructor or ask for tips on how to use their smart device more efficiently.<\/p>\n<p>Ordering a digital cafe<br \/>\nContact village expert Irma Kortesuoho either by e-mail irma.kortesuo@liiveri.net or phone 050 5510797.<\/p>","protected":false},"excerpt":{"rendered":"<p>Liiver&#039;s Kylille project offers a 2.5-hour digital cafe-themed, free program package for association gatherings. In the digital cafe, you learn the safe basic use of a smartphone\/tablet and electronic transactions in a relaxed atmosphere and at a leisurely pace. We also get to know e.g. for the 112 application and social media applications. The trainer is Tuomo Rinne. The digital cafe&#039;s program The first hour is shared by everyone and covers the above-mentioned topics. A large section of the coffee break is reserved [\u2026]<\/p>","protected":false},"author":1,"featured_media":948,"comment_status":"open","ping_status":"open","sticky":false,"template":"","format":"standard","meta":{"_acf_changed":false,"footnotes":""},"categories":[11,14,30,31],"tags":[],"class_list":["post-3254","post","type-post","status-publish","format-standard","has-post-thumbnail","hentry","category-kylat","category-yhteisot","category-uutiset","category-digitaalisuus"],"yoast_head":"<!-- This site is optimized with the Yoast SEO plugin v23.3 - https:\/\/yoast.com\/wordpress\/plugins\/seo\/ -->\n<title>Yhdistysten digikahvilat py\u00f6riv\u00e4t kev\u00e4\u00e4n aikana - Liiveri<\/title>\n<meta name=\"robots\" content=\"index, follow, max-snippet:-1, max-image-preview:large, max-video-preview:-1\" \/>\n<link rel=\"canonical\" href=\"https:\/\/liiveri.net\/en\/uutiset\/yhdistysten-digikahvilat-pyorivat-kevaan-aikana\/\" \/>\n<meta property=\"og:locale\" content=\"en_GB\" \/>\n<meta property=\"og:type\" content=\"article\" \/>\n<meta property=\"og:title\" content=\"Yhdistysten digikahvilat py\u00f6riv\u00e4t kev\u00e4\u00e4n aikana - Liiveri\" \/>\n<meta property=\"og:description\" content=\"Liiverin Kylille-hanke tarjoaa 2,5 tunnin digikahvila-aiheisen, maksuttoman ohjelmapaketin yhdistysten kokoontumisiin. Digikahvilassa opetellaan rennossa ilmapiiriss\u00e4 ja rauhalliseen tahtiin \u00e4lypuhelimen \/ tabletin turvallista perusk\u00e4ytt\u00f6\u00e4 ja s\u00e4hk\u00f6ist\u00e4 asiointia. Tutustumme my\u00f6s mm. 112-sovellukseen ja sosiaalisen median sovelluksiin. Kouluttajana toimii Tuomo Rinne. Digikahvilan ohjelma Ensimm\u00e4inen tunti on kaikille yhteinen ja siin\u00e4 k\u00e4sitell\u00e4\u00e4n edell\u00e4 mainittuja aiheita. Kahvitauon j\u00e4keinen osio on varattu [&hellip;]\" \/>\n<meta property=\"og:url\" content=\"https:\/\/liiveri.net\/en\/uutiset\/yhdistysten-digikahvilat-pyorivat-kevaan-aikana\/\" \/>\n<meta property=\"og:site_name\" content=\"Liiveri\" \/>\n<meta property=\"article:publisher\" content=\"https:\/\/www.facebook.com\/LeaderLiiveri\" \/>\n<meta property=\"article:published_time\" content=\"2022-03-30T08:28:00+00:00\" \/>\n<meta property=\"article:modified_time\" content=\"2023-03-30T12:59:39+00:00\" \/>\n<meta property=\"og:image\" content=\"https:\/\/liiveri.net\/wp-content\/uploads\/2023\/02\/placeholder.png\" \/>\n\t<meta property=\"og:image:width\" content=\"1920\" \/>\n\t<meta property=\"og:image:height\" content=\"1080\" \/>\n\t<meta property=\"og:image:type\" content=\"image\/png\" \/>\n<meta name=\"author\" content=\"Admin\" \/>\n<meta name=\"twitter:card\" content=\"summary_large_image\" \/>\n<meta name=\"twitter:creator\" content=\"@LeaderLiiveri\" \/>\n<meta name=\"twitter:site\" content=\"@LeaderLiiveri\" \/>\n<meta name=\"twitter:label1\" content=\"Written by\" \/>\n\t<meta name=\"twitter:data1\" content=\"Admin\" \/>\n\t<meta name=\"twitter:label2\" content=\"Estimated reading time\" \/>\n\t<meta name=\"twitter:data2\" content=\"1 minute\" \/>\n<script type=\"application\/ld+json\" class=\"yoast-schema-graph\">{\"@context\":\"https:\/\/schema.org\",\"@graph\":[{\"@type\":\"Article\",\"@id\":\"https:\/\/liiveri.net\/uutiset\/yhdistysten-digikahvilat-pyorivat-kevaan-aikana\/#article\",\"isPartOf\":{\"@id\":\"https:\/\/liiveri.net\/uutiset\/yhdistysten-digikahvilat-pyorivat-kevaan-aikana\/\"},\"author\":{\"name\":\"Admin\",\"@id\":\"https:\/\/liiveri.net\/#\/schema\/person\/4d2151d167ce291fb59ae4929e4f150a\"},\"headline\":\"Yhdistysten digikahvilat py\u00f6riv\u00e4t kev\u00e4\u00e4n aikana\",\"datePublished\":\"2022-03-30T08:28:00+00:00\",\"dateModified\":\"2023-03-30T12:59:39+00:00\",\"mainEntityOfPage\":{\"@id\":\"https:\/\/liiveri.net\/uutiset\/yhdistysten-digikahvilat-pyorivat-kevaan-aikana\/\"},\"wordCount\":110,\"commentCount\":0,\"publisher\":{\"@id\":\"https:\/\/liiveri.net\/#organization\"},\"image\":{\"@id\":\"https:\/\/liiveri.net\/uutiset\/yhdistysten-digikahvilat-pyorivat-kevaan-aikana\/#primaryimage\"},\"thumbnailUrl\":\"https:\/\/liiveri.net\/wp-content\/uploads\/2023\/02\/placeholder.png\",\"articleSection\":[\"Kyl\u00e4t\",\"Yhteis\u00f6t\",\"Uutiset\",\"Digitaalisuus\"],\"inLanguage\":\"en-GB\",\"potentialAction\":[{\"@type\":\"CommentAction\",\"name\":\"Comment\",\"target\":[\"https:\/\/liiveri.net\/uutiset\/yhdistysten-digikahvilat-pyorivat-kevaan-aikana\/#respond\"]}]},{\"@type\":\"WebPage\",\"@id\":\"https:\/\/liiveri.net\/uutiset\/yhdistysten-digikahvilat-pyorivat-kevaan-aikana\/\",\"url\":\"https:\/\/liiveri.net\/uutiset\/yhdistysten-digikahvilat-pyorivat-kevaan-aikana\/\",\"name\":\"Yhdistysten digikahvilat py\u00f6riv\u00e4t kev\u00e4\u00e4n aikana - Liiveri\",\"isPartOf\":{\"@id\":\"https:\/\/liiveri.net\/#website\"},\"primaryImageOfPage\":{\"@id\":\"https:\/\/liiveri.net\/uutiset\/yhdistysten-digikahvilat-pyorivat-kevaan-aikana\/#primaryimage\"},\"image\":{\"@id\":\"https:\/\/liiveri.net\/uutiset\/yhdistysten-digikahvilat-pyorivat-kevaan-aikana\/#primaryimage\"},\"thumbnailUrl\":\"https:\/\/liiveri.net\/wp-content\/uploads\/2023\/02\/placeholder.png\",\"datePublished\":\"2022-03-30T08:28:00+00:00\",\"dateModified\":\"2023-03-30T12:59:39+00:00\",\"breadcrumb\":{\"@id\":\"https:\/\/liiveri.net\/uutiset\/yhdistysten-digikahvilat-pyorivat-kevaan-aikana\/#breadcrumb\"},\"inLanguage\":\"en-GB\",\"potentialAction\":[{\"@type\":\"ReadAction\",\"target\":[\"https:\/\/liiveri.net\/uutiset\/yhdistysten-digikahvilat-pyorivat-kevaan-aikana\/\"]}]},{\"@type\":\"ImageObject\",\"inLanguage\":\"en-GB\",\"@id\":\"https:\/\/liiveri.net\/uutiset\/yhdistysten-digikahvilat-pyorivat-kevaan-aikana\/#primaryimage\",\"url\":\"https:\/\/liiveri.net\/wp-content\/uploads\/2023\/02\/placeholder.png\",\"contentUrl\":\"https:\/\/liiveri.net\/wp-content\/uploads\/2023\/02\/placeholder.png\",\"width\":1920,\"height\":1080,\"caption\":\"Leader Liiveri -logo.\"},{\"@type\":\"BreadcrumbList\",\"@id\":\"https:\/\/liiveri.net\/uutiset\/yhdistysten-digikahvilat-pyorivat-kevaan-aikana\/#breadcrumb\",\"itemListElement\":[{\"@type\":\"ListItem\",\"position\":1,\"name\":\"Etusivu\",\"item\":\"https:\/\/liiveri.net\/\"},{\"@type\":\"ListItem\",\"position\":2,\"name\":\"Yhdistysten digikahvilat py\u00f6riv\u00e4t kev\u00e4\u00e4n aikana\"}]},{\"@type\":\"WebSite\",\"@id\":\"https:\/\/liiveri.net\/#website\",\"url\":\"https:\/\/liiveri.net\/\",\"name\":\"Liiveri - Kehitt\u00e4misyhdistys\",\"description\":\"REILU RAHOITTAJA PALVELUKSESSASI\",\"publisher\":{\"@id\":\"https:\/\/liiveri.net\/#organization\"},\"potentialAction\":[{\"@type\":\"SearchAction\",\"target\":{\"@type\":\"EntryPoint\",\"urlTemplate\":\"https:\/\/liiveri.net\/?s={search_term_string}\"},\"query-input\":\"required name=search_term_string\"}],\"inLanguage\":\"en-GB\"},{\"@type\":\"Organization\",\"@id\":\"https:\/\/liiveri.net\/#organization\",\"name\":\"Kehitt\u00e4misyhdistys Liiveri ry\",\"url\":\"https:\/\/liiveri.net\/\",\"logo\":{\"@type\":\"ImageObject\",\"inLanguage\":\"en-GB\",\"@id\":\"https:\/\/liiveri.net\/#\/schema\/logo\/image\/\",\"url\":\"https:\/\/liiveri.net\/wp-content\/uploads\/2023\/02\/placeholder.png\",\"contentUrl\":\"https:\/\/liiveri.net\/wp-content\/uploads\/2023\/02\/placeholder.png\",\"width\":1920,\"height\":1080,\"caption\":\"Kehitt\u00e4misyhdistys Liiveri ry\"},\"image\":{\"@id\":\"https:\/\/liiveri.net\/#\/schema\/logo\/image\/\"},\"sameAs\":[\"https:\/\/www.facebook.com\/LeaderLiiveri\",\"https:\/\/x.com\/LeaderLiiveri\",\"https:\/\/www.instagram.com\/leaderliiveri\/\"]},{\"@type\":\"Person\",\"@id\":\"https:\/\/liiveri.net\/#\/schema\/person\/4d2151d167ce291fb59ae4929e4f150a\",\"name\":\"Admin\",\"image\":{\"@type\":\"ImageObject\",\"inLanguage\":\"en-GB\",\"@id\":\"https:\/\/liiveri.net\/#\/schema\/person\/image\/\",\"url\":\"https:\/\/liiveri.net\/wp-content\/litespeed\/avatar\/1\/a408f0f48bbe882d38689644bc375f8c.jpg?ver=1776854780\",\"contentUrl\":\"https:\/\/liiveri.net\/wp-content\/litespeed\/avatar\/1\/a408f0f48bbe882d38689644bc375f8c.jpg?ver=1776854780\",\"caption\":\"Admin\"},\"sameAs\":[\"https:\/\/liiveri.net\"],\"url\":\"https:\/\/liiveri.net\/en\/uutiset\/author\/admin\/\"}]}<\/script>\n<!-- \/ Yoast SEO plugin. -->","yoast_head_json":{"title":"Yhdistysten digikahvilat py\u00f6riv\u00e4t kev\u00e4\u00e4n aikana - Liiveri","robots":{"index":"index","follow":"follow","max-snippet":"max-snippet:-1","max-image-preview":"max-image-preview:large","max-video-preview":"max-video-preview:-1"},"canonical":"https:\/\/liiveri.net\/en\/uutiset\/yhdistysten-digikahvilat-pyorivat-kevaan-aikana\/","og_locale":"en_GB","og_type":"article","og_title":"Yhdistysten digikahvilat py\u00f6riv\u00e4t kev\u00e4\u00e4n aikana - Liiveri","og_description":"Liiverin Kylille-hanke tarjoaa 2,5 tunnin digikahvila-aiheisen, maksuttoman ohjelmapaketin yhdistysten kokoontumisiin. Digikahvilassa opetellaan rennossa ilmapiiriss\u00e4 ja rauhalliseen tahtiin \u00e4lypuhelimen \/ tabletin turvallista perusk\u00e4ytt\u00f6\u00e4 ja s\u00e4hk\u00f6ist\u00e4 asiointia. Tutustumme my\u00f6s mm. 112-sovellukseen ja sosiaalisen median sovelluksiin. Kouluttajana toimii Tuomo Rinne. Digikahvilan ohjelma Ensimm\u00e4inen tunti on kaikille yhteinen ja siin\u00e4 k\u00e4sitell\u00e4\u00e4n edell\u00e4 mainittuja aiheita. Kahvitauon j\u00e4keinen osio on varattu [&hellip;]","og_url":"https:\/\/liiveri.net\/en\/uutiset\/yhdistysten-digikahvilat-pyorivat-kevaan-aikana\/","og_site_name":"Liiveri","article_publisher":"https:\/\/www.facebook.com\/LeaderLiiveri","article_published_time":"2022-03-30T08:28:00+00:00","article_modified_time":"2023-03-30T12:59:39+00:00","og_image":[{"width":1920,"height":1080,"url":"https:\/\/liiveri.net\/wp-content\/uploads\/2023\/02\/placeholder.png","type":"image\/png"}],"author":"Admin","twitter_card":"summary_large_image","twitter_creator":"@LeaderLiiveri","twitter_site":"@LeaderLiiveri","twitter_misc":{"Written by":"Admin","Estimated reading time":"1 minute"},"schema":{"@context":"https:\/\/schema.org","@graph":[{"@type":"Article","@id":"https:\/\/liiveri.net\/uutiset\/yhdistysten-digikahvilat-pyorivat-kevaan-aikana\/#article","isPartOf":{"@id":"https:\/\/liiveri.net\/uutiset\/yhdistysten-digikahvilat-pyorivat-kevaan-aikana\/"},"author":{"name":"Admin","@id":"https:\/\/liiveri.net\/#\/schema\/person\/4d2151d167ce291fb59ae4929e4f150a"},"headline":"Yhdistysten digikahvilat py\u00f6riv\u00e4t kev\u00e4\u00e4n aikana","datePublished":"2022-03-30T08:28:00+00:00","dateModified":"2023-03-30T12:59:39+00:00","mainEntityOfPage":{"@id":"https:\/\/liiveri.net\/uutiset\/yhdistysten-digikahvilat-pyorivat-kevaan-aikana\/"},"wordCount":110,"commentCount":0,"publisher":{"@id":"https:\/\/liiveri.net\/#organization"},"image":{"@id":"https:\/\/liiveri.net\/uutiset\/yhdistysten-digikahvilat-pyorivat-kevaan-aikana\/#primaryimage"},"thumbnailUrl":"https:\/\/liiveri.net\/wp-content\/uploads\/2023\/02\/placeholder.png","articleSection":["Kyl\u00e4t","Yhteis\u00f6t","Uutiset","Digitaalisuus"],"inLanguage":"en-GB","potentialAction":[{"@type":"CommentAction","name":"Comment","target":["https:\/\/liiveri.net\/uutiset\/yhdistysten-digikahvilat-pyorivat-kevaan-aikana\/#respond"]}]},{"@type":"WebPage","@id":"https:\/\/liiveri.net\/uutiset\/yhdistysten-digikahvilat-pyorivat-kevaan-aikana\/","url":"https:\/\/liiveri.net\/uutiset\/yhdistysten-digikahvilat-pyorivat-kevaan-aikana\/","name":"Yhdistysten digikahvilat py\u00f6riv\u00e4t kev\u00e4\u00e4n aikana - Liiveri","isPartOf":{"@id":"https:\/\/liiveri.net\/#website"},"primaryImageOfPage":{"@id":"https:\/\/liiveri.net\/uutiset\/yhdistysten-digikahvilat-pyorivat-kevaan-aikana\/#primaryimage"},"image":{"@id":"https:\/\/liiveri.net\/uutiset\/yhdistysten-digikahvilat-pyorivat-kevaan-aikana\/#primaryimage"},"thumbnailUrl":"https:\/\/liiveri.net\/wp-content\/uploads\/2023\/02\/placeholder.png","datePublished":"2022-03-30T08:28:00+00:00","dateModified":"2023-03-30T12:59:39+00:00","breadcrumb":{"@id":"https:\/\/liiveri.net\/uutiset\/yhdistysten-digikahvilat-pyorivat-kevaan-aikana\/#breadcrumb"},"inLanguage":"en-GB","potentialAction":[{"@type":"ReadAction","target":["https:\/\/liiveri.net\/uutiset\/yhdistysten-digikahvilat-pyorivat-kevaan-aikana\/"]}]},{"@type":"ImageObject","inLanguage":"en-GB","@id":"https:\/\/liiveri.net\/uutiset\/yhdistysten-digikahvilat-pyorivat-kevaan-aikana\/#primaryimage","url":"https:\/\/liiveri.net\/wp-content\/uploads\/2023\/02\/placeholder.png","contentUrl":"https:\/\/liiveri.net\/wp-content\/uploads\/2023\/02\/placeholder.png","width":1920,"height":1080,"caption":"Leader Liiveri -logo."},{"@type":"BreadcrumbList","@id":"https:\/\/liiveri.net\/uutiset\/yhdistysten-digikahvilat-pyorivat-kevaan-aikana\/#breadcrumb","itemListElement":[{"@type":"ListItem","position":1,"name":"Etusivu","item":"https:\/\/liiveri.net\/"},{"@type":"ListItem","position":2,"name":"Yhdistysten digikahvilat py\u00f6riv\u00e4t kev\u00e4\u00e4n aikana"}]},{"@type":"WebSite","@id":"https:\/\/liiveri.net\/#website","url":"https:\/\/liiveri.net\/","name":"Liiveri - Kehitt\u00e4misyhdistys","description":"REILU RAHOITTAJA PALVELUKSESSASI","publisher":{"@id":"https:\/\/liiveri.net\/#organization"},"potentialAction":[{"@type":"SearchAction","target":{"@type":"EntryPoint","urlTemplate":"https:\/\/liiveri.net\/?s={search_term_string}"},"query-input":"required name=search_term_string"}],"inLanguage":"en-GB"},{"@type":"Organization","@id":"https:\/\/liiveri.net\/#organization","name":"Kehitt\u00e4misyhdistys Liiveri ry","url":"https:\/\/liiveri.net\/","logo":{"@type":"ImageObject","inLanguage":"en-GB","@id":"https:\/\/liiveri.net\/#\/schema\/logo\/image\/","url":"https:\/\/liiveri.net\/wp-content\/uploads\/2023\/02\/placeholder.png","contentUrl":"https:\/\/liiveri.net\/wp-content\/uploads\/2023\/02\/placeholder.png","width":1920,"height":1080,"caption":"Kehitt\u00e4misyhdistys Liiveri ry"},"image":{"@id":"https:\/\/liiveri.net\/#\/schema\/logo\/image\/"},"sameAs":["https:\/\/www.facebook.com\/LeaderLiiveri","https:\/\/x.com\/LeaderLiiveri","https:\/\/www.instagram.com\/leaderliiveri\/"]},{"@type":"Person","@id":"https:\/\/liiveri.net\/#\/schema\/person\/4d2151d167ce291fb59ae4929e4f150a","name":"Admin","image":{"@type":"ImageObject","inLanguage":"en-GB","@id":"https:\/\/liiveri.net\/#\/schema\/person\/image\/","url":"https:\/\/liiveri.net\/wp-content\/litespeed\/avatar\/1\/a408f0f48bbe882d38689644bc375f8c.jpg?ver=1776854780","contentUrl":"https:\/\/liiveri.net\/wp-content\/litespeed\/avatar\/1\/a408f0f48bbe882d38689644bc375f8c.jpg?ver=1776854780","caption":"Admin"},"sameAs":["https:\/\/liiveri.net"],"url":"https:\/\/liiveri.net\/en\/uutiset\/author\/admin\/"}]}},"acf":[],"_links":{"self":[{"href":"https:\/\/liiveri.net\/en\/wp-json\/wp\/v2\/posts\/3254","targetHints":{"allow":["GET"]}}],"collection":[{"href":"https:\/\/liiveri.net\/en\/wp-json\/wp\/v2\/posts"}],"about":[{"href":"https:\/\/liiveri.net\/en\/wp-json\/wp\/v2\/types\/post"}],"author":[{"embeddable":true,"href":"https:\/\/liiveri.net\/en\/wp-json\/wp\/v2\/users\/1"}],"replies":[{"embeddable":true,"href":"https:\/\/liiveri.net\/en\/wp-json\/wp\/v2\/comments?post=3254"}],"version-history":[{"count":0,"href":"https:\/\/liiveri.net\/en\/wp-json\/wp\/v2\/posts\/3254\/revisions"}],"wp:featuredmedia":[{"embeddable":true,"href":"https:\/\/liiveri.net\/en\/wp-json\/wp\/v2\/media\/948"}],"wp:attachment":[{"href":"https:\/\/liiveri.net\/en\/wp-json\/wp\/v2\/media?parent=3254"}],"wp:term":[{"taxonomy":"category","embeddable":true,"href":"https:\/\/liiveri.net\/en\/wp-json\/wp\/v2\/categories?post=3254"},{"taxonomy":"post_tag","embeddable":true,"href":"https:\/\/liiveri.net\/en\/wp-json\/wp\/v2\/tags?post=3254"}],"curies":[{"name":"wp","href":"https:\/\/api.w.org\/{rel}","templated":true}]}}