{"id":3264,"date":"2022-10-28T15:24:00","date_gmt":"2022-10-28T12:24:00","guid":{"rendered":"https:\/\/liiveri.net\/blog\/2022\/10\/28\/liiverin-kylaasiantuntija-jaa-elakkeelle\/"},"modified":"2023-03-24T10:07:08","modified_gmt":"2023-03-24T08:07:08","slug":"liiverin-kylaasiantuntija-jaa-elakkeelle","status":"publish","type":"post","link":"https:\/\/liiveri.net\/en\/uutiset\/liiverin-kylaasiantuntija-jaa-elakkeelle\/","title":{"rendered":"Liiver&#039;s village expert retires"},"content":{"rendered":"<p>Irma Kortesuo, who worked as a village expert for more than ten years, will retire at the end of October. Irma had time to work in Liiver as the leader of four different village projects.<\/p>\n<p>The Kylille III project will continue until next summer, and agrologist Anne Palohuhta will start as a village expert in Liiver in January 2023.<\/p>\n<p><a href=\"\/en\/artikkelit\/toivon-etta-kehitystyo-jatkuu-myos-tulevaisuudessa23\/\">Read Irma&#039;s interview on Liiver&#039;s blog.<\/a><\/p>","protected":false},"excerpt":{"rendered":"<p>Irma Kortesuo, who worked as a village expert for more than ten years, will retire at the end of October. Irma had time to work in Liiver as the leader of four different village projects. The Kylille III project will continue until next summer, and agrologist Anne Palohuhta will start as a village expert in Liiver in January 2023. Read Irma&#039;s interview on Liiver&#039;s blog.<\/p>","protected":false},"author":1,"featured_media":948,"comment_status":"open","ping_status":"open","sticky":false,"template":"","format":"standard","meta":{"_acf_changed":false,"footnotes":""},"categories":[30],"tags":[],"class_list":["post-3264","post","type-post","status-publish","format-standard","has-post-thumbnail","hentry","category-uutiset"],"yoast_head":"<!-- This site is optimized with the Yoast SEO plugin v23.3 - https:\/\/yoast.com\/wordpress\/plugins\/seo\/ -->\n<title>Liiverin kyl\u00e4asiantuntija j\u00e4\u00e4 el\u00e4kkeelle - Liiveri<\/title>\n<meta name=\"robots\" content=\"index, follow, max-snippet:-1, max-image-preview:large, max-video-preview:-1\" \/>\n<link rel=\"canonical\" href=\"https:\/\/liiveri.net\/en\/uutiset\/liiverin-kylaasiantuntija-jaa-elakkeelle\/\" \/>\n<meta property=\"og:locale\" content=\"en_GB\" \/>\n<meta property=\"og:type\" content=\"article\" \/>\n<meta property=\"og:title\" content=\"Liiverin kyl\u00e4asiantuntija j\u00e4\u00e4 el\u00e4kkeelle - Liiveri\" \/>\n<meta property=\"og:description\" content=\"Yli kymmenen vuoden ajan kyl&auml;asiantuntijana toiminut Irma Kortesuo j&auml;&auml; el&auml;kkeelle lokakuun lopussa. Irma ehti toimia Liiveriss&auml; nelj&auml;n eri kyl&auml;hankkeen vet&auml;j&auml;n&auml;. Kylille III &ndash;hanke jatkuu ensi kes&auml;&auml;n saakka ja Liiveriss&auml; kyl&auml;asiantuntijan teht&auml;viss&auml; aloittaa agrologi Anne Palohuhta tammikuussa 2023. Lue Irman haastattelu Liiverin blogista.\" \/>\n<meta property=\"og:url\" content=\"https:\/\/liiveri.net\/en\/uutiset\/liiverin-kylaasiantuntija-jaa-elakkeelle\/\" \/>\n<meta property=\"og:site_name\" content=\"Liiveri\" \/>\n<meta property=\"article:publisher\" content=\"https:\/\/www.facebook.com\/LeaderLiiveri\" \/>\n<meta property=\"article:published_time\" content=\"2022-10-28T12:24:00+00:00\" \/>\n<meta property=\"article:modified_time\" content=\"2023-03-24T08:07:08+00:00\" \/>\n<meta property=\"og:image\" content=\"https:\/\/liiveri.net\/wp-content\/uploads\/2023\/02\/placeholder.png\" \/>\n\t<meta property=\"og:image:width\" content=\"1920\" \/>\n\t<meta property=\"og:image:height\" content=\"1080\" \/>\n\t<meta property=\"og:image:type\" content=\"image\/png\" \/>\n<meta name=\"author\" content=\"Admin\" \/>\n<meta name=\"twitter:card\" content=\"summary_large_image\" \/>\n<meta name=\"twitter:creator\" content=\"@LeaderLiiveri\" \/>\n<meta name=\"twitter:site\" content=\"@LeaderLiiveri\" \/>\n<meta name=\"twitter:label1\" content=\"Written by\" \/>\n\t<meta name=\"twitter:data1\" content=\"Admin\" \/>\n<script type=\"application\/ld+json\" class=\"yoast-schema-graph\">{\"@context\":\"https:\/\/schema.org\",\"@graph\":[{\"@type\":\"Article\",\"@id\":\"https:\/\/liiveri.net\/uutiset\/liiverin-kylaasiantuntija-jaa-elakkeelle\/#article\",\"isPartOf\":{\"@id\":\"https:\/\/liiveri.net\/uutiset\/liiverin-kylaasiantuntija-jaa-elakkeelle\/\"},\"author\":{\"name\":\"Admin\",\"@id\":\"https:\/\/liiveri.net\/#\/schema\/person\/4d2151d167ce291fb59ae4929e4f150a\"},\"headline\":\"Liiverin kyl\u00e4asiantuntija j\u00e4\u00e4 el\u00e4kkeelle\",\"datePublished\":\"2022-10-28T12:24:00+00:00\",\"dateModified\":\"2023-03-24T08:07:08+00:00\",\"mainEntityOfPage\":{\"@id\":\"https:\/\/liiveri.net\/uutiset\/liiverin-kylaasiantuntija-jaa-elakkeelle\/\"},\"wordCount\":73,\"commentCount\":0,\"publisher\":{\"@id\":\"https:\/\/liiveri.net\/#organization\"},\"image\":{\"@id\":\"https:\/\/liiveri.net\/uutiset\/liiverin-kylaasiantuntija-jaa-elakkeelle\/#primaryimage\"},\"thumbnailUrl\":\"https:\/\/liiveri.net\/wp-content\/uploads\/2023\/02\/placeholder.png\",\"articleSection\":[\"Uutiset\"],\"inLanguage\":\"en-GB\",\"potentialAction\":[{\"@type\":\"CommentAction\",\"name\":\"Comment\",\"target\":[\"https:\/\/liiveri.net\/uutiset\/liiverin-kylaasiantuntija-jaa-elakkeelle\/#respond\"]}]},{\"@type\":\"WebPage\",\"@id\":\"https:\/\/liiveri.net\/uutiset\/liiverin-kylaasiantuntija-jaa-elakkeelle\/\",\"url\":\"https:\/\/liiveri.net\/uutiset\/liiverin-kylaasiantuntija-jaa-elakkeelle\/\",\"name\":\"Liiverin kyl\u00e4asiantuntija j\u00e4\u00e4 el\u00e4kkeelle - Liiveri\",\"isPartOf\":{\"@id\":\"https:\/\/liiveri.net\/#website\"},\"primaryImageOfPage\":{\"@id\":\"https:\/\/liiveri.net\/uutiset\/liiverin-kylaasiantuntija-jaa-elakkeelle\/#primaryimage\"},\"image\":{\"@id\":\"https:\/\/liiveri.net\/uutiset\/liiverin-kylaasiantuntija-jaa-elakkeelle\/#primaryimage\"},\"thumbnailUrl\":\"https:\/\/liiveri.net\/wp-content\/uploads\/2023\/02\/placeholder.png\",\"datePublished\":\"2022-10-28T12:24:00+00:00\",\"dateModified\":\"2023-03-24T08:07:08+00:00\",\"breadcrumb\":{\"@id\":\"https:\/\/liiveri.net\/uutiset\/liiverin-kylaasiantuntija-jaa-elakkeelle\/#breadcrumb\"},\"inLanguage\":\"en-GB\",\"potentialAction\":[{\"@type\":\"ReadAction\",\"target\":[\"https:\/\/liiveri.net\/uutiset\/liiverin-kylaasiantuntija-jaa-elakkeelle\/\"]}]},{\"@type\":\"ImageObject\",\"inLanguage\":\"en-GB\",\"@id\":\"https:\/\/liiveri.net\/uutiset\/liiverin-kylaasiantuntija-jaa-elakkeelle\/#primaryimage\",\"url\":\"https:\/\/liiveri.net\/wp-content\/uploads\/2023\/02\/placeholder.png\",\"contentUrl\":\"https:\/\/liiveri.net\/wp-content\/uploads\/2023\/02\/placeholder.png\",\"width\":1920,\"height\":1080,\"caption\":\"Leader Liiveri -logo.\"},{\"@type\":\"BreadcrumbList\",\"@id\":\"https:\/\/liiveri.net\/uutiset\/liiverin-kylaasiantuntija-jaa-elakkeelle\/#breadcrumb\",\"itemListElement\":[{\"@type\":\"ListItem\",\"position\":1,\"name\":\"Etusivu\",\"item\":\"https:\/\/liiveri.net\/\"},{\"@type\":\"ListItem\",\"position\":2,\"name\":\"Liiverin kyl\u00e4asiantuntija j\u00e4\u00e4 el\u00e4kkeelle\"}]},{\"@type\":\"WebSite\",\"@id\":\"https:\/\/liiveri.net\/#website\",\"url\":\"https:\/\/liiveri.net\/\",\"name\":\"Liiveri - Kehitt\u00e4misyhdistys\",\"description\":\"REILU RAHOITTAJA PALVELUKSESSASI\",\"publisher\":{\"@id\":\"https:\/\/liiveri.net\/#organization\"},\"potentialAction\":[{\"@type\":\"SearchAction\",\"target\":{\"@type\":\"EntryPoint\",\"urlTemplate\":\"https:\/\/liiveri.net\/?s={search_term_string}\"},\"query-input\":\"required name=search_term_string\"}],\"inLanguage\":\"en-GB\"},{\"@type\":\"Organization\",\"@id\":\"https:\/\/liiveri.net\/#organization\",\"name\":\"Kehitt\u00e4misyhdistys Liiveri ry\",\"url\":\"https:\/\/liiveri.net\/\",\"logo\":{\"@type\":\"ImageObject\",\"inLanguage\":\"en-GB\",\"@id\":\"https:\/\/liiveri.net\/#\/schema\/logo\/image\/\",\"url\":\"https:\/\/liiveri.net\/wp-content\/uploads\/2023\/02\/placeholder.png\",\"contentUrl\":\"https:\/\/liiveri.net\/wp-content\/uploads\/2023\/02\/placeholder.png\",\"width\":1920,\"height\":1080,\"caption\":\"Kehitt\u00e4misyhdistys Liiveri ry\"},\"image\":{\"@id\":\"https:\/\/liiveri.net\/#\/schema\/logo\/image\/\"},\"sameAs\":[\"https:\/\/www.facebook.com\/LeaderLiiveri\",\"https:\/\/x.com\/LeaderLiiveri\",\"https:\/\/www.instagram.com\/leaderliiveri\/\"]},{\"@type\":\"Person\",\"@id\":\"https:\/\/liiveri.net\/#\/schema\/person\/4d2151d167ce291fb59ae4929e4f150a\",\"name\":\"Admin\",\"image\":{\"@type\":\"ImageObject\",\"inLanguage\":\"en-GB\",\"@id\":\"https:\/\/liiveri.net\/#\/schema\/person\/image\/\",\"url\":\"https:\/\/liiveri.net\/wp-content\/litespeed\/avatar\/1\/a408f0f48bbe882d38689644bc375f8c.jpg?ver=1777459663\",\"contentUrl\":\"https:\/\/liiveri.net\/wp-content\/litespeed\/avatar\/1\/a408f0f48bbe882d38689644bc375f8c.jpg?ver=1777459663\",\"caption\":\"Admin\"},\"sameAs\":[\"https:\/\/liiveri.net\"],\"url\":\"https:\/\/liiveri.net\/en\/uutiset\/author\/admin\/\"}]}<\/script>\n<!-- \/ Yoast SEO plugin. -->","yoast_head_json":{"title":"Liiverin kyl\u00e4asiantuntija j\u00e4\u00e4 el\u00e4kkeelle - Liiveri","robots":{"index":"index","follow":"follow","max-snippet":"max-snippet:-1","max-image-preview":"max-image-preview:large","max-video-preview":"max-video-preview:-1"},"canonical":"https:\/\/liiveri.net\/en\/uutiset\/liiverin-kylaasiantuntija-jaa-elakkeelle\/","og_locale":"en_GB","og_type":"article","og_title":"Liiverin kyl\u00e4asiantuntija j\u00e4\u00e4 el\u00e4kkeelle - Liiveri","og_description":"Yli kymmenen vuoden ajan kyl&auml;asiantuntijana toiminut Irma Kortesuo j&auml;&auml; el&auml;kkeelle lokakuun lopussa. Irma ehti toimia Liiveriss&auml; nelj&auml;n eri kyl&auml;hankkeen vet&auml;j&auml;n&auml;. Kylille III &ndash;hanke jatkuu ensi kes&auml;&auml;n saakka ja Liiveriss&auml; kyl&auml;asiantuntijan teht&auml;viss&auml; aloittaa agrologi Anne Palohuhta tammikuussa 2023. Lue Irman haastattelu Liiverin blogista.","og_url":"https:\/\/liiveri.net\/en\/uutiset\/liiverin-kylaasiantuntija-jaa-elakkeelle\/","og_site_name":"Liiveri","article_publisher":"https:\/\/www.facebook.com\/LeaderLiiveri","article_published_time":"2022-10-28T12:24:00+00:00","article_modified_time":"2023-03-24T08:07:08+00:00","og_image":[{"width":1920,"height":1080,"url":"https:\/\/liiveri.net\/wp-content\/uploads\/2023\/02\/placeholder.png","type":"image\/png"}],"author":"Admin","twitter_card":"summary_large_image","twitter_creator":"@LeaderLiiveri","twitter_site":"@LeaderLiiveri","twitter_misc":{"Written by":"Admin"},"schema":{"@context":"https:\/\/schema.org","@graph":[{"@type":"Article","@id":"https:\/\/liiveri.net\/uutiset\/liiverin-kylaasiantuntija-jaa-elakkeelle\/#article","isPartOf":{"@id":"https:\/\/liiveri.net\/uutiset\/liiverin-kylaasiantuntija-jaa-elakkeelle\/"},"author":{"name":"Admin","@id":"https:\/\/liiveri.net\/#\/schema\/person\/4d2151d167ce291fb59ae4929e4f150a"},"headline":"Liiverin kyl\u00e4asiantuntija j\u00e4\u00e4 el\u00e4kkeelle","datePublished":"2022-10-28T12:24:00+00:00","dateModified":"2023-03-24T08:07:08+00:00","mainEntityOfPage":{"@id":"https:\/\/liiveri.net\/uutiset\/liiverin-kylaasiantuntija-jaa-elakkeelle\/"},"wordCount":73,"commentCount":0,"publisher":{"@id":"https:\/\/liiveri.net\/#organization"},"image":{"@id":"https:\/\/liiveri.net\/uutiset\/liiverin-kylaasiantuntija-jaa-elakkeelle\/#primaryimage"},"thumbnailUrl":"https:\/\/liiveri.net\/wp-content\/uploads\/2023\/02\/placeholder.png","articleSection":["Uutiset"],"inLanguage":"en-GB","potentialAction":[{"@type":"CommentAction","name":"Comment","target":["https:\/\/liiveri.net\/uutiset\/liiverin-kylaasiantuntija-jaa-elakkeelle\/#respond"]}]},{"@type":"WebPage","@id":"https:\/\/liiveri.net\/uutiset\/liiverin-kylaasiantuntija-jaa-elakkeelle\/","url":"https:\/\/liiveri.net\/uutiset\/liiverin-kylaasiantuntija-jaa-elakkeelle\/","name":"Liiverin kyl\u00e4asiantuntija j\u00e4\u00e4 el\u00e4kkeelle - Liiveri","isPartOf":{"@id":"https:\/\/liiveri.net\/#website"},"primaryImageOfPage":{"@id":"https:\/\/liiveri.net\/uutiset\/liiverin-kylaasiantuntija-jaa-elakkeelle\/#primaryimage"},"image":{"@id":"https:\/\/liiveri.net\/uutiset\/liiverin-kylaasiantuntija-jaa-elakkeelle\/#primaryimage"},"thumbnailUrl":"https:\/\/liiveri.net\/wp-content\/uploads\/2023\/02\/placeholder.png","datePublished":"2022-10-28T12:24:00+00:00","dateModified":"2023-03-24T08:07:08+00:00","breadcrumb":{"@id":"https:\/\/liiveri.net\/uutiset\/liiverin-kylaasiantuntija-jaa-elakkeelle\/#breadcrumb"},"inLanguage":"en-GB","potentialAction":[{"@type":"ReadAction","target":["https:\/\/liiveri.net\/uutiset\/liiverin-kylaasiantuntija-jaa-elakkeelle\/"]}]},{"@type":"ImageObject","inLanguage":"en-GB","@id":"https:\/\/liiveri.net\/uutiset\/liiverin-kylaasiantuntija-jaa-elakkeelle\/#primaryimage","url":"https:\/\/liiveri.net\/wp-content\/uploads\/2023\/02\/placeholder.png","contentUrl":"https:\/\/liiveri.net\/wp-content\/uploads\/2023\/02\/placeholder.png","width":1920,"height":1080,"caption":"Leader Liiveri -logo."},{"@type":"BreadcrumbList","@id":"https:\/\/liiveri.net\/uutiset\/liiverin-kylaasiantuntija-jaa-elakkeelle\/#breadcrumb","itemListElement":[{"@type":"ListItem","position":1,"name":"Etusivu","item":"https:\/\/liiveri.net\/"},{"@type":"ListItem","position":2,"name":"Liiverin kyl\u00e4asiantuntija j\u00e4\u00e4 el\u00e4kkeelle"}]},{"@type":"WebSite","@id":"https:\/\/liiveri.net\/#website","url":"https:\/\/liiveri.net\/","name":"Liiveri - Kehitt\u00e4misyhdistys","description":"REILU RAHOITTAJA PALVELUKSESSASI","publisher":{"@id":"https:\/\/liiveri.net\/#organization"},"potentialAction":[{"@type":"SearchAction","target":{"@type":"EntryPoint","urlTemplate":"https:\/\/liiveri.net\/?s={search_term_string}"},"query-input":"required name=search_term_string"}],"inLanguage":"en-GB"},{"@type":"Organization","@id":"https:\/\/liiveri.net\/#organization","name":"Kehitt\u00e4misyhdistys Liiveri ry","url":"https:\/\/liiveri.net\/","logo":{"@type":"ImageObject","inLanguage":"en-GB","@id":"https:\/\/liiveri.net\/#\/schema\/logo\/image\/","url":"https:\/\/liiveri.net\/wp-content\/uploads\/2023\/02\/placeholder.png","contentUrl":"https:\/\/liiveri.net\/wp-content\/uploads\/2023\/02\/placeholder.png","width":1920,"height":1080,"caption":"Kehitt\u00e4misyhdistys Liiveri ry"},"image":{"@id":"https:\/\/liiveri.net\/#\/schema\/logo\/image\/"},"sameAs":["https:\/\/www.facebook.com\/LeaderLiiveri","https:\/\/x.com\/LeaderLiiveri","https:\/\/www.instagram.com\/leaderliiveri\/"]},{"@type":"Person","@id":"https:\/\/liiveri.net\/#\/schema\/person\/4d2151d167ce291fb59ae4929e4f150a","name":"Admin","image":{"@type":"ImageObject","inLanguage":"en-GB","@id":"https:\/\/liiveri.net\/#\/schema\/person\/image\/","url":"https:\/\/liiveri.net\/wp-content\/litespeed\/avatar\/1\/a408f0f48bbe882d38689644bc375f8c.jpg?ver=1777459663","contentUrl":"https:\/\/liiveri.net\/wp-content\/litespeed\/avatar\/1\/a408f0f48bbe882d38689644bc375f8c.jpg?ver=1777459663","caption":"Admin"},"sameAs":["https:\/\/liiveri.net"],"url":"https:\/\/liiveri.net\/en\/uutiset\/author\/admin\/"}]}},"acf":[],"_links":{"self":[{"href":"https:\/\/liiveri.net\/en\/wp-json\/wp\/v2\/posts\/3264","targetHints":{"allow":["GET"]}}],"collection":[{"href":"https:\/\/liiveri.net\/en\/wp-json\/wp\/v2\/posts"}],"about":[{"href":"https:\/\/liiveri.net\/en\/wp-json\/wp\/v2\/types\/post"}],"author":[{"embeddable":true,"href":"https:\/\/liiveri.net\/en\/wp-json\/wp\/v2\/users\/1"}],"replies":[{"embeddable":true,"href":"https:\/\/liiveri.net\/en\/wp-json\/wp\/v2\/comments?post=3264"}],"version-history":[{"count":0,"href":"https:\/\/liiveri.net\/en\/wp-json\/wp\/v2\/posts\/3264\/revisions"}],"wp:featuredmedia":[{"embeddable":true,"href":"https:\/\/liiveri.net\/en\/wp-json\/wp\/v2\/media\/948"}],"wp:attachment":[{"href":"https:\/\/liiveri.net\/en\/wp-json\/wp\/v2\/media?parent=3264"}],"wp:term":[{"taxonomy":"category","embeddable":true,"href":"https:\/\/liiveri.net\/en\/wp-json\/wp\/v2\/categories?post=3264"},{"taxonomy":"post_tag","embeddable":true,"href":"https:\/\/liiveri.net\/en\/wp-json\/wp\/v2\/tags?post=3264"}],"curies":[{"name":"wp","href":"https:\/\/api.w.org\/{rel}","templated":true}]}}