{"id":6321,"date":"2023-04-28T13:33:36","date_gmt":"2023-04-28T10:33:36","guid":{"rendered":"https:\/\/liiveri.net\/?p=6321"},"modified":"2023-04-28T13:33:36","modified_gmt":"2023-04-28T10:33:36","slug":"liiverin-hallituksen-uudet-jasenet","status":"publish","type":"post","link":"https:\/\/liiveri.net\/en\/uutiset\/liiverin-hallituksen-uudet-jasenet\/","title":{"rendered":"The new members of Liiver&#039;s board"},"content":{"rendered":"<p>Liiver&#039;s annual meeting was organized on March 28. Kohtalonm\u00e4ki farm in Jalasj\u00e4rvi. The meeting was elected <a href=\"http:\/\/hallitus\" target=\"_blank\" rel=\"noopener\">To the government of Liveri<\/a> new members to replace those who resigned.<\/p>\n<p>Tarja Pienim\u00e4ki from Ilmajoki continues as the chairman of the board.<\/p>\n<p>Janne Lehtinen from Jalasj\u00e4rvi and Tero J\u00e4rvi from Ilmajoki were elected as new board members.<\/p>\n<p>Mari M\u00e4ki-Karvia, Saara Marttila and Tero Vuorenm\u00e4ki from Jalasj\u00e4rvi, Veera Bohjanen and Anni Kirkkom\u00e4ki from Ilmajoki, Eija Saariaho from Per\u00e4sein\u00e4joki and Kari Homi from Sein\u00e4joki were elected as new deputies.<\/p>\n<p>Leena Sj\u00f6stedt, Sari Rintala, P\u00e4ivi Alaniska, Pia Rita-Luopa, Jarmo Kallio, Matti Koivuluoma, Jaana Hurme, Pirkko Ekoluoma and Mikko Jokipii will continue as board members.<\/p>\n<p>Minna Tuohisto-Kokko, Suvi Lakso, Johanna Punkari, Terhi Hunnakko and Juha-Pekka Karvonen will continue as deputy members of the board.<\/p>\n<p>Outi M\u00e4nty, Kirsi Huhtala, Arja Ketoja, Jaakko Koskenkorva, Hannu Ilom\u00e4ki, Janne Etel\u00e4aho, Karri Kallio and Mika Yli-Pet\u00e4ys left the board.<\/p>\n<p>Liiveri thanks those left out for their significant contribution to local development work.<\/p>","protected":false},"excerpt":{"rendered":"<p>Liiver&#039;s annual meeting was organized on March 28. Kohtalonm\u00e4ki farm in Jalasj\u00e4rvi. At the meeting, new members were elected to Liiveri&#039;s board of directors to replace those who resigned. Tarja Pienim\u00e4ki from Ilmajoki continues as the chairman of the board. Janne Lehtinen from Jalasj\u00e4rvi and Tero J\u00e4rvi from Ilmajoki were elected as new board members. Mari M\u00e4ki-Karvia, Saara Marttila and Tero Vuorenm\u00e4ki from Jalasj\u00e4rvi, Veera Bohjanen and Anni Kirkkom\u00e4ki from Ilmajoki, Eija Saariaho from Per\u00e4sein\u00e4joki and Kari Homi from Sein\u00e4joki were elected as new deputies. [\u2026]<\/p>","protected":false},"author":3,"featured_media":6324,"comment_status":"open","ping_status":"open","sticky":false,"template":"","format":"standard","meta":{"_acf_changed":false,"footnotes":""},"categories":[9,29,30],"tags":[],"class_list":["post-6321","post","type-post","status-publish","format-standard","has-post-thumbnail","hentry","category-tiedotteet","category-liiveri","category-uutiset"],"yoast_head":"<!-- This site is optimized with the Yoast SEO plugin v23.3 - https:\/\/yoast.com\/wordpress\/plugins\/seo\/ -->\n<title>Liiverin hallituksen uudet j\u00e4senet - Liiveri<\/title>\n<meta name=\"robots\" content=\"index, follow, max-snippet:-1, max-image-preview:large, max-video-preview:-1\" \/>\n<link rel=\"canonical\" href=\"https:\/\/liiveri.net\/en\/uutiset\/liiverin-hallituksen-uudet-jasenet\/\" \/>\n<meta property=\"og:locale\" content=\"en_GB\" \/>\n<meta property=\"og:type\" content=\"article\" \/>\n<meta property=\"og:title\" content=\"Liiverin hallituksen uudet j\u00e4senet - Liiveri\" \/>\n<meta property=\"og:description\" content=\"Liiverin vuosikokous j\u00e4rjestettiin 28.3. Kohtalonm\u00e4en tilalla Jalasj\u00e4rvell\u00e4. Kokouksessa valittiin Liiverin hallitukseen uudet j\u00e4senet erovuoroisten tilalle. Hallituksen puheenjohtajana jatkaa Tarja Pienim\u00e4ki Ilmajoelta. Uusiksi hallituksen varsinaisiksi j\u00e4seniksi valittiin Janne Lehtinen Jalasj\u00e4rvelt\u00e4 ja Tero J\u00e4rvi Ilmajoelta. Uusiksi varaj\u00e4seniksi valittiin Mari M\u00e4ki-Karvia,\u00a0Saara Marttila ja\u00a0Tero Vuorenm\u00e4ki Jalasj\u00e4rvelt\u00e4, Veera Bohjanen ja Anni Kirkkom\u00e4ki Ilmajoelta, Eija Saariaho Per\u00e4sein\u00e4joelta ja Kari Homi Sein\u00e4joelta. [&hellip;]\" \/>\n<meta property=\"og:url\" content=\"https:\/\/liiveri.net\/en\/uutiset\/liiverin-hallituksen-uudet-jasenet\/\" \/>\n<meta property=\"og:site_name\" content=\"Liiveri\" \/>\n<meta property=\"article:publisher\" content=\"https:\/\/www.facebook.com\/LeaderLiiveri\" \/>\n<meta property=\"article:published_time\" content=\"2023-04-28T10:33:36+00:00\" \/>\n<meta property=\"og:image\" content=\"https:\/\/liiveri.net\/wp-content\/uploads\/2023\/04\/vuosikokous1.jpeg\" \/>\n\t<meta property=\"og:image:width\" content=\"2048\" \/>\n\t<meta property=\"og:image:height\" content=\"1537\" \/>\n\t<meta property=\"og:image:type\" content=\"image\/jpeg\" \/>\n<meta name=\"author\" content=\"Sanna Haapakoski\" \/>\n<meta name=\"twitter:card\" content=\"summary_large_image\" \/>\n<meta name=\"twitter:creator\" content=\"@LeaderLiiveri\" \/>\n<meta name=\"twitter:site\" content=\"@LeaderLiiveri\" \/>\n<meta name=\"twitter:label1\" content=\"Written by\" \/>\n\t<meta name=\"twitter:data1\" content=\"Sanna Haapakoski\" \/>\n\t<meta name=\"twitter:label2\" content=\"Estimated reading time\" \/>\n\t<meta name=\"twitter:data2\" content=\"1 minute\" \/>\n<script type=\"application\/ld+json\" class=\"yoast-schema-graph\">{\"@context\":\"https:\/\/schema.org\",\"@graph\":[{\"@type\":\"Article\",\"@id\":\"https:\/\/liiveri.net\/uutiset\/liiverin-hallituksen-uudet-jasenet\/#article\",\"isPartOf\":{\"@id\":\"https:\/\/liiveri.net\/uutiset\/liiverin-hallituksen-uudet-jasenet\/\"},\"author\":{\"name\":\"Sanna Haapakoski\",\"@id\":\"https:\/\/liiveri.net\/#\/schema\/person\/ac306228647ee1c649862732e141a9c2\"},\"headline\":\"Liiverin hallituksen uudet j\u00e4senet\",\"datePublished\":\"2023-04-28T10:33:36+00:00\",\"dateModified\":\"2023-04-28T10:33:36+00:00\",\"mainEntityOfPage\":{\"@id\":\"https:\/\/liiveri.net\/uutiset\/liiverin-hallituksen-uudet-jasenet\/\"},\"wordCount\":159,\"commentCount\":0,\"publisher\":{\"@id\":\"https:\/\/liiveri.net\/#organization\"},\"image\":{\"@id\":\"https:\/\/liiveri.net\/uutiset\/liiverin-hallituksen-uudet-jasenet\/#primaryimage\"},\"thumbnailUrl\":\"https:\/\/liiveri.net\/wp-content\/uploads\/2023\/04\/vuosikokous1.jpeg\",\"articleSection\":[\"Tiedotteet\",\"Liiveri\",\"Uutiset\"],\"inLanguage\":\"en-GB\",\"potentialAction\":[{\"@type\":\"CommentAction\",\"name\":\"Comment\",\"target\":[\"https:\/\/liiveri.net\/uutiset\/liiverin-hallituksen-uudet-jasenet\/#respond\"]}]},{\"@type\":\"WebPage\",\"@id\":\"https:\/\/liiveri.net\/uutiset\/liiverin-hallituksen-uudet-jasenet\/\",\"url\":\"https:\/\/liiveri.net\/uutiset\/liiverin-hallituksen-uudet-jasenet\/\",\"name\":\"Liiverin hallituksen uudet j\u00e4senet - Liiveri\",\"isPartOf\":{\"@id\":\"https:\/\/liiveri.net\/#website\"},\"primaryImageOfPage\":{\"@id\":\"https:\/\/liiveri.net\/uutiset\/liiverin-hallituksen-uudet-jasenet\/#primaryimage\"},\"image\":{\"@id\":\"https:\/\/liiveri.net\/uutiset\/liiverin-hallituksen-uudet-jasenet\/#primaryimage\"},\"thumbnailUrl\":\"https:\/\/liiveri.net\/wp-content\/uploads\/2023\/04\/vuosikokous1.jpeg\",\"datePublished\":\"2023-04-28T10:33:36+00:00\",\"dateModified\":\"2023-04-28T10:33:36+00:00\",\"breadcrumb\":{\"@id\":\"https:\/\/liiveri.net\/uutiset\/liiverin-hallituksen-uudet-jasenet\/#breadcrumb\"},\"inLanguage\":\"en-GB\",\"potentialAction\":[{\"@type\":\"ReadAction\",\"target\":[\"https:\/\/liiveri.net\/uutiset\/liiverin-hallituksen-uudet-jasenet\/\"]}]},{\"@type\":\"ImageObject\",\"inLanguage\":\"en-GB\",\"@id\":\"https:\/\/liiveri.net\/uutiset\/liiverin-hallituksen-uudet-jasenet\/#primaryimage\",\"url\":\"https:\/\/liiveri.net\/wp-content\/uploads\/2023\/04\/vuosikokous1.jpeg\",\"contentUrl\":\"https:\/\/liiveri.net\/wp-content\/uploads\/2023\/04\/vuosikokous1.jpeg\",\"width\":2048,\"height\":1537,\"caption\":\"Sinikka Koivum\u00e4ki puhumassa kokouksessa yleis\u00f6lle.\"},{\"@type\":\"BreadcrumbList\",\"@id\":\"https:\/\/liiveri.net\/uutiset\/liiverin-hallituksen-uudet-jasenet\/#breadcrumb\",\"itemListElement\":[{\"@type\":\"ListItem\",\"position\":1,\"name\":\"Etusivu\",\"item\":\"https:\/\/liiveri.net\/\"},{\"@type\":\"ListItem\",\"position\":2,\"name\":\"Liiverin hallituksen uudet j\u00e4senet\"}]},{\"@type\":\"WebSite\",\"@id\":\"https:\/\/liiveri.net\/#website\",\"url\":\"https:\/\/liiveri.net\/\",\"name\":\"Liiveri - Kehitt\u00e4misyhdistys\",\"description\":\"REILU RAHOITTAJA PALVELUKSESSASI\",\"publisher\":{\"@id\":\"https:\/\/liiveri.net\/#organization\"},\"potentialAction\":[{\"@type\":\"SearchAction\",\"target\":{\"@type\":\"EntryPoint\",\"urlTemplate\":\"https:\/\/liiveri.net\/?s={search_term_string}\"},\"query-input\":\"required name=search_term_string\"}],\"inLanguage\":\"en-GB\"},{\"@type\":\"Organization\",\"@id\":\"https:\/\/liiveri.net\/#organization\",\"name\":\"Kehitt\u00e4misyhdistys Liiveri ry\",\"url\":\"https:\/\/liiveri.net\/\",\"logo\":{\"@type\":\"ImageObject\",\"inLanguage\":\"en-GB\",\"@id\":\"https:\/\/liiveri.net\/#\/schema\/logo\/image\/\",\"url\":\"https:\/\/liiveri.net\/wp-content\/uploads\/2023\/02\/placeholder.png\",\"contentUrl\":\"https:\/\/liiveri.net\/wp-content\/uploads\/2023\/02\/placeholder.png\",\"width\":1920,\"height\":1080,\"caption\":\"Kehitt\u00e4misyhdistys Liiveri ry\"},\"image\":{\"@id\":\"https:\/\/liiveri.net\/#\/schema\/logo\/image\/\"},\"sameAs\":[\"https:\/\/www.facebook.com\/LeaderLiiveri\",\"https:\/\/x.com\/LeaderLiiveri\",\"https:\/\/www.instagram.com\/leaderliiveri\/\"]},{\"@type\":\"Person\",\"@id\":\"https:\/\/liiveri.net\/#\/schema\/person\/ac306228647ee1c649862732e141a9c2\",\"name\":\"Sanna Haapakoski\",\"image\":{\"@type\":\"ImageObject\",\"inLanguage\":\"en-GB\",\"@id\":\"https:\/\/liiveri.net\/#\/schema\/person\/image\/\",\"url\":\"https:\/\/liiveri.net\/wp-content\/litespeed\/avatar\/1\/608d57c6a3106ab30083d3b9e2c64800.jpg?ver=1777292544\",\"contentUrl\":\"https:\/\/liiveri.net\/wp-content\/litespeed\/avatar\/1\/608d57c6a3106ab30083d3b9e2c64800.jpg?ver=1777292544\",\"caption\":\"Sanna Haapakoski\"},\"url\":\"https:\/\/liiveri.net\/en\/uutiset\/author\/sanna\/\"}]}<\/script>\n<!-- \/ Yoast SEO plugin. -->","yoast_head_json":{"title":"Liiverin hallituksen uudet j\u00e4senet - Liiveri","robots":{"index":"index","follow":"follow","max-snippet":"max-snippet:-1","max-image-preview":"max-image-preview:large","max-video-preview":"max-video-preview:-1"},"canonical":"https:\/\/liiveri.net\/en\/uutiset\/liiverin-hallituksen-uudet-jasenet\/","og_locale":"en_GB","og_type":"article","og_title":"Liiverin hallituksen uudet j\u00e4senet - Liiveri","og_description":"Liiverin vuosikokous j\u00e4rjestettiin 28.3. Kohtalonm\u00e4en tilalla Jalasj\u00e4rvell\u00e4. Kokouksessa valittiin Liiverin hallitukseen uudet j\u00e4senet erovuoroisten tilalle. Hallituksen puheenjohtajana jatkaa Tarja Pienim\u00e4ki Ilmajoelta. Uusiksi hallituksen varsinaisiksi j\u00e4seniksi valittiin Janne Lehtinen Jalasj\u00e4rvelt\u00e4 ja Tero J\u00e4rvi Ilmajoelta. Uusiksi varaj\u00e4seniksi valittiin Mari M\u00e4ki-Karvia,\u00a0Saara Marttila ja\u00a0Tero Vuorenm\u00e4ki Jalasj\u00e4rvelt\u00e4, Veera Bohjanen ja Anni Kirkkom\u00e4ki Ilmajoelta, Eija Saariaho Per\u00e4sein\u00e4joelta ja Kari Homi Sein\u00e4joelta. [&hellip;]","og_url":"https:\/\/liiveri.net\/en\/uutiset\/liiverin-hallituksen-uudet-jasenet\/","og_site_name":"Liiveri","article_publisher":"https:\/\/www.facebook.com\/LeaderLiiveri","article_published_time":"2023-04-28T10:33:36+00:00","og_image":[{"width":2048,"height":1537,"url":"https:\/\/liiveri.net\/wp-content\/uploads\/2023\/04\/vuosikokous1.jpeg","type":"image\/jpeg"}],"author":"Sanna Haapakoski","twitter_card":"summary_large_image","twitter_creator":"@LeaderLiiveri","twitter_site":"@LeaderLiiveri","twitter_misc":{"Written by":"Sanna Haapakoski","Estimated reading time":"1 minute"},"schema":{"@context":"https:\/\/schema.org","@graph":[{"@type":"Article","@id":"https:\/\/liiveri.net\/uutiset\/liiverin-hallituksen-uudet-jasenet\/#article","isPartOf":{"@id":"https:\/\/liiveri.net\/uutiset\/liiverin-hallituksen-uudet-jasenet\/"},"author":{"name":"Sanna Haapakoski","@id":"https:\/\/liiveri.net\/#\/schema\/person\/ac306228647ee1c649862732e141a9c2"},"headline":"Liiverin hallituksen uudet j\u00e4senet","datePublished":"2023-04-28T10:33:36+00:00","dateModified":"2023-04-28T10:33:36+00:00","mainEntityOfPage":{"@id":"https:\/\/liiveri.net\/uutiset\/liiverin-hallituksen-uudet-jasenet\/"},"wordCount":159,"commentCount":0,"publisher":{"@id":"https:\/\/liiveri.net\/#organization"},"image":{"@id":"https:\/\/liiveri.net\/uutiset\/liiverin-hallituksen-uudet-jasenet\/#primaryimage"},"thumbnailUrl":"https:\/\/liiveri.net\/wp-content\/uploads\/2023\/04\/vuosikokous1.jpeg","articleSection":["Tiedotteet","Liiveri","Uutiset"],"inLanguage":"en-GB","potentialAction":[{"@type":"CommentAction","name":"Comment","target":["https:\/\/liiveri.net\/uutiset\/liiverin-hallituksen-uudet-jasenet\/#respond"]}]},{"@type":"WebPage","@id":"https:\/\/liiveri.net\/uutiset\/liiverin-hallituksen-uudet-jasenet\/","url":"https:\/\/liiveri.net\/uutiset\/liiverin-hallituksen-uudet-jasenet\/","name":"Liiverin hallituksen uudet j\u00e4senet - Liiveri","isPartOf":{"@id":"https:\/\/liiveri.net\/#website"},"primaryImageOfPage":{"@id":"https:\/\/liiveri.net\/uutiset\/liiverin-hallituksen-uudet-jasenet\/#primaryimage"},"image":{"@id":"https:\/\/liiveri.net\/uutiset\/liiverin-hallituksen-uudet-jasenet\/#primaryimage"},"thumbnailUrl":"https:\/\/liiveri.net\/wp-content\/uploads\/2023\/04\/vuosikokous1.jpeg","datePublished":"2023-04-28T10:33:36+00:00","dateModified":"2023-04-28T10:33:36+00:00","breadcrumb":{"@id":"https:\/\/liiveri.net\/uutiset\/liiverin-hallituksen-uudet-jasenet\/#breadcrumb"},"inLanguage":"en-GB","potentialAction":[{"@type":"ReadAction","target":["https:\/\/liiveri.net\/uutiset\/liiverin-hallituksen-uudet-jasenet\/"]}]},{"@type":"ImageObject","inLanguage":"en-GB","@id":"https:\/\/liiveri.net\/uutiset\/liiverin-hallituksen-uudet-jasenet\/#primaryimage","url":"https:\/\/liiveri.net\/wp-content\/uploads\/2023\/04\/vuosikokous1.jpeg","contentUrl":"https:\/\/liiveri.net\/wp-content\/uploads\/2023\/04\/vuosikokous1.jpeg","width":2048,"height":1537,"caption":"Sinikka Koivum\u00e4ki puhumassa kokouksessa yleis\u00f6lle."},{"@type":"BreadcrumbList","@id":"https:\/\/liiveri.net\/uutiset\/liiverin-hallituksen-uudet-jasenet\/#breadcrumb","itemListElement":[{"@type":"ListItem","position":1,"name":"Etusivu","item":"https:\/\/liiveri.net\/"},{"@type":"ListItem","position":2,"name":"Liiverin hallituksen uudet j\u00e4senet"}]},{"@type":"WebSite","@id":"https:\/\/liiveri.net\/#website","url":"https:\/\/liiveri.net\/","name":"Liiveri - Kehitt\u00e4misyhdistys","description":"REILU RAHOITTAJA PALVELUKSESSASI","publisher":{"@id":"https:\/\/liiveri.net\/#organization"},"potentialAction":[{"@type":"SearchAction","target":{"@type":"EntryPoint","urlTemplate":"https:\/\/liiveri.net\/?s={search_term_string}"},"query-input":"required name=search_term_string"}],"inLanguage":"en-GB"},{"@type":"Organization","@id":"https:\/\/liiveri.net\/#organization","name":"Kehitt\u00e4misyhdistys Liiveri ry","url":"https:\/\/liiveri.net\/","logo":{"@type":"ImageObject","inLanguage":"en-GB","@id":"https:\/\/liiveri.net\/#\/schema\/logo\/image\/","url":"https:\/\/liiveri.net\/wp-content\/uploads\/2023\/02\/placeholder.png","contentUrl":"https:\/\/liiveri.net\/wp-content\/uploads\/2023\/02\/placeholder.png","width":1920,"height":1080,"caption":"Kehitt\u00e4misyhdistys Liiveri ry"},"image":{"@id":"https:\/\/liiveri.net\/#\/schema\/logo\/image\/"},"sameAs":["https:\/\/www.facebook.com\/LeaderLiiveri","https:\/\/x.com\/LeaderLiiveri","https:\/\/www.instagram.com\/leaderliiveri\/"]},{"@type":"Person","@id":"https:\/\/liiveri.net\/#\/schema\/person\/ac306228647ee1c649862732e141a9c2","name":"Sanna Haapakoski","image":{"@type":"ImageObject","inLanguage":"en-GB","@id":"https:\/\/liiveri.net\/#\/schema\/person\/image\/","url":"https:\/\/liiveri.net\/wp-content\/litespeed\/avatar\/1\/608d57c6a3106ab30083d3b9e2c64800.jpg?ver=1777292544","contentUrl":"https:\/\/liiveri.net\/wp-content\/litespeed\/avatar\/1\/608d57c6a3106ab30083d3b9e2c64800.jpg?ver=1777292544","caption":"Sanna Haapakoski"},"url":"https:\/\/liiveri.net\/en\/uutiset\/author\/sanna\/"}]}},"acf":[],"_links":{"self":[{"href":"https:\/\/liiveri.net\/en\/wp-json\/wp\/v2\/posts\/6321","targetHints":{"allow":["GET"]}}],"collection":[{"href":"https:\/\/liiveri.net\/en\/wp-json\/wp\/v2\/posts"}],"about":[{"href":"https:\/\/liiveri.net\/en\/wp-json\/wp\/v2\/types\/post"}],"author":[{"embeddable":true,"href":"https:\/\/liiveri.net\/en\/wp-json\/wp\/v2\/users\/3"}],"replies":[{"embeddable":true,"href":"https:\/\/liiveri.net\/en\/wp-json\/wp\/v2\/comments?post=6321"}],"version-history":[{"count":0,"href":"https:\/\/liiveri.net\/en\/wp-json\/wp\/v2\/posts\/6321\/revisions"}],"wp:featuredmedia":[{"embeddable":true,"href":"https:\/\/liiveri.net\/en\/wp-json\/wp\/v2\/media\/6324"}],"wp:attachment":[{"href":"https:\/\/liiveri.net\/en\/wp-json\/wp\/v2\/media?parent=6321"}],"wp:term":[{"taxonomy":"category","embeddable":true,"href":"https:\/\/liiveri.net\/en\/wp-json\/wp\/v2\/categories?post=6321"},{"taxonomy":"post_tag","embeddable":true,"href":"https:\/\/liiveri.net\/en\/wp-json\/wp\/v2\/tags?post=6321"}],"curies":[{"name":"wp","href":"https:\/\/api.w.org\/{rel}","templated":true}]}}