{"id":643,"date":"2016-10-24T10:46:00","date_gmt":"2016-10-24T07:46:00","guid":{"rendered":"https:\/\/liiveri.net\/kasityoyrittajien-matkassa-italiassa-2\/"},"modified":"2023-02-27T09:58:08","modified_gmt":"2023-02-27T07:58:08","slug":"kasityoyrittajien-matkassa-italiassa-2","status":"publish","type":"post","link":"https:\/\/liiveri.net\/en\/uutiset\/kasityoyrittajien-matkassa-italiassa-2\/","title":{"rendered":"On a journey of craft entrepreneurs in Italy"},"content":{"rendered":"<p>Four women from Ostrobothnia went on a weekend trip to Italy in mid-September with suitcases full of local design expertise. Liiveri is involved in the Europe WITHEU project of citizens from six countries, whose seminar was organized in the town of Collecchio at the same time as the local big market. We became part of the European Market together with Croatia, Sweden and Spain. Some sold food products and we sold design and crafts.<\/p>\n<p><img fetchpriority=\"high\" decoding=\"async\" src=\"https:\/\/liiveri.net\/wp-content\/uploads\/2023\/02\/kuva-italia-juttuun-selfie.gif\" alt=\"\" width=\"709\" height=\"399\" \/><\/p>\n<p style=\"text-align: center;\">Heading to the market with excitement. From left: Johanna Rintam\u00e4ki, Niina Keltam\u00e4ki, Anna Koskim\u00e4ki and Kati Auranen.<\/p>\n<p style=\"text-align: left;\">Southern Ostrobothnia was represented by <strong>Niina Keltam\u00e4ki<\/strong> <a href=\"http:\/\/pippuriprinsessa.blogspot.fi\/\">NiinaKoo<\/a> behind the sign, <a href=\"https:\/\/huttaroo.fi\/\">To Huttaro<\/a> entrepreneurs A<strong>nna Koskim\u00e4ki<\/strong> and <strong>Kati Auranen<\/strong> and signed by <strong>Johanna Rintam\u00e4ki<\/strong> Liiveri government and Sein\u00e4joki <a href=\"http:\/\/www.sadw.fi\/\">Art &amp; Design Week<\/a> as a representative. NiinaKoo&#039;s material is paper, from which she creates both graphic art and cute little book jewelry. The business idea of the recently founded Huttaroo is based on jewelry, which is made in the shape of a picture sent by the customer. Most often, the picture is a child&#039;s drawing, from which the women of Huttaroo create, for example, a key chain. I packed products from three local designers in my bag:<a href=\"http:\/\/www.getbli.com\/\"> GetBlin<\/a> 3D printed jewelry, <a href=\"http:\/\/www.irinakdesign.fi\/\">Irina K Design<\/a> prints and <a href=\"http:\/\/www.murupumpula.fi\/\">Crumbpumpula<\/a> cards, trays and children&#039;s clothes decorated with patterns.<\/p>\n<p><img decoding=\"async\" src=\"https:\/\/liiveri.net\/wp-content\/uploads\/2023\/02\/kuva-italia-juttuun-poyta.gif\" alt=\"\" width=\"709\" height=\"399\" \/><\/p>\n<p style=\"text-align: center;\">Finland women at their sales booth, from left: Niina Keltam\u00e4ki, Kati Auranen, Johanna Rintam\u00e4ki and Anna Koskim\u00e4ki.<\/p>\n<p style=\"text-align: left;\">The European Market was part of the Sagra della Croce market, the city&#039;s largest annual event. Around 200 market vendors were spread out across the city and a large funfair loomed in the middle of the area, where young people in particular gathered to spend time. <\/p>\n<p>Representatives of their twin town from Butzbach, Germany, had also been invited to Collecchio at the same time, so there was an international group of almost 70 of us bringing color to the small Italian town. Other content had also been gathered around the market event, such as an exhibition by local artist Claudio Cesari. The dinners had been organized by various associations and organizations. Cheeses, pastas and various hams were naturally the focus of the menus. <\/p>\n<p>There is a saying that when you travel far, you see closer. We proved that Finns are far too modest with their language skills and the quality of their products. The world is open \u2013 boldly go for it!<\/p>\n<p>Text: Johanna Rintam\u00e4ki<\/p>\n<p style=\"text-align: left;\">Also check out others <a href=\"https:\/\/liiveri.net\/en\/evolaq\/\">Liiverin&#039;s international opportunities.<\/a><\/p>","protected":false},"excerpt":{"rendered":"<p>Four women from Ostrobothnia went on a weekend trip to Italy in mid-September with suitcases full of local design expertise. Liiveri is involved in the Europe WITHEU project of citizens from six countries, whose seminar was organized in the town of Collecchio at the same time as the local big market. We were able to be part of the European Market together with Croatia, Sweden and Spain. Some sold food products and we sold design and crafts. Excitedly heading to the market. From the left, Johanna [\u2026]<\/p>","protected":false},"author":1,"featured_media":480,"comment_status":"open","ping_status":"open","sticky":false,"template":"","format":"standard","meta":{"_acf_changed":false,"footnotes":""},"categories":[30],"tags":[],"class_list":["post-643","post","type-post","status-publish","format-standard","has-post-thumbnail","hentry","category-uutiset"],"yoast_head":"<!-- This site is optimized with the Yoast SEO plugin v23.3 - https:\/\/yoast.com\/wordpress\/plugins\/seo\/ -->\n<title>K\u00e4sity\u00f6yritt\u00e4jien matkassa Italiassa - Liiveri<\/title>\n<meta name=\"robots\" content=\"index, follow, max-snippet:-1, max-image-preview:large, max-video-preview:-1\" \/>\n<link rel=\"canonical\" href=\"https:\/\/liiveri.net\/en\/uutiset\/kasityoyrittajien-matkassa-italiassa-2\/\" \/>\n<meta property=\"og:locale\" content=\"en_GB\" \/>\n<meta property=\"og:type\" content=\"article\" \/>\n<meta property=\"og:title\" content=\"K\u00e4sity\u00f6yritt\u00e4jien matkassa Italiassa - Liiveri\" \/>\n<meta property=\"og:description\" content=\"Nelj&auml; pohjalaisnaista l&auml;hti syyskuun puoliv&auml;liss&auml; viikonloppureissulle Italiaan matkalaukut t&auml;ynn&auml; paikallista designosaamista. Liiveri on mukana kuuden maan kansalaisten Eurooppa WITHEU -projektissa, jonka seminaari j&auml;rjestettiin Collecchion kaupungissa samaan aikaan kuin paikalliset isot markkinat. Me p&auml;&auml;simme osaksi European Marketia yhdess&auml; Kroatian, Ruotsin ja Espanjan kanssa. Osa myi ruokatuotteita ja me designia ja k&auml;sit&ouml;it&auml;. Innolla markkinoille suuntaamassa. Vasemmalta Johanna [&hellip;]\" \/>\n<meta property=\"og:url\" content=\"https:\/\/liiveri.net\/en\/uutiset\/kasityoyrittajien-matkassa-italiassa-2\/\" \/>\n<meta property=\"og:site_name\" content=\"Liiveri\" \/>\n<meta property=\"article:publisher\" content=\"https:\/\/www.facebook.com\/LeaderLiiveri\" \/>\n<meta property=\"article:published_time\" content=\"2016-10-24T07:46:00+00:00\" \/>\n<meta property=\"article:modified_time\" content=\"2023-02-27T07:58:08+00:00\" \/>\n<meta property=\"og:image\" content=\"https:\/\/liiveri.net\/wp-content\/uploads\/2023\/02\/kuva-italia-juttuun-selfie.gif\" \/>\n\t<meta property=\"og:image:width\" content=\"709\" \/>\n\t<meta property=\"og:image:height\" content=\"399\" \/>\n\t<meta property=\"og:image:type\" content=\"image\/gif\" \/>\n<meta name=\"author\" content=\"Admin\" \/>\n<meta name=\"twitter:card\" content=\"summary_large_image\" \/>\n<meta name=\"twitter:creator\" content=\"@LeaderLiiveri\" \/>\n<meta name=\"twitter:site\" content=\"@LeaderLiiveri\" \/>\n<meta name=\"twitter:label1\" content=\"Written by\" \/>\n\t<meta name=\"twitter:data1\" content=\"Admin\" \/>\n\t<meta name=\"twitter:label2\" content=\"Estimated reading time\" \/>\n\t<meta name=\"twitter:data2\" content=\"2 minutes\" \/>\n<script type=\"application\/ld+json\" class=\"yoast-schema-graph\">{\"@context\":\"https:\/\/schema.org\",\"@graph\":[{\"@type\":\"Article\",\"@id\":\"https:\/\/liiveri.net\/uutiset\/kasityoyrittajien-matkassa-italiassa-2\/#article\",\"isPartOf\":{\"@id\":\"https:\/\/liiveri.net\/uutiset\/kasityoyrittajien-matkassa-italiassa-2\/\"},\"author\":{\"name\":\"Admin\",\"@id\":\"https:\/\/liiveri.net\/#\/schema\/person\/4d2151d167ce291fb59ae4929e4f150a\"},\"headline\":\"K\u00e4sity\u00f6yritt\u00e4jien matkassa Italiassa\",\"datePublished\":\"2016-10-24T07:46:00+00:00\",\"dateModified\":\"2023-02-27T07:58:08+00:00\",\"mainEntityOfPage\":{\"@id\":\"https:\/\/liiveri.net\/uutiset\/kasityoyrittajien-matkassa-italiassa-2\/\"},\"wordCount\":411,\"commentCount\":0,\"publisher\":{\"@id\":\"https:\/\/liiveri.net\/#organization\"},\"image\":{\"@id\":\"https:\/\/liiveri.net\/uutiset\/kasityoyrittajien-matkassa-italiassa-2\/#primaryimage\"},\"thumbnailUrl\":\"https:\/\/liiveri.net\/wp-content\/uploads\/2023\/02\/kuva-italia-juttuun-selfie.gif\",\"articleSection\":[\"Uutiset\"],\"inLanguage\":\"en-GB\",\"potentialAction\":[{\"@type\":\"CommentAction\",\"name\":\"Comment\",\"target\":[\"https:\/\/liiveri.net\/uutiset\/kasityoyrittajien-matkassa-italiassa-2\/#respond\"]}]},{\"@type\":\"WebPage\",\"@id\":\"https:\/\/liiveri.net\/uutiset\/kasityoyrittajien-matkassa-italiassa-2\/\",\"url\":\"https:\/\/liiveri.net\/uutiset\/kasityoyrittajien-matkassa-italiassa-2\/\",\"name\":\"K\u00e4sity\u00f6yritt\u00e4jien matkassa Italiassa - Liiveri\",\"isPartOf\":{\"@id\":\"https:\/\/liiveri.net\/#website\"},\"primaryImageOfPage\":{\"@id\":\"https:\/\/liiveri.net\/uutiset\/kasityoyrittajien-matkassa-italiassa-2\/#primaryimage\"},\"image\":{\"@id\":\"https:\/\/liiveri.net\/uutiset\/kasityoyrittajien-matkassa-italiassa-2\/#primaryimage\"},\"thumbnailUrl\":\"https:\/\/liiveri.net\/wp-content\/uploads\/2023\/02\/kuva-italia-juttuun-selfie.gif\",\"datePublished\":\"2016-10-24T07:46:00+00:00\",\"dateModified\":\"2023-02-27T07:58:08+00:00\",\"breadcrumb\":{\"@id\":\"https:\/\/liiveri.net\/uutiset\/kasityoyrittajien-matkassa-italiassa-2\/#breadcrumb\"},\"inLanguage\":\"en-GB\",\"potentialAction\":[{\"@type\":\"ReadAction\",\"target\":[\"https:\/\/liiveri.net\/uutiset\/kasityoyrittajien-matkassa-italiassa-2\/\"]}]},{\"@type\":\"ImageObject\",\"inLanguage\":\"en-GB\",\"@id\":\"https:\/\/liiveri.net\/uutiset\/kasityoyrittajien-matkassa-italiassa-2\/#primaryimage\",\"url\":\"https:\/\/liiveri.net\/wp-content\/uploads\/2023\/02\/kuva-italia-juttuun-selfie.gif\",\"contentUrl\":\"https:\/\/liiveri.net\/wp-content\/uploads\/2023\/02\/kuva-italia-juttuun-selfie.gif\",\"width\":709,\"height\":399,\"caption\":\"Porukkakuva.\"},{\"@type\":\"BreadcrumbList\",\"@id\":\"https:\/\/liiveri.net\/uutiset\/kasityoyrittajien-matkassa-italiassa-2\/#breadcrumb\",\"itemListElement\":[{\"@type\":\"ListItem\",\"position\":1,\"name\":\"Etusivu\",\"item\":\"https:\/\/liiveri.net\/\"},{\"@type\":\"ListItem\",\"position\":2,\"name\":\"K\u00e4sity\u00f6yritt\u00e4jien matkassa Italiassa\"}]},{\"@type\":\"WebSite\",\"@id\":\"https:\/\/liiveri.net\/#website\",\"url\":\"https:\/\/liiveri.net\/\",\"name\":\"Liiveri - Kehitt\u00e4misyhdistys\",\"description\":\"REILU RAHOITTAJA PALVELUKSESSASI\",\"publisher\":{\"@id\":\"https:\/\/liiveri.net\/#organization\"},\"potentialAction\":[{\"@type\":\"SearchAction\",\"target\":{\"@type\":\"EntryPoint\",\"urlTemplate\":\"https:\/\/liiveri.net\/?s={search_term_string}\"},\"query-input\":\"required name=search_term_string\"}],\"inLanguage\":\"en-GB\"},{\"@type\":\"Organization\",\"@id\":\"https:\/\/liiveri.net\/#organization\",\"name\":\"Kehitt\u00e4misyhdistys Liiveri ry\",\"url\":\"https:\/\/liiveri.net\/\",\"logo\":{\"@type\":\"ImageObject\",\"inLanguage\":\"en-GB\",\"@id\":\"https:\/\/liiveri.net\/#\/schema\/logo\/image\/\",\"url\":\"https:\/\/liiveri.net\/wp-content\/uploads\/2023\/02\/placeholder.png\",\"contentUrl\":\"https:\/\/liiveri.net\/wp-content\/uploads\/2023\/02\/placeholder.png\",\"width\":1920,\"height\":1080,\"caption\":\"Kehitt\u00e4misyhdistys Liiveri ry\"},\"image\":{\"@id\":\"https:\/\/liiveri.net\/#\/schema\/logo\/image\/\"},\"sameAs\":[\"https:\/\/www.facebook.com\/LeaderLiiveri\",\"https:\/\/x.com\/LeaderLiiveri\",\"https:\/\/www.instagram.com\/leaderliiveri\/\"]},{\"@type\":\"Person\",\"@id\":\"https:\/\/liiveri.net\/#\/schema\/person\/4d2151d167ce291fb59ae4929e4f150a\",\"name\":\"Admin\",\"image\":{\"@type\":\"ImageObject\",\"inLanguage\":\"en-GB\",\"@id\":\"https:\/\/liiveri.net\/#\/schema\/person\/image\/\",\"url\":\"https:\/\/liiveri.net\/wp-content\/litespeed\/avatar\/1\/a408f0f48bbe882d38689644bc375f8c.jpg?ver=1777459663\",\"contentUrl\":\"https:\/\/liiveri.net\/wp-content\/litespeed\/avatar\/1\/a408f0f48bbe882d38689644bc375f8c.jpg?ver=1777459663\",\"caption\":\"Admin\"},\"sameAs\":[\"https:\/\/liiveri.net\"],\"url\":\"https:\/\/liiveri.net\/en\/uutiset\/author\/admin\/\"}]}<\/script>\n<!-- \/ Yoast SEO plugin. -->","yoast_head_json":{"title":"K\u00e4sity\u00f6yritt\u00e4jien matkassa Italiassa - Liiveri","robots":{"index":"index","follow":"follow","max-snippet":"max-snippet:-1","max-image-preview":"max-image-preview:large","max-video-preview":"max-video-preview:-1"},"canonical":"https:\/\/liiveri.net\/en\/uutiset\/kasityoyrittajien-matkassa-italiassa-2\/","og_locale":"en_GB","og_type":"article","og_title":"K\u00e4sity\u00f6yritt\u00e4jien matkassa Italiassa - Liiveri","og_description":"Nelj&auml; pohjalaisnaista l&auml;hti syyskuun puoliv&auml;liss&auml; viikonloppureissulle Italiaan matkalaukut t&auml;ynn&auml; paikallista designosaamista. Liiveri on mukana kuuden maan kansalaisten Eurooppa WITHEU -projektissa, jonka seminaari j&auml;rjestettiin Collecchion kaupungissa samaan aikaan kuin paikalliset isot markkinat. Me p&auml;&auml;simme osaksi European Marketia yhdess&auml; Kroatian, Ruotsin ja Espanjan kanssa. Osa myi ruokatuotteita ja me designia ja k&auml;sit&ouml;it&auml;. Innolla markkinoille suuntaamassa. Vasemmalta Johanna [&hellip;]","og_url":"https:\/\/liiveri.net\/en\/uutiset\/kasityoyrittajien-matkassa-italiassa-2\/","og_site_name":"Liiveri","article_publisher":"https:\/\/www.facebook.com\/LeaderLiiveri","article_published_time":"2016-10-24T07:46:00+00:00","article_modified_time":"2023-02-27T07:58:08+00:00","og_image":[{"width":709,"height":399,"url":"https:\/\/liiveri.net\/wp-content\/uploads\/2023\/02\/kuva-italia-juttuun-selfie.gif","type":"image\/gif"}],"author":"Admin","twitter_card":"summary_large_image","twitter_creator":"@LeaderLiiveri","twitter_site":"@LeaderLiiveri","twitter_misc":{"Written by":"Admin","Estimated reading time":"2 minutes"},"schema":{"@context":"https:\/\/schema.org","@graph":[{"@type":"Article","@id":"https:\/\/liiveri.net\/uutiset\/kasityoyrittajien-matkassa-italiassa-2\/#article","isPartOf":{"@id":"https:\/\/liiveri.net\/uutiset\/kasityoyrittajien-matkassa-italiassa-2\/"},"author":{"name":"Admin","@id":"https:\/\/liiveri.net\/#\/schema\/person\/4d2151d167ce291fb59ae4929e4f150a"},"headline":"K\u00e4sity\u00f6yritt\u00e4jien matkassa Italiassa","datePublished":"2016-10-24T07:46:00+00:00","dateModified":"2023-02-27T07:58:08+00:00","mainEntityOfPage":{"@id":"https:\/\/liiveri.net\/uutiset\/kasityoyrittajien-matkassa-italiassa-2\/"},"wordCount":411,"commentCount":0,"publisher":{"@id":"https:\/\/liiveri.net\/#organization"},"image":{"@id":"https:\/\/liiveri.net\/uutiset\/kasityoyrittajien-matkassa-italiassa-2\/#primaryimage"},"thumbnailUrl":"https:\/\/liiveri.net\/wp-content\/uploads\/2023\/02\/kuva-italia-juttuun-selfie.gif","articleSection":["Uutiset"],"inLanguage":"en-GB","potentialAction":[{"@type":"CommentAction","name":"Comment","target":["https:\/\/liiveri.net\/uutiset\/kasityoyrittajien-matkassa-italiassa-2\/#respond"]}]},{"@type":"WebPage","@id":"https:\/\/liiveri.net\/uutiset\/kasityoyrittajien-matkassa-italiassa-2\/","url":"https:\/\/liiveri.net\/uutiset\/kasityoyrittajien-matkassa-italiassa-2\/","name":"K\u00e4sity\u00f6yritt\u00e4jien matkassa Italiassa - Liiveri","isPartOf":{"@id":"https:\/\/liiveri.net\/#website"},"primaryImageOfPage":{"@id":"https:\/\/liiveri.net\/uutiset\/kasityoyrittajien-matkassa-italiassa-2\/#primaryimage"},"image":{"@id":"https:\/\/liiveri.net\/uutiset\/kasityoyrittajien-matkassa-italiassa-2\/#primaryimage"},"thumbnailUrl":"https:\/\/liiveri.net\/wp-content\/uploads\/2023\/02\/kuva-italia-juttuun-selfie.gif","datePublished":"2016-10-24T07:46:00+00:00","dateModified":"2023-02-27T07:58:08+00:00","breadcrumb":{"@id":"https:\/\/liiveri.net\/uutiset\/kasityoyrittajien-matkassa-italiassa-2\/#breadcrumb"},"inLanguage":"en-GB","potentialAction":[{"@type":"ReadAction","target":["https:\/\/liiveri.net\/uutiset\/kasityoyrittajien-matkassa-italiassa-2\/"]}]},{"@type":"ImageObject","inLanguage":"en-GB","@id":"https:\/\/liiveri.net\/uutiset\/kasityoyrittajien-matkassa-italiassa-2\/#primaryimage","url":"https:\/\/liiveri.net\/wp-content\/uploads\/2023\/02\/kuva-italia-juttuun-selfie.gif","contentUrl":"https:\/\/liiveri.net\/wp-content\/uploads\/2023\/02\/kuva-italia-juttuun-selfie.gif","width":709,"height":399,"caption":"Porukkakuva."},{"@type":"BreadcrumbList","@id":"https:\/\/liiveri.net\/uutiset\/kasityoyrittajien-matkassa-italiassa-2\/#breadcrumb","itemListElement":[{"@type":"ListItem","position":1,"name":"Etusivu","item":"https:\/\/liiveri.net\/"},{"@type":"ListItem","position":2,"name":"K\u00e4sity\u00f6yritt\u00e4jien matkassa Italiassa"}]},{"@type":"WebSite","@id":"https:\/\/liiveri.net\/#website","url":"https:\/\/liiveri.net\/","name":"Liiveri - Kehitt\u00e4misyhdistys","description":"REILU RAHOITTAJA PALVELUKSESSASI","publisher":{"@id":"https:\/\/liiveri.net\/#organization"},"potentialAction":[{"@type":"SearchAction","target":{"@type":"EntryPoint","urlTemplate":"https:\/\/liiveri.net\/?s={search_term_string}"},"query-input":"required name=search_term_string"}],"inLanguage":"en-GB"},{"@type":"Organization","@id":"https:\/\/liiveri.net\/#organization","name":"Kehitt\u00e4misyhdistys Liiveri ry","url":"https:\/\/liiveri.net\/","logo":{"@type":"ImageObject","inLanguage":"en-GB","@id":"https:\/\/liiveri.net\/#\/schema\/logo\/image\/","url":"https:\/\/liiveri.net\/wp-content\/uploads\/2023\/02\/placeholder.png","contentUrl":"https:\/\/liiveri.net\/wp-content\/uploads\/2023\/02\/placeholder.png","width":1920,"height":1080,"caption":"Kehitt\u00e4misyhdistys Liiveri ry"},"image":{"@id":"https:\/\/liiveri.net\/#\/schema\/logo\/image\/"},"sameAs":["https:\/\/www.facebook.com\/LeaderLiiveri","https:\/\/x.com\/LeaderLiiveri","https:\/\/www.instagram.com\/leaderliiveri\/"]},{"@type":"Person","@id":"https:\/\/liiveri.net\/#\/schema\/person\/4d2151d167ce291fb59ae4929e4f150a","name":"Admin","image":{"@type":"ImageObject","inLanguage":"en-GB","@id":"https:\/\/liiveri.net\/#\/schema\/person\/image\/","url":"https:\/\/liiveri.net\/wp-content\/litespeed\/avatar\/1\/a408f0f48bbe882d38689644bc375f8c.jpg?ver=1777459663","contentUrl":"https:\/\/liiveri.net\/wp-content\/litespeed\/avatar\/1\/a408f0f48bbe882d38689644bc375f8c.jpg?ver=1777459663","caption":"Admin"},"sameAs":["https:\/\/liiveri.net"],"url":"https:\/\/liiveri.net\/en\/uutiset\/author\/admin\/"}]}},"acf":[],"_links":{"self":[{"href":"https:\/\/liiveri.net\/en\/wp-json\/wp\/v2\/posts\/643","targetHints":{"allow":["GET"]}}],"collection":[{"href":"https:\/\/liiveri.net\/en\/wp-json\/wp\/v2\/posts"}],"about":[{"href":"https:\/\/liiveri.net\/en\/wp-json\/wp\/v2\/types\/post"}],"author":[{"embeddable":true,"href":"https:\/\/liiveri.net\/en\/wp-json\/wp\/v2\/users\/1"}],"replies":[{"embeddable":true,"href":"https:\/\/liiveri.net\/en\/wp-json\/wp\/v2\/comments?post=643"}],"version-history":[{"count":0,"href":"https:\/\/liiveri.net\/en\/wp-json\/wp\/v2\/posts\/643\/revisions"}],"wp:featuredmedia":[{"embeddable":true,"href":"https:\/\/liiveri.net\/en\/wp-json\/wp\/v2\/media\/480"}],"wp:attachment":[{"href":"https:\/\/liiveri.net\/en\/wp-json\/wp\/v2\/media?parent=643"}],"wp:term":[{"taxonomy":"category","embeddable":true,"href":"https:\/\/liiveri.net\/en\/wp-json\/wp\/v2\/categories?post=643"},{"taxonomy":"post_tag","embeddable":true,"href":"https:\/\/liiveri.net\/en\/wp-json\/wp\/v2\/tags?post=643"}],"curies":[{"name":"wp","href":"https:\/\/api.w.org\/{rel}","templated":true}]}}