{"id":649,"date":"2016-12-14T11:06:00","date_gmt":"2016-12-14T09:06:00","guid":{"rendered":"https:\/\/liiveri.net\/vuosi-2016-oli-uusien-avauksien-aikaa-2\/"},"modified":"2023-02-27T09:58:08","modified_gmt":"2023-02-27T07:58:08","slug":"vuosi-2016-oli-uusien-avauksien-aikaa-2","status":"publish","type":"post","link":"https:\/\/liiveri.net\/en\/uutiset\/vuosi-2016-oli-uusien-avauksien-aikaa-2\/","title":{"rendered":"The year 2016 was a time of new openings"},"content":{"rendered":"<p>The year 2016 was the 20th anniversary of the national Leader activity. At the same time, the year was a time of new openings in Liiver. We got the strategy implementation off to a good start despite the back and forth movement of the project system Hyrr\u00e4. We used the waiting time effectively to create something new, as a development organization should. We made a local development strategy for the urban area, launched a theme project experiment for youth employment and got involved in an international volunteer development project.<\/p>\n<p style=\"text-align: center;\"><img fetchpriority=\"high\" decoding=\"async\" src=\"https:\/\/liiveri.net\/wp-content\/uploads\/2023\/02\/liiverin-uutiskirje-hallitus.gif\" alt=\"\" width=\"578\" height=\"263\" \/>The Board of Directors&#039; Christmas meeting on December 13 was attended by Rami Mattila, Timo Urpala, Juha Koivisto, Keijo Viertoma, Sinikka Koivum\u00e4ki, Telle Lemetyinen, Minna Lepp\u00e4l\u00e4, Timo Myll\u00e4ri, Jaakko Ristim\u00e4ki, Hannemari Niemi and Mervi M\u00e4enp\u00e4\u00e4. The Board has been actively meeting once a month to make decisions and is now taking a well-deserved Christmas break.<\/p>\n<p>A new theme project experiment is giving associations a boost. We are funding young people for development tasks in associations. Five brave associations were included in the first phase of funding, and after the coming summer the results will already be available. We are looking forward to it! When we set goals, they start to come true, surprisingly.&nbsp;<\/p>\n<p>We hoped for more internationality and we got it. Volunteering developers from our area have been able to learn from other places and next April, around twenty developers will come to visit us. Craft and design entrepreneurs visited markets in Italy, also with funding from the Europe for Citizens programme. Cooperation is underway with the Leader group in \u00d6stra Skaraborg, Sweden. Members of the board and youth division visited there in November to test the waters and it looks promising.<\/p>\n<p>The development work continues. If there are so many projects and business support next year that there is not enough funding for everyone, additional money can be applied for from the Ministry of Agriculture and Forestry. We intend to apply for that, but for that we need new openings from you, dear developers and entrepreneurs.&nbsp;<\/p>\n<p>Thank you for the past year! Let&#039;s calm down for Christmas and return to everyday life full of new enthusiasm, brimming with everyday creativity.<\/p>\n<p>Merry Christmas and best wishes for 2017!<\/p>\n<p>Sinikka Koivum\u00e4ki, executive director<\/p>","protected":false},"excerpt":{"rendered":"<p>The year 2016 was the 20th anniversary of the national Leader activity. At the same time, the year was a time of new openings in Liiver. We got the implementation of the strategy off to a good start despite the back and forth movement of the project system Hyrr\u00e4. We used the waiting time effectively to create something new, as a development organization should. We made a local development strategy for the urban area, launched a theme project trial for youth employment and got involved in an international volunteer development project. The board\u2019s Christmas meeting on 13 December was attended by Rami Mattila, Timo [\u2026]<\/p>","protected":false},"author":1,"featured_media":487,"comment_status":"open","ping_status":"open","sticky":false,"template":"","format":"standard","meta":{"_acf_changed":false,"footnotes":""},"categories":[30],"tags":[],"class_list":["post-649","post","type-post","status-publish","format-standard","has-post-thumbnail","hentry","category-uutiset"],"yoast_head":"<!-- This site is optimized with the Yoast SEO plugin v23.3 - https:\/\/yoast.com\/wordpress\/plugins\/seo\/ -->\n<title>Vuosi 2016 oli uusien avauksien aikaa - Liiveri<\/title>\n<meta name=\"robots\" content=\"index, follow, max-snippet:-1, max-image-preview:large, max-video-preview:-1\" \/>\n<link rel=\"canonical\" href=\"https:\/\/liiveri.net\/en\/uutiset\/vuosi-2016-oli-uusien-avauksien-aikaa-2\/\" \/>\n<meta property=\"og:locale\" content=\"en_GB\" \/>\n<meta property=\"og:type\" content=\"article\" \/>\n<meta property=\"og:title\" content=\"Vuosi 2016 oli uusien avauksien aikaa - Liiveri\" \/>\n<meta property=\"og:description\" content=\"Vuosi 2016 oli valtakunnallinen Leader-toiminnan 20 -vuotisjuhlavuosi.&nbsp; Samalla vuosi oli Liiveriss&auml; uusien avauksien aikaa.&nbsp; Saimme strategian toteutuksen kunnolla k&auml;yntiin hankej&auml;rjestelm&auml; Hyrr&auml;n edestakaisesta liikkeest&auml; huolimatta. Odotteluajan k&auml;ytimme tehokkaasti uuden luomiseen niin kuin kehitt&auml;misorganisaation kuuluukin.&nbsp; Teimme paikallisen kehitt&auml;misen strategian kaupunkialueelle, k&auml;ynnistimme teemahankekokeilun nuorten ty&ouml;llist&auml;miseen ja p&auml;&auml;simme mukaan kansainv&auml;liseen vapaaehtoisty&ouml;n kehitt&auml;misprojektiin. Hallituksen joulukokoukseen 13.12. osallistuivat Rami Mattila, Timo [&hellip;]\" \/>\n<meta property=\"og:url\" content=\"https:\/\/liiveri.net\/en\/uutiset\/vuosi-2016-oli-uusien-avauksien-aikaa-2\/\" \/>\n<meta property=\"og:site_name\" content=\"Liiveri\" \/>\n<meta property=\"article:publisher\" content=\"https:\/\/www.facebook.com\/LeaderLiiveri\" \/>\n<meta property=\"article:published_time\" content=\"2016-12-14T09:06:00+00:00\" \/>\n<meta property=\"article:modified_time\" content=\"2023-02-27T07:58:08+00:00\" \/>\n<meta property=\"og:image\" content=\"https:\/\/liiveri.net\/wp-content\/uploads\/2023\/02\/liiverin-uutiskirje-hallitus.gif\" \/>\n\t<meta property=\"og:image:width\" content=\"578\" \/>\n\t<meta property=\"og:image:height\" content=\"263\" \/>\n\t<meta property=\"og:image:type\" content=\"image\/gif\" \/>\n<meta name=\"author\" content=\"Admin\" \/>\n<meta name=\"twitter:card\" content=\"summary_large_image\" \/>\n<meta name=\"twitter:creator\" content=\"@LeaderLiiveri\" \/>\n<meta name=\"twitter:site\" content=\"@LeaderLiiveri\" \/>\n<meta name=\"twitter:label1\" content=\"Written by\" \/>\n\t<meta name=\"twitter:data1\" content=\"Admin\" \/>\n\t<meta name=\"twitter:label2\" content=\"Estimated reading time\" \/>\n\t<meta name=\"twitter:data2\" content=\"2 minutes\" \/>\n<script type=\"application\/ld+json\" class=\"yoast-schema-graph\">{\"@context\":\"https:\/\/schema.org\",\"@graph\":[{\"@type\":\"Article\",\"@id\":\"https:\/\/liiveri.net\/uutiset\/vuosi-2016-oli-uusien-avauksien-aikaa-2\/#article\",\"isPartOf\":{\"@id\":\"https:\/\/liiveri.net\/uutiset\/vuosi-2016-oli-uusien-avauksien-aikaa-2\/\"},\"author\":{\"name\":\"Admin\",\"@id\":\"https:\/\/liiveri.net\/#\/schema\/person\/4d2151d167ce291fb59ae4929e4f150a\"},\"headline\":\"Vuosi 2016 oli uusien avauksien aikaa\",\"datePublished\":\"2016-12-14T09:06:00+00:00\",\"dateModified\":\"2023-02-27T07:58:08+00:00\",\"mainEntityOfPage\":{\"@id\":\"https:\/\/liiveri.net\/uutiset\/vuosi-2016-oli-uusien-avauksien-aikaa-2\/\"},\"wordCount\":403,\"commentCount\":0,\"publisher\":{\"@id\":\"https:\/\/liiveri.net\/#organization\"},\"image\":{\"@id\":\"https:\/\/liiveri.net\/uutiset\/vuosi-2016-oli-uusien-avauksien-aikaa-2\/#primaryimage\"},\"thumbnailUrl\":\"https:\/\/liiveri.net\/wp-content\/uploads\/2023\/02\/liiverin-uutiskirje-hallitus.gif\",\"articleSection\":[\"Uutiset\"],\"inLanguage\":\"en-GB\",\"potentialAction\":[{\"@type\":\"CommentAction\",\"name\":\"Comment\",\"target\":[\"https:\/\/liiveri.net\/uutiset\/vuosi-2016-oli-uusien-avauksien-aikaa-2\/#respond\"]}]},{\"@type\":\"WebPage\",\"@id\":\"https:\/\/liiveri.net\/uutiset\/vuosi-2016-oli-uusien-avauksien-aikaa-2\/\",\"url\":\"https:\/\/liiveri.net\/uutiset\/vuosi-2016-oli-uusien-avauksien-aikaa-2\/\",\"name\":\"Vuosi 2016 oli uusien avauksien aikaa - Liiveri\",\"isPartOf\":{\"@id\":\"https:\/\/liiveri.net\/#website\"},\"primaryImageOfPage\":{\"@id\":\"https:\/\/liiveri.net\/uutiset\/vuosi-2016-oli-uusien-avauksien-aikaa-2\/#primaryimage\"},\"image\":{\"@id\":\"https:\/\/liiveri.net\/uutiset\/vuosi-2016-oli-uusien-avauksien-aikaa-2\/#primaryimage\"},\"thumbnailUrl\":\"https:\/\/liiveri.net\/wp-content\/uploads\/2023\/02\/liiverin-uutiskirje-hallitus.gif\",\"datePublished\":\"2016-12-14T09:06:00+00:00\",\"dateModified\":\"2023-02-27T07:58:08+00:00\",\"breadcrumb\":{\"@id\":\"https:\/\/liiveri.net\/uutiset\/vuosi-2016-oli-uusien-avauksien-aikaa-2\/#breadcrumb\"},\"inLanguage\":\"en-GB\",\"potentialAction\":[{\"@type\":\"ReadAction\",\"target\":[\"https:\/\/liiveri.net\/uutiset\/vuosi-2016-oli-uusien-avauksien-aikaa-2\/\"]}]},{\"@type\":\"ImageObject\",\"inLanguage\":\"en-GB\",\"@id\":\"https:\/\/liiveri.net\/uutiset\/vuosi-2016-oli-uusien-avauksien-aikaa-2\/#primaryimage\",\"url\":\"https:\/\/liiveri.net\/wp-content\/uploads\/2023\/02\/liiverin-uutiskirje-hallitus.gif\",\"contentUrl\":\"https:\/\/liiveri.net\/wp-content\/uploads\/2023\/02\/liiverin-uutiskirje-hallitus.gif\",\"width\":578,\"height\":263,\"caption\":\"Hallitus.\"},{\"@type\":\"BreadcrumbList\",\"@id\":\"https:\/\/liiveri.net\/uutiset\/vuosi-2016-oli-uusien-avauksien-aikaa-2\/#breadcrumb\",\"itemListElement\":[{\"@type\":\"ListItem\",\"position\":1,\"name\":\"Etusivu\",\"item\":\"https:\/\/liiveri.net\/\"},{\"@type\":\"ListItem\",\"position\":2,\"name\":\"Vuosi 2016 oli uusien avauksien aikaa\"}]},{\"@type\":\"WebSite\",\"@id\":\"https:\/\/liiveri.net\/#website\",\"url\":\"https:\/\/liiveri.net\/\",\"name\":\"Liiveri - Kehitt\u00e4misyhdistys\",\"description\":\"REILU RAHOITTAJA PALVELUKSESSASI\",\"publisher\":{\"@id\":\"https:\/\/liiveri.net\/#organization\"},\"potentialAction\":[{\"@type\":\"SearchAction\",\"target\":{\"@type\":\"EntryPoint\",\"urlTemplate\":\"https:\/\/liiveri.net\/?s={search_term_string}\"},\"query-input\":\"required name=search_term_string\"}],\"inLanguage\":\"en-GB\"},{\"@type\":\"Organization\",\"@id\":\"https:\/\/liiveri.net\/#organization\",\"name\":\"Kehitt\u00e4misyhdistys Liiveri ry\",\"url\":\"https:\/\/liiveri.net\/\",\"logo\":{\"@type\":\"ImageObject\",\"inLanguage\":\"en-GB\",\"@id\":\"https:\/\/liiveri.net\/#\/schema\/logo\/image\/\",\"url\":\"https:\/\/liiveri.net\/wp-content\/uploads\/2023\/02\/placeholder.png\",\"contentUrl\":\"https:\/\/liiveri.net\/wp-content\/uploads\/2023\/02\/placeholder.png\",\"width\":1920,\"height\":1080,\"caption\":\"Kehitt\u00e4misyhdistys Liiveri ry\"},\"image\":{\"@id\":\"https:\/\/liiveri.net\/#\/schema\/logo\/image\/\"},\"sameAs\":[\"https:\/\/www.facebook.com\/LeaderLiiveri\",\"https:\/\/x.com\/LeaderLiiveri\",\"https:\/\/www.instagram.com\/leaderliiveri\/\"]},{\"@type\":\"Person\",\"@id\":\"https:\/\/liiveri.net\/#\/schema\/person\/4d2151d167ce291fb59ae4929e4f150a\",\"name\":\"Admin\",\"image\":{\"@type\":\"ImageObject\",\"inLanguage\":\"en-GB\",\"@id\":\"https:\/\/liiveri.net\/#\/schema\/person\/image\/\",\"url\":\"https:\/\/liiveri.net\/wp-content\/litespeed\/avatar\/1\/a408f0f48bbe882d38689644bc375f8c.jpg?ver=1777459663\",\"contentUrl\":\"https:\/\/liiveri.net\/wp-content\/litespeed\/avatar\/1\/a408f0f48bbe882d38689644bc375f8c.jpg?ver=1777459663\",\"caption\":\"Admin\"},\"sameAs\":[\"https:\/\/liiveri.net\"],\"url\":\"https:\/\/liiveri.net\/en\/uutiset\/author\/admin\/\"}]}<\/script>\n<!-- \/ Yoast SEO plugin. -->","yoast_head_json":{"title":"Vuosi 2016 oli uusien avauksien aikaa - Liiveri","robots":{"index":"index","follow":"follow","max-snippet":"max-snippet:-1","max-image-preview":"max-image-preview:large","max-video-preview":"max-video-preview:-1"},"canonical":"https:\/\/liiveri.net\/en\/uutiset\/vuosi-2016-oli-uusien-avauksien-aikaa-2\/","og_locale":"en_GB","og_type":"article","og_title":"Vuosi 2016 oli uusien avauksien aikaa - Liiveri","og_description":"Vuosi 2016 oli valtakunnallinen Leader-toiminnan 20 -vuotisjuhlavuosi.&nbsp; Samalla vuosi oli Liiveriss&auml; uusien avauksien aikaa.&nbsp; Saimme strategian toteutuksen kunnolla k&auml;yntiin hankej&auml;rjestelm&auml; Hyrr&auml;n edestakaisesta liikkeest&auml; huolimatta. Odotteluajan k&auml;ytimme tehokkaasti uuden luomiseen niin kuin kehitt&auml;misorganisaation kuuluukin.&nbsp; Teimme paikallisen kehitt&auml;misen strategian kaupunkialueelle, k&auml;ynnistimme teemahankekokeilun nuorten ty&ouml;llist&auml;miseen ja p&auml;&auml;simme mukaan kansainv&auml;liseen vapaaehtoisty&ouml;n kehitt&auml;misprojektiin. Hallituksen joulukokoukseen 13.12. osallistuivat Rami Mattila, Timo [&hellip;]","og_url":"https:\/\/liiveri.net\/en\/uutiset\/vuosi-2016-oli-uusien-avauksien-aikaa-2\/","og_site_name":"Liiveri","article_publisher":"https:\/\/www.facebook.com\/LeaderLiiveri","article_published_time":"2016-12-14T09:06:00+00:00","article_modified_time":"2023-02-27T07:58:08+00:00","og_image":[{"width":578,"height":263,"url":"https:\/\/liiveri.net\/wp-content\/uploads\/2023\/02\/liiverin-uutiskirje-hallitus.gif","type":"image\/gif"}],"author":"Admin","twitter_card":"summary_large_image","twitter_creator":"@LeaderLiiveri","twitter_site":"@LeaderLiiveri","twitter_misc":{"Written by":"Admin","Estimated reading time":"2 minutes"},"schema":{"@context":"https:\/\/schema.org","@graph":[{"@type":"Article","@id":"https:\/\/liiveri.net\/uutiset\/vuosi-2016-oli-uusien-avauksien-aikaa-2\/#article","isPartOf":{"@id":"https:\/\/liiveri.net\/uutiset\/vuosi-2016-oli-uusien-avauksien-aikaa-2\/"},"author":{"name":"Admin","@id":"https:\/\/liiveri.net\/#\/schema\/person\/4d2151d167ce291fb59ae4929e4f150a"},"headline":"Vuosi 2016 oli uusien avauksien aikaa","datePublished":"2016-12-14T09:06:00+00:00","dateModified":"2023-02-27T07:58:08+00:00","mainEntityOfPage":{"@id":"https:\/\/liiveri.net\/uutiset\/vuosi-2016-oli-uusien-avauksien-aikaa-2\/"},"wordCount":403,"commentCount":0,"publisher":{"@id":"https:\/\/liiveri.net\/#organization"},"image":{"@id":"https:\/\/liiveri.net\/uutiset\/vuosi-2016-oli-uusien-avauksien-aikaa-2\/#primaryimage"},"thumbnailUrl":"https:\/\/liiveri.net\/wp-content\/uploads\/2023\/02\/liiverin-uutiskirje-hallitus.gif","articleSection":["Uutiset"],"inLanguage":"en-GB","potentialAction":[{"@type":"CommentAction","name":"Comment","target":["https:\/\/liiveri.net\/uutiset\/vuosi-2016-oli-uusien-avauksien-aikaa-2\/#respond"]}]},{"@type":"WebPage","@id":"https:\/\/liiveri.net\/uutiset\/vuosi-2016-oli-uusien-avauksien-aikaa-2\/","url":"https:\/\/liiveri.net\/uutiset\/vuosi-2016-oli-uusien-avauksien-aikaa-2\/","name":"Vuosi 2016 oli uusien avauksien aikaa - Liiveri","isPartOf":{"@id":"https:\/\/liiveri.net\/#website"},"primaryImageOfPage":{"@id":"https:\/\/liiveri.net\/uutiset\/vuosi-2016-oli-uusien-avauksien-aikaa-2\/#primaryimage"},"image":{"@id":"https:\/\/liiveri.net\/uutiset\/vuosi-2016-oli-uusien-avauksien-aikaa-2\/#primaryimage"},"thumbnailUrl":"https:\/\/liiveri.net\/wp-content\/uploads\/2023\/02\/liiverin-uutiskirje-hallitus.gif","datePublished":"2016-12-14T09:06:00+00:00","dateModified":"2023-02-27T07:58:08+00:00","breadcrumb":{"@id":"https:\/\/liiveri.net\/uutiset\/vuosi-2016-oli-uusien-avauksien-aikaa-2\/#breadcrumb"},"inLanguage":"en-GB","potentialAction":[{"@type":"ReadAction","target":["https:\/\/liiveri.net\/uutiset\/vuosi-2016-oli-uusien-avauksien-aikaa-2\/"]}]},{"@type":"ImageObject","inLanguage":"en-GB","@id":"https:\/\/liiveri.net\/uutiset\/vuosi-2016-oli-uusien-avauksien-aikaa-2\/#primaryimage","url":"https:\/\/liiveri.net\/wp-content\/uploads\/2023\/02\/liiverin-uutiskirje-hallitus.gif","contentUrl":"https:\/\/liiveri.net\/wp-content\/uploads\/2023\/02\/liiverin-uutiskirje-hallitus.gif","width":578,"height":263,"caption":"Hallitus."},{"@type":"BreadcrumbList","@id":"https:\/\/liiveri.net\/uutiset\/vuosi-2016-oli-uusien-avauksien-aikaa-2\/#breadcrumb","itemListElement":[{"@type":"ListItem","position":1,"name":"Etusivu","item":"https:\/\/liiveri.net\/"},{"@type":"ListItem","position":2,"name":"Vuosi 2016 oli uusien avauksien aikaa"}]},{"@type":"WebSite","@id":"https:\/\/liiveri.net\/#website","url":"https:\/\/liiveri.net\/","name":"Liiveri - Kehitt\u00e4misyhdistys","description":"REILU RAHOITTAJA PALVELUKSESSASI","publisher":{"@id":"https:\/\/liiveri.net\/#organization"},"potentialAction":[{"@type":"SearchAction","target":{"@type":"EntryPoint","urlTemplate":"https:\/\/liiveri.net\/?s={search_term_string}"},"query-input":"required name=search_term_string"}],"inLanguage":"en-GB"},{"@type":"Organization","@id":"https:\/\/liiveri.net\/#organization","name":"Kehitt\u00e4misyhdistys Liiveri ry","url":"https:\/\/liiveri.net\/","logo":{"@type":"ImageObject","inLanguage":"en-GB","@id":"https:\/\/liiveri.net\/#\/schema\/logo\/image\/","url":"https:\/\/liiveri.net\/wp-content\/uploads\/2023\/02\/placeholder.png","contentUrl":"https:\/\/liiveri.net\/wp-content\/uploads\/2023\/02\/placeholder.png","width":1920,"height":1080,"caption":"Kehitt\u00e4misyhdistys Liiveri ry"},"image":{"@id":"https:\/\/liiveri.net\/#\/schema\/logo\/image\/"},"sameAs":["https:\/\/www.facebook.com\/LeaderLiiveri","https:\/\/x.com\/LeaderLiiveri","https:\/\/www.instagram.com\/leaderliiveri\/"]},{"@type":"Person","@id":"https:\/\/liiveri.net\/#\/schema\/person\/4d2151d167ce291fb59ae4929e4f150a","name":"Admin","image":{"@type":"ImageObject","inLanguage":"en-GB","@id":"https:\/\/liiveri.net\/#\/schema\/person\/image\/","url":"https:\/\/liiveri.net\/wp-content\/litespeed\/avatar\/1\/a408f0f48bbe882d38689644bc375f8c.jpg?ver=1777459663","contentUrl":"https:\/\/liiveri.net\/wp-content\/litespeed\/avatar\/1\/a408f0f48bbe882d38689644bc375f8c.jpg?ver=1777459663","caption":"Admin"},"sameAs":["https:\/\/liiveri.net"],"url":"https:\/\/liiveri.net\/en\/uutiset\/author\/admin\/"}]}},"acf":[],"_links":{"self":[{"href":"https:\/\/liiveri.net\/en\/wp-json\/wp\/v2\/posts\/649","targetHints":{"allow":["GET"]}}],"collection":[{"href":"https:\/\/liiveri.net\/en\/wp-json\/wp\/v2\/posts"}],"about":[{"href":"https:\/\/liiveri.net\/en\/wp-json\/wp\/v2\/types\/post"}],"author":[{"embeddable":true,"href":"https:\/\/liiveri.net\/en\/wp-json\/wp\/v2\/users\/1"}],"replies":[{"embeddable":true,"href":"https:\/\/liiveri.net\/en\/wp-json\/wp\/v2\/comments?post=649"}],"version-history":[{"count":0,"href":"https:\/\/liiveri.net\/en\/wp-json\/wp\/v2\/posts\/649\/revisions"}],"wp:featuredmedia":[{"embeddable":true,"href":"https:\/\/liiveri.net\/en\/wp-json\/wp\/v2\/media\/487"}],"wp:attachment":[{"href":"https:\/\/liiveri.net\/en\/wp-json\/wp\/v2\/media?parent=649"}],"wp:term":[{"taxonomy":"category","embeddable":true,"href":"https:\/\/liiveri.net\/en\/wp-json\/wp\/v2\/categories?post=649"},{"taxonomy":"post_tag","embeddable":true,"href":"https:\/\/liiveri.net\/en\/wp-json\/wp\/v2\/tags?post=649"}],"curies":[{"name":"wp","href":"https:\/\/api.w.org\/{rel}","templated":true}]}}