{"id":655,"date":"2017-05-02T11:07:00","date_gmt":"2017-05-02T08:07:00","guid":{"rendered":"https:\/\/liiveri.net\/liiveri-kokosi-vapaaehtoistyon-toimijat-kansainvaliseen-tapaamiseen-2\/"},"modified":"2023-02-27T09:58:07","modified_gmt":"2023-02-27T07:58:07","slug":"liiveri-kokosi-vapaaehtoistyon-toimijat-kansainvaliseen-tapaamiseen-2","status":"publish","type":"post","link":"https:\/\/liiveri.net\/en\/uutiset\/liiveri-kokosi-vapaaehtoistyon-toimijat-kansainvaliseen-tapaamiseen-2\/","title":{"rendered":"Liiveri brought together volunteer workers for an international meeting"},"content":{"rendered":"<p>In April, Liiveri organized a volunteer meeting, where 11 international guests from five different European countries and over 40 local experts met. During the three days, they learned about the methods of implementing volunteer work in the Liiveri area in Sein\u00e4joki and Ilmajoki, and discussed volunteer opportunities. Below are some of the highlights of the day in the form of pictures.<\/p>\n<p><img fetchpriority=\"high\" decoding=\"async\" src=\"https:\/\/liiveri.net\/wp-content\/uploads\/2023\/02\/srk.jpg\" alt=\"seinajoen-srk\" width=\"1440\" height=\"1080\" \/><\/p>\n<p>The international visit began with a tour of the Sein\u00e4joki Aalto Center. At the end of the visit, representatives of the Sein\u00e4joki parish, Otto Savolainen and Johanna Piuhola, spoke about volunteer work and its importance in the Sein\u00e4joki parish.<\/p>\n<p><img decoding=\"async\" src=\"https:\/\/liiveri.net\/wp-content\/uploads\/2023\/02\/paneeli.jpg\" alt=\"paneeli\" width=\"1440\" height=\"1080\" \/><\/p>\n<p>The second day of the visit started at Liiver&#039;s office, where a panel discussion introduced various forms of volunteer work in our region. The panelists were Mikko Jokipii from Mukula Association, Timo H\u00e4m\u00e4l\u00e4inen from Ostrobothnia Sports and Athletics Association, Karoliina Streefkerk from Hanhikoski Village, and Sanna Paloniemi from South Ostrobothnia Youth Clubs Association. The panel was moderated by Hannemari Niemi from IntoSein\u00e4joki.<\/p>\n<p><img decoding=\"async\" src=\"https:\/\/liiveri.net\/wp-content\/uploads\/2023\/02\/kokka.jpg\" alt=\"Ilmajoen musiikkijuhlat\" width=\"1440\" height=\"1080\" \/><\/p>\n<p>In Ilmajoki, we got to know the Ilmajoki Music Festival and the volunteer work involved in its implementation. We also got to watch the construction of the huge sets for the upcoming Mannerheim Opera.<\/p>\n<p><img loading=\"lazy\" decoding=\"async\" src=\"https:\/\/liiveri.net\/wp-content\/uploads\/2023\/02\/elamys.jpg\" alt=\"elamysliikuntareitti\" width=\"1440\" height=\"1080\" \/><\/p>\n<p>One of the places visited was the diverse Sein\u00e4joki El\u00e4mysliikuntareitist\u00f6, where visitors got to know, among other things, the construction workers in new areas.<\/p>\n<p><img loading=\"lazy\" decoding=\"async\" src=\"https:\/\/liiveri.net\/wp-content\/uploads\/2023\/02\/loppu.jpg\" alt=\"Rytmikorjaamo-loppukeskustelu\" width=\"1440\" height=\"1080\" \/><\/p>\n<p>On the last day, the results of the visits were collected at the Rhythmic Music Center. The volunteer work, which was also socially significant for the employee, and the volunteer work done by young people in organizing and facilitating music events, had aroused particular interest during the days.<\/p>","protected":false},"excerpt":{"rendered":"<p>In April, Liiveri organized a volunteer meeting, where 11 international guests from five different European countries and over 40 local experts met. During the three days, they got to know the methods of implementing volunteer work in the Liiveri area in Sein\u00e4joki and Ilmajoki and discussed the possibilities of volunteer work. Below are some of the highlights of the days in the form of pictures. The international visit began with a visit to the Aalto Center in Sein\u00e4joki. At the end of the visit, representatives of the Sein\u00e4joki parish, Otto Savolainen and Johanna Piuhola [\u2026]<\/p>","protected":false},"author":1,"featured_media":495,"comment_status":"open","ping_status":"open","sticky":false,"template":"","format":"standard","meta":{"_acf_changed":false,"footnotes":""},"categories":[30],"tags":[],"class_list":["post-655","post","type-post","status-publish","format-standard","has-post-thumbnail","hentry","category-uutiset"],"yoast_head":"<!-- This site is optimized with the Yoast SEO plugin v23.3 - https:\/\/yoast.com\/wordpress\/plugins\/seo\/ -->\n<title>Liiveri kokosi vapaaehtoisty\u00f6n toimijat kansainv\u00e4liseen tapaamiseen - Liiveri<\/title>\n<meta name=\"robots\" content=\"index, follow, max-snippet:-1, max-image-preview:large, max-video-preview:-1\" \/>\n<link rel=\"canonical\" href=\"https:\/\/liiveri.net\/en\/uutiset\/liiveri-kokosi-vapaaehtoistyon-toimijat-kansainvaliseen-tapaamiseen-2\/\" \/>\n<meta property=\"og:locale\" content=\"en_GB\" \/>\n<meta property=\"og:type\" content=\"article\" \/>\n<meta property=\"og:title\" content=\"Liiveri kokosi vapaaehtoisty\u00f6n toimijat kansainv\u00e4liseen tapaamiseen - Liiveri\" \/>\n<meta property=\"og:description\" content=\"Liiveri j&auml;rjesti huhtikuussa vapaaehtoisty&ouml;n tapaamisen, jossa kohtasivat 11 kansainv&auml;list&auml; vierasta viidest&auml; eri Euroopan maasta sek&auml; yli 40 paikallista asiantuntijaa. Kolmen p&auml;iv&auml;n aikana tutustuttiin Liiverin alueen vapaaehtoisty&ouml;n toteutustapoihin Sein&auml;joella ja Ilmajoella sek&auml; keskusteltiin vapaaehtoisty&ouml;n mahdollisuuksista. Alla p&auml;ivien antia kuvien muodossa. Kansainv&auml;loinen vierailu aloitettiin tutustumalla Sein&auml;joen Aaltokeskukseen. Vierailun lopuksi Sein&auml;joen seurakunnan edustajat Otto Savolainen ja Johanna Piuhola [&hellip;]\" \/>\n<meta property=\"og:url\" content=\"https:\/\/liiveri.net\/en\/uutiset\/liiveri-kokosi-vapaaehtoistyon-toimijat-kansainvaliseen-tapaamiseen-2\/\" \/>\n<meta property=\"og:site_name\" content=\"Liiveri\" \/>\n<meta property=\"article:publisher\" content=\"https:\/\/www.facebook.com\/LeaderLiiveri\" \/>\n<meta property=\"article:published_time\" content=\"2017-05-02T08:07:00+00:00\" \/>\n<meta property=\"article:modified_time\" content=\"2023-02-27T07:58:07+00:00\" \/>\n<meta property=\"og:image\" content=\"https:\/\/liiveri.net\/wp-content\/uploads\/2023\/02\/srk.jpg\" \/>\n\t<meta property=\"og:image:width\" content=\"850\" \/>\n\t<meta property=\"og:image:height\" content=\"638\" \/>\n\t<meta property=\"og:image:type\" content=\"image\/jpeg\" \/>\n<meta name=\"author\" content=\"Admin\" \/>\n<meta name=\"twitter:card\" content=\"summary_large_image\" \/>\n<meta name=\"twitter:creator\" content=\"@LeaderLiiveri\" \/>\n<meta name=\"twitter:site\" content=\"@LeaderLiiveri\" \/>\n<meta name=\"twitter:label1\" content=\"Written by\" \/>\n\t<meta name=\"twitter:data1\" content=\"Admin\" \/>\n\t<meta name=\"twitter:label2\" content=\"Estimated reading time\" \/>\n\t<meta name=\"twitter:data2\" content=\"1 minute\" \/>\n<script type=\"application\/ld+json\" class=\"yoast-schema-graph\">{\"@context\":\"https:\/\/schema.org\",\"@graph\":[{\"@type\":\"Article\",\"@id\":\"https:\/\/liiveri.net\/uutiset\/liiveri-kokosi-vapaaehtoistyon-toimijat-kansainvaliseen-tapaamiseen-2\/#article\",\"isPartOf\":{\"@id\":\"https:\/\/liiveri.net\/uutiset\/liiveri-kokosi-vapaaehtoistyon-toimijat-kansainvaliseen-tapaamiseen-2\/\"},\"author\":{\"name\":\"Admin\",\"@id\":\"https:\/\/liiveri.net\/#\/schema\/person\/4d2151d167ce291fb59ae4929e4f150a\"},\"headline\":\"Liiveri kokosi vapaaehtoisty\u00f6n toimijat kansainv\u00e4liseen tapaamiseen\",\"datePublished\":\"2017-05-02T08:07:00+00:00\",\"dateModified\":\"2023-02-27T07:58:07+00:00\",\"mainEntityOfPage\":{\"@id\":\"https:\/\/liiveri.net\/uutiset\/liiveri-kokosi-vapaaehtoistyon-toimijat-kansainvaliseen-tapaamiseen-2\/\"},\"wordCount\":275,\"commentCount\":0,\"publisher\":{\"@id\":\"https:\/\/liiveri.net\/#organization\"},\"image\":{\"@id\":\"https:\/\/liiveri.net\/uutiset\/liiveri-kokosi-vapaaehtoistyon-toimijat-kansainvaliseen-tapaamiseen-2\/#primaryimage\"},\"thumbnailUrl\":\"https:\/\/liiveri.net\/wp-content\/uploads\/2023\/02\/srk.jpg\",\"articleSection\":[\"Uutiset\"],\"inLanguage\":\"en-GB\",\"potentialAction\":[{\"@type\":\"CommentAction\",\"name\":\"Comment\",\"target\":[\"https:\/\/liiveri.net\/uutiset\/liiveri-kokosi-vapaaehtoistyon-toimijat-kansainvaliseen-tapaamiseen-2\/#respond\"]}]},{\"@type\":\"WebPage\",\"@id\":\"https:\/\/liiveri.net\/uutiset\/liiveri-kokosi-vapaaehtoistyon-toimijat-kansainvaliseen-tapaamiseen-2\/\",\"url\":\"https:\/\/liiveri.net\/uutiset\/liiveri-kokosi-vapaaehtoistyon-toimijat-kansainvaliseen-tapaamiseen-2\/\",\"name\":\"Liiveri kokosi vapaaehtoisty\u00f6n toimijat kansainv\u00e4liseen tapaamiseen - Liiveri\",\"isPartOf\":{\"@id\":\"https:\/\/liiveri.net\/#website\"},\"primaryImageOfPage\":{\"@id\":\"https:\/\/liiveri.net\/uutiset\/liiveri-kokosi-vapaaehtoistyon-toimijat-kansainvaliseen-tapaamiseen-2\/#primaryimage\"},\"image\":{\"@id\":\"https:\/\/liiveri.net\/uutiset\/liiveri-kokosi-vapaaehtoistyon-toimijat-kansainvaliseen-tapaamiseen-2\/#primaryimage\"},\"thumbnailUrl\":\"https:\/\/liiveri.net\/wp-content\/uploads\/2023\/02\/srk.jpg\",\"datePublished\":\"2017-05-02T08:07:00+00:00\",\"dateModified\":\"2023-02-27T07:58:07+00:00\",\"breadcrumb\":{\"@id\":\"https:\/\/liiveri.net\/uutiset\/liiveri-kokosi-vapaaehtoistyon-toimijat-kansainvaliseen-tapaamiseen-2\/#breadcrumb\"},\"inLanguage\":\"en-GB\",\"potentialAction\":[{\"@type\":\"ReadAction\",\"target\":[\"https:\/\/liiveri.net\/uutiset\/liiveri-kokosi-vapaaehtoistyon-toimijat-kansainvaliseen-tapaamiseen-2\/\"]}]},{\"@type\":\"ImageObject\",\"inLanguage\":\"en-GB\",\"@id\":\"https:\/\/liiveri.net\/uutiset\/liiveri-kokosi-vapaaehtoistyon-toimijat-kansainvaliseen-tapaamiseen-2\/#primaryimage\",\"url\":\"https:\/\/liiveri.net\/wp-content\/uploads\/2023\/02\/srk.jpg\",\"contentUrl\":\"https:\/\/liiveri.net\/wp-content\/uploads\/2023\/02\/srk.jpg\",\"width\":850,\"height\":638,\"caption\":\"Papit puhumassa ihmisille.\"},{\"@type\":\"BreadcrumbList\",\"@id\":\"https:\/\/liiveri.net\/uutiset\/liiveri-kokosi-vapaaehtoistyon-toimijat-kansainvaliseen-tapaamiseen-2\/#breadcrumb\",\"itemListElement\":[{\"@type\":\"ListItem\",\"position\":1,\"name\":\"Etusivu\",\"item\":\"https:\/\/liiveri.net\/\"},{\"@type\":\"ListItem\",\"position\":2,\"name\":\"Liiveri kokosi vapaaehtoisty\u00f6n toimijat kansainv\u00e4liseen tapaamiseen\"}]},{\"@type\":\"WebSite\",\"@id\":\"https:\/\/liiveri.net\/#website\",\"url\":\"https:\/\/liiveri.net\/\",\"name\":\"Liiveri - Kehitt\u00e4misyhdistys\",\"description\":\"REILU RAHOITTAJA PALVELUKSESSASI\",\"publisher\":{\"@id\":\"https:\/\/liiveri.net\/#organization\"},\"potentialAction\":[{\"@type\":\"SearchAction\",\"target\":{\"@type\":\"EntryPoint\",\"urlTemplate\":\"https:\/\/liiveri.net\/?s={search_term_string}\"},\"query-input\":\"required name=search_term_string\"}],\"inLanguage\":\"en-GB\"},{\"@type\":\"Organization\",\"@id\":\"https:\/\/liiveri.net\/#organization\",\"name\":\"Kehitt\u00e4misyhdistys Liiveri ry\",\"url\":\"https:\/\/liiveri.net\/\",\"logo\":{\"@type\":\"ImageObject\",\"inLanguage\":\"en-GB\",\"@id\":\"https:\/\/liiveri.net\/#\/schema\/logo\/image\/\",\"url\":\"https:\/\/liiveri.net\/wp-content\/uploads\/2023\/02\/placeholder.png\",\"contentUrl\":\"https:\/\/liiveri.net\/wp-content\/uploads\/2023\/02\/placeholder.png\",\"width\":1920,\"height\":1080,\"caption\":\"Kehitt\u00e4misyhdistys Liiveri ry\"},\"image\":{\"@id\":\"https:\/\/liiveri.net\/#\/schema\/logo\/image\/\"},\"sameAs\":[\"https:\/\/www.facebook.com\/LeaderLiiveri\",\"https:\/\/x.com\/LeaderLiiveri\",\"https:\/\/www.instagram.com\/leaderliiveri\/\"]},{\"@type\":\"Person\",\"@id\":\"https:\/\/liiveri.net\/#\/schema\/person\/4d2151d167ce291fb59ae4929e4f150a\",\"name\":\"Admin\",\"image\":{\"@type\":\"ImageObject\",\"inLanguage\":\"en-GB\",\"@id\":\"https:\/\/liiveri.net\/#\/schema\/person\/image\/\",\"url\":\"https:\/\/liiveri.net\/wp-content\/litespeed\/avatar\/1\/a408f0f48bbe882d38689644bc375f8c.jpg?ver=1777459663\",\"contentUrl\":\"https:\/\/liiveri.net\/wp-content\/litespeed\/avatar\/1\/a408f0f48bbe882d38689644bc375f8c.jpg?ver=1777459663\",\"caption\":\"Admin\"},\"sameAs\":[\"https:\/\/liiveri.net\"],\"url\":\"https:\/\/liiveri.net\/en\/uutiset\/author\/admin\/\"}]}<\/script>\n<!-- \/ Yoast SEO plugin. -->","yoast_head_json":{"title":"Liiveri kokosi vapaaehtoisty\u00f6n toimijat kansainv\u00e4liseen tapaamiseen - Liiveri","robots":{"index":"index","follow":"follow","max-snippet":"max-snippet:-1","max-image-preview":"max-image-preview:large","max-video-preview":"max-video-preview:-1"},"canonical":"https:\/\/liiveri.net\/en\/uutiset\/liiveri-kokosi-vapaaehtoistyon-toimijat-kansainvaliseen-tapaamiseen-2\/","og_locale":"en_GB","og_type":"article","og_title":"Liiveri kokosi vapaaehtoisty\u00f6n toimijat kansainv\u00e4liseen tapaamiseen - Liiveri","og_description":"Liiveri j&auml;rjesti huhtikuussa vapaaehtoisty&ouml;n tapaamisen, jossa kohtasivat 11 kansainv&auml;list&auml; vierasta viidest&auml; eri Euroopan maasta sek&auml; yli 40 paikallista asiantuntijaa. Kolmen p&auml;iv&auml;n aikana tutustuttiin Liiverin alueen vapaaehtoisty&ouml;n toteutustapoihin Sein&auml;joella ja Ilmajoella sek&auml; keskusteltiin vapaaehtoisty&ouml;n mahdollisuuksista. Alla p&auml;ivien antia kuvien muodossa. Kansainv&auml;loinen vierailu aloitettiin tutustumalla Sein&auml;joen Aaltokeskukseen. Vierailun lopuksi Sein&auml;joen seurakunnan edustajat Otto Savolainen ja Johanna Piuhola [&hellip;]","og_url":"https:\/\/liiveri.net\/en\/uutiset\/liiveri-kokosi-vapaaehtoistyon-toimijat-kansainvaliseen-tapaamiseen-2\/","og_site_name":"Liiveri","article_publisher":"https:\/\/www.facebook.com\/LeaderLiiveri","article_published_time":"2017-05-02T08:07:00+00:00","article_modified_time":"2023-02-27T07:58:07+00:00","og_image":[{"width":850,"height":638,"url":"https:\/\/liiveri.net\/wp-content\/uploads\/2023\/02\/srk.jpg","type":"image\/jpeg"}],"author":"Admin","twitter_card":"summary_large_image","twitter_creator":"@LeaderLiiveri","twitter_site":"@LeaderLiiveri","twitter_misc":{"Written by":"Admin","Estimated reading time":"1 minute"},"schema":{"@context":"https:\/\/schema.org","@graph":[{"@type":"Article","@id":"https:\/\/liiveri.net\/uutiset\/liiveri-kokosi-vapaaehtoistyon-toimijat-kansainvaliseen-tapaamiseen-2\/#article","isPartOf":{"@id":"https:\/\/liiveri.net\/uutiset\/liiveri-kokosi-vapaaehtoistyon-toimijat-kansainvaliseen-tapaamiseen-2\/"},"author":{"name":"Admin","@id":"https:\/\/liiveri.net\/#\/schema\/person\/4d2151d167ce291fb59ae4929e4f150a"},"headline":"Liiveri kokosi vapaaehtoisty\u00f6n toimijat kansainv\u00e4liseen tapaamiseen","datePublished":"2017-05-02T08:07:00+00:00","dateModified":"2023-02-27T07:58:07+00:00","mainEntityOfPage":{"@id":"https:\/\/liiveri.net\/uutiset\/liiveri-kokosi-vapaaehtoistyon-toimijat-kansainvaliseen-tapaamiseen-2\/"},"wordCount":275,"commentCount":0,"publisher":{"@id":"https:\/\/liiveri.net\/#organization"},"image":{"@id":"https:\/\/liiveri.net\/uutiset\/liiveri-kokosi-vapaaehtoistyon-toimijat-kansainvaliseen-tapaamiseen-2\/#primaryimage"},"thumbnailUrl":"https:\/\/liiveri.net\/wp-content\/uploads\/2023\/02\/srk.jpg","articleSection":["Uutiset"],"inLanguage":"en-GB","potentialAction":[{"@type":"CommentAction","name":"Comment","target":["https:\/\/liiveri.net\/uutiset\/liiveri-kokosi-vapaaehtoistyon-toimijat-kansainvaliseen-tapaamiseen-2\/#respond"]}]},{"@type":"WebPage","@id":"https:\/\/liiveri.net\/uutiset\/liiveri-kokosi-vapaaehtoistyon-toimijat-kansainvaliseen-tapaamiseen-2\/","url":"https:\/\/liiveri.net\/uutiset\/liiveri-kokosi-vapaaehtoistyon-toimijat-kansainvaliseen-tapaamiseen-2\/","name":"Liiveri kokosi vapaaehtoisty\u00f6n toimijat kansainv\u00e4liseen tapaamiseen - Liiveri","isPartOf":{"@id":"https:\/\/liiveri.net\/#website"},"primaryImageOfPage":{"@id":"https:\/\/liiveri.net\/uutiset\/liiveri-kokosi-vapaaehtoistyon-toimijat-kansainvaliseen-tapaamiseen-2\/#primaryimage"},"image":{"@id":"https:\/\/liiveri.net\/uutiset\/liiveri-kokosi-vapaaehtoistyon-toimijat-kansainvaliseen-tapaamiseen-2\/#primaryimage"},"thumbnailUrl":"https:\/\/liiveri.net\/wp-content\/uploads\/2023\/02\/srk.jpg","datePublished":"2017-05-02T08:07:00+00:00","dateModified":"2023-02-27T07:58:07+00:00","breadcrumb":{"@id":"https:\/\/liiveri.net\/uutiset\/liiveri-kokosi-vapaaehtoistyon-toimijat-kansainvaliseen-tapaamiseen-2\/#breadcrumb"},"inLanguage":"en-GB","potentialAction":[{"@type":"ReadAction","target":["https:\/\/liiveri.net\/uutiset\/liiveri-kokosi-vapaaehtoistyon-toimijat-kansainvaliseen-tapaamiseen-2\/"]}]},{"@type":"ImageObject","inLanguage":"en-GB","@id":"https:\/\/liiveri.net\/uutiset\/liiveri-kokosi-vapaaehtoistyon-toimijat-kansainvaliseen-tapaamiseen-2\/#primaryimage","url":"https:\/\/liiveri.net\/wp-content\/uploads\/2023\/02\/srk.jpg","contentUrl":"https:\/\/liiveri.net\/wp-content\/uploads\/2023\/02\/srk.jpg","width":850,"height":638,"caption":"Papit puhumassa ihmisille."},{"@type":"BreadcrumbList","@id":"https:\/\/liiveri.net\/uutiset\/liiveri-kokosi-vapaaehtoistyon-toimijat-kansainvaliseen-tapaamiseen-2\/#breadcrumb","itemListElement":[{"@type":"ListItem","position":1,"name":"Etusivu","item":"https:\/\/liiveri.net\/"},{"@type":"ListItem","position":2,"name":"Liiveri kokosi vapaaehtoisty\u00f6n toimijat kansainv\u00e4liseen tapaamiseen"}]},{"@type":"WebSite","@id":"https:\/\/liiveri.net\/#website","url":"https:\/\/liiveri.net\/","name":"Liiveri - Kehitt\u00e4misyhdistys","description":"REILU RAHOITTAJA PALVELUKSESSASI","publisher":{"@id":"https:\/\/liiveri.net\/#organization"},"potentialAction":[{"@type":"SearchAction","target":{"@type":"EntryPoint","urlTemplate":"https:\/\/liiveri.net\/?s={search_term_string}"},"query-input":"required name=search_term_string"}],"inLanguage":"en-GB"},{"@type":"Organization","@id":"https:\/\/liiveri.net\/#organization","name":"Kehitt\u00e4misyhdistys Liiveri ry","url":"https:\/\/liiveri.net\/","logo":{"@type":"ImageObject","inLanguage":"en-GB","@id":"https:\/\/liiveri.net\/#\/schema\/logo\/image\/","url":"https:\/\/liiveri.net\/wp-content\/uploads\/2023\/02\/placeholder.png","contentUrl":"https:\/\/liiveri.net\/wp-content\/uploads\/2023\/02\/placeholder.png","width":1920,"height":1080,"caption":"Kehitt\u00e4misyhdistys Liiveri ry"},"image":{"@id":"https:\/\/liiveri.net\/#\/schema\/logo\/image\/"},"sameAs":["https:\/\/www.facebook.com\/LeaderLiiveri","https:\/\/x.com\/LeaderLiiveri","https:\/\/www.instagram.com\/leaderliiveri\/"]},{"@type":"Person","@id":"https:\/\/liiveri.net\/#\/schema\/person\/4d2151d167ce291fb59ae4929e4f150a","name":"Admin","image":{"@type":"ImageObject","inLanguage":"en-GB","@id":"https:\/\/liiveri.net\/#\/schema\/person\/image\/","url":"https:\/\/liiveri.net\/wp-content\/litespeed\/avatar\/1\/a408f0f48bbe882d38689644bc375f8c.jpg?ver=1777459663","contentUrl":"https:\/\/liiveri.net\/wp-content\/litespeed\/avatar\/1\/a408f0f48bbe882d38689644bc375f8c.jpg?ver=1777459663","caption":"Admin"},"sameAs":["https:\/\/liiveri.net"],"url":"https:\/\/liiveri.net\/en\/uutiset\/author\/admin\/"}]}},"acf":[],"_links":{"self":[{"href":"https:\/\/liiveri.net\/en\/wp-json\/wp\/v2\/posts\/655","targetHints":{"allow":["GET"]}}],"collection":[{"href":"https:\/\/liiveri.net\/en\/wp-json\/wp\/v2\/posts"}],"about":[{"href":"https:\/\/liiveri.net\/en\/wp-json\/wp\/v2\/types\/post"}],"author":[{"embeddable":true,"href":"https:\/\/liiveri.net\/en\/wp-json\/wp\/v2\/users\/1"}],"replies":[{"embeddable":true,"href":"https:\/\/liiveri.net\/en\/wp-json\/wp\/v2\/comments?post=655"}],"version-history":[{"count":0,"href":"https:\/\/liiveri.net\/en\/wp-json\/wp\/v2\/posts\/655\/revisions"}],"wp:featuredmedia":[{"embeddable":true,"href":"https:\/\/liiveri.net\/en\/wp-json\/wp\/v2\/media\/495"}],"wp:attachment":[{"href":"https:\/\/liiveri.net\/en\/wp-json\/wp\/v2\/media?parent=655"}],"wp:term":[{"taxonomy":"category","embeddable":true,"href":"https:\/\/liiveri.net\/en\/wp-json\/wp\/v2\/categories?post=655"},{"taxonomy":"post_tag","embeddable":true,"href":"https:\/\/liiveri.net\/en\/wp-json\/wp\/v2\/tags?post=655"}],"curies":[{"name":"wp","href":"https:\/\/api.w.org\/{rel}","templated":true}]}}