{"id":661,"date":"2017-06-06T10:59:00","date_gmt":"2017-06-06T07:59:00","guid":{"rendered":"https:\/\/liiveri.net\/liiveri-ja-kunta-osallisuuden-ja-elinvoiman-asialla-2\/"},"modified":"2023-02-27T09:58:06","modified_gmt":"2023-02-27T07:58:06","slug":"liiveri-ja-kunta-osallisuuden-ja-elinvoiman-asialla-2","status":"publish","type":"post","link":"https:\/\/liiveri.net\/en\/uutiset\/liiveri-ja-kunta-osallisuuden-ja-elinvoiman-asialla-2\/","title":{"rendered":"Liiveri and the municipality on the issue of inclusion and vitality"},"content":{"rendered":"<p>This year is a jubilee year in many ways. We are celebrating the 100th anniversary of our homeland, and it will be 20 years since the establishment of the Sein\u00e4joki Region Development Association Liiverri. In those two decades, an incredible amount of work has been done for the development of the homeland. The highest thanks and appreciation to the generations that have preserved Finland&#039;s independence is strong homeland work that preserves vitality and active rural development work focused on the future.<\/p>\n<p><img fetchpriority=\"high\" decoding=\"async\" src=\"https:\/\/liiveri.net\/wp-content\/uploads\/2023\/02\/artikkelikuva1pieni.jpg\" alt=\"\" width=\"890\" height=\"593\" \/><\/p>\n<p>I have been a member of the Liiver board since spring 2014. During that time, the board has processed hundreds of different business support applications, public benefit investment project applications, and development and theme project applications, in addition to matters that are legally within the association&#039;s jurisdiction. It is a privilege to follow the effects of these decisions. Growing companies are increasing their turnover and hiring more staff. Villages are investing and building new common facilities and repairing old ones through volunteer work. Young people have become active in improving their hobby opportunities. Even internationality, which has been raised as one of the development targets in our strategy, has been made possible through international projects.<\/p>\n<p>The joint meetings of the Leader groups have brought peer support and understanding of the wider impact of Leader activities through familiarization with the activities of other groups. Being part of the steering group of the Kylille project is always surprising \u2013 the meetings of the joint project steering group present the activities taking place among people in the villages in their full scope.<\/p>\n<h3>A major turning point in municipal history<\/h3>\n<p>This month, I began my fourth term in municipal politics. What municipal decision-making and Liiveri&#039;s government work have in common is the pursuit of the common good. We build the future by securing economically sustainable solutions and encouraging investment in the future. In both municipal decision-making and Liiveri&#039;s government work, the most important document is a strategy drawn up to achieve the agreed operational goal. A common goal, a common will and jointly agreed means are the right tools for implementing the strategy. When the goal of the journey is clear, we can focus on the journey, because there are enough crossroads, rocks and potholes to make the journey difficult. A strategy is a map from which we can always check whether we are heading in the right direction.<\/p>\n<p>The council term that is now beginning will be a major turning point in municipal history. Preparations are underway for the social and health care and regional reform, in which some of the municipal tasks will be transferred to the regional administration as of 1 January 2019. The tasks of the municipalities will be reduced when the social and health care sector and the rescue service will be transferred to the regional administration. Among the municipal tasks, the development of vitality, development services, employment services, advocacy, internationality, communications and various events will become important.<\/p>\n<p>The city of Sein\u00e4joki has prepared for the upcoming organizational reform, in which these tasks will be assigned to the vitality and competitiveness sector. All of these are also key issues in Leader work. We need to build a discussion forum as a tool between the new vitality board of the city of Sein\u00e4joki and the Liiveri government. There will certainly be similar changes and needs in Ilmajoki and Kurikka as well.<\/p>\n<h3>Active citizens are needed<\/h3>\n<p>In Liiveri, the villages and their needs are known. I have wondered if the municipality could help with the difficult paperwork of writing project applications and other paperwork in village projects with employee input. The civil society of the future breaks boundaries. Could the municipality of the future have a forum where village representatives, municipal employees and Liiveri employees, in a tripartite and united manner, would consider concrete measures and funding opportunities for developing villages and securing the operating conditions of companies operating in villages, and mapping out new business needs? The upcoming provincial reform will certainly offer a market opportunity for village welfare entrepreneurs.<\/p>\n<p>The world has become more complex and active local residents will be needed in the future as experts in safety, preparedness, digital services and communications, and various civic skills to help and guide the villages. Perhaps these ideas will take shape in the future as development projects or new business activities.<\/p>\n<p>I look at our society from the perspective of an agricultural entrepreneur, an association activist, a municipal decision-maker and a member of the Liiveri board, and I have seen how much Leader work has achieved in South Ostrobothnia. Open-mindedness and faith in the future unite decision-makers today, just as they did 20 years ago when Leader activities were started here. Thank you and happy anniversary!<\/p>\n<p>Mervi M\u00e4enp\u00e4\u00e4<\/p>","protected":false},"excerpt":{"rendered":"<p>This year is a jubilee year in many ways. We are celebrating our 100th anniversary of our homeland, and it will be 20 years since the establishment of the Sein\u00e4joki Region Development Association Liiverri. In those two decades, an incredible amount of work has been done for the development of the homeland. The highest thanks and appreciation to the generations that have preserved Finland\u2019s independence is strong homeland work that preserves vitality and active rural development work focused on the future. I have been able to serve as a member of the board of Liiverri [\u2026]<\/p>","protected":false},"author":1,"featured_media":506,"comment_status":"open","ping_status":"open","sticky":false,"template":"","format":"standard","meta":{"_acf_changed":false,"footnotes":""},"categories":[30],"tags":[],"class_list":["post-661","post","type-post","status-publish","format-standard","has-post-thumbnail","hentry","category-uutiset"],"yoast_head":"<!-- This site is optimized with the Yoast SEO plugin v23.3 - https:\/\/yoast.com\/wordpress\/plugins\/seo\/ -->\n<title>Liiveri ja kunta osallisuuden ja elinvoiman asialla - Liiveri<\/title>\n<meta name=\"robots\" content=\"index, follow, max-snippet:-1, max-image-preview:large, max-video-preview:-1\" \/>\n<link rel=\"canonical\" href=\"https:\/\/liiveri.net\/en\/uutiset\/liiveri-ja-kunta-osallisuuden-ja-elinvoiman-asialla-2\/\" \/>\n<meta property=\"og:locale\" content=\"en_GB\" \/>\n<meta property=\"og:type\" content=\"article\" \/>\n<meta property=\"og:title\" content=\"Liiveri ja kunta osallisuuden ja elinvoiman asialla - Liiveri\" \/>\n<meta property=\"og:description\" content=\"Kuluva vuosi on juhlavuosi monella tapaa. Juhlimme 100-vuotiasta is&auml;nmaatamme, ja Sein&auml;joen Seudun Kehitt&auml;misyhdistys Liiverin perustamisesta tulee kuluneeksi 20 vuotta. Tuohon kahteen vuosikymmeneen mahtuu huikea m&auml;&auml;r&auml; kotiseudun kehityksen eteen tehty&auml; ty&ouml;t&auml;. Korkein kiitos ja arvonanto Suomen itsen&auml;isyyden s&auml;ilytt&auml;neille sukupolville on voimakas elinvoiman s&auml;ilytt&auml;v&auml; kotiseututy&ouml; ja aktiivinen tulevaisuuteen fokusoitunut maaseudun kehitysty&ouml;. Olen saanut toimia Liiverin hallituksen j&auml;senen&auml; [&hellip;]\" \/>\n<meta property=\"og:url\" content=\"https:\/\/liiveri.net\/en\/uutiset\/liiveri-ja-kunta-osallisuuden-ja-elinvoiman-asialla-2\/\" \/>\n<meta property=\"og:site_name\" content=\"Liiveri\" \/>\n<meta property=\"article:publisher\" content=\"https:\/\/www.facebook.com\/LeaderLiiveri\" \/>\n<meta property=\"article:published_time\" content=\"2017-06-06T07:59:00+00:00\" \/>\n<meta property=\"article:modified_time\" content=\"2023-02-27T07:58:06+00:00\" \/>\n<meta property=\"og:image\" content=\"https:\/\/liiveri.net\/wp-content\/uploads\/2023\/02\/artikkelikuva1pieni.jpg\" \/>\n\t<meta property=\"og:image:width\" content=\"890\" \/>\n\t<meta property=\"og:image:height\" content=\"593\" \/>\n\t<meta property=\"og:image:type\" content=\"image\/jpeg\" \/>\n<meta name=\"author\" content=\"Admin\" \/>\n<meta name=\"twitter:card\" content=\"summary_large_image\" \/>\n<meta name=\"twitter:creator\" content=\"@LeaderLiiveri\" \/>\n<meta name=\"twitter:site\" content=\"@LeaderLiiveri\" \/>\n<meta name=\"twitter:label1\" content=\"Written by\" \/>\n\t<meta name=\"twitter:data1\" content=\"Admin\" \/>\n\t<meta name=\"twitter:label2\" content=\"Estimated reading time\" \/>\n\t<meta name=\"twitter:data2\" content=\"4 minutes\" \/>\n<script type=\"application\/ld+json\" class=\"yoast-schema-graph\">{\"@context\":\"https:\/\/schema.org\",\"@graph\":[{\"@type\":\"Article\",\"@id\":\"https:\/\/liiveri.net\/uutiset\/liiveri-ja-kunta-osallisuuden-ja-elinvoiman-asialla-2\/#article\",\"isPartOf\":{\"@id\":\"https:\/\/liiveri.net\/uutiset\/liiveri-ja-kunta-osallisuuden-ja-elinvoiman-asialla-2\/\"},\"author\":{\"name\":\"Admin\",\"@id\":\"https:\/\/liiveri.net\/#\/schema\/person\/4d2151d167ce291fb59ae4929e4f150a\"},\"headline\":\"Liiveri ja kunta osallisuuden ja elinvoiman asialla\",\"datePublished\":\"2017-06-06T07:59:00+00:00\",\"dateModified\":\"2023-02-27T07:58:06+00:00\",\"mainEntityOfPage\":{\"@id\":\"https:\/\/liiveri.net\/uutiset\/liiveri-ja-kunta-osallisuuden-ja-elinvoiman-asialla-2\/\"},\"wordCount\":801,\"commentCount\":0,\"publisher\":{\"@id\":\"https:\/\/liiveri.net\/#organization\"},\"image\":{\"@id\":\"https:\/\/liiveri.net\/uutiset\/liiveri-ja-kunta-osallisuuden-ja-elinvoiman-asialla-2\/#primaryimage\"},\"thumbnailUrl\":\"https:\/\/liiveri.net\/wp-content\/uploads\/2023\/02\/artikkelikuva1pieni.jpg\",\"articleSection\":[\"Uutiset\"],\"inLanguage\":\"en-GB\",\"potentialAction\":[{\"@type\":\"CommentAction\",\"name\":\"Comment\",\"target\":[\"https:\/\/liiveri.net\/uutiset\/liiveri-ja-kunta-osallisuuden-ja-elinvoiman-asialla-2\/#respond\"]}]},{\"@type\":\"WebPage\",\"@id\":\"https:\/\/liiveri.net\/uutiset\/liiveri-ja-kunta-osallisuuden-ja-elinvoiman-asialla-2\/\",\"url\":\"https:\/\/liiveri.net\/uutiset\/liiveri-ja-kunta-osallisuuden-ja-elinvoiman-asialla-2\/\",\"name\":\"Liiveri ja kunta osallisuuden ja elinvoiman asialla - Liiveri\",\"isPartOf\":{\"@id\":\"https:\/\/liiveri.net\/#website\"},\"primaryImageOfPage\":{\"@id\":\"https:\/\/liiveri.net\/uutiset\/liiveri-ja-kunta-osallisuuden-ja-elinvoiman-asialla-2\/#primaryimage\"},\"image\":{\"@id\":\"https:\/\/liiveri.net\/uutiset\/liiveri-ja-kunta-osallisuuden-ja-elinvoiman-asialla-2\/#primaryimage\"},\"thumbnailUrl\":\"https:\/\/liiveri.net\/wp-content\/uploads\/2023\/02\/artikkelikuva1pieni.jpg\",\"datePublished\":\"2017-06-06T07:59:00+00:00\",\"dateModified\":\"2023-02-27T07:58:06+00:00\",\"breadcrumb\":{\"@id\":\"https:\/\/liiveri.net\/uutiset\/liiveri-ja-kunta-osallisuuden-ja-elinvoiman-asialla-2\/#breadcrumb\"},\"inLanguage\":\"en-GB\",\"potentialAction\":[{\"@type\":\"ReadAction\",\"target\":[\"https:\/\/liiveri.net\/uutiset\/liiveri-ja-kunta-osallisuuden-ja-elinvoiman-asialla-2\/\"]}]},{\"@type\":\"ImageObject\",\"inLanguage\":\"en-GB\",\"@id\":\"https:\/\/liiveri.net\/uutiset\/liiveri-ja-kunta-osallisuuden-ja-elinvoiman-asialla-2\/#primaryimage\",\"url\":\"https:\/\/liiveri.net\/wp-content\/uploads\/2023\/02\/artikkelikuva1pieni.jpg\",\"contentUrl\":\"https:\/\/liiveri.net\/wp-content\/uploads\/2023\/02\/artikkelikuva1pieni.jpg\",\"width\":890,\"height\":593,\"caption\":\"Kuvituskuva.\"},{\"@type\":\"BreadcrumbList\",\"@id\":\"https:\/\/liiveri.net\/uutiset\/liiveri-ja-kunta-osallisuuden-ja-elinvoiman-asialla-2\/#breadcrumb\",\"itemListElement\":[{\"@type\":\"ListItem\",\"position\":1,\"name\":\"Etusivu\",\"item\":\"https:\/\/liiveri.net\/\"},{\"@type\":\"ListItem\",\"position\":2,\"name\":\"Liiveri ja kunta osallisuuden ja elinvoiman asialla\"}]},{\"@type\":\"WebSite\",\"@id\":\"https:\/\/liiveri.net\/#website\",\"url\":\"https:\/\/liiveri.net\/\",\"name\":\"Liiveri - Kehitt\u00e4misyhdistys\",\"description\":\"REILU RAHOITTAJA PALVELUKSESSASI\",\"publisher\":{\"@id\":\"https:\/\/liiveri.net\/#organization\"},\"potentialAction\":[{\"@type\":\"SearchAction\",\"target\":{\"@type\":\"EntryPoint\",\"urlTemplate\":\"https:\/\/liiveri.net\/?s={search_term_string}\"},\"query-input\":\"required name=search_term_string\"}],\"inLanguage\":\"en-GB\"},{\"@type\":\"Organization\",\"@id\":\"https:\/\/liiveri.net\/#organization\",\"name\":\"Kehitt\u00e4misyhdistys Liiveri ry\",\"url\":\"https:\/\/liiveri.net\/\",\"logo\":{\"@type\":\"ImageObject\",\"inLanguage\":\"en-GB\",\"@id\":\"https:\/\/liiveri.net\/#\/schema\/logo\/image\/\",\"url\":\"https:\/\/liiveri.net\/wp-content\/uploads\/2023\/02\/placeholder.png\",\"contentUrl\":\"https:\/\/liiveri.net\/wp-content\/uploads\/2023\/02\/placeholder.png\",\"width\":1920,\"height\":1080,\"caption\":\"Kehitt\u00e4misyhdistys Liiveri ry\"},\"image\":{\"@id\":\"https:\/\/liiveri.net\/#\/schema\/logo\/image\/\"},\"sameAs\":[\"https:\/\/www.facebook.com\/LeaderLiiveri\",\"https:\/\/x.com\/LeaderLiiveri\",\"https:\/\/www.instagram.com\/leaderliiveri\/\"]},{\"@type\":\"Person\",\"@id\":\"https:\/\/liiveri.net\/#\/schema\/person\/4d2151d167ce291fb59ae4929e4f150a\",\"name\":\"Admin\",\"image\":{\"@type\":\"ImageObject\",\"inLanguage\":\"en-GB\",\"@id\":\"https:\/\/liiveri.net\/#\/schema\/person\/image\/\",\"url\":\"https:\/\/liiveri.net\/wp-content\/litespeed\/avatar\/1\/a408f0f48bbe882d38689644bc375f8c.jpg?ver=1777459663\",\"contentUrl\":\"https:\/\/liiveri.net\/wp-content\/litespeed\/avatar\/1\/a408f0f48bbe882d38689644bc375f8c.jpg?ver=1777459663\",\"caption\":\"Admin\"},\"sameAs\":[\"https:\/\/liiveri.net\"],\"url\":\"https:\/\/liiveri.net\/en\/uutiset\/author\/admin\/\"}]}<\/script>\n<!-- \/ Yoast SEO plugin. -->","yoast_head_json":{"title":"Liiveri ja kunta osallisuuden ja elinvoiman asialla - Liiveri","robots":{"index":"index","follow":"follow","max-snippet":"max-snippet:-1","max-image-preview":"max-image-preview:large","max-video-preview":"max-video-preview:-1"},"canonical":"https:\/\/liiveri.net\/en\/uutiset\/liiveri-ja-kunta-osallisuuden-ja-elinvoiman-asialla-2\/","og_locale":"en_GB","og_type":"article","og_title":"Liiveri ja kunta osallisuuden ja elinvoiman asialla - Liiveri","og_description":"Kuluva vuosi on juhlavuosi monella tapaa. Juhlimme 100-vuotiasta is&auml;nmaatamme, ja Sein&auml;joen Seudun Kehitt&auml;misyhdistys Liiverin perustamisesta tulee kuluneeksi 20 vuotta. Tuohon kahteen vuosikymmeneen mahtuu huikea m&auml;&auml;r&auml; kotiseudun kehityksen eteen tehty&auml; ty&ouml;t&auml;. Korkein kiitos ja arvonanto Suomen itsen&auml;isyyden s&auml;ilytt&auml;neille sukupolville on voimakas elinvoiman s&auml;ilytt&auml;v&auml; kotiseututy&ouml; ja aktiivinen tulevaisuuteen fokusoitunut maaseudun kehitysty&ouml;. Olen saanut toimia Liiverin hallituksen j&auml;senen&auml; [&hellip;]","og_url":"https:\/\/liiveri.net\/en\/uutiset\/liiveri-ja-kunta-osallisuuden-ja-elinvoiman-asialla-2\/","og_site_name":"Liiveri","article_publisher":"https:\/\/www.facebook.com\/LeaderLiiveri","article_published_time":"2017-06-06T07:59:00+00:00","article_modified_time":"2023-02-27T07:58:06+00:00","og_image":[{"width":890,"height":593,"url":"https:\/\/liiveri.net\/wp-content\/uploads\/2023\/02\/artikkelikuva1pieni.jpg","type":"image\/jpeg"}],"author":"Admin","twitter_card":"summary_large_image","twitter_creator":"@LeaderLiiveri","twitter_site":"@LeaderLiiveri","twitter_misc":{"Written by":"Admin","Estimated reading time":"4 minutes"},"schema":{"@context":"https:\/\/schema.org","@graph":[{"@type":"Article","@id":"https:\/\/liiveri.net\/uutiset\/liiveri-ja-kunta-osallisuuden-ja-elinvoiman-asialla-2\/#article","isPartOf":{"@id":"https:\/\/liiveri.net\/uutiset\/liiveri-ja-kunta-osallisuuden-ja-elinvoiman-asialla-2\/"},"author":{"name":"Admin","@id":"https:\/\/liiveri.net\/#\/schema\/person\/4d2151d167ce291fb59ae4929e4f150a"},"headline":"Liiveri ja kunta osallisuuden ja elinvoiman asialla","datePublished":"2017-06-06T07:59:00+00:00","dateModified":"2023-02-27T07:58:06+00:00","mainEntityOfPage":{"@id":"https:\/\/liiveri.net\/uutiset\/liiveri-ja-kunta-osallisuuden-ja-elinvoiman-asialla-2\/"},"wordCount":801,"commentCount":0,"publisher":{"@id":"https:\/\/liiveri.net\/#organization"},"image":{"@id":"https:\/\/liiveri.net\/uutiset\/liiveri-ja-kunta-osallisuuden-ja-elinvoiman-asialla-2\/#primaryimage"},"thumbnailUrl":"https:\/\/liiveri.net\/wp-content\/uploads\/2023\/02\/artikkelikuva1pieni.jpg","articleSection":["Uutiset"],"inLanguage":"en-GB","potentialAction":[{"@type":"CommentAction","name":"Comment","target":["https:\/\/liiveri.net\/uutiset\/liiveri-ja-kunta-osallisuuden-ja-elinvoiman-asialla-2\/#respond"]}]},{"@type":"WebPage","@id":"https:\/\/liiveri.net\/uutiset\/liiveri-ja-kunta-osallisuuden-ja-elinvoiman-asialla-2\/","url":"https:\/\/liiveri.net\/uutiset\/liiveri-ja-kunta-osallisuuden-ja-elinvoiman-asialla-2\/","name":"Liiveri ja kunta osallisuuden ja elinvoiman asialla - Liiveri","isPartOf":{"@id":"https:\/\/liiveri.net\/#website"},"primaryImageOfPage":{"@id":"https:\/\/liiveri.net\/uutiset\/liiveri-ja-kunta-osallisuuden-ja-elinvoiman-asialla-2\/#primaryimage"},"image":{"@id":"https:\/\/liiveri.net\/uutiset\/liiveri-ja-kunta-osallisuuden-ja-elinvoiman-asialla-2\/#primaryimage"},"thumbnailUrl":"https:\/\/liiveri.net\/wp-content\/uploads\/2023\/02\/artikkelikuva1pieni.jpg","datePublished":"2017-06-06T07:59:00+00:00","dateModified":"2023-02-27T07:58:06+00:00","breadcrumb":{"@id":"https:\/\/liiveri.net\/uutiset\/liiveri-ja-kunta-osallisuuden-ja-elinvoiman-asialla-2\/#breadcrumb"},"inLanguage":"en-GB","potentialAction":[{"@type":"ReadAction","target":["https:\/\/liiveri.net\/uutiset\/liiveri-ja-kunta-osallisuuden-ja-elinvoiman-asialla-2\/"]}]},{"@type":"ImageObject","inLanguage":"en-GB","@id":"https:\/\/liiveri.net\/uutiset\/liiveri-ja-kunta-osallisuuden-ja-elinvoiman-asialla-2\/#primaryimage","url":"https:\/\/liiveri.net\/wp-content\/uploads\/2023\/02\/artikkelikuva1pieni.jpg","contentUrl":"https:\/\/liiveri.net\/wp-content\/uploads\/2023\/02\/artikkelikuva1pieni.jpg","width":890,"height":593,"caption":"Kuvituskuva."},{"@type":"BreadcrumbList","@id":"https:\/\/liiveri.net\/uutiset\/liiveri-ja-kunta-osallisuuden-ja-elinvoiman-asialla-2\/#breadcrumb","itemListElement":[{"@type":"ListItem","position":1,"name":"Etusivu","item":"https:\/\/liiveri.net\/"},{"@type":"ListItem","position":2,"name":"Liiveri ja kunta osallisuuden ja elinvoiman asialla"}]},{"@type":"WebSite","@id":"https:\/\/liiveri.net\/#website","url":"https:\/\/liiveri.net\/","name":"Liiveri - Kehitt\u00e4misyhdistys","description":"REILU RAHOITTAJA PALVELUKSESSASI","publisher":{"@id":"https:\/\/liiveri.net\/#organization"},"potentialAction":[{"@type":"SearchAction","target":{"@type":"EntryPoint","urlTemplate":"https:\/\/liiveri.net\/?s={search_term_string}"},"query-input":"required name=search_term_string"}],"inLanguage":"en-GB"},{"@type":"Organization","@id":"https:\/\/liiveri.net\/#organization","name":"Kehitt\u00e4misyhdistys Liiveri ry","url":"https:\/\/liiveri.net\/","logo":{"@type":"ImageObject","inLanguage":"en-GB","@id":"https:\/\/liiveri.net\/#\/schema\/logo\/image\/","url":"https:\/\/liiveri.net\/wp-content\/uploads\/2023\/02\/placeholder.png","contentUrl":"https:\/\/liiveri.net\/wp-content\/uploads\/2023\/02\/placeholder.png","width":1920,"height":1080,"caption":"Kehitt\u00e4misyhdistys Liiveri ry"},"image":{"@id":"https:\/\/liiveri.net\/#\/schema\/logo\/image\/"},"sameAs":["https:\/\/www.facebook.com\/LeaderLiiveri","https:\/\/x.com\/LeaderLiiveri","https:\/\/www.instagram.com\/leaderliiveri\/"]},{"@type":"Person","@id":"https:\/\/liiveri.net\/#\/schema\/person\/4d2151d167ce291fb59ae4929e4f150a","name":"Admin","image":{"@type":"ImageObject","inLanguage":"en-GB","@id":"https:\/\/liiveri.net\/#\/schema\/person\/image\/","url":"https:\/\/liiveri.net\/wp-content\/litespeed\/avatar\/1\/a408f0f48bbe882d38689644bc375f8c.jpg?ver=1777459663","contentUrl":"https:\/\/liiveri.net\/wp-content\/litespeed\/avatar\/1\/a408f0f48bbe882d38689644bc375f8c.jpg?ver=1777459663","caption":"Admin"},"sameAs":["https:\/\/liiveri.net"],"url":"https:\/\/liiveri.net\/en\/uutiset\/author\/admin\/"}]}},"acf":[],"_links":{"self":[{"href":"https:\/\/liiveri.net\/en\/wp-json\/wp\/v2\/posts\/661","targetHints":{"allow":["GET"]}}],"collection":[{"href":"https:\/\/liiveri.net\/en\/wp-json\/wp\/v2\/posts"}],"about":[{"href":"https:\/\/liiveri.net\/en\/wp-json\/wp\/v2\/types\/post"}],"author":[{"embeddable":true,"href":"https:\/\/liiveri.net\/en\/wp-json\/wp\/v2\/users\/1"}],"replies":[{"embeddable":true,"href":"https:\/\/liiveri.net\/en\/wp-json\/wp\/v2\/comments?post=661"}],"version-history":[{"count":0,"href":"https:\/\/liiveri.net\/en\/wp-json\/wp\/v2\/posts\/661\/revisions"}],"wp:featuredmedia":[{"embeddable":true,"href":"https:\/\/liiveri.net\/en\/wp-json\/wp\/v2\/media\/506"}],"wp:attachment":[{"href":"https:\/\/liiveri.net\/en\/wp-json\/wp\/v2\/media?parent=661"}],"wp:term":[{"taxonomy":"category","embeddable":true,"href":"https:\/\/liiveri.net\/en\/wp-json\/wp\/v2\/categories?post=661"},{"taxonomy":"post_tag","embeddable":true,"href":"https:\/\/liiveri.net\/en\/wp-json\/wp\/v2\/tags?post=661"}],"curies":[{"name":"wp","href":"https:\/\/api.w.org\/{rel}","templated":true}]}}