{"id":665,"date":"2017-08-31T10:16:00","date_gmt":"2017-08-31T07:16:00","guid":{"rendered":"https:\/\/liiveri.net\/ymparistotaidetyopajat-kirittamassa-kylan-muutakin-toimintaa-2\/"},"modified":"2023-02-27T09:58:06","modified_gmt":"2023-02-27T07:58:06","slug":"ymparistotaidetyopajat-kirittamassa-kylan-muutakin-toimintaa-2","status":"publish","type":"post","link":"https:\/\/liiveri.net\/en\/uutiset\/ymparistotaidetyopajat-kirittamassa-kylan-muutakin-toimintaa-2\/","title":{"rendered":"Environmental art workshops are also intensifying other activities in the village"},"content":{"rendered":"<p>\u201cWhenever something new is brought to the village, it also moves other activities in the area forward,\u201d says Sirkka Pakkala in the hustle and bustle of art workshops in the Central Village of Jalasj\u00e4rvi. Community-based environmental art has been being worked on in Harjula, the Central Village, throughout August. The art workshops have brought together villagers to brainstorm ideas and challenge their skills in a new way.<img fetchpriority=\"high\" decoding=\"async\" src=\"https:\/\/liiveri.net\/wp-content\/uploads\/2023\/02\/Keskikyla-1.jpg\" alt=\"\" width=\"1440\" height=\"1080\" \/><\/p>\n<p>The workshops have shaped wicker, turned and carved with a chainsaw, and considered new uses for discarded school chairs. The art workshops of the Meid\u00e4n markki project began with a joint ideation workshop, where they considered what they would like to do in the area. The ideas were based purely on the needs of the area and the Children&#039;s Agricultural Exhibition to be held in September, as well as on the environmental considerations. &quot;The artistic collaboration that comes from the villagers is inspiring. The joy of making and discovering in the village has also driven my own projects forward,&quot; says sculptor Tiina Laasonen, who is directing the project. &quot;The workshops have been a great experience and have inspired me to work in the village on other projects as well,&quot; says Marja-Liisa M\u00e4nty.<\/p>\n<p>The joint workshops have harnessed the different skills of the villagers for collaboration in a new way. The same work has combined special skills, for example, turning, painting and design. The project has even encouraged people to play around with the materials used, wood, wicker, metal and plastic. What has been important is working together and getting people together around a common project. \u201cWhen there are people in the youth club, it inspires them to work,\u201d Marja-Liisa M\u00e4nty raves about her painting break.<\/p>\n<p><img decoding=\"async\" src=\"https:\/\/liiveri.net\/wp-content\/uploads\/2023\/02\/Keskikyla-3.jpg\" alt=\"\" width=\"1440\" height=\"1080\" \/><\/p>\n<p>The villagers are still working on modifying and constructing the works. In their final form, the works will be displayed at the Keskikyl\u00e4 Children&#039;s Agricultural Exhibition on September 16, 2017. The works will remain in the villagers&#039; possession and can also be used later. The artists are already thinking about the possibilities of modifying the works as the seasons change and the works wear out. There is plenty to admire in the works for a long time as they change along with the wishes of the village&#039;s actors.<\/p>\n<p><img decoding=\"async\" src=\"https:\/\/liiveri.net\/wp-content\/uploads\/2023\/02\/Keskikyla-2.jpg\" alt=\"\" width=\"1440\" height=\"1080\" \/><\/p>","protected":false},"excerpt":{"rendered":"<p>\u201cWhenever something new is brought to the village, it also moves other activities in the area forward,\u201d says Sirkka Pakkala in the hustle and bustle of art workshops in the Central Village of Jalasj\u00e4rvi. Community environmental art has been being worked on in Harjula in the Central Village throughout August. The art workshops have brought together villagers to brainstorm ideas and challenge their skills in new ways. The workshops have involved shaping willow, turning and carving with a chainsaw, and thinking about new uses for discarded school chairs. The Meid\u00e4n markki project [\u2026]<\/p>","protected":false},"author":1,"featured_media":510,"comment_status":"open","ping_status":"open","sticky":false,"template":"","format":"standard","meta":{"_acf_changed":false,"footnotes":""},"categories":[30],"tags":[],"class_list":["post-665","post","type-post","status-publish","format-standard","has-post-thumbnail","hentry","category-uutiset"],"yoast_head":"<!-- This site is optimized with the Yoast SEO plugin v23.3 - https:\/\/yoast.com\/wordpress\/plugins\/seo\/ -->\n<title>Ymp\u00e4rist\u00f6taidety\u00f6pajat kiritt\u00e4m\u00e4ss\u00e4 kyl\u00e4n muutakin toimintaa - Liiveri<\/title>\n<meta name=\"robots\" content=\"index, follow, max-snippet:-1, max-image-preview:large, max-video-preview:-1\" \/>\n<link rel=\"canonical\" href=\"https:\/\/liiveri.net\/en\/uutiset\/ymparistotaidetyopajat-kirittamassa-kylan-muutakin-toimintaa-2\/\" \/>\n<meta property=\"og:locale\" content=\"en_GB\" \/>\n<meta property=\"og:type\" content=\"article\" \/>\n<meta property=\"og:title\" content=\"Ymp\u00e4rist\u00f6taidety\u00f6pajat kiritt\u00e4m\u00e4ss\u00e4 kyl\u00e4n muutakin toimintaa - Liiveri\" \/>\n<meta property=\"og:description\" content=\"&rdquo;Aina kun kyl&auml;lle tuodaan jotain uudenlaista, vie se alueen muutakin toimintaa eteenp&auml;in&rdquo;, toteaa Sirkka Pakkala Jalasj&auml;rven Keskikyl&auml;ll&auml; taidety&ouml;pajojen melskeess&auml;. Keskikyl&auml;n Harjulassa on elokuun ajan ty&ouml;stetty yhteis&ouml;llist&auml; ymp&auml;rist&ouml;taidetta. Taidety&ouml;pajat ovat ker&auml;nneet kyl&auml;l&auml;iset ideoimaan ja haastamaan osaamisensa uudella tavalla. Ty&ouml;pajoissa on muotoiltu pajua, sorvattu ja veistetty moottorisahalla ja mietitty k&auml;yt&ouml;st&auml; poistetuille koulutuolelille uusia k&auml;ytt&ouml;tapoja. Meid&auml;n markki -hankkeen [&hellip;]\" \/>\n<meta property=\"og:url\" content=\"https:\/\/liiveri.net\/en\/uutiset\/ymparistotaidetyopajat-kirittamassa-kylan-muutakin-toimintaa-2\/\" \/>\n<meta property=\"og:site_name\" content=\"Liiveri\" \/>\n<meta property=\"article:publisher\" content=\"https:\/\/www.facebook.com\/LeaderLiiveri\" \/>\n<meta property=\"article:published_time\" content=\"2017-08-31T07:16:00+00:00\" \/>\n<meta property=\"article:modified_time\" content=\"2023-02-27T07:58:06+00:00\" \/>\n<meta property=\"og:image\" content=\"https:\/\/liiveri.net\/wp-content\/uploads\/2023\/02\/Keskikyla-1.jpg\" \/>\n\t<meta property=\"og:image:width\" content=\"1440\" \/>\n\t<meta property=\"og:image:height\" content=\"1080\" \/>\n\t<meta property=\"og:image:type\" content=\"image\/jpeg\" \/>\n<meta name=\"author\" content=\"Admin\" \/>\n<meta name=\"twitter:card\" content=\"summary_large_image\" \/>\n<meta name=\"twitter:creator\" content=\"@LeaderLiiveri\" \/>\n<meta name=\"twitter:site\" content=\"@LeaderLiiveri\" \/>\n<meta name=\"twitter:label1\" content=\"Written by\" \/>\n\t<meta name=\"twitter:data1\" content=\"Admin\" \/>\n\t<meta name=\"twitter:label2\" content=\"Estimated reading time\" \/>\n\t<meta name=\"twitter:data2\" content=\"2 minutes\" \/>\n<script type=\"application\/ld+json\" class=\"yoast-schema-graph\">{\"@context\":\"https:\/\/schema.org\",\"@graph\":[{\"@type\":\"Article\",\"@id\":\"https:\/\/liiveri.net\/uutiset\/ymparistotaidetyopajat-kirittamassa-kylan-muutakin-toimintaa-2\/#article\",\"isPartOf\":{\"@id\":\"https:\/\/liiveri.net\/uutiset\/ymparistotaidetyopajat-kirittamassa-kylan-muutakin-toimintaa-2\/\"},\"author\":{\"name\":\"Admin\",\"@id\":\"https:\/\/liiveri.net\/#\/schema\/person\/4d2151d167ce291fb59ae4929e4f150a\"},\"headline\":\"Ymp\u00e4rist\u00f6taidety\u00f6pajat kiritt\u00e4m\u00e4ss\u00e4 kyl\u00e4n muutakin toimintaa\",\"datePublished\":\"2017-08-31T07:16:00+00:00\",\"dateModified\":\"2023-02-27T07:58:06+00:00\",\"mainEntityOfPage\":{\"@id\":\"https:\/\/liiveri.net\/uutiset\/ymparistotaidetyopajat-kirittamassa-kylan-muutakin-toimintaa-2\/\"},\"wordCount\":416,\"commentCount\":0,\"publisher\":{\"@id\":\"https:\/\/liiveri.net\/#organization\"},\"image\":{\"@id\":\"https:\/\/liiveri.net\/uutiset\/ymparistotaidetyopajat-kirittamassa-kylan-muutakin-toimintaa-2\/#primaryimage\"},\"thumbnailUrl\":\"https:\/\/liiveri.net\/wp-content\/uploads\/2023\/02\/Keskikyla-1.jpg\",\"articleSection\":[\"Uutiset\"],\"inLanguage\":\"en-GB\",\"potentialAction\":[{\"@type\":\"CommentAction\",\"name\":\"Comment\",\"target\":[\"https:\/\/liiveri.net\/uutiset\/ymparistotaidetyopajat-kirittamassa-kylan-muutakin-toimintaa-2\/#respond\"]}]},{\"@type\":\"WebPage\",\"@id\":\"https:\/\/liiveri.net\/uutiset\/ymparistotaidetyopajat-kirittamassa-kylan-muutakin-toimintaa-2\/\",\"url\":\"https:\/\/liiveri.net\/uutiset\/ymparistotaidetyopajat-kirittamassa-kylan-muutakin-toimintaa-2\/\",\"name\":\"Ymp\u00e4rist\u00f6taidety\u00f6pajat kiritt\u00e4m\u00e4ss\u00e4 kyl\u00e4n muutakin toimintaa - Liiveri\",\"isPartOf\":{\"@id\":\"https:\/\/liiveri.net\/#website\"},\"primaryImageOfPage\":{\"@id\":\"https:\/\/liiveri.net\/uutiset\/ymparistotaidetyopajat-kirittamassa-kylan-muutakin-toimintaa-2\/#primaryimage\"},\"image\":{\"@id\":\"https:\/\/liiveri.net\/uutiset\/ymparistotaidetyopajat-kirittamassa-kylan-muutakin-toimintaa-2\/#primaryimage\"},\"thumbnailUrl\":\"https:\/\/liiveri.net\/wp-content\/uploads\/2023\/02\/Keskikyla-1.jpg\",\"datePublished\":\"2017-08-31T07:16:00+00:00\",\"dateModified\":\"2023-02-27T07:58:06+00:00\",\"breadcrumb\":{\"@id\":\"https:\/\/liiveri.net\/uutiset\/ymparistotaidetyopajat-kirittamassa-kylan-muutakin-toimintaa-2\/#breadcrumb\"},\"inLanguage\":\"en-GB\",\"potentialAction\":[{\"@type\":\"ReadAction\",\"target\":[\"https:\/\/liiveri.net\/uutiset\/ymparistotaidetyopajat-kirittamassa-kylan-muutakin-toimintaa-2\/\"]}]},{\"@type\":\"ImageObject\",\"inLanguage\":\"en-GB\",\"@id\":\"https:\/\/liiveri.net\/uutiset\/ymparistotaidetyopajat-kirittamassa-kylan-muutakin-toimintaa-2\/#primaryimage\",\"url\":\"https:\/\/liiveri.net\/wp-content\/uploads\/2023\/02\/Keskikyla-1.jpg\",\"contentUrl\":\"https:\/\/liiveri.net\/wp-content\/uploads\/2023\/02\/Keskikyla-1.jpg\",\"width\":1440,\"height\":1080,\"caption\":\"Porukka rajentamassa isoa pajupalloa.\"},{\"@type\":\"BreadcrumbList\",\"@id\":\"https:\/\/liiveri.net\/uutiset\/ymparistotaidetyopajat-kirittamassa-kylan-muutakin-toimintaa-2\/#breadcrumb\",\"itemListElement\":[{\"@type\":\"ListItem\",\"position\":1,\"name\":\"Etusivu\",\"item\":\"https:\/\/liiveri.net\/\"},{\"@type\":\"ListItem\",\"position\":2,\"name\":\"Ymp\u00e4rist\u00f6taidety\u00f6pajat kiritt\u00e4m\u00e4ss\u00e4 kyl\u00e4n muutakin toimintaa\"}]},{\"@type\":\"WebSite\",\"@id\":\"https:\/\/liiveri.net\/#website\",\"url\":\"https:\/\/liiveri.net\/\",\"name\":\"Liiveri - Kehitt\u00e4misyhdistys\",\"description\":\"REILU RAHOITTAJA PALVELUKSESSASI\",\"publisher\":{\"@id\":\"https:\/\/liiveri.net\/#organization\"},\"potentialAction\":[{\"@type\":\"SearchAction\",\"target\":{\"@type\":\"EntryPoint\",\"urlTemplate\":\"https:\/\/liiveri.net\/?s={search_term_string}\"},\"query-input\":\"required name=search_term_string\"}],\"inLanguage\":\"en-GB\"},{\"@type\":\"Organization\",\"@id\":\"https:\/\/liiveri.net\/#organization\",\"name\":\"Kehitt\u00e4misyhdistys Liiveri ry\",\"url\":\"https:\/\/liiveri.net\/\",\"logo\":{\"@type\":\"ImageObject\",\"inLanguage\":\"en-GB\",\"@id\":\"https:\/\/liiveri.net\/#\/schema\/logo\/image\/\",\"url\":\"https:\/\/liiveri.net\/wp-content\/uploads\/2023\/02\/placeholder.png\",\"contentUrl\":\"https:\/\/liiveri.net\/wp-content\/uploads\/2023\/02\/placeholder.png\",\"width\":1920,\"height\":1080,\"caption\":\"Kehitt\u00e4misyhdistys Liiveri ry\"},\"image\":{\"@id\":\"https:\/\/liiveri.net\/#\/schema\/logo\/image\/\"},\"sameAs\":[\"https:\/\/www.facebook.com\/LeaderLiiveri\",\"https:\/\/x.com\/LeaderLiiveri\",\"https:\/\/www.instagram.com\/leaderliiveri\/\"]},{\"@type\":\"Person\",\"@id\":\"https:\/\/liiveri.net\/#\/schema\/person\/4d2151d167ce291fb59ae4929e4f150a\",\"name\":\"Admin\",\"image\":{\"@type\":\"ImageObject\",\"inLanguage\":\"en-GB\",\"@id\":\"https:\/\/liiveri.net\/#\/schema\/person\/image\/\",\"url\":\"https:\/\/liiveri.net\/wp-content\/litespeed\/avatar\/1\/a408f0f48bbe882d38689644bc375f8c.jpg?ver=1777459663\",\"contentUrl\":\"https:\/\/liiveri.net\/wp-content\/litespeed\/avatar\/1\/a408f0f48bbe882d38689644bc375f8c.jpg?ver=1777459663\",\"caption\":\"Admin\"},\"sameAs\":[\"https:\/\/liiveri.net\"],\"url\":\"https:\/\/liiveri.net\/en\/uutiset\/author\/admin\/\"}]}<\/script>\n<!-- \/ Yoast SEO plugin. -->","yoast_head_json":{"title":"Ymp\u00e4rist\u00f6taidety\u00f6pajat kiritt\u00e4m\u00e4ss\u00e4 kyl\u00e4n muutakin toimintaa - Liiveri","robots":{"index":"index","follow":"follow","max-snippet":"max-snippet:-1","max-image-preview":"max-image-preview:large","max-video-preview":"max-video-preview:-1"},"canonical":"https:\/\/liiveri.net\/en\/uutiset\/ymparistotaidetyopajat-kirittamassa-kylan-muutakin-toimintaa-2\/","og_locale":"en_GB","og_type":"article","og_title":"Ymp\u00e4rist\u00f6taidety\u00f6pajat kiritt\u00e4m\u00e4ss\u00e4 kyl\u00e4n muutakin toimintaa - Liiveri","og_description":"&rdquo;Aina kun kyl&auml;lle tuodaan jotain uudenlaista, vie se alueen muutakin toimintaa eteenp&auml;in&rdquo;, toteaa Sirkka Pakkala Jalasj&auml;rven Keskikyl&auml;ll&auml; taidety&ouml;pajojen melskeess&auml;. Keskikyl&auml;n Harjulassa on elokuun ajan ty&ouml;stetty yhteis&ouml;llist&auml; ymp&auml;rist&ouml;taidetta. Taidety&ouml;pajat ovat ker&auml;nneet kyl&auml;l&auml;iset ideoimaan ja haastamaan osaamisensa uudella tavalla. Ty&ouml;pajoissa on muotoiltu pajua, sorvattu ja veistetty moottorisahalla ja mietitty k&auml;yt&ouml;st&auml; poistetuille koulutuolelille uusia k&auml;ytt&ouml;tapoja. Meid&auml;n markki -hankkeen [&hellip;]","og_url":"https:\/\/liiveri.net\/en\/uutiset\/ymparistotaidetyopajat-kirittamassa-kylan-muutakin-toimintaa-2\/","og_site_name":"Liiveri","article_publisher":"https:\/\/www.facebook.com\/LeaderLiiveri","article_published_time":"2017-08-31T07:16:00+00:00","article_modified_time":"2023-02-27T07:58:06+00:00","og_image":[{"width":1440,"height":1080,"url":"https:\/\/liiveri.net\/wp-content\/uploads\/2023\/02\/Keskikyla-1.jpg","type":"image\/jpeg"}],"author":"Admin","twitter_card":"summary_large_image","twitter_creator":"@LeaderLiiveri","twitter_site":"@LeaderLiiveri","twitter_misc":{"Written by":"Admin","Estimated reading time":"2 minutes"},"schema":{"@context":"https:\/\/schema.org","@graph":[{"@type":"Article","@id":"https:\/\/liiveri.net\/uutiset\/ymparistotaidetyopajat-kirittamassa-kylan-muutakin-toimintaa-2\/#article","isPartOf":{"@id":"https:\/\/liiveri.net\/uutiset\/ymparistotaidetyopajat-kirittamassa-kylan-muutakin-toimintaa-2\/"},"author":{"name":"Admin","@id":"https:\/\/liiveri.net\/#\/schema\/person\/4d2151d167ce291fb59ae4929e4f150a"},"headline":"Ymp\u00e4rist\u00f6taidety\u00f6pajat kiritt\u00e4m\u00e4ss\u00e4 kyl\u00e4n muutakin toimintaa","datePublished":"2017-08-31T07:16:00+00:00","dateModified":"2023-02-27T07:58:06+00:00","mainEntityOfPage":{"@id":"https:\/\/liiveri.net\/uutiset\/ymparistotaidetyopajat-kirittamassa-kylan-muutakin-toimintaa-2\/"},"wordCount":416,"commentCount":0,"publisher":{"@id":"https:\/\/liiveri.net\/#organization"},"image":{"@id":"https:\/\/liiveri.net\/uutiset\/ymparistotaidetyopajat-kirittamassa-kylan-muutakin-toimintaa-2\/#primaryimage"},"thumbnailUrl":"https:\/\/liiveri.net\/wp-content\/uploads\/2023\/02\/Keskikyla-1.jpg","articleSection":["Uutiset"],"inLanguage":"en-GB","potentialAction":[{"@type":"CommentAction","name":"Comment","target":["https:\/\/liiveri.net\/uutiset\/ymparistotaidetyopajat-kirittamassa-kylan-muutakin-toimintaa-2\/#respond"]}]},{"@type":"WebPage","@id":"https:\/\/liiveri.net\/uutiset\/ymparistotaidetyopajat-kirittamassa-kylan-muutakin-toimintaa-2\/","url":"https:\/\/liiveri.net\/uutiset\/ymparistotaidetyopajat-kirittamassa-kylan-muutakin-toimintaa-2\/","name":"Ymp\u00e4rist\u00f6taidety\u00f6pajat kiritt\u00e4m\u00e4ss\u00e4 kyl\u00e4n muutakin toimintaa - Liiveri","isPartOf":{"@id":"https:\/\/liiveri.net\/#website"},"primaryImageOfPage":{"@id":"https:\/\/liiveri.net\/uutiset\/ymparistotaidetyopajat-kirittamassa-kylan-muutakin-toimintaa-2\/#primaryimage"},"image":{"@id":"https:\/\/liiveri.net\/uutiset\/ymparistotaidetyopajat-kirittamassa-kylan-muutakin-toimintaa-2\/#primaryimage"},"thumbnailUrl":"https:\/\/liiveri.net\/wp-content\/uploads\/2023\/02\/Keskikyla-1.jpg","datePublished":"2017-08-31T07:16:00+00:00","dateModified":"2023-02-27T07:58:06+00:00","breadcrumb":{"@id":"https:\/\/liiveri.net\/uutiset\/ymparistotaidetyopajat-kirittamassa-kylan-muutakin-toimintaa-2\/#breadcrumb"},"inLanguage":"en-GB","potentialAction":[{"@type":"ReadAction","target":["https:\/\/liiveri.net\/uutiset\/ymparistotaidetyopajat-kirittamassa-kylan-muutakin-toimintaa-2\/"]}]},{"@type":"ImageObject","inLanguage":"en-GB","@id":"https:\/\/liiveri.net\/uutiset\/ymparistotaidetyopajat-kirittamassa-kylan-muutakin-toimintaa-2\/#primaryimage","url":"https:\/\/liiveri.net\/wp-content\/uploads\/2023\/02\/Keskikyla-1.jpg","contentUrl":"https:\/\/liiveri.net\/wp-content\/uploads\/2023\/02\/Keskikyla-1.jpg","width":1440,"height":1080,"caption":"Porukka rajentamassa isoa pajupalloa."},{"@type":"BreadcrumbList","@id":"https:\/\/liiveri.net\/uutiset\/ymparistotaidetyopajat-kirittamassa-kylan-muutakin-toimintaa-2\/#breadcrumb","itemListElement":[{"@type":"ListItem","position":1,"name":"Etusivu","item":"https:\/\/liiveri.net\/"},{"@type":"ListItem","position":2,"name":"Ymp\u00e4rist\u00f6taidety\u00f6pajat kiritt\u00e4m\u00e4ss\u00e4 kyl\u00e4n muutakin toimintaa"}]},{"@type":"WebSite","@id":"https:\/\/liiveri.net\/#website","url":"https:\/\/liiveri.net\/","name":"Liiveri - Kehitt\u00e4misyhdistys","description":"REILU RAHOITTAJA PALVELUKSESSASI","publisher":{"@id":"https:\/\/liiveri.net\/#organization"},"potentialAction":[{"@type":"SearchAction","target":{"@type":"EntryPoint","urlTemplate":"https:\/\/liiveri.net\/?s={search_term_string}"},"query-input":"required name=search_term_string"}],"inLanguage":"en-GB"},{"@type":"Organization","@id":"https:\/\/liiveri.net\/#organization","name":"Kehitt\u00e4misyhdistys Liiveri ry","url":"https:\/\/liiveri.net\/","logo":{"@type":"ImageObject","inLanguage":"en-GB","@id":"https:\/\/liiveri.net\/#\/schema\/logo\/image\/","url":"https:\/\/liiveri.net\/wp-content\/uploads\/2023\/02\/placeholder.png","contentUrl":"https:\/\/liiveri.net\/wp-content\/uploads\/2023\/02\/placeholder.png","width":1920,"height":1080,"caption":"Kehitt\u00e4misyhdistys Liiveri ry"},"image":{"@id":"https:\/\/liiveri.net\/#\/schema\/logo\/image\/"},"sameAs":["https:\/\/www.facebook.com\/LeaderLiiveri","https:\/\/x.com\/LeaderLiiveri","https:\/\/www.instagram.com\/leaderliiveri\/"]},{"@type":"Person","@id":"https:\/\/liiveri.net\/#\/schema\/person\/4d2151d167ce291fb59ae4929e4f150a","name":"Admin","image":{"@type":"ImageObject","inLanguage":"en-GB","@id":"https:\/\/liiveri.net\/#\/schema\/person\/image\/","url":"https:\/\/liiveri.net\/wp-content\/litespeed\/avatar\/1\/a408f0f48bbe882d38689644bc375f8c.jpg?ver=1777459663","contentUrl":"https:\/\/liiveri.net\/wp-content\/litespeed\/avatar\/1\/a408f0f48bbe882d38689644bc375f8c.jpg?ver=1777459663","caption":"Admin"},"sameAs":["https:\/\/liiveri.net"],"url":"https:\/\/liiveri.net\/en\/uutiset\/author\/admin\/"}]}},"acf":[],"_links":{"self":[{"href":"https:\/\/liiveri.net\/en\/wp-json\/wp\/v2\/posts\/665","targetHints":{"allow":["GET"]}}],"collection":[{"href":"https:\/\/liiveri.net\/en\/wp-json\/wp\/v2\/posts"}],"about":[{"href":"https:\/\/liiveri.net\/en\/wp-json\/wp\/v2\/types\/post"}],"author":[{"embeddable":true,"href":"https:\/\/liiveri.net\/en\/wp-json\/wp\/v2\/users\/1"}],"replies":[{"embeddable":true,"href":"https:\/\/liiveri.net\/en\/wp-json\/wp\/v2\/comments?post=665"}],"version-history":[{"count":0,"href":"https:\/\/liiveri.net\/en\/wp-json\/wp\/v2\/posts\/665\/revisions"}],"wp:featuredmedia":[{"embeddable":true,"href":"https:\/\/liiveri.net\/en\/wp-json\/wp\/v2\/media\/510"}],"wp:attachment":[{"href":"https:\/\/liiveri.net\/en\/wp-json\/wp\/v2\/media?parent=665"}],"wp:term":[{"taxonomy":"category","embeddable":true,"href":"https:\/\/liiveri.net\/en\/wp-json\/wp\/v2\/categories?post=665"},{"taxonomy":"post_tag","embeddable":true,"href":"https:\/\/liiveri.net\/en\/wp-json\/wp\/v2\/tags?post=665"}],"curies":[{"name":"wp","href":"https:\/\/api.w.org\/{rel}","templated":true}]}}