{"id":711,"date":"2019-05-27T12:55:00","date_gmt":"2019-05-27T09:55:00","guid":{"rendered":"https:\/\/liiveri.net\/kulttuuripyoraily-tulee-taas-2\/"},"modified":"2023-05-04T13:29:23","modified_gmt":"2023-05-04T10:29:23","slug":"kulttuuripyoraily-tulee-taas-2","status":"publish","type":"post","link":"https:\/\/liiveri.net\/en\/uutiset\/kulttuuripyoraily-tulee-taas-2\/","title":{"rendered":"Cultural cycling is coming again!"},"content":{"rendered":"<p><strong>The Seven Bridges Cultural Cycling Tour, which was organized last year and immediately gained great popularity, will be organized again next summer on Saturday, August 10th, from 11 am to 3 pm.<\/strong><\/p>\n<p>The route presents the rich cultural heritage of the parish, running along the banks of the Kyr\u00f6njoki River, crossing it at seven points. During the day, there will be open doors at museums, church buildings and businesses, among others. In addition, there will be guides on the route telling stories and history related to the monuments. This year, private homes have also been included. The detailed program will be published on the event&#039;s FB page in June.<\/p>\n<p><em>Photo: Maurio Manor was one of the most popular destinations along the route last year. Laura Luuri, Annukka Luuri and Niilo Nisula from Ilmajoki visited Marita Henriksson&#039;s home studio with three generations of over two hundred other guests.\u00a0<\/em><\/p>","protected":false},"excerpt":{"rendered":"<p>The Seven Bridges Cultural Cycling Tour, which was organized last year and immediately gained great popularity, will be organized again this coming summer on Saturday, August 10th, from 11 am to 3 pm. The route presents the rich cultural heritage of the parish, running along the banks of the Kyr\u00f6njoki River, crossing it at seven points. During the day, there will be open doors at museums, church cloisters and businesses, among others. In addition, there will be guides on the route telling stories and history related to the monuments. This [\u2026]<\/p>","protected":false},"author":1,"featured_media":712,"comment_status":"open","ping_status":"open","sticky":false,"template":"","format":"standard","meta":{"_acf_changed":false,"footnotes":""},"categories":[30,11,29],"tags":[],"class_list":["post-711","post","type-post","status-publish","format-standard","has-post-thumbnail","hentry","category-uutiset","category-kylat","category-liiveri"],"yoast_head":"<!-- This site is optimized with the Yoast SEO plugin v23.3 - https:\/\/yoast.com\/wordpress\/plugins\/seo\/ -->\n<title>Kulttuuripy\u00f6r\u00e4ily tulee taas! - Liiveri<\/title>\n<meta name=\"robots\" content=\"index, follow, max-snippet:-1, max-image-preview:large, max-video-preview:-1\" \/>\n<link rel=\"canonical\" href=\"https:\/\/liiveri.net\/en\/uutiset\/kulttuuripyoraily-tulee-taas-2\/\" \/>\n<meta property=\"og:locale\" content=\"en_GB\" \/>\n<meta property=\"og:type\" content=\"article\" \/>\n<meta property=\"og:title\" content=\"Kulttuuripy\u00f6r\u00e4ily tulee taas! - Liiveri\" \/>\n<meta property=\"og:description\" content=\"Viime vuonna j\u00e4rjestetty ja heti suuren suosion saavuttanut Seitsem\u00e4n sillan kulttuuripy\u00f6r\u00e4ily j\u00e4rjestet\u00e4\u00e4n uudelleen tulevana kes\u00e4n\u00e4 lauantaina 10.8. klo 11-15. Reitti esittelee em\u00e4pit\u00e4j\u00e4n rikasta kulttuuriperint\u00f6\u00e4 kulkien pitkin Kyr\u00f6njoen vartta ylitt\u00e4en sen seitsem\u00e4st\u00e4 kohtaa. P\u00e4iv\u00e4n aikana on avoimet ovet muun muassa museoissa, kirkon tapulissa sek\u00e4 yrityksiss\u00e4. Lis\u00e4ksi reitill\u00e4 on oppaita kertomassa muistomerkkeihin liittyvi\u00e4 tarinoita ja historiaa. T\u00e4n\u00e4 [&hellip;]\" \/>\n<meta property=\"og:url\" content=\"https:\/\/liiveri.net\/en\/uutiset\/kulttuuripyoraily-tulee-taas-2\/\" \/>\n<meta property=\"og:site_name\" content=\"Liiveri\" \/>\n<meta property=\"article:publisher\" content=\"https:\/\/www.facebook.com\/LeaderLiiveri\" \/>\n<meta property=\"article:published_time\" content=\"2019-05-27T09:55:00+00:00\" \/>\n<meta property=\"article:modified_time\" content=\"2023-05-04T10:29:23+00:00\" \/>\n<meta property=\"og:image\" content=\"https:\/\/liiveri.net\/wp-content\/uploads\/2023\/02\/seitseman-sillan-kulttuuripyoraily-2019.jpg\" \/>\n\t<meta property=\"og:image:width\" content=\"600\" \/>\n\t<meta property=\"og:image:height\" content=\"325\" \/>\n\t<meta property=\"og:image:type\" content=\"image\/jpeg\" \/>\n<meta name=\"author\" content=\"Admin\" \/>\n<meta name=\"twitter:card\" content=\"summary_large_image\" \/>\n<meta name=\"twitter:creator\" content=\"@LeaderLiiveri\" \/>\n<meta name=\"twitter:site\" content=\"@LeaderLiiveri\" \/>\n<meta name=\"twitter:label1\" content=\"Written by\" \/>\n\t<meta name=\"twitter:data1\" content=\"Admin\" \/>\n\t<meta name=\"twitter:label2\" content=\"Estimated reading time\" \/>\n\t<meta name=\"twitter:data2\" content=\"1 minute\" \/>\n<script type=\"application\/ld+json\" class=\"yoast-schema-graph\">{\"@context\":\"https:\/\/schema.org\",\"@graph\":[{\"@type\":\"Article\",\"@id\":\"https:\/\/liiveri.net\/uutiset\/kulttuuripyoraily-tulee-taas-2\/#article\",\"isPartOf\":{\"@id\":\"https:\/\/liiveri.net\/uutiset\/kulttuuripyoraily-tulee-taas-2\/\"},\"author\":{\"name\":\"Admin\",\"@id\":\"https:\/\/liiveri.net\/#\/schema\/person\/4d2151d167ce291fb59ae4929e4f150a\"},\"headline\":\"Kulttuuripy\u00f6r\u00e4ily tulee taas!\",\"datePublished\":\"2019-05-27T09:55:00+00:00\",\"dateModified\":\"2023-05-04T10:29:23+00:00\",\"mainEntityOfPage\":{\"@id\":\"https:\/\/liiveri.net\/uutiset\/kulttuuripyoraily-tulee-taas-2\/\"},\"wordCount\":121,\"commentCount\":0,\"publisher\":{\"@id\":\"https:\/\/liiveri.net\/#organization\"},\"image\":{\"@id\":\"https:\/\/liiveri.net\/uutiset\/kulttuuripyoraily-tulee-taas-2\/#primaryimage\"},\"thumbnailUrl\":\"https:\/\/liiveri.net\/wp-content\/uploads\/2023\/02\/seitseman-sillan-kulttuuripyoraily-2019.jpg\",\"articleSection\":[\"Uutiset\",\"Kyl\u00e4t\",\"Liiveri\"],\"inLanguage\":\"en-GB\",\"potentialAction\":[{\"@type\":\"CommentAction\",\"name\":\"Comment\",\"target\":[\"https:\/\/liiveri.net\/uutiset\/kulttuuripyoraily-tulee-taas-2\/#respond\"]}]},{\"@type\":\"WebPage\",\"@id\":\"https:\/\/liiveri.net\/uutiset\/kulttuuripyoraily-tulee-taas-2\/\",\"url\":\"https:\/\/liiveri.net\/uutiset\/kulttuuripyoraily-tulee-taas-2\/\",\"name\":\"Kulttuuripy\u00f6r\u00e4ily tulee taas! - Liiveri\",\"isPartOf\":{\"@id\":\"https:\/\/liiveri.net\/#website\"},\"primaryImageOfPage\":{\"@id\":\"https:\/\/liiveri.net\/uutiset\/kulttuuripyoraily-tulee-taas-2\/#primaryimage\"},\"image\":{\"@id\":\"https:\/\/liiveri.net\/uutiset\/kulttuuripyoraily-tulee-taas-2\/#primaryimage\"},\"thumbnailUrl\":\"https:\/\/liiveri.net\/wp-content\/uploads\/2023\/02\/seitseman-sillan-kulttuuripyoraily-2019.jpg\",\"datePublished\":\"2019-05-27T09:55:00+00:00\",\"dateModified\":\"2023-05-04T10:29:23+00:00\",\"breadcrumb\":{\"@id\":\"https:\/\/liiveri.net\/uutiset\/kulttuuripyoraily-tulee-taas-2\/#breadcrumb\"},\"inLanguage\":\"en-GB\",\"potentialAction\":[{\"@type\":\"ReadAction\",\"target\":[\"https:\/\/liiveri.net\/uutiset\/kulttuuripyoraily-tulee-taas-2\/\"]}]},{\"@type\":\"ImageObject\",\"inLanguage\":\"en-GB\",\"@id\":\"https:\/\/liiveri.net\/uutiset\/kulttuuripyoraily-tulee-taas-2\/#primaryimage\",\"url\":\"https:\/\/liiveri.net\/wp-content\/uploads\/2023\/02\/seitseman-sillan-kulttuuripyoraily-2019.jpg\",\"contentUrl\":\"https:\/\/liiveri.net\/wp-content\/uploads\/2023\/02\/seitseman-sillan-kulttuuripyoraily-2019.jpg\",\"width\":600,\"height\":325,\"caption\":\"Niilo Nisula, Laura Luuri ja Annukka Luuri kartanossa.\"},{\"@type\":\"BreadcrumbList\",\"@id\":\"https:\/\/liiveri.net\/uutiset\/kulttuuripyoraily-tulee-taas-2\/#breadcrumb\",\"itemListElement\":[{\"@type\":\"ListItem\",\"position\":1,\"name\":\"Etusivu\",\"item\":\"https:\/\/liiveri.net\/\"},{\"@type\":\"ListItem\",\"position\":2,\"name\":\"Kulttuuripy\u00f6r\u00e4ily tulee taas!\"}]},{\"@type\":\"WebSite\",\"@id\":\"https:\/\/liiveri.net\/#website\",\"url\":\"https:\/\/liiveri.net\/\",\"name\":\"Liiveri - Kehitt\u00e4misyhdistys\",\"description\":\"REILU RAHOITTAJA PALVELUKSESSASI\",\"publisher\":{\"@id\":\"https:\/\/liiveri.net\/#organization\"},\"potentialAction\":[{\"@type\":\"SearchAction\",\"target\":{\"@type\":\"EntryPoint\",\"urlTemplate\":\"https:\/\/liiveri.net\/?s={search_term_string}\"},\"query-input\":\"required name=search_term_string\"}],\"inLanguage\":\"en-GB\"},{\"@type\":\"Organization\",\"@id\":\"https:\/\/liiveri.net\/#organization\",\"name\":\"Kehitt\u00e4misyhdistys Liiveri ry\",\"url\":\"https:\/\/liiveri.net\/\",\"logo\":{\"@type\":\"ImageObject\",\"inLanguage\":\"en-GB\",\"@id\":\"https:\/\/liiveri.net\/#\/schema\/logo\/image\/\",\"url\":\"https:\/\/liiveri.net\/wp-content\/uploads\/2023\/02\/placeholder.png\",\"contentUrl\":\"https:\/\/liiveri.net\/wp-content\/uploads\/2023\/02\/placeholder.png\",\"width\":1920,\"height\":1080,\"caption\":\"Kehitt\u00e4misyhdistys Liiveri ry\"},\"image\":{\"@id\":\"https:\/\/liiveri.net\/#\/schema\/logo\/image\/\"},\"sameAs\":[\"https:\/\/www.facebook.com\/LeaderLiiveri\",\"https:\/\/x.com\/LeaderLiiveri\",\"https:\/\/www.instagram.com\/leaderliiveri\/\"]},{\"@type\":\"Person\",\"@id\":\"https:\/\/liiveri.net\/#\/schema\/person\/4d2151d167ce291fb59ae4929e4f150a\",\"name\":\"Admin\",\"image\":{\"@type\":\"ImageObject\",\"inLanguage\":\"en-GB\",\"@id\":\"https:\/\/liiveri.net\/#\/schema\/person\/image\/\",\"url\":\"https:\/\/liiveri.net\/wp-content\/litespeed\/avatar\/1\/a408f0f48bbe882d38689644bc375f8c.jpg?ver=1777459663\",\"contentUrl\":\"https:\/\/liiveri.net\/wp-content\/litespeed\/avatar\/1\/a408f0f48bbe882d38689644bc375f8c.jpg?ver=1777459663\",\"caption\":\"Admin\"},\"sameAs\":[\"https:\/\/liiveri.net\"],\"url\":\"https:\/\/liiveri.net\/en\/uutiset\/author\/admin\/\"}]}<\/script>\n<!-- \/ Yoast SEO plugin. -->","yoast_head_json":{"title":"Kulttuuripy\u00f6r\u00e4ily tulee taas! - Liiveri","robots":{"index":"index","follow":"follow","max-snippet":"max-snippet:-1","max-image-preview":"max-image-preview:large","max-video-preview":"max-video-preview:-1"},"canonical":"https:\/\/liiveri.net\/en\/uutiset\/kulttuuripyoraily-tulee-taas-2\/","og_locale":"en_GB","og_type":"article","og_title":"Kulttuuripy\u00f6r\u00e4ily tulee taas! - Liiveri","og_description":"Viime vuonna j\u00e4rjestetty ja heti suuren suosion saavuttanut Seitsem\u00e4n sillan kulttuuripy\u00f6r\u00e4ily j\u00e4rjestet\u00e4\u00e4n uudelleen tulevana kes\u00e4n\u00e4 lauantaina 10.8. klo 11-15. Reitti esittelee em\u00e4pit\u00e4j\u00e4n rikasta kulttuuriperint\u00f6\u00e4 kulkien pitkin Kyr\u00f6njoen vartta ylitt\u00e4en sen seitsem\u00e4st\u00e4 kohtaa. P\u00e4iv\u00e4n aikana on avoimet ovet muun muassa museoissa, kirkon tapulissa sek\u00e4 yrityksiss\u00e4. Lis\u00e4ksi reitill\u00e4 on oppaita kertomassa muistomerkkeihin liittyvi\u00e4 tarinoita ja historiaa. T\u00e4n\u00e4 [&hellip;]","og_url":"https:\/\/liiveri.net\/en\/uutiset\/kulttuuripyoraily-tulee-taas-2\/","og_site_name":"Liiveri","article_publisher":"https:\/\/www.facebook.com\/LeaderLiiveri","article_published_time":"2019-05-27T09:55:00+00:00","article_modified_time":"2023-05-04T10:29:23+00:00","og_image":[{"width":600,"height":325,"url":"https:\/\/liiveri.net\/wp-content\/uploads\/2023\/02\/seitseman-sillan-kulttuuripyoraily-2019.jpg","type":"image\/jpeg"}],"author":"Admin","twitter_card":"summary_large_image","twitter_creator":"@LeaderLiiveri","twitter_site":"@LeaderLiiveri","twitter_misc":{"Written by":"Admin","Estimated reading time":"1 minute"},"schema":{"@context":"https:\/\/schema.org","@graph":[{"@type":"Article","@id":"https:\/\/liiveri.net\/uutiset\/kulttuuripyoraily-tulee-taas-2\/#article","isPartOf":{"@id":"https:\/\/liiveri.net\/uutiset\/kulttuuripyoraily-tulee-taas-2\/"},"author":{"name":"Admin","@id":"https:\/\/liiveri.net\/#\/schema\/person\/4d2151d167ce291fb59ae4929e4f150a"},"headline":"Kulttuuripy\u00f6r\u00e4ily tulee taas!","datePublished":"2019-05-27T09:55:00+00:00","dateModified":"2023-05-04T10:29:23+00:00","mainEntityOfPage":{"@id":"https:\/\/liiveri.net\/uutiset\/kulttuuripyoraily-tulee-taas-2\/"},"wordCount":121,"commentCount":0,"publisher":{"@id":"https:\/\/liiveri.net\/#organization"},"image":{"@id":"https:\/\/liiveri.net\/uutiset\/kulttuuripyoraily-tulee-taas-2\/#primaryimage"},"thumbnailUrl":"https:\/\/liiveri.net\/wp-content\/uploads\/2023\/02\/seitseman-sillan-kulttuuripyoraily-2019.jpg","articleSection":["Uutiset","Kyl\u00e4t","Liiveri"],"inLanguage":"en-GB","potentialAction":[{"@type":"CommentAction","name":"Comment","target":["https:\/\/liiveri.net\/uutiset\/kulttuuripyoraily-tulee-taas-2\/#respond"]}]},{"@type":"WebPage","@id":"https:\/\/liiveri.net\/uutiset\/kulttuuripyoraily-tulee-taas-2\/","url":"https:\/\/liiveri.net\/uutiset\/kulttuuripyoraily-tulee-taas-2\/","name":"Kulttuuripy\u00f6r\u00e4ily tulee taas! - Liiveri","isPartOf":{"@id":"https:\/\/liiveri.net\/#website"},"primaryImageOfPage":{"@id":"https:\/\/liiveri.net\/uutiset\/kulttuuripyoraily-tulee-taas-2\/#primaryimage"},"image":{"@id":"https:\/\/liiveri.net\/uutiset\/kulttuuripyoraily-tulee-taas-2\/#primaryimage"},"thumbnailUrl":"https:\/\/liiveri.net\/wp-content\/uploads\/2023\/02\/seitseman-sillan-kulttuuripyoraily-2019.jpg","datePublished":"2019-05-27T09:55:00+00:00","dateModified":"2023-05-04T10:29:23+00:00","breadcrumb":{"@id":"https:\/\/liiveri.net\/uutiset\/kulttuuripyoraily-tulee-taas-2\/#breadcrumb"},"inLanguage":"en-GB","potentialAction":[{"@type":"ReadAction","target":["https:\/\/liiveri.net\/uutiset\/kulttuuripyoraily-tulee-taas-2\/"]}]},{"@type":"ImageObject","inLanguage":"en-GB","@id":"https:\/\/liiveri.net\/uutiset\/kulttuuripyoraily-tulee-taas-2\/#primaryimage","url":"https:\/\/liiveri.net\/wp-content\/uploads\/2023\/02\/seitseman-sillan-kulttuuripyoraily-2019.jpg","contentUrl":"https:\/\/liiveri.net\/wp-content\/uploads\/2023\/02\/seitseman-sillan-kulttuuripyoraily-2019.jpg","width":600,"height":325,"caption":"Niilo Nisula, Laura Luuri ja Annukka Luuri kartanossa."},{"@type":"BreadcrumbList","@id":"https:\/\/liiveri.net\/uutiset\/kulttuuripyoraily-tulee-taas-2\/#breadcrumb","itemListElement":[{"@type":"ListItem","position":1,"name":"Etusivu","item":"https:\/\/liiveri.net\/"},{"@type":"ListItem","position":2,"name":"Kulttuuripy\u00f6r\u00e4ily tulee taas!"}]},{"@type":"WebSite","@id":"https:\/\/liiveri.net\/#website","url":"https:\/\/liiveri.net\/","name":"Liiveri - Kehitt\u00e4misyhdistys","description":"REILU RAHOITTAJA PALVELUKSESSASI","publisher":{"@id":"https:\/\/liiveri.net\/#organization"},"potentialAction":[{"@type":"SearchAction","target":{"@type":"EntryPoint","urlTemplate":"https:\/\/liiveri.net\/?s={search_term_string}"},"query-input":"required name=search_term_string"}],"inLanguage":"en-GB"},{"@type":"Organization","@id":"https:\/\/liiveri.net\/#organization","name":"Kehitt\u00e4misyhdistys Liiveri ry","url":"https:\/\/liiveri.net\/","logo":{"@type":"ImageObject","inLanguage":"en-GB","@id":"https:\/\/liiveri.net\/#\/schema\/logo\/image\/","url":"https:\/\/liiveri.net\/wp-content\/uploads\/2023\/02\/placeholder.png","contentUrl":"https:\/\/liiveri.net\/wp-content\/uploads\/2023\/02\/placeholder.png","width":1920,"height":1080,"caption":"Kehitt\u00e4misyhdistys Liiveri ry"},"image":{"@id":"https:\/\/liiveri.net\/#\/schema\/logo\/image\/"},"sameAs":["https:\/\/www.facebook.com\/LeaderLiiveri","https:\/\/x.com\/LeaderLiiveri","https:\/\/www.instagram.com\/leaderliiveri\/"]},{"@type":"Person","@id":"https:\/\/liiveri.net\/#\/schema\/person\/4d2151d167ce291fb59ae4929e4f150a","name":"Admin","image":{"@type":"ImageObject","inLanguage":"en-GB","@id":"https:\/\/liiveri.net\/#\/schema\/person\/image\/","url":"https:\/\/liiveri.net\/wp-content\/litespeed\/avatar\/1\/a408f0f48bbe882d38689644bc375f8c.jpg?ver=1777459663","contentUrl":"https:\/\/liiveri.net\/wp-content\/litespeed\/avatar\/1\/a408f0f48bbe882d38689644bc375f8c.jpg?ver=1777459663","caption":"Admin"},"sameAs":["https:\/\/liiveri.net"],"url":"https:\/\/liiveri.net\/en\/uutiset\/author\/admin\/"}]}},"acf":[],"_links":{"self":[{"href":"https:\/\/liiveri.net\/en\/wp-json\/wp\/v2\/posts\/711","targetHints":{"allow":["GET"]}}],"collection":[{"href":"https:\/\/liiveri.net\/en\/wp-json\/wp\/v2\/posts"}],"about":[{"href":"https:\/\/liiveri.net\/en\/wp-json\/wp\/v2\/types\/post"}],"author":[{"embeddable":true,"href":"https:\/\/liiveri.net\/en\/wp-json\/wp\/v2\/users\/1"}],"replies":[{"embeddable":true,"href":"https:\/\/liiveri.net\/en\/wp-json\/wp\/v2\/comments?post=711"}],"version-history":[{"count":0,"href":"https:\/\/liiveri.net\/en\/wp-json\/wp\/v2\/posts\/711\/revisions"}],"wp:featuredmedia":[{"embeddable":true,"href":"https:\/\/liiveri.net\/en\/wp-json\/wp\/v2\/media\/712"}],"wp:attachment":[{"href":"https:\/\/liiveri.net\/en\/wp-json\/wp\/v2\/media?parent=711"}],"wp:term":[{"taxonomy":"category","embeddable":true,"href":"https:\/\/liiveri.net\/en\/wp-json\/wp\/v2\/categories?post=711"},{"taxonomy":"post_tag","embeddable":true,"href":"https:\/\/liiveri.net\/en\/wp-json\/wp\/v2\/tags?post=711"}],"curies":[{"name":"wp","href":"https:\/\/api.w.org\/{rel}","templated":true}]}}