{"id":748,"date":"2020-12-14T11:59:00","date_gmt":"2020-12-14T09:59:00","guid":{"rendered":"https:\/\/liiveri.net\/nuorten-aani-ja-kansainvalisyys-ovat-tarkeita-tarja-pienimaelle-2\/"},"modified":"2023-05-04T12:55:47","modified_gmt":"2023-05-04T09:55:47","slug":"nuorten-aani-ja-kansainvalisyys-ovat-tarkeita-tarja-pienimaelle-2","status":"publish","type":"post","link":"https:\/\/liiveri.net\/en\/uutiset\/nuorten-aani-ja-kansainvalisyys-ovat-tarkeita-tarja-pienimaelle-2\/","title":{"rendered":"The voice of young people and internationality are important to Tarja Pienim\u00e4ki"},"content":{"rendered":"<p><img fetchpriority=\"high\" decoding=\"async\" src=\"https:\/\/liiveri.net\/wp-content\/uploads\/2023\/02\/Tarja-Pienimaki.jpg\" alt=\"Tarja Pienim\u00e4ki\" width=\"1017\" height=\"761\" \/><\/p>\n<p><em>For Tarja Pienim\u00e4ki, chairman of Liiver&#039;s board, the development of the countryside and her own region are matters of the heart. Pienim\u00e4ki works in his civilian profession as a private consultant at Develop Train Oy, and he has served as Liiver&#039;s chairman since 2018. A lot has already been accomplished in his chairmanship, which started three years ago.<\/em><\/p>\n<p>- Operations have been booming. Leader activity has been impressive in the region, and thanks to that, we have also been successful in increasing the shareable funding pool, Pienim\u00e4ki sums up.<\/p>\n<p>Pienim\u00e4ki emphasizes the promotion of international activities. He himself has worked in Japan for 1.5 years as an export manager, and that time increased both his professionalism and brought perspective to life in general.<\/p>\n<p>- One of the star moments as chairman of Liiver has been that we managed to start international cooperation in the form of entrepreneurial exchanges to Sweden, Pienim\u00e4ki says.<\/p>\n<p>Entrepreneur exchange has mainly involved sole proprietors, for example from creative fields and the care sector. The experiences so far have been good.<\/p>\n<p>At the moment, it is topical to start planning Liiver&#039;s new strategy. The phase of collecting ideas and mapping development needs is underway.<\/p>\n<p>- It would be important for as many people as possible from villages, companies and associations to bring their ideas forward, says Pienim\u00e4ki.<\/p>\n<p>Pienim\u00e4ki considers it important that everyone is consulted in the development of the area. The voice of young people in particular must be heard. Nuoriso Leader and Liiver&#039;s youth division are good channels if you want to directly influence the affairs of your home region.<\/p>\n<p>- I hope young people will actively participate in the development of their community. Based on young people&#039;s views, we also develop future strategy, Pienim\u00e4ki describes.<\/p>\n<p>Pienim\u00e4ki hopes that rural companies and those who intend to become entrepreneurs would boldly develop new, commercially usable products and solutions. A big challenge is how the countryside can offer interesting jobs in a variety of ways, even for trained experts. Making remote work possible and the importance of new innovations is also essential.<\/p>\n<p>- The advantage of our region is that there is room to think here.<\/p>","protected":false},"excerpt":{"rendered":"<p>For Tarja Pienim\u00e4ki, chairman of Liiver&#039;s board, the development of the countryside and her own region are matters of the heart. Pienim\u00e4ki works in his civilian profession as a private consultant at Develop Train Oy, and he has served as Liiver&#039;s chairman since 2018. A lot has already been accomplished in his chairmanship, which started three years ago. - Operations have been booming. The Leader activity has been impressive in the region and thanks to it we have been successful [...]<\/p>","protected":false},"author":1,"featured_media":573,"comment_status":"open","ping_status":"open","sticky":false,"template":"","format":"standard","meta":{"_acf_changed":false,"footnotes":""},"categories":[13,14,15,10,12],"tags":[],"class_list":["post-748","post","type-post","status-publish","format-standard","has-post-thumbnail","hentry","category-yritykset","category-yhteisot","category-kansainvalisyys","category-tarinat","category-nuoret"],"yoast_head":"<!-- This site is optimized with the Yoast SEO plugin v23.3 - https:\/\/yoast.com\/wordpress\/plugins\/seo\/ -->\n<title>Nuorten \u00e4\u00e4ni ja kansainv\u00e4lisyys ovat t\u00e4rkeit\u00e4 Tarja Pienim\u00e4elle - Liiveri<\/title>\n<meta name=\"robots\" content=\"index, follow, max-snippet:-1, max-image-preview:large, max-video-preview:-1\" \/>\n<link rel=\"canonical\" href=\"https:\/\/liiveri.net\/en\/uutiset\/nuorten-aani-ja-kansainvalisyys-ovat-tarkeita-tarja-pienimaelle-2\/\" \/>\n<meta property=\"og:locale\" content=\"en_GB\" \/>\n<meta property=\"og:type\" content=\"article\" \/>\n<meta property=\"og:title\" content=\"Nuorten \u00e4\u00e4ni ja kansainv\u00e4lisyys ovat t\u00e4rkeit\u00e4 Tarja Pienim\u00e4elle - Liiveri\" \/>\n<meta property=\"og:description\" content=\"Liiverin hallituksen puheenjohtaja Tarja Pienim\u00e4elle maaseudun ja oman alueen kehitt\u00e4minen ovat syd\u00e4men asioita. Pienim\u00e4ki ty\u00f6skentelee siviiliammatissaan yksityisen\u00e4 konsulttina Develop Train Oy:ssa ja h\u00e4n on toiminut Liiverin puheenjohtajana vuodesta 2018. Pian kolme vuotta sitten alkaneella puheenjohtajakaudella on saatu jo paljon aikaan. &#8211; Toiminta on ollut nousukiitoista. Leader-toiminta on ollut alueella vaikuttavaa ja sen ansiosta olemme menestyneet [&hellip;]\" \/>\n<meta property=\"og:url\" content=\"https:\/\/liiveri.net\/en\/uutiset\/nuorten-aani-ja-kansainvalisyys-ovat-tarkeita-tarja-pienimaelle-2\/\" \/>\n<meta property=\"og:site_name\" content=\"Liiveri\" \/>\n<meta property=\"article:publisher\" content=\"https:\/\/www.facebook.com\/LeaderLiiveri\" \/>\n<meta property=\"article:published_time\" content=\"2020-12-14T09:59:00+00:00\" \/>\n<meta property=\"article:modified_time\" content=\"2023-05-04T09:55:47+00:00\" \/>\n<meta property=\"og:image\" content=\"https:\/\/liiveri.net\/wp-content\/uploads\/2023\/02\/Tarja-Pienimaki.jpg\" \/>\n\t<meta property=\"og:image:width\" content=\"1017\" \/>\n\t<meta property=\"og:image:height\" content=\"761\" \/>\n\t<meta property=\"og:image:type\" content=\"image\/jpeg\" \/>\n<meta name=\"author\" content=\"Admin\" \/>\n<meta name=\"twitter:card\" content=\"summary_large_image\" \/>\n<meta name=\"twitter:creator\" content=\"@LeaderLiiveri\" \/>\n<meta name=\"twitter:site\" content=\"@LeaderLiiveri\" \/>\n<meta name=\"twitter:label1\" content=\"Written by\" \/>\n\t<meta name=\"twitter:data1\" content=\"Admin\" \/>\n\t<meta name=\"twitter:label2\" content=\"Estimated reading time\" \/>\n\t<meta name=\"twitter:data2\" content=\"2 minutes\" \/>\n<script type=\"application\/ld+json\" class=\"yoast-schema-graph\">{\"@context\":\"https:\/\/schema.org\",\"@graph\":[{\"@type\":\"Article\",\"@id\":\"https:\/\/liiveri.net\/uutiset\/nuorten-aani-ja-kansainvalisyys-ovat-tarkeita-tarja-pienimaelle-2\/#article\",\"isPartOf\":{\"@id\":\"https:\/\/liiveri.net\/uutiset\/nuorten-aani-ja-kansainvalisyys-ovat-tarkeita-tarja-pienimaelle-2\/\"},\"author\":{\"name\":\"Admin\",\"@id\":\"https:\/\/liiveri.net\/#\/schema\/person\/4d2151d167ce291fb59ae4929e4f150a\"},\"headline\":\"Nuorten \u00e4\u00e4ni ja kansainv\u00e4lisyys ovat t\u00e4rkeit\u00e4 Tarja Pienim\u00e4elle\",\"datePublished\":\"2020-12-14T09:59:00+00:00\",\"dateModified\":\"2023-05-04T09:55:47+00:00\",\"mainEntityOfPage\":{\"@id\":\"https:\/\/liiveri.net\/uutiset\/nuorten-aani-ja-kansainvalisyys-ovat-tarkeita-tarja-pienimaelle-2\/\"},\"wordCount\":321,\"commentCount\":0,\"publisher\":{\"@id\":\"https:\/\/liiveri.net\/#organization\"},\"image\":{\"@id\":\"https:\/\/liiveri.net\/uutiset\/nuorten-aani-ja-kansainvalisyys-ovat-tarkeita-tarja-pienimaelle-2\/#primaryimage\"},\"thumbnailUrl\":\"https:\/\/liiveri.net\/wp-content\/uploads\/2023\/02\/Tarja-Pienimaki.jpg\",\"articleSection\":[\"Yritykset\",\"Yhteis\u00f6t\",\"Kansainv\u00e4lisyys\",\"Tarinat\",\"Nuoret\"],\"inLanguage\":\"en-GB\",\"potentialAction\":[{\"@type\":\"CommentAction\",\"name\":\"Comment\",\"target\":[\"https:\/\/liiveri.net\/uutiset\/nuorten-aani-ja-kansainvalisyys-ovat-tarkeita-tarja-pienimaelle-2\/#respond\"]}]},{\"@type\":\"WebPage\",\"@id\":\"https:\/\/liiveri.net\/uutiset\/nuorten-aani-ja-kansainvalisyys-ovat-tarkeita-tarja-pienimaelle-2\/\",\"url\":\"https:\/\/liiveri.net\/uutiset\/nuorten-aani-ja-kansainvalisyys-ovat-tarkeita-tarja-pienimaelle-2\/\",\"name\":\"Nuorten \u00e4\u00e4ni ja kansainv\u00e4lisyys ovat t\u00e4rkeit\u00e4 Tarja Pienim\u00e4elle - Liiveri\",\"isPartOf\":{\"@id\":\"https:\/\/liiveri.net\/#website\"},\"primaryImageOfPage\":{\"@id\":\"https:\/\/liiveri.net\/uutiset\/nuorten-aani-ja-kansainvalisyys-ovat-tarkeita-tarja-pienimaelle-2\/#primaryimage\"},\"image\":{\"@id\":\"https:\/\/liiveri.net\/uutiset\/nuorten-aani-ja-kansainvalisyys-ovat-tarkeita-tarja-pienimaelle-2\/#primaryimage\"},\"thumbnailUrl\":\"https:\/\/liiveri.net\/wp-content\/uploads\/2023\/02\/Tarja-Pienimaki.jpg\",\"datePublished\":\"2020-12-14T09:59:00+00:00\",\"dateModified\":\"2023-05-04T09:55:47+00:00\",\"breadcrumb\":{\"@id\":\"https:\/\/liiveri.net\/uutiset\/nuorten-aani-ja-kansainvalisyys-ovat-tarkeita-tarja-pienimaelle-2\/#breadcrumb\"},\"inLanguage\":\"en-GB\",\"potentialAction\":[{\"@type\":\"ReadAction\",\"target\":[\"https:\/\/liiveri.net\/uutiset\/nuorten-aani-ja-kansainvalisyys-ovat-tarkeita-tarja-pienimaelle-2\/\"]}]},{\"@type\":\"ImageObject\",\"inLanguage\":\"en-GB\",\"@id\":\"https:\/\/liiveri.net\/uutiset\/nuorten-aani-ja-kansainvalisyys-ovat-tarkeita-tarja-pienimaelle-2\/#primaryimage\",\"url\":\"https:\/\/liiveri.net\/wp-content\/uploads\/2023\/02\/Tarja-Pienimaki.jpg\",\"contentUrl\":\"https:\/\/liiveri.net\/wp-content\/uploads\/2023\/02\/Tarja-Pienimaki.jpg\",\"width\":1017,\"height\":761,\"caption\":\"Tarja Pienim\u00e4ki.\"},{\"@type\":\"BreadcrumbList\",\"@id\":\"https:\/\/liiveri.net\/uutiset\/nuorten-aani-ja-kansainvalisyys-ovat-tarkeita-tarja-pienimaelle-2\/#breadcrumb\",\"itemListElement\":[{\"@type\":\"ListItem\",\"position\":1,\"name\":\"Etusivu\",\"item\":\"https:\/\/liiveri.net\/\"},{\"@type\":\"ListItem\",\"position\":2,\"name\":\"Nuorten \u00e4\u00e4ni ja kansainv\u00e4lisyys ovat t\u00e4rkeit\u00e4 Tarja Pienim\u00e4elle\"}]},{\"@type\":\"WebSite\",\"@id\":\"https:\/\/liiveri.net\/#website\",\"url\":\"https:\/\/liiveri.net\/\",\"name\":\"Liiveri - Kehitt\u00e4misyhdistys\",\"description\":\"REILU RAHOITTAJA PALVELUKSESSASI\",\"publisher\":{\"@id\":\"https:\/\/liiveri.net\/#organization\"},\"potentialAction\":[{\"@type\":\"SearchAction\",\"target\":{\"@type\":\"EntryPoint\",\"urlTemplate\":\"https:\/\/liiveri.net\/?s={search_term_string}\"},\"query-input\":\"required name=search_term_string\"}],\"inLanguage\":\"en-GB\"},{\"@type\":\"Organization\",\"@id\":\"https:\/\/liiveri.net\/#organization\",\"name\":\"Kehitt\u00e4misyhdistys Liiveri ry\",\"url\":\"https:\/\/liiveri.net\/\",\"logo\":{\"@type\":\"ImageObject\",\"inLanguage\":\"en-GB\",\"@id\":\"https:\/\/liiveri.net\/#\/schema\/logo\/image\/\",\"url\":\"https:\/\/liiveri.net\/wp-content\/uploads\/2023\/02\/placeholder.png\",\"contentUrl\":\"https:\/\/liiveri.net\/wp-content\/uploads\/2023\/02\/placeholder.png\",\"width\":1920,\"height\":1080,\"caption\":\"Kehitt\u00e4misyhdistys Liiveri ry\"},\"image\":{\"@id\":\"https:\/\/liiveri.net\/#\/schema\/logo\/image\/\"},\"sameAs\":[\"https:\/\/www.facebook.com\/LeaderLiiveri\",\"https:\/\/x.com\/LeaderLiiveri\",\"https:\/\/www.instagram.com\/leaderliiveri\/\"]},{\"@type\":\"Person\",\"@id\":\"https:\/\/liiveri.net\/#\/schema\/person\/4d2151d167ce291fb59ae4929e4f150a\",\"name\":\"Admin\",\"image\":{\"@type\":\"ImageObject\",\"inLanguage\":\"en-GB\",\"@id\":\"https:\/\/liiveri.net\/#\/schema\/person\/image\/\",\"url\":\"https:\/\/liiveri.net\/wp-content\/litespeed\/avatar\/1\/a408f0f48bbe882d38689644bc375f8c.jpg?ver=1777459663\",\"contentUrl\":\"https:\/\/liiveri.net\/wp-content\/litespeed\/avatar\/1\/a408f0f48bbe882d38689644bc375f8c.jpg?ver=1777459663\",\"caption\":\"Admin\"},\"sameAs\":[\"https:\/\/liiveri.net\"],\"url\":\"https:\/\/liiveri.net\/en\/uutiset\/author\/admin\/\"}]}<\/script>\n<!-- \/ Yoast SEO plugin. -->","yoast_head_json":{"title":"Nuorten \u00e4\u00e4ni ja kansainv\u00e4lisyys ovat t\u00e4rkeit\u00e4 Tarja Pienim\u00e4elle - Liiveri","robots":{"index":"index","follow":"follow","max-snippet":"max-snippet:-1","max-image-preview":"max-image-preview:large","max-video-preview":"max-video-preview:-1"},"canonical":"https:\/\/liiveri.net\/en\/uutiset\/nuorten-aani-ja-kansainvalisyys-ovat-tarkeita-tarja-pienimaelle-2\/","og_locale":"en_GB","og_type":"article","og_title":"Nuorten \u00e4\u00e4ni ja kansainv\u00e4lisyys ovat t\u00e4rkeit\u00e4 Tarja Pienim\u00e4elle - Liiveri","og_description":"Liiverin hallituksen puheenjohtaja Tarja Pienim\u00e4elle maaseudun ja oman alueen kehitt\u00e4minen ovat syd\u00e4men asioita. Pienim\u00e4ki ty\u00f6skentelee siviiliammatissaan yksityisen\u00e4 konsulttina Develop Train Oy:ssa ja h\u00e4n on toiminut Liiverin puheenjohtajana vuodesta 2018. Pian kolme vuotta sitten alkaneella puheenjohtajakaudella on saatu jo paljon aikaan. &#8211; Toiminta on ollut nousukiitoista. Leader-toiminta on ollut alueella vaikuttavaa ja sen ansiosta olemme menestyneet [&hellip;]","og_url":"https:\/\/liiveri.net\/en\/uutiset\/nuorten-aani-ja-kansainvalisyys-ovat-tarkeita-tarja-pienimaelle-2\/","og_site_name":"Liiveri","article_publisher":"https:\/\/www.facebook.com\/LeaderLiiveri","article_published_time":"2020-12-14T09:59:00+00:00","article_modified_time":"2023-05-04T09:55:47+00:00","og_image":[{"width":1017,"height":761,"url":"https:\/\/liiveri.net\/wp-content\/uploads\/2023\/02\/Tarja-Pienimaki.jpg","type":"image\/jpeg"}],"author":"Admin","twitter_card":"summary_large_image","twitter_creator":"@LeaderLiiveri","twitter_site":"@LeaderLiiveri","twitter_misc":{"Written by":"Admin","Estimated reading time":"2 minutes"},"schema":{"@context":"https:\/\/schema.org","@graph":[{"@type":"Article","@id":"https:\/\/liiveri.net\/uutiset\/nuorten-aani-ja-kansainvalisyys-ovat-tarkeita-tarja-pienimaelle-2\/#article","isPartOf":{"@id":"https:\/\/liiveri.net\/uutiset\/nuorten-aani-ja-kansainvalisyys-ovat-tarkeita-tarja-pienimaelle-2\/"},"author":{"name":"Admin","@id":"https:\/\/liiveri.net\/#\/schema\/person\/4d2151d167ce291fb59ae4929e4f150a"},"headline":"Nuorten \u00e4\u00e4ni ja kansainv\u00e4lisyys ovat t\u00e4rkeit\u00e4 Tarja Pienim\u00e4elle","datePublished":"2020-12-14T09:59:00+00:00","dateModified":"2023-05-04T09:55:47+00:00","mainEntityOfPage":{"@id":"https:\/\/liiveri.net\/uutiset\/nuorten-aani-ja-kansainvalisyys-ovat-tarkeita-tarja-pienimaelle-2\/"},"wordCount":321,"commentCount":0,"publisher":{"@id":"https:\/\/liiveri.net\/#organization"},"image":{"@id":"https:\/\/liiveri.net\/uutiset\/nuorten-aani-ja-kansainvalisyys-ovat-tarkeita-tarja-pienimaelle-2\/#primaryimage"},"thumbnailUrl":"https:\/\/liiveri.net\/wp-content\/uploads\/2023\/02\/Tarja-Pienimaki.jpg","articleSection":["Yritykset","Yhteis\u00f6t","Kansainv\u00e4lisyys","Tarinat","Nuoret"],"inLanguage":"en-GB","potentialAction":[{"@type":"CommentAction","name":"Comment","target":["https:\/\/liiveri.net\/uutiset\/nuorten-aani-ja-kansainvalisyys-ovat-tarkeita-tarja-pienimaelle-2\/#respond"]}]},{"@type":"WebPage","@id":"https:\/\/liiveri.net\/uutiset\/nuorten-aani-ja-kansainvalisyys-ovat-tarkeita-tarja-pienimaelle-2\/","url":"https:\/\/liiveri.net\/uutiset\/nuorten-aani-ja-kansainvalisyys-ovat-tarkeita-tarja-pienimaelle-2\/","name":"Nuorten \u00e4\u00e4ni ja kansainv\u00e4lisyys ovat t\u00e4rkeit\u00e4 Tarja Pienim\u00e4elle - Liiveri","isPartOf":{"@id":"https:\/\/liiveri.net\/#website"},"primaryImageOfPage":{"@id":"https:\/\/liiveri.net\/uutiset\/nuorten-aani-ja-kansainvalisyys-ovat-tarkeita-tarja-pienimaelle-2\/#primaryimage"},"image":{"@id":"https:\/\/liiveri.net\/uutiset\/nuorten-aani-ja-kansainvalisyys-ovat-tarkeita-tarja-pienimaelle-2\/#primaryimage"},"thumbnailUrl":"https:\/\/liiveri.net\/wp-content\/uploads\/2023\/02\/Tarja-Pienimaki.jpg","datePublished":"2020-12-14T09:59:00+00:00","dateModified":"2023-05-04T09:55:47+00:00","breadcrumb":{"@id":"https:\/\/liiveri.net\/uutiset\/nuorten-aani-ja-kansainvalisyys-ovat-tarkeita-tarja-pienimaelle-2\/#breadcrumb"},"inLanguage":"en-GB","potentialAction":[{"@type":"ReadAction","target":["https:\/\/liiveri.net\/uutiset\/nuorten-aani-ja-kansainvalisyys-ovat-tarkeita-tarja-pienimaelle-2\/"]}]},{"@type":"ImageObject","inLanguage":"en-GB","@id":"https:\/\/liiveri.net\/uutiset\/nuorten-aani-ja-kansainvalisyys-ovat-tarkeita-tarja-pienimaelle-2\/#primaryimage","url":"https:\/\/liiveri.net\/wp-content\/uploads\/2023\/02\/Tarja-Pienimaki.jpg","contentUrl":"https:\/\/liiveri.net\/wp-content\/uploads\/2023\/02\/Tarja-Pienimaki.jpg","width":1017,"height":761,"caption":"Tarja Pienim\u00e4ki."},{"@type":"BreadcrumbList","@id":"https:\/\/liiveri.net\/uutiset\/nuorten-aani-ja-kansainvalisyys-ovat-tarkeita-tarja-pienimaelle-2\/#breadcrumb","itemListElement":[{"@type":"ListItem","position":1,"name":"Etusivu","item":"https:\/\/liiveri.net\/"},{"@type":"ListItem","position":2,"name":"Nuorten \u00e4\u00e4ni ja kansainv\u00e4lisyys ovat t\u00e4rkeit\u00e4 Tarja Pienim\u00e4elle"}]},{"@type":"WebSite","@id":"https:\/\/liiveri.net\/#website","url":"https:\/\/liiveri.net\/","name":"Liiveri - Kehitt\u00e4misyhdistys","description":"REILU RAHOITTAJA PALVELUKSESSASI","publisher":{"@id":"https:\/\/liiveri.net\/#organization"},"potentialAction":[{"@type":"SearchAction","target":{"@type":"EntryPoint","urlTemplate":"https:\/\/liiveri.net\/?s={search_term_string}"},"query-input":"required name=search_term_string"}],"inLanguage":"en-GB"},{"@type":"Organization","@id":"https:\/\/liiveri.net\/#organization","name":"Kehitt\u00e4misyhdistys Liiveri ry","url":"https:\/\/liiveri.net\/","logo":{"@type":"ImageObject","inLanguage":"en-GB","@id":"https:\/\/liiveri.net\/#\/schema\/logo\/image\/","url":"https:\/\/liiveri.net\/wp-content\/uploads\/2023\/02\/placeholder.png","contentUrl":"https:\/\/liiveri.net\/wp-content\/uploads\/2023\/02\/placeholder.png","width":1920,"height":1080,"caption":"Kehitt\u00e4misyhdistys Liiveri ry"},"image":{"@id":"https:\/\/liiveri.net\/#\/schema\/logo\/image\/"},"sameAs":["https:\/\/www.facebook.com\/LeaderLiiveri","https:\/\/x.com\/LeaderLiiveri","https:\/\/www.instagram.com\/leaderliiveri\/"]},{"@type":"Person","@id":"https:\/\/liiveri.net\/#\/schema\/person\/4d2151d167ce291fb59ae4929e4f150a","name":"Admin","image":{"@type":"ImageObject","inLanguage":"en-GB","@id":"https:\/\/liiveri.net\/#\/schema\/person\/image\/","url":"https:\/\/liiveri.net\/wp-content\/litespeed\/avatar\/1\/a408f0f48bbe882d38689644bc375f8c.jpg?ver=1777459663","contentUrl":"https:\/\/liiveri.net\/wp-content\/litespeed\/avatar\/1\/a408f0f48bbe882d38689644bc375f8c.jpg?ver=1777459663","caption":"Admin"},"sameAs":["https:\/\/liiveri.net"],"url":"https:\/\/liiveri.net\/en\/uutiset\/author\/admin\/"}]}},"acf":[],"_links":{"self":[{"href":"https:\/\/liiveri.net\/en\/wp-json\/wp\/v2\/posts\/748","targetHints":{"allow":["GET"]}}],"collection":[{"href":"https:\/\/liiveri.net\/en\/wp-json\/wp\/v2\/posts"}],"about":[{"href":"https:\/\/liiveri.net\/en\/wp-json\/wp\/v2\/types\/post"}],"author":[{"embeddable":true,"href":"https:\/\/liiveri.net\/en\/wp-json\/wp\/v2\/users\/1"}],"replies":[{"embeddable":true,"href":"https:\/\/liiveri.net\/en\/wp-json\/wp\/v2\/comments?post=748"}],"version-history":[{"count":0,"href":"https:\/\/liiveri.net\/en\/wp-json\/wp\/v2\/posts\/748\/revisions"}],"wp:featuredmedia":[{"embeddable":true,"href":"https:\/\/liiveri.net\/en\/wp-json\/wp\/v2\/media\/573"}],"wp:attachment":[{"href":"https:\/\/liiveri.net\/en\/wp-json\/wp\/v2\/media?parent=748"}],"wp:term":[{"taxonomy":"category","embeddable":true,"href":"https:\/\/liiveri.net\/en\/wp-json\/wp\/v2\/categories?post=748"},{"taxonomy":"post_tag","embeddable":true,"href":"https:\/\/liiveri.net\/en\/wp-json\/wp\/v2\/tags?post=748"}],"curies":[{"name":"wp","href":"https:\/\/api.w.org\/{rel}","templated":true}]}}