{"id":754,"date":"2021-06-04T10:03:00","date_gmt":"2021-06-04T07:03:00","guid":{"rendered":"https:\/\/liiveri.net\/emilia-aho-on-liiverin-kesatiedottaja-2\/"},"modified":"2023-05-04T12:54:07","modified_gmt":"2023-05-04T09:54:07","slug":"emilia-aho-on-liiverin-kesatiedottaja-2","status":"publish","type":"post","link":"https:\/\/liiveri.net\/en\/uutiset\/emilia-aho-on-liiverin-kesatiedottaja-2\/","title":{"rendered":"Emilia Aho is Liiver&#039;s summer spokesperson"},"content":{"rendered":"<p><img fetchpriority=\"high\" decoding=\"async\" src=\"https:\/\/liiveri.net\/wp-content\/uploads\/2023\/02\/Emilia-muokattu.jpg\" alt=\"Emilia Aho\" width=\"1626\" height=\"1080\" \/><\/p>\n<p>This year, summer arrived in one fell swoop, and just as quickly came the day when it was time to step into a new summer job for the first time.<\/p>\n<p>My name is Emilia Aho and I started my summer job at Liiver in mid-May. I have studied the media field for four years, and that is why I am very excited that my job duties are broadly related to media and information. Already during the first weeks, I have been able to photograph, edit, interview people and visit completely new places in the Sein\u00e4joki region. So the days have been very different and that&#039;s just a good thing for me.<\/p>\n<p>I originally came from Jalasj\u00e4rvi, but four years ago I moved to Kauhajoki, where I studied to become a media service provider. Last fall, I packed my things to head to Turku, where I am currently studying journalism at the Art Academy of Turku University of Applied Sciences. So I can say from the bottom of my heart that media feels like the right field for me.<\/p>\n<p>I excitedly returned to South Pohanmaa for the summer, and to be honest, the thought of staying in the city didn&#039;t even cross my mind. As a person who loves nature, I find the countryside to be an important and inspiring environment for me. In South Ostrobothnia, I am also fascinated by a certain sense of lack of urgency and the sense of community that prevails here.<\/p>\n<p>Over the past summers, I have worked in cafes, a grocery store, and a greenhouse. Although all of the above have been very educational and also fulfilling jobs, I am happy that I get to work in Liiveri this summer. I&#039;m already looking forward to what the summer that just started will bring.<\/p>","protected":false},"excerpt":{"rendered":"<p>This year, summer arrived in one fell swoop, and just as quickly came the day when it was time to step into a new summer job for the first time. My name is Emilia Aho and I started my summer job at Liiver in mid-May. I have studied the media field for four years, and that is why I am very excited that my job duties are broadly related to media and information. Already during the first weeks, I have been able to, among other things, light [...]<\/p>","protected":false},"author":1,"featured_media":579,"comment_status":"open","ping_status":"open","sticky":false,"template":"","format":"standard","meta":{"_acf_changed":false,"footnotes":""},"categories":[12,29,30],"tags":[],"class_list":["post-754","post","type-post","status-publish","format-standard","has-post-thumbnail","hentry","category-nuoret","category-liiveri","category-uutiset"],"yoast_head":"<!-- This site is optimized with the Yoast SEO plugin v23.3 - https:\/\/yoast.com\/wordpress\/plugins\/seo\/ -->\n<title>Emilia Aho on Liiverin kes\u00e4tiedottaja - Liiveri<\/title>\n<meta name=\"robots\" content=\"index, follow, max-snippet:-1, max-image-preview:large, max-video-preview:-1\" \/>\n<link rel=\"canonical\" href=\"https:\/\/liiveri.net\/en\/uutiset\/emilia-aho-on-liiverin-kesatiedottaja-2\/\" \/>\n<meta property=\"og:locale\" content=\"en_GB\" \/>\n<meta property=\"og:type\" content=\"article\" \/>\n<meta property=\"og:title\" content=\"Emilia Aho on Liiverin kes\u00e4tiedottaja - Liiveri\" \/>\n<meta property=\"og:description\" content=\"T\u00e4n\u00e4 vuonna kes\u00e4 saapui yhdess\u00e4 hujauksessa ja yht\u00e4 nopeasti koitti my\u00f6s p\u00e4iv\u00e4, jolloin oli aika astella ensimm\u00e4ist\u00e4 kertaa uudelle kes\u00e4ty\u00f6paikalle. Olen Emilia Aho ja aloitin kes\u00e4ty\u00f6ni Liiveriss\u00e4 toukokuun puoliv\u00e4liss\u00e4. Olen opiskellut nelj\u00e4 vuotta media-alaa ja siksi olenkin eritt\u00e4in innoissani, ett\u00e4 ty\u00f6teht\u00e4v\u00e4ni liittyv\u00e4t laajasti mediaan sek\u00e4 tiedottamiseen. Jo ensimm\u00e4isten viikkojen aikana olen p\u00e4\u00e4ssyt muu muassa valo- [&hellip;]\" \/>\n<meta property=\"og:url\" content=\"https:\/\/liiveri.net\/en\/uutiset\/emilia-aho-on-liiverin-kesatiedottaja-2\/\" \/>\n<meta property=\"og:site_name\" content=\"Liiveri\" \/>\n<meta property=\"article:publisher\" content=\"https:\/\/www.facebook.com\/LeaderLiiveri\" \/>\n<meta property=\"article:published_time\" content=\"2021-06-04T07:03:00+00:00\" \/>\n<meta property=\"article:modified_time\" content=\"2023-05-04T09:54:07+00:00\" \/>\n<meta property=\"og:image\" content=\"https:\/\/liiveri.net\/wp-content\/uploads\/2023\/02\/Emilia-muokattu.jpg\" \/>\n\t<meta property=\"og:image:width\" content=\"1626\" \/>\n\t<meta property=\"og:image:height\" content=\"1080\" \/>\n\t<meta property=\"og:image:type\" content=\"image\/jpeg\" \/>\n<meta name=\"author\" content=\"Admin\" \/>\n<meta name=\"twitter:card\" content=\"summary_large_image\" \/>\n<meta name=\"twitter:creator\" content=\"@LeaderLiiveri\" \/>\n<meta name=\"twitter:site\" content=\"@LeaderLiiveri\" \/>\n<meta name=\"twitter:label1\" content=\"Written by\" \/>\n\t<meta name=\"twitter:data1\" content=\"Admin\" \/>\n\t<meta name=\"twitter:label2\" content=\"Estimated reading time\" \/>\n\t<meta name=\"twitter:data2\" content=\"2 minutes\" \/>\n<script type=\"application\/ld+json\" class=\"yoast-schema-graph\">{\"@context\":\"https:\/\/schema.org\",\"@graph\":[{\"@type\":\"Article\",\"@id\":\"https:\/\/liiveri.net\/uutiset\/emilia-aho-on-liiverin-kesatiedottaja-2\/#article\",\"isPartOf\":{\"@id\":\"https:\/\/liiveri.net\/uutiset\/emilia-aho-on-liiverin-kesatiedottaja-2\/\"},\"author\":{\"name\":\"Admin\",\"@id\":\"https:\/\/liiveri.net\/#\/schema\/person\/4d2151d167ce291fb59ae4929e4f150a\"},\"headline\":\"Emilia Aho on Liiverin kes\u00e4tiedottaja\",\"datePublished\":\"2021-06-04T07:03:00+00:00\",\"dateModified\":\"2023-05-04T09:54:07+00:00\",\"mainEntityOfPage\":{\"@id\":\"https:\/\/liiveri.net\/uutiset\/emilia-aho-on-liiverin-kesatiedottaja-2\/\"},\"wordCount\":259,\"commentCount\":0,\"publisher\":{\"@id\":\"https:\/\/liiveri.net\/#organization\"},\"image\":{\"@id\":\"https:\/\/liiveri.net\/uutiset\/emilia-aho-on-liiverin-kesatiedottaja-2\/#primaryimage\"},\"thumbnailUrl\":\"https:\/\/liiveri.net\/wp-content\/uploads\/2023\/02\/Emilia-muokattu.jpg\",\"articleSection\":[\"Nuoret\",\"Liiveri\",\"Uutiset\"],\"inLanguage\":\"en-GB\",\"potentialAction\":[{\"@type\":\"CommentAction\",\"name\":\"Comment\",\"target\":[\"https:\/\/liiveri.net\/uutiset\/emilia-aho-on-liiverin-kesatiedottaja-2\/#respond\"]}]},{\"@type\":\"WebPage\",\"@id\":\"https:\/\/liiveri.net\/uutiset\/emilia-aho-on-liiverin-kesatiedottaja-2\/\",\"url\":\"https:\/\/liiveri.net\/uutiset\/emilia-aho-on-liiverin-kesatiedottaja-2\/\",\"name\":\"Emilia Aho on Liiverin kes\u00e4tiedottaja - Liiveri\",\"isPartOf\":{\"@id\":\"https:\/\/liiveri.net\/#website\"},\"primaryImageOfPage\":{\"@id\":\"https:\/\/liiveri.net\/uutiset\/emilia-aho-on-liiverin-kesatiedottaja-2\/#primaryimage\"},\"image\":{\"@id\":\"https:\/\/liiveri.net\/uutiset\/emilia-aho-on-liiverin-kesatiedottaja-2\/#primaryimage\"},\"thumbnailUrl\":\"https:\/\/liiveri.net\/wp-content\/uploads\/2023\/02\/Emilia-muokattu.jpg\",\"datePublished\":\"2021-06-04T07:03:00+00:00\",\"dateModified\":\"2023-05-04T09:54:07+00:00\",\"breadcrumb\":{\"@id\":\"https:\/\/liiveri.net\/uutiset\/emilia-aho-on-liiverin-kesatiedottaja-2\/#breadcrumb\"},\"inLanguage\":\"en-GB\",\"potentialAction\":[{\"@type\":\"ReadAction\",\"target\":[\"https:\/\/liiveri.net\/uutiset\/emilia-aho-on-liiverin-kesatiedottaja-2\/\"]}]},{\"@type\":\"ImageObject\",\"inLanguage\":\"en-GB\",\"@id\":\"https:\/\/liiveri.net\/uutiset\/emilia-aho-on-liiverin-kesatiedottaja-2\/#primaryimage\",\"url\":\"https:\/\/liiveri.net\/wp-content\/uploads\/2023\/02\/Emilia-muokattu.jpg\",\"contentUrl\":\"https:\/\/liiveri.net\/wp-content\/uploads\/2023\/02\/Emilia-muokattu.jpg\",\"width\":1626,\"height\":1080,\"caption\":\"Emilia Aho.\"},{\"@type\":\"BreadcrumbList\",\"@id\":\"https:\/\/liiveri.net\/uutiset\/emilia-aho-on-liiverin-kesatiedottaja-2\/#breadcrumb\",\"itemListElement\":[{\"@type\":\"ListItem\",\"position\":1,\"name\":\"Etusivu\",\"item\":\"https:\/\/liiveri.net\/\"},{\"@type\":\"ListItem\",\"position\":2,\"name\":\"Emilia Aho on Liiverin kes\u00e4tiedottaja\"}]},{\"@type\":\"WebSite\",\"@id\":\"https:\/\/liiveri.net\/#website\",\"url\":\"https:\/\/liiveri.net\/\",\"name\":\"Liiveri - Kehitt\u00e4misyhdistys\",\"description\":\"REILU RAHOITTAJA PALVELUKSESSASI\",\"publisher\":{\"@id\":\"https:\/\/liiveri.net\/#organization\"},\"potentialAction\":[{\"@type\":\"SearchAction\",\"target\":{\"@type\":\"EntryPoint\",\"urlTemplate\":\"https:\/\/liiveri.net\/?s={search_term_string}\"},\"query-input\":\"required name=search_term_string\"}],\"inLanguage\":\"en-GB\"},{\"@type\":\"Organization\",\"@id\":\"https:\/\/liiveri.net\/#organization\",\"name\":\"Kehitt\u00e4misyhdistys Liiveri ry\",\"url\":\"https:\/\/liiveri.net\/\",\"logo\":{\"@type\":\"ImageObject\",\"inLanguage\":\"en-GB\",\"@id\":\"https:\/\/liiveri.net\/#\/schema\/logo\/image\/\",\"url\":\"https:\/\/liiveri.net\/wp-content\/uploads\/2023\/02\/placeholder.png\",\"contentUrl\":\"https:\/\/liiveri.net\/wp-content\/uploads\/2023\/02\/placeholder.png\",\"width\":1920,\"height\":1080,\"caption\":\"Kehitt\u00e4misyhdistys Liiveri ry\"},\"image\":{\"@id\":\"https:\/\/liiveri.net\/#\/schema\/logo\/image\/\"},\"sameAs\":[\"https:\/\/www.facebook.com\/LeaderLiiveri\",\"https:\/\/x.com\/LeaderLiiveri\",\"https:\/\/www.instagram.com\/leaderliiveri\/\"]},{\"@type\":\"Person\",\"@id\":\"https:\/\/liiveri.net\/#\/schema\/person\/4d2151d167ce291fb59ae4929e4f150a\",\"name\":\"Admin\",\"image\":{\"@type\":\"ImageObject\",\"inLanguage\":\"en-GB\",\"@id\":\"https:\/\/liiveri.net\/#\/schema\/person\/image\/\",\"url\":\"https:\/\/liiveri.net\/wp-content\/litespeed\/avatar\/1\/a408f0f48bbe882d38689644bc375f8c.jpg?ver=1777459663\",\"contentUrl\":\"https:\/\/liiveri.net\/wp-content\/litespeed\/avatar\/1\/a408f0f48bbe882d38689644bc375f8c.jpg?ver=1777459663\",\"caption\":\"Admin\"},\"sameAs\":[\"https:\/\/liiveri.net\"],\"url\":\"https:\/\/liiveri.net\/en\/uutiset\/author\/admin\/\"}]}<\/script>\n<!-- \/ Yoast SEO plugin. -->","yoast_head_json":{"title":"Emilia Aho on Liiverin kes\u00e4tiedottaja - Liiveri","robots":{"index":"index","follow":"follow","max-snippet":"max-snippet:-1","max-image-preview":"max-image-preview:large","max-video-preview":"max-video-preview:-1"},"canonical":"https:\/\/liiveri.net\/en\/uutiset\/emilia-aho-on-liiverin-kesatiedottaja-2\/","og_locale":"en_GB","og_type":"article","og_title":"Emilia Aho on Liiverin kes\u00e4tiedottaja - Liiveri","og_description":"T\u00e4n\u00e4 vuonna kes\u00e4 saapui yhdess\u00e4 hujauksessa ja yht\u00e4 nopeasti koitti my\u00f6s p\u00e4iv\u00e4, jolloin oli aika astella ensimm\u00e4ist\u00e4 kertaa uudelle kes\u00e4ty\u00f6paikalle. Olen Emilia Aho ja aloitin kes\u00e4ty\u00f6ni Liiveriss\u00e4 toukokuun puoliv\u00e4liss\u00e4. Olen opiskellut nelj\u00e4 vuotta media-alaa ja siksi olenkin eritt\u00e4in innoissani, ett\u00e4 ty\u00f6teht\u00e4v\u00e4ni liittyv\u00e4t laajasti mediaan sek\u00e4 tiedottamiseen. Jo ensimm\u00e4isten viikkojen aikana olen p\u00e4\u00e4ssyt muu muassa valo- [&hellip;]","og_url":"https:\/\/liiveri.net\/en\/uutiset\/emilia-aho-on-liiverin-kesatiedottaja-2\/","og_site_name":"Liiveri","article_publisher":"https:\/\/www.facebook.com\/LeaderLiiveri","article_published_time":"2021-06-04T07:03:00+00:00","article_modified_time":"2023-05-04T09:54:07+00:00","og_image":[{"width":1626,"height":1080,"url":"https:\/\/liiveri.net\/wp-content\/uploads\/2023\/02\/Emilia-muokattu.jpg","type":"image\/jpeg"}],"author":"Admin","twitter_card":"summary_large_image","twitter_creator":"@LeaderLiiveri","twitter_site":"@LeaderLiiveri","twitter_misc":{"Written by":"Admin","Estimated reading time":"2 minutes"},"schema":{"@context":"https:\/\/schema.org","@graph":[{"@type":"Article","@id":"https:\/\/liiveri.net\/uutiset\/emilia-aho-on-liiverin-kesatiedottaja-2\/#article","isPartOf":{"@id":"https:\/\/liiveri.net\/uutiset\/emilia-aho-on-liiverin-kesatiedottaja-2\/"},"author":{"name":"Admin","@id":"https:\/\/liiveri.net\/#\/schema\/person\/4d2151d167ce291fb59ae4929e4f150a"},"headline":"Emilia Aho on Liiverin kes\u00e4tiedottaja","datePublished":"2021-06-04T07:03:00+00:00","dateModified":"2023-05-04T09:54:07+00:00","mainEntityOfPage":{"@id":"https:\/\/liiveri.net\/uutiset\/emilia-aho-on-liiverin-kesatiedottaja-2\/"},"wordCount":259,"commentCount":0,"publisher":{"@id":"https:\/\/liiveri.net\/#organization"},"image":{"@id":"https:\/\/liiveri.net\/uutiset\/emilia-aho-on-liiverin-kesatiedottaja-2\/#primaryimage"},"thumbnailUrl":"https:\/\/liiveri.net\/wp-content\/uploads\/2023\/02\/Emilia-muokattu.jpg","articleSection":["Nuoret","Liiveri","Uutiset"],"inLanguage":"en-GB","potentialAction":[{"@type":"CommentAction","name":"Comment","target":["https:\/\/liiveri.net\/uutiset\/emilia-aho-on-liiverin-kesatiedottaja-2\/#respond"]}]},{"@type":"WebPage","@id":"https:\/\/liiveri.net\/uutiset\/emilia-aho-on-liiverin-kesatiedottaja-2\/","url":"https:\/\/liiveri.net\/uutiset\/emilia-aho-on-liiverin-kesatiedottaja-2\/","name":"Emilia Aho on Liiverin kes\u00e4tiedottaja - Liiveri","isPartOf":{"@id":"https:\/\/liiveri.net\/#website"},"primaryImageOfPage":{"@id":"https:\/\/liiveri.net\/uutiset\/emilia-aho-on-liiverin-kesatiedottaja-2\/#primaryimage"},"image":{"@id":"https:\/\/liiveri.net\/uutiset\/emilia-aho-on-liiverin-kesatiedottaja-2\/#primaryimage"},"thumbnailUrl":"https:\/\/liiveri.net\/wp-content\/uploads\/2023\/02\/Emilia-muokattu.jpg","datePublished":"2021-06-04T07:03:00+00:00","dateModified":"2023-05-04T09:54:07+00:00","breadcrumb":{"@id":"https:\/\/liiveri.net\/uutiset\/emilia-aho-on-liiverin-kesatiedottaja-2\/#breadcrumb"},"inLanguage":"en-GB","potentialAction":[{"@type":"ReadAction","target":["https:\/\/liiveri.net\/uutiset\/emilia-aho-on-liiverin-kesatiedottaja-2\/"]}]},{"@type":"ImageObject","inLanguage":"en-GB","@id":"https:\/\/liiveri.net\/uutiset\/emilia-aho-on-liiverin-kesatiedottaja-2\/#primaryimage","url":"https:\/\/liiveri.net\/wp-content\/uploads\/2023\/02\/Emilia-muokattu.jpg","contentUrl":"https:\/\/liiveri.net\/wp-content\/uploads\/2023\/02\/Emilia-muokattu.jpg","width":1626,"height":1080,"caption":"Emilia Aho."},{"@type":"BreadcrumbList","@id":"https:\/\/liiveri.net\/uutiset\/emilia-aho-on-liiverin-kesatiedottaja-2\/#breadcrumb","itemListElement":[{"@type":"ListItem","position":1,"name":"Etusivu","item":"https:\/\/liiveri.net\/"},{"@type":"ListItem","position":2,"name":"Emilia Aho on Liiverin kes\u00e4tiedottaja"}]},{"@type":"WebSite","@id":"https:\/\/liiveri.net\/#website","url":"https:\/\/liiveri.net\/","name":"Liiveri - Kehitt\u00e4misyhdistys","description":"REILU RAHOITTAJA PALVELUKSESSASI","publisher":{"@id":"https:\/\/liiveri.net\/#organization"},"potentialAction":[{"@type":"SearchAction","target":{"@type":"EntryPoint","urlTemplate":"https:\/\/liiveri.net\/?s={search_term_string}"},"query-input":"required name=search_term_string"}],"inLanguage":"en-GB"},{"@type":"Organization","@id":"https:\/\/liiveri.net\/#organization","name":"Kehitt\u00e4misyhdistys Liiveri ry","url":"https:\/\/liiveri.net\/","logo":{"@type":"ImageObject","inLanguage":"en-GB","@id":"https:\/\/liiveri.net\/#\/schema\/logo\/image\/","url":"https:\/\/liiveri.net\/wp-content\/uploads\/2023\/02\/placeholder.png","contentUrl":"https:\/\/liiveri.net\/wp-content\/uploads\/2023\/02\/placeholder.png","width":1920,"height":1080,"caption":"Kehitt\u00e4misyhdistys Liiveri ry"},"image":{"@id":"https:\/\/liiveri.net\/#\/schema\/logo\/image\/"},"sameAs":["https:\/\/www.facebook.com\/LeaderLiiveri","https:\/\/x.com\/LeaderLiiveri","https:\/\/www.instagram.com\/leaderliiveri\/"]},{"@type":"Person","@id":"https:\/\/liiveri.net\/#\/schema\/person\/4d2151d167ce291fb59ae4929e4f150a","name":"Admin","image":{"@type":"ImageObject","inLanguage":"en-GB","@id":"https:\/\/liiveri.net\/#\/schema\/person\/image\/","url":"https:\/\/liiveri.net\/wp-content\/litespeed\/avatar\/1\/a408f0f48bbe882d38689644bc375f8c.jpg?ver=1777459663","contentUrl":"https:\/\/liiveri.net\/wp-content\/litespeed\/avatar\/1\/a408f0f48bbe882d38689644bc375f8c.jpg?ver=1777459663","caption":"Admin"},"sameAs":["https:\/\/liiveri.net"],"url":"https:\/\/liiveri.net\/en\/uutiset\/author\/admin\/"}]}},"acf":[],"_links":{"self":[{"href":"https:\/\/liiveri.net\/en\/wp-json\/wp\/v2\/posts\/754","targetHints":{"allow":["GET"]}}],"collection":[{"href":"https:\/\/liiveri.net\/en\/wp-json\/wp\/v2\/posts"}],"about":[{"href":"https:\/\/liiveri.net\/en\/wp-json\/wp\/v2\/types\/post"}],"author":[{"embeddable":true,"href":"https:\/\/liiveri.net\/en\/wp-json\/wp\/v2\/users\/1"}],"replies":[{"embeddable":true,"href":"https:\/\/liiveri.net\/en\/wp-json\/wp\/v2\/comments?post=754"}],"version-history":[{"count":0,"href":"https:\/\/liiveri.net\/en\/wp-json\/wp\/v2\/posts\/754\/revisions"}],"wp:featuredmedia":[{"embeddable":true,"href":"https:\/\/liiveri.net\/en\/wp-json\/wp\/v2\/media\/579"}],"wp:attachment":[{"href":"https:\/\/liiveri.net\/en\/wp-json\/wp\/v2\/media?parent=754"}],"wp:term":[{"taxonomy":"category","embeddable":true,"href":"https:\/\/liiveri.net\/en\/wp-json\/wp\/v2\/categories?post=754"},{"taxonomy":"post_tag","embeddable":true,"href":"https:\/\/liiveri.net\/en\/wp-json\/wp\/v2\/tags?post=754"}],"curies":[{"name":"wp","href":"https:\/\/api.w.org\/{rel}","templated":true}]}}