{"id":765,"date":"2022-02-17T11:08:00","date_gmt":"2022-02-17T09:08:00","guid":{"rendered":"https:\/\/liiveri.net\/yhteisotaideteos-rakentui-wilholan-pihaan-jalasjarvella-2\/"},"modified":"2023-05-04T13:30:57","modified_gmt":"2023-05-04T10:30:57","slug":"yhteisotaideteos-rakentui-wilholan-pihaan-jalasjarvella-2","status":"publish","type":"post","link":"https:\/\/liiveri.net\/en\/uutiset\/yhteisotaideteos-rakentui-wilholan-pihaan-jalasjarvella-2\/","title":{"rendered":"The community artwork was built in Wilhola&#039;s yard in Jalasj\u00e4rvi"},"content":{"rendered":"<p><em>The project was implemented in cooperation with local youth.<\/em><\/p>\n<p><strong>During the summer of 2021, as part of Liiver&#039;s Buustia goes Art themed project, a communal work of art that reflects youth was built in the yard of Nuorisotalo Wilhola. The artist Mikki Paajanen was hired for the production of the piece, who designed and built the final piece in collaboration with local youth.<\/strong><\/p>\n<p>The idea for a communal artwork was born when the Jalasj\u00e4rvi MLL association started planning a new kind of activity, the goal of which was to activate young people as well. Although at the time of the creation of the artwork only ten young people could visit Wilhola at a time due to corona restrictions, enthusiastic artists were involved in the project and the young people of the Jalasj\u00e4rvi Youth Workshop also participated in it.<\/p>\n<p>The artwork has also aroused interest among the residents of the village. Many have visited the yard of the youth center to see the work, and the children have been excited to climb on the boards that belong to it.<\/p>\n<p>- Yes, it has found its place and people have been interested. They have also stated that it is nice to have the area of the youth center revitalized, says the chairman of Jalasj\u00e4rvi MLL <strong>Marika Pihlaja<\/strong>.<\/p>\n<p><img fetchpriority=\"high\" decoding=\"async\" src=\"https:\/\/liiveri.net\/wp-content\/uploads\/2023\/02\/PA130302.jpg\" alt=\"Jalasj\u00e4rven MLL:n puheenjohtaja Marika Pihlaja kertoo, ett\u00e4 ihmiset ovat olleet kiinnostuneita yhteis\u00f6taideteoksesta.\" width=\"568\" height=\"379\" \/><\/p>\n<p><em>\u00a0Jalasj\u00e4rvi MLL chairman Marika Pihlaja says that people have been interested in the community artwork.<\/em><\/p>\n<p><strong>With the help of the Buustia goes ART themed project, the associations hired an artist or young person to develop the activity. In the theme project, a total of seven sub-projects were financed, which were implemented during the years 2020-2021:<\/strong><\/p>\n<ul>\n<li>In Ilmajoki 4H ry, the young person developed day camp activities.<\/li>\n<\/ul>\n<ul>\n<li>Ilmajoki Rengonkyl\u00e4seura ry youth improved the association&#039;s communication, collected development ideas from the villagers and organized a pilot event.<\/li>\n<\/ul>\n<ul>\n<li>Ilmajoki Yritt\u00e4j\u00e4t ry hired three artists who, together with the children, realized storytelling and comfort in the playground to be built in the center of Ilmajoki.<\/li>\n<\/ul>\n<ul>\n<li>Two artists from the Kulttuuriyhdistys KoHo ry collected railway-related stories from the elderly in the area. The stories were used in a song play.<\/li>\n<\/ul>\n<ul>\n<li>Kyl\u00e4yhdistys Kaanaa ry hired an artist to create a mural together with the villagers, especially children and young people.<\/li>\n<\/ul>\n<ul>\n<li>The three artists hired by the Lakeuden El\u00e4mysliikunta ry made environmental art for Joupilanvuori, the Children&#039;s Experience Path and Luontalo K\u00e4p\u00e4lik\u00f6 in connection with the association&#039;s Talkoo residents.<\/li>\n<\/ul>\n<ul>\n<li>The artists hired by MLL Jalasj\u00e4rvi made communal art with children, families and young people in the areas of Wilhola and Lamminj\u00e4rvi.<\/li>\n<\/ul>\n<p>&nbsp;<\/p>","protected":false},"excerpt":{"rendered":"<p>The project was implemented in cooperation with local youth. During the summer of 2021, as part of Liiver&#039;s Buustia goes Art themed project, a communal work of art that reflects youth was built in the yard of Nuorisotalo Wilhola. The artist Mikki Paajanen was hired for the production of the piece, who designed and built the final piece in collaboration with local youth. The idea for a communal work of art was born when the MLL association of Jalasj\u00e4rvi started planning a new type of activity, the aim of which was [...]<\/p>","protected":false},"author":1,"featured_media":767,"comment_status":"open","ping_status":"open","sticky":false,"template":"","format":"standard","meta":{"_acf_changed":false,"footnotes":""},"categories":[12,14,29,30],"tags":[],"class_list":["post-765","post","type-post","status-publish","format-standard","has-post-thumbnail","hentry","category-nuoret","category-yhteisot","category-liiveri","category-uutiset"],"yoast_head":"<!-- This site is optimized with the Yoast SEO plugin v23.3 - https:\/\/yoast.com\/wordpress\/plugins\/seo\/ -->\n<title>Yhteis\u00f6taideteos rakentui Wilholan pihaan Jalasj\u00e4rvell\u00e4 - Liiveri<\/title>\n<meta name=\"robots\" content=\"index, follow, max-snippet:-1, max-image-preview:large, max-video-preview:-1\" \/>\n<link rel=\"canonical\" href=\"https:\/\/liiveri.net\/en\/uutiset\/yhteisotaideteos-rakentui-wilholan-pihaan-jalasjarvella-2\/\" \/>\n<meta property=\"og:locale\" content=\"en_GB\" \/>\n<meta property=\"og:type\" content=\"article\" \/>\n<meta property=\"og:title\" content=\"Yhteis\u00f6taideteos rakentui Wilholan pihaan Jalasj\u00e4rvell\u00e4 - Liiveri\" \/>\n<meta property=\"og:description\" content=\"Projekti toteutettiin yhteisty\u00f6ss\u00e4 paikallisten nuorten kanssa. Nuorisotalo Wilholan pihaan rakennettiin kes\u00e4n 2021 aikana osana Liiverin Buustia goes Art -teemahanketta yhteis\u00f6llinen taideteos, joka kuvastaa nuoruutta. Teoksen valmistamista varten palkattiin taiteilija Mikki Paajanen, joka suunnitteli ja rakensi lopullisen teoksen yhteisty\u00f6ss\u00e4 paikallisten nuorten kanssa. Ajatus yhteis\u00f6lliseen taideteokseen syntyi, kun Jalasj\u00e4rven MLL-yhdistykselle l\u00e4hdettiin suunnittelemaan uudenlaista toimintaa, jonka tavoitteena oli [&hellip;]\" \/>\n<meta property=\"og:url\" content=\"https:\/\/liiveri.net\/en\/uutiset\/yhteisotaideteos-rakentui-wilholan-pihaan-jalasjarvella-2\/\" \/>\n<meta property=\"og:site_name\" content=\"Liiveri\" \/>\n<meta property=\"article:publisher\" content=\"https:\/\/www.facebook.com\/LeaderLiiveri\" \/>\n<meta property=\"article:published_time\" content=\"2022-02-17T09:08:00+00:00\" \/>\n<meta property=\"article:modified_time\" content=\"2023-05-04T10:30:57+00:00\" \/>\n<meta property=\"og:image\" content=\"https:\/\/liiveri.net\/wp-content\/uploads\/2023\/02\/PA130305.jpg\" \/>\n\t<meta property=\"og:image:width\" content=\"1619\" \/>\n\t<meta property=\"og:image:height\" content=\"1080\" \/>\n\t<meta property=\"og:image:type\" content=\"image\/jpeg\" \/>\n<meta name=\"author\" content=\"Admin\" \/>\n<meta name=\"twitter:card\" content=\"summary_large_image\" \/>\n<meta name=\"twitter:creator\" content=\"@LeaderLiiveri\" \/>\n<meta name=\"twitter:site\" content=\"@LeaderLiiveri\" \/>\n<meta name=\"twitter:label1\" content=\"Written by\" \/>\n\t<meta name=\"twitter:data1\" content=\"Admin\" \/>\n\t<meta name=\"twitter:label2\" content=\"Estimated reading time\" \/>\n\t<meta name=\"twitter:data2\" content=\"2 minutes\" \/>\n<script type=\"application\/ld+json\" class=\"yoast-schema-graph\">{\"@context\":\"https:\/\/schema.org\",\"@graph\":[{\"@type\":\"Article\",\"@id\":\"https:\/\/liiveri.net\/uutiset\/yhteisotaideteos-rakentui-wilholan-pihaan-jalasjarvella-2\/#article\",\"isPartOf\":{\"@id\":\"https:\/\/liiveri.net\/uutiset\/yhteisotaideteos-rakentui-wilholan-pihaan-jalasjarvella-2\/\"},\"author\":{\"name\":\"Admin\",\"@id\":\"https:\/\/liiveri.net\/#\/schema\/person\/4d2151d167ce291fb59ae4929e4f150a\"},\"headline\":\"Yhteis\u00f6taideteos rakentui Wilholan pihaan Jalasj\u00e4rvell\u00e4\",\"datePublished\":\"2022-02-17T09:08:00+00:00\",\"dateModified\":\"2023-05-04T10:30:57+00:00\",\"mainEntityOfPage\":{\"@id\":\"https:\/\/liiveri.net\/uutiset\/yhteisotaideteos-rakentui-wilholan-pihaan-jalasjarvella-2\/\"},\"wordCount\":338,\"commentCount\":0,\"publisher\":{\"@id\":\"https:\/\/liiveri.net\/#organization\"},\"image\":{\"@id\":\"https:\/\/liiveri.net\/uutiset\/yhteisotaideteos-rakentui-wilholan-pihaan-jalasjarvella-2\/#primaryimage\"},\"thumbnailUrl\":\"https:\/\/liiveri.net\/wp-content\/uploads\/2023\/02\/PA130305.jpg\",\"articleSection\":[\"Nuoret\",\"Yhteis\u00f6t\",\"Liiveri\",\"Uutiset\"],\"inLanguage\":\"en-GB\",\"potentialAction\":[{\"@type\":\"CommentAction\",\"name\":\"Comment\",\"target\":[\"https:\/\/liiveri.net\/uutiset\/yhteisotaideteos-rakentui-wilholan-pihaan-jalasjarvella-2\/#respond\"]}]},{\"@type\":\"WebPage\",\"@id\":\"https:\/\/liiveri.net\/uutiset\/yhteisotaideteos-rakentui-wilholan-pihaan-jalasjarvella-2\/\",\"url\":\"https:\/\/liiveri.net\/uutiset\/yhteisotaideteos-rakentui-wilholan-pihaan-jalasjarvella-2\/\",\"name\":\"Yhteis\u00f6taideteos rakentui Wilholan pihaan Jalasj\u00e4rvell\u00e4 - Liiveri\",\"isPartOf\":{\"@id\":\"https:\/\/liiveri.net\/#website\"},\"primaryImageOfPage\":{\"@id\":\"https:\/\/liiveri.net\/uutiset\/yhteisotaideteos-rakentui-wilholan-pihaan-jalasjarvella-2\/#primaryimage\"},\"image\":{\"@id\":\"https:\/\/liiveri.net\/uutiset\/yhteisotaideteos-rakentui-wilholan-pihaan-jalasjarvella-2\/#primaryimage\"},\"thumbnailUrl\":\"https:\/\/liiveri.net\/wp-content\/uploads\/2023\/02\/PA130305.jpg\",\"datePublished\":\"2022-02-17T09:08:00+00:00\",\"dateModified\":\"2023-05-04T10:30:57+00:00\",\"breadcrumb\":{\"@id\":\"https:\/\/liiveri.net\/uutiset\/yhteisotaideteos-rakentui-wilholan-pihaan-jalasjarvella-2\/#breadcrumb\"},\"inLanguage\":\"en-GB\",\"potentialAction\":[{\"@type\":\"ReadAction\",\"target\":[\"https:\/\/liiveri.net\/uutiset\/yhteisotaideteos-rakentui-wilholan-pihaan-jalasjarvella-2\/\"]}]},{\"@type\":\"ImageObject\",\"inLanguage\":\"en-GB\",\"@id\":\"https:\/\/liiveri.net\/uutiset\/yhteisotaideteos-rakentui-wilholan-pihaan-jalasjarvella-2\/#primaryimage\",\"url\":\"https:\/\/liiveri.net\/wp-content\/uploads\/2023\/02\/PA130305.jpg\",\"contentUrl\":\"https:\/\/liiveri.net\/wp-content\/uploads\/2023\/02\/PA130305.jpg\",\"width\":1619,\"height\":1080,\"caption\":\"Taideteos.\"},{\"@type\":\"BreadcrumbList\",\"@id\":\"https:\/\/liiveri.net\/uutiset\/yhteisotaideteos-rakentui-wilholan-pihaan-jalasjarvella-2\/#breadcrumb\",\"itemListElement\":[{\"@type\":\"ListItem\",\"position\":1,\"name\":\"Etusivu\",\"item\":\"https:\/\/liiveri.net\/\"},{\"@type\":\"ListItem\",\"position\":2,\"name\":\"Yhteis\u00f6taideteos rakentui Wilholan pihaan Jalasj\u00e4rvell\u00e4\"}]},{\"@type\":\"WebSite\",\"@id\":\"https:\/\/liiveri.net\/#website\",\"url\":\"https:\/\/liiveri.net\/\",\"name\":\"Liiveri - Kehitt\u00e4misyhdistys\",\"description\":\"REILU RAHOITTAJA PALVELUKSESSASI\",\"publisher\":{\"@id\":\"https:\/\/liiveri.net\/#organization\"},\"potentialAction\":[{\"@type\":\"SearchAction\",\"target\":{\"@type\":\"EntryPoint\",\"urlTemplate\":\"https:\/\/liiveri.net\/?s={search_term_string}\"},\"query-input\":\"required name=search_term_string\"}],\"inLanguage\":\"en-GB\"},{\"@type\":\"Organization\",\"@id\":\"https:\/\/liiveri.net\/#organization\",\"name\":\"Kehitt\u00e4misyhdistys Liiveri ry\",\"url\":\"https:\/\/liiveri.net\/\",\"logo\":{\"@type\":\"ImageObject\",\"inLanguage\":\"en-GB\",\"@id\":\"https:\/\/liiveri.net\/#\/schema\/logo\/image\/\",\"url\":\"https:\/\/liiveri.net\/wp-content\/uploads\/2023\/02\/placeholder.png\",\"contentUrl\":\"https:\/\/liiveri.net\/wp-content\/uploads\/2023\/02\/placeholder.png\",\"width\":1920,\"height\":1080,\"caption\":\"Kehitt\u00e4misyhdistys Liiveri ry\"},\"image\":{\"@id\":\"https:\/\/liiveri.net\/#\/schema\/logo\/image\/\"},\"sameAs\":[\"https:\/\/www.facebook.com\/LeaderLiiveri\",\"https:\/\/x.com\/LeaderLiiveri\",\"https:\/\/www.instagram.com\/leaderliiveri\/\"]},{\"@type\":\"Person\",\"@id\":\"https:\/\/liiveri.net\/#\/schema\/person\/4d2151d167ce291fb59ae4929e4f150a\",\"name\":\"Admin\",\"image\":{\"@type\":\"ImageObject\",\"inLanguage\":\"en-GB\",\"@id\":\"https:\/\/liiveri.net\/#\/schema\/person\/image\/\",\"url\":\"https:\/\/liiveri.net\/wp-content\/litespeed\/avatar\/1\/a408f0f48bbe882d38689644bc375f8c.jpg?ver=1777459663\",\"contentUrl\":\"https:\/\/liiveri.net\/wp-content\/litespeed\/avatar\/1\/a408f0f48bbe882d38689644bc375f8c.jpg?ver=1777459663\",\"caption\":\"Admin\"},\"sameAs\":[\"https:\/\/liiveri.net\"],\"url\":\"https:\/\/liiveri.net\/en\/uutiset\/author\/admin\/\"}]}<\/script>\n<!-- \/ Yoast SEO plugin. -->","yoast_head_json":{"title":"Yhteis\u00f6taideteos rakentui Wilholan pihaan Jalasj\u00e4rvell\u00e4 - Liiveri","robots":{"index":"index","follow":"follow","max-snippet":"max-snippet:-1","max-image-preview":"max-image-preview:large","max-video-preview":"max-video-preview:-1"},"canonical":"https:\/\/liiveri.net\/en\/uutiset\/yhteisotaideteos-rakentui-wilholan-pihaan-jalasjarvella-2\/","og_locale":"en_GB","og_type":"article","og_title":"Yhteis\u00f6taideteos rakentui Wilholan pihaan Jalasj\u00e4rvell\u00e4 - Liiveri","og_description":"Projekti toteutettiin yhteisty\u00f6ss\u00e4 paikallisten nuorten kanssa. Nuorisotalo Wilholan pihaan rakennettiin kes\u00e4n 2021 aikana osana Liiverin Buustia goes Art -teemahanketta yhteis\u00f6llinen taideteos, joka kuvastaa nuoruutta. Teoksen valmistamista varten palkattiin taiteilija Mikki Paajanen, joka suunnitteli ja rakensi lopullisen teoksen yhteisty\u00f6ss\u00e4 paikallisten nuorten kanssa. Ajatus yhteis\u00f6lliseen taideteokseen syntyi, kun Jalasj\u00e4rven MLL-yhdistykselle l\u00e4hdettiin suunnittelemaan uudenlaista toimintaa, jonka tavoitteena oli [&hellip;]","og_url":"https:\/\/liiveri.net\/en\/uutiset\/yhteisotaideteos-rakentui-wilholan-pihaan-jalasjarvella-2\/","og_site_name":"Liiveri","article_publisher":"https:\/\/www.facebook.com\/LeaderLiiveri","article_published_time":"2022-02-17T09:08:00+00:00","article_modified_time":"2023-05-04T10:30:57+00:00","og_image":[{"width":1619,"height":1080,"url":"https:\/\/liiveri.net\/wp-content\/uploads\/2023\/02\/PA130305.jpg","type":"image\/jpeg"}],"author":"Admin","twitter_card":"summary_large_image","twitter_creator":"@LeaderLiiveri","twitter_site":"@LeaderLiiveri","twitter_misc":{"Written by":"Admin","Estimated reading time":"2 minutes"},"schema":{"@context":"https:\/\/schema.org","@graph":[{"@type":"Article","@id":"https:\/\/liiveri.net\/uutiset\/yhteisotaideteos-rakentui-wilholan-pihaan-jalasjarvella-2\/#article","isPartOf":{"@id":"https:\/\/liiveri.net\/uutiset\/yhteisotaideteos-rakentui-wilholan-pihaan-jalasjarvella-2\/"},"author":{"name":"Admin","@id":"https:\/\/liiveri.net\/#\/schema\/person\/4d2151d167ce291fb59ae4929e4f150a"},"headline":"Yhteis\u00f6taideteos rakentui Wilholan pihaan Jalasj\u00e4rvell\u00e4","datePublished":"2022-02-17T09:08:00+00:00","dateModified":"2023-05-04T10:30:57+00:00","mainEntityOfPage":{"@id":"https:\/\/liiveri.net\/uutiset\/yhteisotaideteos-rakentui-wilholan-pihaan-jalasjarvella-2\/"},"wordCount":338,"commentCount":0,"publisher":{"@id":"https:\/\/liiveri.net\/#organization"},"image":{"@id":"https:\/\/liiveri.net\/uutiset\/yhteisotaideteos-rakentui-wilholan-pihaan-jalasjarvella-2\/#primaryimage"},"thumbnailUrl":"https:\/\/liiveri.net\/wp-content\/uploads\/2023\/02\/PA130305.jpg","articleSection":["Nuoret","Yhteis\u00f6t","Liiveri","Uutiset"],"inLanguage":"en-GB","potentialAction":[{"@type":"CommentAction","name":"Comment","target":["https:\/\/liiveri.net\/uutiset\/yhteisotaideteos-rakentui-wilholan-pihaan-jalasjarvella-2\/#respond"]}]},{"@type":"WebPage","@id":"https:\/\/liiveri.net\/uutiset\/yhteisotaideteos-rakentui-wilholan-pihaan-jalasjarvella-2\/","url":"https:\/\/liiveri.net\/uutiset\/yhteisotaideteos-rakentui-wilholan-pihaan-jalasjarvella-2\/","name":"Yhteis\u00f6taideteos rakentui Wilholan pihaan Jalasj\u00e4rvell\u00e4 - Liiveri","isPartOf":{"@id":"https:\/\/liiveri.net\/#website"},"primaryImageOfPage":{"@id":"https:\/\/liiveri.net\/uutiset\/yhteisotaideteos-rakentui-wilholan-pihaan-jalasjarvella-2\/#primaryimage"},"image":{"@id":"https:\/\/liiveri.net\/uutiset\/yhteisotaideteos-rakentui-wilholan-pihaan-jalasjarvella-2\/#primaryimage"},"thumbnailUrl":"https:\/\/liiveri.net\/wp-content\/uploads\/2023\/02\/PA130305.jpg","datePublished":"2022-02-17T09:08:00+00:00","dateModified":"2023-05-04T10:30:57+00:00","breadcrumb":{"@id":"https:\/\/liiveri.net\/uutiset\/yhteisotaideteos-rakentui-wilholan-pihaan-jalasjarvella-2\/#breadcrumb"},"inLanguage":"en-GB","potentialAction":[{"@type":"ReadAction","target":["https:\/\/liiveri.net\/uutiset\/yhteisotaideteos-rakentui-wilholan-pihaan-jalasjarvella-2\/"]}]},{"@type":"ImageObject","inLanguage":"en-GB","@id":"https:\/\/liiveri.net\/uutiset\/yhteisotaideteos-rakentui-wilholan-pihaan-jalasjarvella-2\/#primaryimage","url":"https:\/\/liiveri.net\/wp-content\/uploads\/2023\/02\/PA130305.jpg","contentUrl":"https:\/\/liiveri.net\/wp-content\/uploads\/2023\/02\/PA130305.jpg","width":1619,"height":1080,"caption":"Taideteos."},{"@type":"BreadcrumbList","@id":"https:\/\/liiveri.net\/uutiset\/yhteisotaideteos-rakentui-wilholan-pihaan-jalasjarvella-2\/#breadcrumb","itemListElement":[{"@type":"ListItem","position":1,"name":"Etusivu","item":"https:\/\/liiveri.net\/"},{"@type":"ListItem","position":2,"name":"Yhteis\u00f6taideteos rakentui Wilholan pihaan Jalasj\u00e4rvell\u00e4"}]},{"@type":"WebSite","@id":"https:\/\/liiveri.net\/#website","url":"https:\/\/liiveri.net\/","name":"Liiveri - Kehitt\u00e4misyhdistys","description":"REILU RAHOITTAJA PALVELUKSESSASI","publisher":{"@id":"https:\/\/liiveri.net\/#organization"},"potentialAction":[{"@type":"SearchAction","target":{"@type":"EntryPoint","urlTemplate":"https:\/\/liiveri.net\/?s={search_term_string}"},"query-input":"required name=search_term_string"}],"inLanguage":"en-GB"},{"@type":"Organization","@id":"https:\/\/liiveri.net\/#organization","name":"Kehitt\u00e4misyhdistys Liiveri ry","url":"https:\/\/liiveri.net\/","logo":{"@type":"ImageObject","inLanguage":"en-GB","@id":"https:\/\/liiveri.net\/#\/schema\/logo\/image\/","url":"https:\/\/liiveri.net\/wp-content\/uploads\/2023\/02\/placeholder.png","contentUrl":"https:\/\/liiveri.net\/wp-content\/uploads\/2023\/02\/placeholder.png","width":1920,"height":1080,"caption":"Kehitt\u00e4misyhdistys Liiveri ry"},"image":{"@id":"https:\/\/liiveri.net\/#\/schema\/logo\/image\/"},"sameAs":["https:\/\/www.facebook.com\/LeaderLiiveri","https:\/\/x.com\/LeaderLiiveri","https:\/\/www.instagram.com\/leaderliiveri\/"]},{"@type":"Person","@id":"https:\/\/liiveri.net\/#\/schema\/person\/4d2151d167ce291fb59ae4929e4f150a","name":"Admin","image":{"@type":"ImageObject","inLanguage":"en-GB","@id":"https:\/\/liiveri.net\/#\/schema\/person\/image\/","url":"https:\/\/liiveri.net\/wp-content\/litespeed\/avatar\/1\/a408f0f48bbe882d38689644bc375f8c.jpg?ver=1777459663","contentUrl":"https:\/\/liiveri.net\/wp-content\/litespeed\/avatar\/1\/a408f0f48bbe882d38689644bc375f8c.jpg?ver=1777459663","caption":"Admin"},"sameAs":["https:\/\/liiveri.net"],"url":"https:\/\/liiveri.net\/en\/uutiset\/author\/admin\/"}]}},"acf":[],"_links":{"self":[{"href":"https:\/\/liiveri.net\/en\/wp-json\/wp\/v2\/posts\/765","targetHints":{"allow":["GET"]}}],"collection":[{"href":"https:\/\/liiveri.net\/en\/wp-json\/wp\/v2\/posts"}],"about":[{"href":"https:\/\/liiveri.net\/en\/wp-json\/wp\/v2\/types\/post"}],"author":[{"embeddable":true,"href":"https:\/\/liiveri.net\/en\/wp-json\/wp\/v2\/users\/1"}],"replies":[{"embeddable":true,"href":"https:\/\/liiveri.net\/en\/wp-json\/wp\/v2\/comments?post=765"}],"version-history":[{"count":0,"href":"https:\/\/liiveri.net\/en\/wp-json\/wp\/v2\/posts\/765\/revisions"}],"wp:featuredmedia":[{"embeddable":true,"href":"https:\/\/liiveri.net\/en\/wp-json\/wp\/v2\/media\/767"}],"wp:attachment":[{"href":"https:\/\/liiveri.net\/en\/wp-json\/wp\/v2\/media?parent=765"}],"wp:term":[{"taxonomy":"category","embeddable":true,"href":"https:\/\/liiveri.net\/en\/wp-json\/wp\/v2\/categories?post=765"},{"taxonomy":"post_tag","embeddable":true,"href":"https:\/\/liiveri.net\/en\/wp-json\/wp\/v2\/tags?post=765"}],"curies":[{"name":"wp","href":"https:\/\/api.w.org\/{rel}","templated":true}]}}