{"id":772,"date":"2022-03-30T21:10:00","date_gmt":"2022-03-30T18:10:00","guid":{"rendered":"https:\/\/liiveri.net\/nuori-vaikuttaja-palkittiin-ideat-toteutukseen-diplomilla-2\/"},"modified":"2023-05-04T13:27:19","modified_gmt":"2023-05-04T10:27:19","slug":"nuori-vaikuttaja-palkittiin-ideat-toteutukseen-diplomilla-2","status":"publish","type":"post","link":"https:\/\/liiveri.net\/en\/uutiset\/nuori-vaikuttaja-palkittiin-ideat-toteutukseen-diplomilla-2\/","title":{"rendered":"The young influencer was awarded the Ideas for implementation diploma"},"content":{"rendered":"<p><strong>Eero-Pekka Hautam\u00e4ki<\/strong>, 21, has worked actively as a developer in his home region. Hautam\u00e4ki became interested in social influence at an early age.<\/p>\n<p>- When I was under school age, I watched the Itsevaltiaat series and asked at home what the parliament and the president meant, Hautam\u00e4ki laughs.<\/p>\n<p>In junior high school, Hautam\u00e4ki got involved in the activities of the student union board. Since then, the desire to develop and act for the benefit of the community has only grown. Hautam\u00e4ki has worked in Ilmajoki&#039;s youth council since 2017 and as Nuva&#039;s chairman since 2019.<\/p>\n<p>- In the youth council, I have been able to take important matters forward for myself and my reference group.<\/p>\n<p>The youth council has organized events and made the voice of young people heard in decision-making. Hautam\u00e4ki reminds that it is not self-evident that the youth council is listened to.<\/p>\n<p>- It is really important that the youth council and the municipality and other communities in the region strive for close cooperation. It requires mutual communication from the actors in question, i.e. mutual work for working relationships \u2013 a real desire to understand the important perspectives of young people.<\/p>\n<p>In 2021, Hautam\u00e4ki was the person in charge of the group applying for and implementing two Youth Leader projects. The Ilmajoki youth council&#039;s Youth Leader project procured a pool table for Ilmajoki high school, which increases community spirit during recess. With Nuoriso-Leader funding, Ilmajoki High School&#039;s student union acquired a tennis wall and equipment to support young people&#039;s tennis activities.<\/p>\n<p>Hautam\u00e4ki participated in Liiver&#039;s Ideas for Euros campaign as the chairman of Ilmajoki&#039;s youth council. The Youth Council filmed a video for the campaign, which presented the idea of an outdoor gym near Sepp\u00e4l\u00e4&#039;s youth facility and key sports venues. The idea was the most liked of the campaign.<\/p>\n<p>- At the moment, the project is being carried forward with the working group, and in the future we hope to have the much-desired outdoor gym available to young people and active people. In cooperation, this project will also be taken forward, Hautam\u00e4ki sums up.<\/p>\n<p>Hautam\u00e4ki is the recipient of Liiver&#039;s 2022 Ideas for Implementation diploma. He has shown initiative and cooperation, as well as a positive development attitude. He communicates actively on social media, introduces local decision-making to young people and boldly takes matters into his own hands. Currently, Hautam\u00e4ki is studying administrative sciences in Tampere in the 2nd year course and works in the Ilmajoki municipal council and as a member of the church council of the Ilmajoki parish.<\/p>\n<p><em>Liiveri annually awards a diploma for exemplary development work. The diploma highlights the development work supported by Liiver and good practical examples. <\/em><\/p>","protected":false},"excerpt":{"rendered":"<p>Eero-Pekka Hautam\u00e4ki, 21, has worked actively as a developer in his home region. Hautam\u00e4ki became interested in social influence at an early age. - When I was under school age, I watched the Itsevaltiaat series and asked at home what the parliament and the president meant, Hautam\u00e4ki laughs. In junior high school, Hautam\u00e4ki got involved in the activities of the student union board. Since then, the desire to develop and act for the benefit of the community has only grown. Hautam\u00e4ki has worked in Ilmajoki&#039;s youth council since [...]<\/p>","protected":false},"author":1,"featured_media":773,"comment_status":"open","ping_status":"open","sticky":false,"template":"","format":"standard","meta":{"_acf_changed":false,"footnotes":""},"categories":[10,12,29,30],"tags":[],"class_list":["post-772","post","type-post","status-publish","format-standard","has-post-thumbnail","hentry","category-tarinat","category-nuoret","category-liiveri","category-uutiset"],"yoast_head":"<!-- This site is optimized with the Yoast SEO plugin v23.3 - https:\/\/yoast.com\/wordpress\/plugins\/seo\/ -->\n<title>Nuori vaikuttaja palkittiin Ideat toteutukseen -diplomilla - Liiveri<\/title>\n<meta name=\"robots\" content=\"index, follow, max-snippet:-1, max-image-preview:large, max-video-preview:-1\" \/>\n<link rel=\"canonical\" href=\"https:\/\/liiveri.net\/en\/uutiset\/nuori-vaikuttaja-palkittiin-ideat-toteutukseen-diplomilla-2\/\" \/>\n<meta property=\"og:locale\" content=\"en_GB\" \/>\n<meta property=\"og:type\" content=\"article\" \/>\n<meta property=\"og:title\" content=\"Nuori vaikuttaja palkittiin Ideat toteutukseen -diplomilla - Liiveri\" \/>\n<meta property=\"og:description\" content=\"Eero-Pekka Hautam\u00e4ki, 21, on toiminut aktiivisesti oman kotiseutunsa kehitt\u00e4j\u00e4n\u00e4. Kiinnostus yhteiskunnalliseen vaikuttamiseen her\u00e4si Hautam\u00e4ell\u00e4 jo pienen\u00e4. &#8211; Alle kouluik\u00e4isen\u00e4 katselin Itsevaltiaat-sarjaa ja kyselin kotona, mit\u00e4 tarkoittaa eduskunta ja presidentti, Hautam\u00e4ki naurahtaa. Yl\u00e4koulussa Hautam\u00e4ki l\u00e4hti mukaan oppilaskunnan hallituksen toimintaan. Sen j\u00e4lkeen halu kehitt\u00e4\u00e4 ja toimia yhteis\u00f6n hyv\u00e4ksi on vain kasvanut. Hautam\u00e4ki on toiminut Ilmajoen nuorisovaltuustossa vuodesta [&hellip;]\" \/>\n<meta property=\"og:url\" content=\"https:\/\/liiveri.net\/en\/uutiset\/nuori-vaikuttaja-palkittiin-ideat-toteutukseen-diplomilla-2\/\" \/>\n<meta property=\"og:site_name\" content=\"Liiveri\" \/>\n<meta property=\"article:publisher\" content=\"https:\/\/www.facebook.com\/LeaderLiiveri\" \/>\n<meta property=\"article:published_time\" content=\"2022-03-30T18:10:00+00:00\" \/>\n<meta property=\"article:modified_time\" content=\"2023-05-04T10:27:19+00:00\" \/>\n<meta property=\"og:image\" content=\"https:\/\/liiveri.net\/wp-content\/uploads\/2023\/02\/Eero-Pekka-vaakakuva.jpg\" \/>\n\t<meta property=\"og:image:width\" content=\"1600\" \/>\n\t<meta property=\"og:image:height\" content=\"1067\" \/>\n\t<meta property=\"og:image:type\" content=\"image\/jpeg\" \/>\n<meta name=\"author\" content=\"Admin\" \/>\n<meta name=\"twitter:card\" content=\"summary_large_image\" \/>\n<meta name=\"twitter:creator\" content=\"@LeaderLiiveri\" \/>\n<meta name=\"twitter:site\" content=\"@LeaderLiiveri\" \/>\n<meta name=\"twitter:label1\" content=\"Written by\" \/>\n\t<meta name=\"twitter:data1\" content=\"Admin\" \/>\n\t<meta name=\"twitter:label2\" content=\"Estimated reading time\" \/>\n\t<meta name=\"twitter:data2\" content=\"2 minutes\" \/>\n<script type=\"application\/ld+json\" class=\"yoast-schema-graph\">{\"@context\":\"https:\/\/schema.org\",\"@graph\":[{\"@type\":\"Article\",\"@id\":\"https:\/\/liiveri.net\/uutiset\/nuori-vaikuttaja-palkittiin-ideat-toteutukseen-diplomilla-2\/#article\",\"isPartOf\":{\"@id\":\"https:\/\/liiveri.net\/uutiset\/nuori-vaikuttaja-palkittiin-ideat-toteutukseen-diplomilla-2\/\"},\"author\":{\"name\":\"Admin\",\"@id\":\"https:\/\/liiveri.net\/#\/schema\/person\/4d2151d167ce291fb59ae4929e4f150a\"},\"headline\":\"Nuori vaikuttaja palkittiin Ideat toteutukseen -diplomilla\",\"datePublished\":\"2022-03-30T18:10:00+00:00\",\"dateModified\":\"2023-05-04T10:27:19+00:00\",\"mainEntityOfPage\":{\"@id\":\"https:\/\/liiveri.net\/uutiset\/nuori-vaikuttaja-palkittiin-ideat-toteutukseen-diplomilla-2\/\"},\"wordCount\":361,\"commentCount\":0,\"publisher\":{\"@id\":\"https:\/\/liiveri.net\/#organization\"},\"image\":{\"@id\":\"https:\/\/liiveri.net\/uutiset\/nuori-vaikuttaja-palkittiin-ideat-toteutukseen-diplomilla-2\/#primaryimage\"},\"thumbnailUrl\":\"https:\/\/liiveri.net\/wp-content\/uploads\/2023\/02\/Eero-Pekka-vaakakuva.jpg\",\"articleSection\":[\"Tarinat\",\"Nuoret\",\"Liiveri\",\"Uutiset\"],\"inLanguage\":\"en-GB\",\"potentialAction\":[{\"@type\":\"CommentAction\",\"name\":\"Comment\",\"target\":[\"https:\/\/liiveri.net\/uutiset\/nuori-vaikuttaja-palkittiin-ideat-toteutukseen-diplomilla-2\/#respond\"]}]},{\"@type\":\"WebPage\",\"@id\":\"https:\/\/liiveri.net\/uutiset\/nuori-vaikuttaja-palkittiin-ideat-toteutukseen-diplomilla-2\/\",\"url\":\"https:\/\/liiveri.net\/uutiset\/nuori-vaikuttaja-palkittiin-ideat-toteutukseen-diplomilla-2\/\",\"name\":\"Nuori vaikuttaja palkittiin Ideat toteutukseen -diplomilla - Liiveri\",\"isPartOf\":{\"@id\":\"https:\/\/liiveri.net\/#website\"},\"primaryImageOfPage\":{\"@id\":\"https:\/\/liiveri.net\/uutiset\/nuori-vaikuttaja-palkittiin-ideat-toteutukseen-diplomilla-2\/#primaryimage\"},\"image\":{\"@id\":\"https:\/\/liiveri.net\/uutiset\/nuori-vaikuttaja-palkittiin-ideat-toteutukseen-diplomilla-2\/#primaryimage\"},\"thumbnailUrl\":\"https:\/\/liiveri.net\/wp-content\/uploads\/2023\/02\/Eero-Pekka-vaakakuva.jpg\",\"datePublished\":\"2022-03-30T18:10:00+00:00\",\"dateModified\":\"2023-05-04T10:27:19+00:00\",\"breadcrumb\":{\"@id\":\"https:\/\/liiveri.net\/uutiset\/nuori-vaikuttaja-palkittiin-ideat-toteutukseen-diplomilla-2\/#breadcrumb\"},\"inLanguage\":\"en-GB\",\"potentialAction\":[{\"@type\":\"ReadAction\",\"target\":[\"https:\/\/liiveri.net\/uutiset\/nuori-vaikuttaja-palkittiin-ideat-toteutukseen-diplomilla-2\/\"]}]},{\"@type\":\"ImageObject\",\"inLanguage\":\"en-GB\",\"@id\":\"https:\/\/liiveri.net\/uutiset\/nuori-vaikuttaja-palkittiin-ideat-toteutukseen-diplomilla-2\/#primaryimage\",\"url\":\"https:\/\/liiveri.net\/wp-content\/uploads\/2023\/02\/Eero-Pekka-vaakakuva.jpg\",\"contentUrl\":\"https:\/\/liiveri.net\/wp-content\/uploads\/2023\/02\/Eero-Pekka-vaakakuva.jpg\",\"width\":1600,\"height\":1067,\"caption\":\"Eero-Pekka Hautam\u00e4ki.\"},{\"@type\":\"BreadcrumbList\",\"@id\":\"https:\/\/liiveri.net\/uutiset\/nuori-vaikuttaja-palkittiin-ideat-toteutukseen-diplomilla-2\/#breadcrumb\",\"itemListElement\":[{\"@type\":\"ListItem\",\"position\":1,\"name\":\"Etusivu\",\"item\":\"https:\/\/liiveri.net\/\"},{\"@type\":\"ListItem\",\"position\":2,\"name\":\"Nuori vaikuttaja palkittiin Ideat toteutukseen -diplomilla\"}]},{\"@type\":\"WebSite\",\"@id\":\"https:\/\/liiveri.net\/#website\",\"url\":\"https:\/\/liiveri.net\/\",\"name\":\"Liiveri - Kehitt\u00e4misyhdistys\",\"description\":\"REILU RAHOITTAJA PALVELUKSESSASI\",\"publisher\":{\"@id\":\"https:\/\/liiveri.net\/#organization\"},\"potentialAction\":[{\"@type\":\"SearchAction\",\"target\":{\"@type\":\"EntryPoint\",\"urlTemplate\":\"https:\/\/liiveri.net\/?s={search_term_string}\"},\"query-input\":\"required name=search_term_string\"}],\"inLanguage\":\"en-GB\"},{\"@type\":\"Organization\",\"@id\":\"https:\/\/liiveri.net\/#organization\",\"name\":\"Kehitt\u00e4misyhdistys Liiveri ry\",\"url\":\"https:\/\/liiveri.net\/\",\"logo\":{\"@type\":\"ImageObject\",\"inLanguage\":\"en-GB\",\"@id\":\"https:\/\/liiveri.net\/#\/schema\/logo\/image\/\",\"url\":\"https:\/\/liiveri.net\/wp-content\/uploads\/2023\/02\/placeholder.png\",\"contentUrl\":\"https:\/\/liiveri.net\/wp-content\/uploads\/2023\/02\/placeholder.png\",\"width\":1920,\"height\":1080,\"caption\":\"Kehitt\u00e4misyhdistys Liiveri ry\"},\"image\":{\"@id\":\"https:\/\/liiveri.net\/#\/schema\/logo\/image\/\"},\"sameAs\":[\"https:\/\/www.facebook.com\/LeaderLiiveri\",\"https:\/\/x.com\/LeaderLiiveri\",\"https:\/\/www.instagram.com\/leaderliiveri\/\"]},{\"@type\":\"Person\",\"@id\":\"https:\/\/liiveri.net\/#\/schema\/person\/4d2151d167ce291fb59ae4929e4f150a\",\"name\":\"Admin\",\"image\":{\"@type\":\"ImageObject\",\"inLanguage\":\"en-GB\",\"@id\":\"https:\/\/liiveri.net\/#\/schema\/person\/image\/\",\"url\":\"https:\/\/liiveri.net\/wp-content\/litespeed\/avatar\/1\/a408f0f48bbe882d38689644bc375f8c.jpg?ver=1777459663\",\"contentUrl\":\"https:\/\/liiveri.net\/wp-content\/litespeed\/avatar\/1\/a408f0f48bbe882d38689644bc375f8c.jpg?ver=1777459663\",\"caption\":\"Admin\"},\"sameAs\":[\"https:\/\/liiveri.net\"],\"url\":\"https:\/\/liiveri.net\/en\/uutiset\/author\/admin\/\"}]}<\/script>\n<!-- \/ Yoast SEO plugin. -->","yoast_head_json":{"title":"Nuori vaikuttaja palkittiin Ideat toteutukseen -diplomilla - Liiveri","robots":{"index":"index","follow":"follow","max-snippet":"max-snippet:-1","max-image-preview":"max-image-preview:large","max-video-preview":"max-video-preview:-1"},"canonical":"https:\/\/liiveri.net\/en\/uutiset\/nuori-vaikuttaja-palkittiin-ideat-toteutukseen-diplomilla-2\/","og_locale":"en_GB","og_type":"article","og_title":"Nuori vaikuttaja palkittiin Ideat toteutukseen -diplomilla - Liiveri","og_description":"Eero-Pekka Hautam\u00e4ki, 21, on toiminut aktiivisesti oman kotiseutunsa kehitt\u00e4j\u00e4n\u00e4. Kiinnostus yhteiskunnalliseen vaikuttamiseen her\u00e4si Hautam\u00e4ell\u00e4 jo pienen\u00e4. &#8211; Alle kouluik\u00e4isen\u00e4 katselin Itsevaltiaat-sarjaa ja kyselin kotona, mit\u00e4 tarkoittaa eduskunta ja presidentti, Hautam\u00e4ki naurahtaa. Yl\u00e4koulussa Hautam\u00e4ki l\u00e4hti mukaan oppilaskunnan hallituksen toimintaan. Sen j\u00e4lkeen halu kehitt\u00e4\u00e4 ja toimia yhteis\u00f6n hyv\u00e4ksi on vain kasvanut. Hautam\u00e4ki on toiminut Ilmajoen nuorisovaltuustossa vuodesta [&hellip;]","og_url":"https:\/\/liiveri.net\/en\/uutiset\/nuori-vaikuttaja-palkittiin-ideat-toteutukseen-diplomilla-2\/","og_site_name":"Liiveri","article_publisher":"https:\/\/www.facebook.com\/LeaderLiiveri","article_published_time":"2022-03-30T18:10:00+00:00","article_modified_time":"2023-05-04T10:27:19+00:00","og_image":[{"width":1600,"height":1067,"url":"https:\/\/liiveri.net\/wp-content\/uploads\/2023\/02\/Eero-Pekka-vaakakuva.jpg","type":"image\/jpeg"}],"author":"Admin","twitter_card":"summary_large_image","twitter_creator":"@LeaderLiiveri","twitter_site":"@LeaderLiiveri","twitter_misc":{"Written by":"Admin","Estimated reading time":"2 minutes"},"schema":{"@context":"https:\/\/schema.org","@graph":[{"@type":"Article","@id":"https:\/\/liiveri.net\/uutiset\/nuori-vaikuttaja-palkittiin-ideat-toteutukseen-diplomilla-2\/#article","isPartOf":{"@id":"https:\/\/liiveri.net\/uutiset\/nuori-vaikuttaja-palkittiin-ideat-toteutukseen-diplomilla-2\/"},"author":{"name":"Admin","@id":"https:\/\/liiveri.net\/#\/schema\/person\/4d2151d167ce291fb59ae4929e4f150a"},"headline":"Nuori vaikuttaja palkittiin Ideat toteutukseen -diplomilla","datePublished":"2022-03-30T18:10:00+00:00","dateModified":"2023-05-04T10:27:19+00:00","mainEntityOfPage":{"@id":"https:\/\/liiveri.net\/uutiset\/nuori-vaikuttaja-palkittiin-ideat-toteutukseen-diplomilla-2\/"},"wordCount":361,"commentCount":0,"publisher":{"@id":"https:\/\/liiveri.net\/#organization"},"image":{"@id":"https:\/\/liiveri.net\/uutiset\/nuori-vaikuttaja-palkittiin-ideat-toteutukseen-diplomilla-2\/#primaryimage"},"thumbnailUrl":"https:\/\/liiveri.net\/wp-content\/uploads\/2023\/02\/Eero-Pekka-vaakakuva.jpg","articleSection":["Tarinat","Nuoret","Liiveri","Uutiset"],"inLanguage":"en-GB","potentialAction":[{"@type":"CommentAction","name":"Comment","target":["https:\/\/liiveri.net\/uutiset\/nuori-vaikuttaja-palkittiin-ideat-toteutukseen-diplomilla-2\/#respond"]}]},{"@type":"WebPage","@id":"https:\/\/liiveri.net\/uutiset\/nuori-vaikuttaja-palkittiin-ideat-toteutukseen-diplomilla-2\/","url":"https:\/\/liiveri.net\/uutiset\/nuori-vaikuttaja-palkittiin-ideat-toteutukseen-diplomilla-2\/","name":"Nuori vaikuttaja palkittiin Ideat toteutukseen -diplomilla - Liiveri","isPartOf":{"@id":"https:\/\/liiveri.net\/#website"},"primaryImageOfPage":{"@id":"https:\/\/liiveri.net\/uutiset\/nuori-vaikuttaja-palkittiin-ideat-toteutukseen-diplomilla-2\/#primaryimage"},"image":{"@id":"https:\/\/liiveri.net\/uutiset\/nuori-vaikuttaja-palkittiin-ideat-toteutukseen-diplomilla-2\/#primaryimage"},"thumbnailUrl":"https:\/\/liiveri.net\/wp-content\/uploads\/2023\/02\/Eero-Pekka-vaakakuva.jpg","datePublished":"2022-03-30T18:10:00+00:00","dateModified":"2023-05-04T10:27:19+00:00","breadcrumb":{"@id":"https:\/\/liiveri.net\/uutiset\/nuori-vaikuttaja-palkittiin-ideat-toteutukseen-diplomilla-2\/#breadcrumb"},"inLanguage":"en-GB","potentialAction":[{"@type":"ReadAction","target":["https:\/\/liiveri.net\/uutiset\/nuori-vaikuttaja-palkittiin-ideat-toteutukseen-diplomilla-2\/"]}]},{"@type":"ImageObject","inLanguage":"en-GB","@id":"https:\/\/liiveri.net\/uutiset\/nuori-vaikuttaja-palkittiin-ideat-toteutukseen-diplomilla-2\/#primaryimage","url":"https:\/\/liiveri.net\/wp-content\/uploads\/2023\/02\/Eero-Pekka-vaakakuva.jpg","contentUrl":"https:\/\/liiveri.net\/wp-content\/uploads\/2023\/02\/Eero-Pekka-vaakakuva.jpg","width":1600,"height":1067,"caption":"Eero-Pekka Hautam\u00e4ki."},{"@type":"BreadcrumbList","@id":"https:\/\/liiveri.net\/uutiset\/nuori-vaikuttaja-palkittiin-ideat-toteutukseen-diplomilla-2\/#breadcrumb","itemListElement":[{"@type":"ListItem","position":1,"name":"Etusivu","item":"https:\/\/liiveri.net\/"},{"@type":"ListItem","position":2,"name":"Nuori vaikuttaja palkittiin Ideat toteutukseen -diplomilla"}]},{"@type":"WebSite","@id":"https:\/\/liiveri.net\/#website","url":"https:\/\/liiveri.net\/","name":"Liiveri - Kehitt\u00e4misyhdistys","description":"REILU RAHOITTAJA PALVELUKSESSASI","publisher":{"@id":"https:\/\/liiveri.net\/#organization"},"potentialAction":[{"@type":"SearchAction","target":{"@type":"EntryPoint","urlTemplate":"https:\/\/liiveri.net\/?s={search_term_string}"},"query-input":"required name=search_term_string"}],"inLanguage":"en-GB"},{"@type":"Organization","@id":"https:\/\/liiveri.net\/#organization","name":"Kehitt\u00e4misyhdistys Liiveri ry","url":"https:\/\/liiveri.net\/","logo":{"@type":"ImageObject","inLanguage":"en-GB","@id":"https:\/\/liiveri.net\/#\/schema\/logo\/image\/","url":"https:\/\/liiveri.net\/wp-content\/uploads\/2023\/02\/placeholder.png","contentUrl":"https:\/\/liiveri.net\/wp-content\/uploads\/2023\/02\/placeholder.png","width":1920,"height":1080,"caption":"Kehitt\u00e4misyhdistys Liiveri ry"},"image":{"@id":"https:\/\/liiveri.net\/#\/schema\/logo\/image\/"},"sameAs":["https:\/\/www.facebook.com\/LeaderLiiveri","https:\/\/x.com\/LeaderLiiveri","https:\/\/www.instagram.com\/leaderliiveri\/"]},{"@type":"Person","@id":"https:\/\/liiveri.net\/#\/schema\/person\/4d2151d167ce291fb59ae4929e4f150a","name":"Admin","image":{"@type":"ImageObject","inLanguage":"en-GB","@id":"https:\/\/liiveri.net\/#\/schema\/person\/image\/","url":"https:\/\/liiveri.net\/wp-content\/litespeed\/avatar\/1\/a408f0f48bbe882d38689644bc375f8c.jpg?ver=1777459663","contentUrl":"https:\/\/liiveri.net\/wp-content\/litespeed\/avatar\/1\/a408f0f48bbe882d38689644bc375f8c.jpg?ver=1777459663","caption":"Admin"},"sameAs":["https:\/\/liiveri.net"],"url":"https:\/\/liiveri.net\/en\/uutiset\/author\/admin\/"}]}},"acf":[],"_links":{"self":[{"href":"https:\/\/liiveri.net\/en\/wp-json\/wp\/v2\/posts\/772","targetHints":{"allow":["GET"]}}],"collection":[{"href":"https:\/\/liiveri.net\/en\/wp-json\/wp\/v2\/posts"}],"about":[{"href":"https:\/\/liiveri.net\/en\/wp-json\/wp\/v2\/types\/post"}],"author":[{"embeddable":true,"href":"https:\/\/liiveri.net\/en\/wp-json\/wp\/v2\/users\/1"}],"replies":[{"embeddable":true,"href":"https:\/\/liiveri.net\/en\/wp-json\/wp\/v2\/comments?post=772"}],"version-history":[{"count":0,"href":"https:\/\/liiveri.net\/en\/wp-json\/wp\/v2\/posts\/772\/revisions"}],"wp:featuredmedia":[{"embeddable":true,"href":"https:\/\/liiveri.net\/en\/wp-json\/wp\/v2\/media\/773"}],"wp:attachment":[{"href":"https:\/\/liiveri.net\/en\/wp-json\/wp\/v2\/media?parent=772"}],"wp:term":[{"taxonomy":"category","embeddable":true,"href":"https:\/\/liiveri.net\/en\/wp-json\/wp\/v2\/categories?post=772"},{"taxonomy":"post_tag","embeddable":true,"href":"https:\/\/liiveri.net\/en\/wp-json\/wp\/v2\/tags?post=772"}],"curies":[{"name":"wp","href":"https:\/\/api.w.org\/{rel}","templated":true}]}}