{"id":792,"date":"2022-11-01T10:06:00","date_gmt":"2022-11-01T08:06:00","guid":{"rendered":"https:\/\/liiveri.net\/valokuitu-elinvoiman-takeena-kurikassa-2\/"},"modified":"2023-03-17T15:23:49","modified_gmt":"2023-03-17T13:23:49","slug":"valokuitu-elinvoiman-takeena-kurikassa-2","status":"publish","type":"post","link":"https:\/\/liiveri.net\/en\/uutiset\/valokuitu-elinvoiman-takeena-kurikassa-2\/","title":{"rendered":"Optical fiber as a guarantee of vitality in Kurika"},"content":{"rendered":"<p>The city of Kurika wants to develop its sparsely populated areas by supporting the construction of their high-speed optical fiber network. Kurikka is the first municipality in South Ostrobothnia to utilize the broadband construction support of the EU&#039;s recovery tool. The broadband construction project has been put out to tender in the EP union, and possible fiber optic construction would start in the spring of 2023.<\/p>\n<p>In Kurika, preparations for EU support funding were on time. In the spring of 2021, Kurikka signed up for the Finnish Transport and Communications Agency&#039;s Traficom market study, the analysis of which identified the eligible areas. Getting support also requires a municipal contribution, and the city is prepared for that.<\/p>\n<p>- Long-term work has been done for fiber optic connections. We want to enable our residents and businesses to have fast and secure telecommunication connections, as they will become more and more important for households and businesses in the future as business activities, electronic services and remote work increase. Kurikka wants to be a pioneer in this in South Ostrobothnia, comments the mayor of Kurikka <strong>Anna-Kaisa Pusa<\/strong>.<\/p>\n<p>Several fiber optic projects have been implemented in Kurika since 2018. In one project, the fiber optic needs of companies and farms were mapped, and in other projects, fiber optic networks have been built in different areas. The degree of availability of optical fiber in Kurika&#039;s sparsely populated areas is at the national level, i.e. approx. 50%. Currently, networks are being built in Hirvikyl\u00e4 and Taivalmaa.<\/p>\n<p>For the preparation of the market research carried out in 2021, Kurikka received help from the Leader group&#039;s Vauhtia valokikuutun project and from the Broadband Acceleration project of the EP union. In addition, with the help of the Vauhtia valokukuituu project, information sessions on fiber optics were organized in the villages of Kurika, and fiber optic need surveys were used to map the villages&#039; need for fiber optics.<\/p>\n<p>- I see the actions taken in the project as necessary and I want to emphasize that the need for optical fiber in South Ostrobothnia is very widespread. So far, more than 70 fiber optic information events have been held. About 2,600 village residents who responded to fiber optic needs surveys would be ready to join a fiber optic network, says the information network expert of the Vauhtia valokikuutun project <strong>Mikko Ojainv\u00e4li.<\/strong><\/p>\n<p>With the Vauhtia valokikuuun project, the aim is to make fiber optic available to as many households, farms and companies in Southern Ostrobothnia as possible. The project manager of the project managed by Leader Liiver organizes fiber optic information sessions for village halls and carries out fiber optic needs surveys. The project will end at the beginning of 2023.<\/p>","protected":false},"excerpt":{"rendered":"<p>The city of Kurika wants to develop its sparsely populated areas by supporting the construction of their high-speed optical fiber network. Kurikka is the first municipality in South Ostrobothnia to utilize the broadband construction support of the EU&#039;s recovery tool. The broadband construction project has been put out to tender in the EP union, and possible fiber optic construction would start in the spring of 2023. In Kurika, preparations for EU support funding were on time. In the spring of 2021, Kurikka signed up for the Finnish Transport and Communications Agency&#039;s Traficom market study, the analysis of which identified the eligible areas. Getting support [\u2026]<\/p>","protected":false},"author":1,"featured_media":793,"comment_status":"open","ping_status":"open","sticky":false,"template":"","format":"standard","meta":{"_acf_changed":false,"footnotes":""},"categories":[11,14,9],"tags":[],"class_list":["post-792","post","type-post","status-publish","format-standard","has-post-thumbnail","hentry","category-kylat","category-yhteisot","category-tiedotteet"],"yoast_head":"<!-- This site is optimized with the Yoast SEO plugin v23.3 - https:\/\/yoast.com\/wordpress\/plugins\/seo\/ -->\n<title>Valokuitu elinvoiman takeena Kurikassa - Liiveri<\/title>\n<meta name=\"robots\" content=\"index, follow, max-snippet:-1, max-image-preview:large, max-video-preview:-1\" \/>\n<link rel=\"canonical\" href=\"https:\/\/liiveri.net\/en\/uutiset\/valokuitu-elinvoiman-takeena-kurikassa-2\/\" \/>\n<meta property=\"og:locale\" content=\"en_GB\" \/>\n<meta property=\"og:type\" content=\"article\" \/>\n<meta property=\"og:title\" content=\"Valokuitu elinvoiman takeena Kurikassa - Liiveri\" \/>\n<meta property=\"og:description\" content=\"Kurikan kaupunki haluaa kehitt\u00e4\u00e4 haja-asutusalueitaan tukemalla niiden huippunopean valokuituverkon rakentamista. Kurikka on ensimm\u00e4isen\u00e4 kuntana Etel\u00e4-Pohjanmaalla hy\u00f6dynt\u00e4m\u00e4ss\u00e4 EU:n elpymisv\u00e4lineen laajakaistarakentamisen tukea. Laajakaistarakentamisen hanke on kilpailutettu E-P:n liitossa ja mahdollinen valokuiturakentaminen alkaisi kev\u00e4\u00e4ll\u00e4 2023. Kurikassa oltiin ajoissa liikkeell\u00e4 EU:n tukirahoituksen valmisteluissa. Kev\u00e4\u00e4ll\u00e4 2021 Kurikka ilmoittautui liikenne- ja viestint\u00e4virasto Traficomin markkinatutkimukseen, jonka analyysiss\u00e4 selvitettiin tukikelpoiset alueet. Tuen saaminen [&hellip;]\" \/>\n<meta property=\"og:url\" content=\"https:\/\/liiveri.net\/en\/uutiset\/valokuitu-elinvoiman-takeena-kurikassa-2\/\" \/>\n<meta property=\"og:site_name\" content=\"Liiveri\" \/>\n<meta property=\"article:publisher\" content=\"https:\/\/www.facebook.com\/LeaderLiiveri\" \/>\n<meta property=\"article:published_time\" content=\"2022-11-01T08:06:00+00:00\" \/>\n<meta property=\"article:modified_time\" content=\"2023-03-17T13:23:49+00:00\" \/>\n<meta property=\"og:image\" content=\"https:\/\/liiveri.net\/wp-content\/uploads\/2023\/02\/Valokuitu-2.jpg\" \/>\n\t<meta property=\"og:image:width\" content=\"1200\" \/>\n\t<meta property=\"og:image:height\" content=\"700\" \/>\n\t<meta property=\"og:image:type\" content=\"image\/jpeg\" \/>\n<meta name=\"author\" content=\"Admin\" \/>\n<meta name=\"twitter:card\" content=\"summary_large_image\" \/>\n<meta name=\"twitter:creator\" content=\"@LeaderLiiveri\" \/>\n<meta name=\"twitter:site\" content=\"@LeaderLiiveri\" \/>\n<meta name=\"twitter:label1\" content=\"Written by\" \/>\n\t<meta name=\"twitter:data1\" content=\"Admin\" \/>\n\t<meta name=\"twitter:label2\" content=\"Estimated reading time\" \/>\n\t<meta name=\"twitter:data2\" content=\"2 minutes\" \/>\n<script type=\"application\/ld+json\" class=\"yoast-schema-graph\">{\"@context\":\"https:\/\/schema.org\",\"@graph\":[{\"@type\":\"Article\",\"@id\":\"https:\/\/liiveri.net\/uutiset\/valokuitu-elinvoiman-takeena-kurikassa-2\/#article\",\"isPartOf\":{\"@id\":\"https:\/\/liiveri.net\/uutiset\/valokuitu-elinvoiman-takeena-kurikassa-2\/\"},\"author\":{\"name\":\"Admin\",\"@id\":\"https:\/\/liiveri.net\/#\/schema\/person\/4d2151d167ce291fb59ae4929e4f150a\"},\"headline\":\"Valokuitu elinvoiman takeena Kurikassa\",\"datePublished\":\"2022-11-01T08:06:00+00:00\",\"dateModified\":\"2023-03-17T13:23:49+00:00\",\"mainEntityOfPage\":{\"@id\":\"https:\/\/liiveri.net\/uutiset\/valokuitu-elinvoiman-takeena-kurikassa-2\/\"},\"wordCount\":289,\"commentCount\":0,\"publisher\":{\"@id\":\"https:\/\/liiveri.net\/#organization\"},\"image\":{\"@id\":\"https:\/\/liiveri.net\/uutiset\/valokuitu-elinvoiman-takeena-kurikassa-2\/#primaryimage\"},\"thumbnailUrl\":\"https:\/\/liiveri.net\/wp-content\/uploads\/2023\/02\/Valokuitu-2.jpg\",\"articleSection\":[\"Kyl\u00e4t\",\"Yhteis\u00f6t\",\"Tiedotteet\"],\"inLanguage\":\"en-GB\",\"potentialAction\":[{\"@type\":\"CommentAction\",\"name\":\"Comment\",\"target\":[\"https:\/\/liiveri.net\/uutiset\/valokuitu-elinvoiman-takeena-kurikassa-2\/#respond\"]}]},{\"@type\":\"WebPage\",\"@id\":\"https:\/\/liiveri.net\/uutiset\/valokuitu-elinvoiman-takeena-kurikassa-2\/\",\"url\":\"https:\/\/liiveri.net\/uutiset\/valokuitu-elinvoiman-takeena-kurikassa-2\/\",\"name\":\"Valokuitu elinvoiman takeena Kurikassa - Liiveri\",\"isPartOf\":{\"@id\":\"https:\/\/liiveri.net\/#website\"},\"primaryImageOfPage\":{\"@id\":\"https:\/\/liiveri.net\/uutiset\/valokuitu-elinvoiman-takeena-kurikassa-2\/#primaryimage\"},\"image\":{\"@id\":\"https:\/\/liiveri.net\/uutiset\/valokuitu-elinvoiman-takeena-kurikassa-2\/#primaryimage\"},\"thumbnailUrl\":\"https:\/\/liiveri.net\/wp-content\/uploads\/2023\/02\/Valokuitu-2.jpg\",\"datePublished\":\"2022-11-01T08:06:00+00:00\",\"dateModified\":\"2023-03-17T13:23:49+00:00\",\"breadcrumb\":{\"@id\":\"https:\/\/liiveri.net\/uutiset\/valokuitu-elinvoiman-takeena-kurikassa-2\/#breadcrumb\"},\"inLanguage\":\"en-GB\",\"potentialAction\":[{\"@type\":\"ReadAction\",\"target\":[\"https:\/\/liiveri.net\/uutiset\/valokuitu-elinvoiman-takeena-kurikassa-2\/\"]}]},{\"@type\":\"ImageObject\",\"inLanguage\":\"en-GB\",\"@id\":\"https:\/\/liiveri.net\/uutiset\/valokuitu-elinvoiman-takeena-kurikassa-2\/#primaryimage\",\"url\":\"https:\/\/liiveri.net\/wp-content\/uploads\/2023\/02\/Valokuitu-2.jpg\",\"contentUrl\":\"https:\/\/liiveri.net\/wp-content\/uploads\/2023\/02\/Valokuitu-2.jpg\",\"width\":1200,\"height\":700,\"caption\":\"Valokuitukeloja.\"},{\"@type\":\"BreadcrumbList\",\"@id\":\"https:\/\/liiveri.net\/uutiset\/valokuitu-elinvoiman-takeena-kurikassa-2\/#breadcrumb\",\"itemListElement\":[{\"@type\":\"ListItem\",\"position\":1,\"name\":\"Etusivu\",\"item\":\"https:\/\/liiveri.net\/\"},{\"@type\":\"ListItem\",\"position\":2,\"name\":\"Valokuitu elinvoiman takeena Kurikassa\"}]},{\"@type\":\"WebSite\",\"@id\":\"https:\/\/liiveri.net\/#website\",\"url\":\"https:\/\/liiveri.net\/\",\"name\":\"Liiveri - Kehitt\u00e4misyhdistys\",\"description\":\"REILU RAHOITTAJA PALVELUKSESSASI\",\"publisher\":{\"@id\":\"https:\/\/liiveri.net\/#organization\"},\"potentialAction\":[{\"@type\":\"SearchAction\",\"target\":{\"@type\":\"EntryPoint\",\"urlTemplate\":\"https:\/\/liiveri.net\/?s={search_term_string}\"},\"query-input\":\"required name=search_term_string\"}],\"inLanguage\":\"en-GB\"},{\"@type\":\"Organization\",\"@id\":\"https:\/\/liiveri.net\/#organization\",\"name\":\"Kehitt\u00e4misyhdistys Liiveri ry\",\"url\":\"https:\/\/liiveri.net\/\",\"logo\":{\"@type\":\"ImageObject\",\"inLanguage\":\"en-GB\",\"@id\":\"https:\/\/liiveri.net\/#\/schema\/logo\/image\/\",\"url\":\"https:\/\/liiveri.net\/wp-content\/uploads\/2023\/02\/placeholder.png\",\"contentUrl\":\"https:\/\/liiveri.net\/wp-content\/uploads\/2023\/02\/placeholder.png\",\"width\":1920,\"height\":1080,\"caption\":\"Kehitt\u00e4misyhdistys Liiveri ry\"},\"image\":{\"@id\":\"https:\/\/liiveri.net\/#\/schema\/logo\/image\/\"},\"sameAs\":[\"https:\/\/www.facebook.com\/LeaderLiiveri\",\"https:\/\/x.com\/LeaderLiiveri\",\"https:\/\/www.instagram.com\/leaderliiveri\/\"]},{\"@type\":\"Person\",\"@id\":\"https:\/\/liiveri.net\/#\/schema\/person\/4d2151d167ce291fb59ae4929e4f150a\",\"name\":\"Admin\",\"image\":{\"@type\":\"ImageObject\",\"inLanguage\":\"en-GB\",\"@id\":\"https:\/\/liiveri.net\/#\/schema\/person\/image\/\",\"url\":\"https:\/\/liiveri.net\/wp-content\/litespeed\/avatar\/1\/a408f0f48bbe882d38689644bc375f8c.jpg?ver=1777459663\",\"contentUrl\":\"https:\/\/liiveri.net\/wp-content\/litespeed\/avatar\/1\/a408f0f48bbe882d38689644bc375f8c.jpg?ver=1777459663\",\"caption\":\"Admin\"},\"sameAs\":[\"https:\/\/liiveri.net\"],\"url\":\"https:\/\/liiveri.net\/en\/uutiset\/author\/admin\/\"}]}<\/script>\n<!-- \/ Yoast SEO plugin. -->","yoast_head_json":{"title":"Valokuitu elinvoiman takeena Kurikassa - Liiveri","robots":{"index":"index","follow":"follow","max-snippet":"max-snippet:-1","max-image-preview":"max-image-preview:large","max-video-preview":"max-video-preview:-1"},"canonical":"https:\/\/liiveri.net\/en\/uutiset\/valokuitu-elinvoiman-takeena-kurikassa-2\/","og_locale":"en_GB","og_type":"article","og_title":"Valokuitu elinvoiman takeena Kurikassa - Liiveri","og_description":"Kurikan kaupunki haluaa kehitt\u00e4\u00e4 haja-asutusalueitaan tukemalla niiden huippunopean valokuituverkon rakentamista. Kurikka on ensimm\u00e4isen\u00e4 kuntana Etel\u00e4-Pohjanmaalla hy\u00f6dynt\u00e4m\u00e4ss\u00e4 EU:n elpymisv\u00e4lineen laajakaistarakentamisen tukea. Laajakaistarakentamisen hanke on kilpailutettu E-P:n liitossa ja mahdollinen valokuiturakentaminen alkaisi kev\u00e4\u00e4ll\u00e4 2023. Kurikassa oltiin ajoissa liikkeell\u00e4 EU:n tukirahoituksen valmisteluissa. Kev\u00e4\u00e4ll\u00e4 2021 Kurikka ilmoittautui liikenne- ja viestint\u00e4virasto Traficomin markkinatutkimukseen, jonka analyysiss\u00e4 selvitettiin tukikelpoiset alueet. Tuen saaminen [&hellip;]","og_url":"https:\/\/liiveri.net\/en\/uutiset\/valokuitu-elinvoiman-takeena-kurikassa-2\/","og_site_name":"Liiveri","article_publisher":"https:\/\/www.facebook.com\/LeaderLiiveri","article_published_time":"2022-11-01T08:06:00+00:00","article_modified_time":"2023-03-17T13:23:49+00:00","og_image":[{"width":1200,"height":700,"url":"https:\/\/liiveri.net\/wp-content\/uploads\/2023\/02\/Valokuitu-2.jpg","type":"image\/jpeg"}],"author":"Admin","twitter_card":"summary_large_image","twitter_creator":"@LeaderLiiveri","twitter_site":"@LeaderLiiveri","twitter_misc":{"Written by":"Admin","Estimated reading time":"2 minutes"},"schema":{"@context":"https:\/\/schema.org","@graph":[{"@type":"Article","@id":"https:\/\/liiveri.net\/uutiset\/valokuitu-elinvoiman-takeena-kurikassa-2\/#article","isPartOf":{"@id":"https:\/\/liiveri.net\/uutiset\/valokuitu-elinvoiman-takeena-kurikassa-2\/"},"author":{"name":"Admin","@id":"https:\/\/liiveri.net\/#\/schema\/person\/4d2151d167ce291fb59ae4929e4f150a"},"headline":"Valokuitu elinvoiman takeena Kurikassa","datePublished":"2022-11-01T08:06:00+00:00","dateModified":"2023-03-17T13:23:49+00:00","mainEntityOfPage":{"@id":"https:\/\/liiveri.net\/uutiset\/valokuitu-elinvoiman-takeena-kurikassa-2\/"},"wordCount":289,"commentCount":0,"publisher":{"@id":"https:\/\/liiveri.net\/#organization"},"image":{"@id":"https:\/\/liiveri.net\/uutiset\/valokuitu-elinvoiman-takeena-kurikassa-2\/#primaryimage"},"thumbnailUrl":"https:\/\/liiveri.net\/wp-content\/uploads\/2023\/02\/Valokuitu-2.jpg","articleSection":["Kyl\u00e4t","Yhteis\u00f6t","Tiedotteet"],"inLanguage":"en-GB","potentialAction":[{"@type":"CommentAction","name":"Comment","target":["https:\/\/liiveri.net\/uutiset\/valokuitu-elinvoiman-takeena-kurikassa-2\/#respond"]}]},{"@type":"WebPage","@id":"https:\/\/liiveri.net\/uutiset\/valokuitu-elinvoiman-takeena-kurikassa-2\/","url":"https:\/\/liiveri.net\/uutiset\/valokuitu-elinvoiman-takeena-kurikassa-2\/","name":"Valokuitu elinvoiman takeena Kurikassa - Liiveri","isPartOf":{"@id":"https:\/\/liiveri.net\/#website"},"primaryImageOfPage":{"@id":"https:\/\/liiveri.net\/uutiset\/valokuitu-elinvoiman-takeena-kurikassa-2\/#primaryimage"},"image":{"@id":"https:\/\/liiveri.net\/uutiset\/valokuitu-elinvoiman-takeena-kurikassa-2\/#primaryimage"},"thumbnailUrl":"https:\/\/liiveri.net\/wp-content\/uploads\/2023\/02\/Valokuitu-2.jpg","datePublished":"2022-11-01T08:06:00+00:00","dateModified":"2023-03-17T13:23:49+00:00","breadcrumb":{"@id":"https:\/\/liiveri.net\/uutiset\/valokuitu-elinvoiman-takeena-kurikassa-2\/#breadcrumb"},"inLanguage":"en-GB","potentialAction":[{"@type":"ReadAction","target":["https:\/\/liiveri.net\/uutiset\/valokuitu-elinvoiman-takeena-kurikassa-2\/"]}]},{"@type":"ImageObject","inLanguage":"en-GB","@id":"https:\/\/liiveri.net\/uutiset\/valokuitu-elinvoiman-takeena-kurikassa-2\/#primaryimage","url":"https:\/\/liiveri.net\/wp-content\/uploads\/2023\/02\/Valokuitu-2.jpg","contentUrl":"https:\/\/liiveri.net\/wp-content\/uploads\/2023\/02\/Valokuitu-2.jpg","width":1200,"height":700,"caption":"Valokuitukeloja."},{"@type":"BreadcrumbList","@id":"https:\/\/liiveri.net\/uutiset\/valokuitu-elinvoiman-takeena-kurikassa-2\/#breadcrumb","itemListElement":[{"@type":"ListItem","position":1,"name":"Etusivu","item":"https:\/\/liiveri.net\/"},{"@type":"ListItem","position":2,"name":"Valokuitu elinvoiman takeena Kurikassa"}]},{"@type":"WebSite","@id":"https:\/\/liiveri.net\/#website","url":"https:\/\/liiveri.net\/","name":"Liiveri - Kehitt\u00e4misyhdistys","description":"REILU RAHOITTAJA PALVELUKSESSASI","publisher":{"@id":"https:\/\/liiveri.net\/#organization"},"potentialAction":[{"@type":"SearchAction","target":{"@type":"EntryPoint","urlTemplate":"https:\/\/liiveri.net\/?s={search_term_string}"},"query-input":"required name=search_term_string"}],"inLanguage":"en-GB"},{"@type":"Organization","@id":"https:\/\/liiveri.net\/#organization","name":"Kehitt\u00e4misyhdistys Liiveri ry","url":"https:\/\/liiveri.net\/","logo":{"@type":"ImageObject","inLanguage":"en-GB","@id":"https:\/\/liiveri.net\/#\/schema\/logo\/image\/","url":"https:\/\/liiveri.net\/wp-content\/uploads\/2023\/02\/placeholder.png","contentUrl":"https:\/\/liiveri.net\/wp-content\/uploads\/2023\/02\/placeholder.png","width":1920,"height":1080,"caption":"Kehitt\u00e4misyhdistys Liiveri ry"},"image":{"@id":"https:\/\/liiveri.net\/#\/schema\/logo\/image\/"},"sameAs":["https:\/\/www.facebook.com\/LeaderLiiveri","https:\/\/x.com\/LeaderLiiveri","https:\/\/www.instagram.com\/leaderliiveri\/"]},{"@type":"Person","@id":"https:\/\/liiveri.net\/#\/schema\/person\/4d2151d167ce291fb59ae4929e4f150a","name":"Admin","image":{"@type":"ImageObject","inLanguage":"en-GB","@id":"https:\/\/liiveri.net\/#\/schema\/person\/image\/","url":"https:\/\/liiveri.net\/wp-content\/litespeed\/avatar\/1\/a408f0f48bbe882d38689644bc375f8c.jpg?ver=1777459663","contentUrl":"https:\/\/liiveri.net\/wp-content\/litespeed\/avatar\/1\/a408f0f48bbe882d38689644bc375f8c.jpg?ver=1777459663","caption":"Admin"},"sameAs":["https:\/\/liiveri.net"],"url":"https:\/\/liiveri.net\/en\/uutiset\/author\/admin\/"}]}},"acf":[],"_links":{"self":[{"href":"https:\/\/liiveri.net\/en\/wp-json\/wp\/v2\/posts\/792","targetHints":{"allow":["GET"]}}],"collection":[{"href":"https:\/\/liiveri.net\/en\/wp-json\/wp\/v2\/posts"}],"about":[{"href":"https:\/\/liiveri.net\/en\/wp-json\/wp\/v2\/types\/post"}],"author":[{"embeddable":true,"href":"https:\/\/liiveri.net\/en\/wp-json\/wp\/v2\/users\/1"}],"replies":[{"embeddable":true,"href":"https:\/\/liiveri.net\/en\/wp-json\/wp\/v2\/comments?post=792"}],"version-history":[{"count":0,"href":"https:\/\/liiveri.net\/en\/wp-json\/wp\/v2\/posts\/792\/revisions"}],"wp:featuredmedia":[{"embeddable":true,"href":"https:\/\/liiveri.net\/en\/wp-json\/wp\/v2\/media\/793"}],"wp:attachment":[{"href":"https:\/\/liiveri.net\/en\/wp-json\/wp\/v2\/media?parent=792"}],"wp:term":[{"taxonomy":"category","embeddable":true,"href":"https:\/\/liiveri.net\/en\/wp-json\/wp\/v2\/categories?post=792"},{"taxonomy":"post_tag","embeddable":true,"href":"https:\/\/liiveri.net\/en\/wp-json\/wp\/v2\/tags?post=792"}],"curies":[{"name":"wp","href":"https:\/\/api.w.org\/{rel}","templated":true}]}}