{"id":802,"date":"2022-12-13T14:07:00","date_gmt":"2022-12-13T12:07:00","guid":{"rendered":"https:\/\/liiveri.net\/jokipii-ahonkyla-on-vuoden-etelapohjalainen-kyla-2\/"},"modified":"2023-05-04T13:27:02","modified_gmt":"2023-05-04T10:27:02","slug":"jokipii-ahonkyla-on-vuoden-etelapohjalainen-kyla-2","status":"publish","type":"post","link":"https:\/\/liiveri.net\/en\/uutiset\/jokipii-ahonkyla-on-vuoden-etelapohjalainen-kyla-2\/","title":{"rendered":"Jokipii-Ahonkyl\u00e4 is the southern Pohja village of the year"},"content":{"rendered":"<p><em>The village of the year was chosen in Alavude&#039;s K\u00e4tk\u00e4njoki at the beginning of December. Photo: Juha Iso-Tuisku.<\/em><\/p>\n<p>The fall meeting of Etel\u00e4pohjalaiset Kyl\u00e4t ry was held in the traditional way in the previous year&#039;s village of the year, this time in Alavude&#039;s K\u00e4tk\u00e4njoki on December 3, 2022. Jokipii-Ahonkyl\u00e4 from Kurikan&#039;s Jalasj\u00e4rvi was chosen as the southern Pohja village of 2022.<\/p>\n<p>By choosing the village of the year, we want to highlight the versatile activities of the villages and increase the recognition and visibility of village activities. The goal is to find active villages, successful village activities and get good examples of village activities and cooperation.<\/p>\n<p>- It&#039;s great that one of the most vibrant villages in our region received recognition this year, acting as the chairman of Liiver&#039;s board of directors <strong>Tarja Pienim\u00e4ki<\/strong> says.<\/p>\n<p>The Jokipii-Ahonkyl\u00e4 area is a settlement center that grew up around the shoe factory, where about 930 inhabitants live. Metsola elementary school has 60 students and Jokipii kindergarten has 32 children.<\/p>\n<p>The village is active and several projects have been carried out there, such as the renovation of Pettulamme in 1999 and the renovation of the village park. The renovation of the youth club Alanen has started in 2020. Funding for the renovation of the house has been collected from the rural market in Jokipi, which has already been organized 10 times. The market has had about 3,000 visitors every year. Grants have been received from the Kotiseutuliito, because the Alanen area is under cultural and historical protection.<\/p>\n<p>- The village has had several Leader-financed projects over the years. It is a pleasure to be involved in supporting the development of an active village, says Tarja Pienim\u00e4ki.<\/p>\n<p>Future projects include the roof repair of Alanen and improvement of accessibility, the lighting of the village park, the restoration of the long trees on the Ponsiluoma route, the restoration of Jalasj\u00e4rvi lake and the improvement of the highway crossing area.<\/p>\n<p>The village is involved in the cooperation group of villages in Jalasj\u00e4rvi.<\/p>\n<p>The village of the year in Etel\u00e4pohja is also announced as a candidate for the national village of the year, which is chosen by Suomen Kyl\u00e4t ry.<\/p>","protected":false},"excerpt":{"rendered":"<p>The village of the year was chosen in Alavude&#039;s K\u00e4tk\u00e4njoki at the beginning of December. Photo: Juha Iso-Tuisku. The autumn meeting of Etel\u00e4pohjalaiset Kyl\u00e4t ry was held in the traditional way in the previous year&#039;s village of the year, this time in Alavude&#039;s K\u00e4tk\u00e4njoki on December 3, 2022. Jokipii-Ahonkyl\u00e4 from Kurikan&#039;s Jalasj\u00e4rvi was chosen as the southern Pohja village of 2022. By choosing the village of the year, we want to highlight the versatile activities of the villages and increase the recognition and visibility of village activities. The goal is to find active villages, [\u2026]<\/p>","protected":false},"author":1,"featured_media":803,"comment_status":"open","ping_status":"open","sticky":false,"template":"","format":"standard","meta":{"_acf_changed":false,"footnotes":""},"categories":[9,10,11,14,30],"tags":[],"class_list":["post-802","post","type-post","status-publish","format-standard","has-post-thumbnail","hentry","category-tiedotteet","category-tarinat","category-kylat","category-yhteisot","category-uutiset"],"yoast_head":"<!-- This site is optimized with the Yoast SEO plugin v23.3 - https:\/\/yoast.com\/wordpress\/plugins\/seo\/ -->\n<title>Jokipii-Ahonkyl\u00e4 on vuoden etel\u00e4pohjalainen kyl\u00e4 - Liiveri<\/title>\n<meta name=\"robots\" content=\"index, follow, max-snippet:-1, max-image-preview:large, max-video-preview:-1\" \/>\n<link rel=\"canonical\" href=\"https:\/\/liiveri.net\/en\/uutiset\/jokipii-ahonkyla-on-vuoden-etelapohjalainen-kyla-2\/\" \/>\n<meta property=\"og:locale\" content=\"en_GB\" \/>\n<meta property=\"og:type\" content=\"article\" \/>\n<meta property=\"og:title\" content=\"Jokipii-Ahonkyl\u00e4 on vuoden etel\u00e4pohjalainen kyl\u00e4 - Liiveri\" \/>\n<meta property=\"og:description\" content=\"Vuoden kyl\u00e4 valittiin Alavuden K\u00e4tk\u00e4njoella joulukuun alussa. Kuva: Juha Iso-Tuisku. Etel\u00e4pohjalaiset Kyl\u00e4t ry:n syyskokous pidettiin perinteiseen tapaan edellisen vuoden Vuoden kyl\u00e4ss\u00e4 eli t\u00e4ll\u00e4 kertaa Alavuden K\u00e4tk\u00e4njoella 3.12.2022. Vuoden 2022 etel\u00e4pohjalaiseksi kyl\u00e4ksi valittiin Jokipii-Ahonkyl\u00e4 Kurikan Jalasj\u00e4rvelt\u00e4. Vuoden kyl\u00e4n valinnalla halutaan nostaa esiin kylien monipuolista toimintaa ja lis\u00e4t\u00e4 kyl\u00e4toiminnan tunnettavuutta ja n\u00e4kyvyytt\u00e4. Tavoitteena on l\u00f6yt\u00e4\u00e4 aktiivisia kyli\u00e4, [&hellip;]\" \/>\n<meta property=\"og:url\" content=\"https:\/\/liiveri.net\/en\/uutiset\/jokipii-ahonkyla-on-vuoden-etelapohjalainen-kyla-2\/\" \/>\n<meta property=\"og:site_name\" content=\"Liiveri\" \/>\n<meta property=\"article:publisher\" content=\"https:\/\/www.facebook.com\/LeaderLiiveri\" \/>\n<meta property=\"article:published_time\" content=\"2022-12-13T12:07:00+00:00\" \/>\n<meta property=\"article:modified_time\" content=\"2023-05-04T10:27:02+00:00\" \/>\n<meta property=\"og:image\" content=\"https:\/\/liiveri.net\/wp-content\/uploads\/2023\/02\/Juha-Iso-Tuisku-Vuoden-kyla.jpg\" \/>\n\t<meta property=\"og:image:width\" content=\"768\" \/>\n\t<meta property=\"og:image:height\" content=\"509\" \/>\n\t<meta property=\"og:image:type\" content=\"image\/jpeg\" \/>\n<meta name=\"author\" content=\"Admin\" \/>\n<meta name=\"twitter:card\" content=\"summary_large_image\" \/>\n<meta name=\"twitter:creator\" content=\"@LeaderLiiveri\" \/>\n<meta name=\"twitter:site\" content=\"@LeaderLiiveri\" \/>\n<meta name=\"twitter:label1\" content=\"Written by\" \/>\n\t<meta name=\"twitter:data1\" content=\"Admin\" \/>\n\t<meta name=\"twitter:label2\" content=\"Estimated reading time\" \/>\n\t<meta name=\"twitter:data2\" content=\"2 minutes\" \/>\n<script type=\"application\/ld+json\" class=\"yoast-schema-graph\">{\"@context\":\"https:\/\/schema.org\",\"@graph\":[{\"@type\":\"Article\",\"@id\":\"https:\/\/liiveri.net\/uutiset\/jokipii-ahonkyla-on-vuoden-etelapohjalainen-kyla-2\/#article\",\"isPartOf\":{\"@id\":\"https:\/\/liiveri.net\/uutiset\/jokipii-ahonkyla-on-vuoden-etelapohjalainen-kyla-2\/\"},\"author\":{\"name\":\"Admin\",\"@id\":\"https:\/\/liiveri.net\/#\/schema\/person\/4d2151d167ce291fb59ae4929e4f150a\"},\"headline\":\"Jokipii-Ahonkyl\u00e4 on vuoden etel\u00e4pohjalainen kyl\u00e4\",\"datePublished\":\"2022-12-13T12:07:00+00:00\",\"dateModified\":\"2023-05-04T10:27:02+00:00\",\"mainEntityOfPage\":{\"@id\":\"https:\/\/liiveri.net\/uutiset\/jokipii-ahonkyla-on-vuoden-etelapohjalainen-kyla-2\/\"},\"wordCount\":265,\"commentCount\":0,\"publisher\":{\"@id\":\"https:\/\/liiveri.net\/#organization\"},\"image\":{\"@id\":\"https:\/\/liiveri.net\/uutiset\/jokipii-ahonkyla-on-vuoden-etelapohjalainen-kyla-2\/#primaryimage\"},\"thumbnailUrl\":\"https:\/\/liiveri.net\/wp-content\/uploads\/2023\/02\/Juha-Iso-Tuisku-Vuoden-kyla.jpg\",\"articleSection\":[\"Tiedotteet\",\"Tarinat\",\"Kyl\u00e4t\",\"Yhteis\u00f6t\",\"Uutiset\"],\"inLanguage\":\"en-GB\",\"potentialAction\":[{\"@type\":\"CommentAction\",\"name\":\"Comment\",\"target\":[\"https:\/\/liiveri.net\/uutiset\/jokipii-ahonkyla-on-vuoden-etelapohjalainen-kyla-2\/#respond\"]}]},{\"@type\":\"WebPage\",\"@id\":\"https:\/\/liiveri.net\/uutiset\/jokipii-ahonkyla-on-vuoden-etelapohjalainen-kyla-2\/\",\"url\":\"https:\/\/liiveri.net\/uutiset\/jokipii-ahonkyla-on-vuoden-etelapohjalainen-kyla-2\/\",\"name\":\"Jokipii-Ahonkyl\u00e4 on vuoden etel\u00e4pohjalainen kyl\u00e4 - Liiveri\",\"isPartOf\":{\"@id\":\"https:\/\/liiveri.net\/#website\"},\"primaryImageOfPage\":{\"@id\":\"https:\/\/liiveri.net\/uutiset\/jokipii-ahonkyla-on-vuoden-etelapohjalainen-kyla-2\/#primaryimage\"},\"image\":{\"@id\":\"https:\/\/liiveri.net\/uutiset\/jokipii-ahonkyla-on-vuoden-etelapohjalainen-kyla-2\/#primaryimage\"},\"thumbnailUrl\":\"https:\/\/liiveri.net\/wp-content\/uploads\/2023\/02\/Juha-Iso-Tuisku-Vuoden-kyla.jpg\",\"datePublished\":\"2022-12-13T12:07:00+00:00\",\"dateModified\":\"2023-05-04T10:27:02+00:00\",\"breadcrumb\":{\"@id\":\"https:\/\/liiveri.net\/uutiset\/jokipii-ahonkyla-on-vuoden-etelapohjalainen-kyla-2\/#breadcrumb\"},\"inLanguage\":\"en-GB\",\"potentialAction\":[{\"@type\":\"ReadAction\",\"target\":[\"https:\/\/liiveri.net\/uutiset\/jokipii-ahonkyla-on-vuoden-etelapohjalainen-kyla-2\/\"]}]},{\"@type\":\"ImageObject\",\"inLanguage\":\"en-GB\",\"@id\":\"https:\/\/liiveri.net\/uutiset\/jokipii-ahonkyla-on-vuoden-etelapohjalainen-kyla-2\/#primaryimage\",\"url\":\"https:\/\/liiveri.net\/wp-content\/uploads\/2023\/02\/Juha-Iso-Tuisku-Vuoden-kyla.jpg\",\"contentUrl\":\"https:\/\/liiveri.net\/wp-content\/uploads\/2023\/02\/Juha-Iso-Tuisku-Vuoden-kyla.jpg\",\"width\":768,\"height\":509,\"caption\":\"Porukka vastaanottamassa palkintoa.\"},{\"@type\":\"BreadcrumbList\",\"@id\":\"https:\/\/liiveri.net\/uutiset\/jokipii-ahonkyla-on-vuoden-etelapohjalainen-kyla-2\/#breadcrumb\",\"itemListElement\":[{\"@type\":\"ListItem\",\"position\":1,\"name\":\"Etusivu\",\"item\":\"https:\/\/liiveri.net\/\"},{\"@type\":\"ListItem\",\"position\":2,\"name\":\"Jokipii-Ahonkyl\u00e4 on vuoden etel\u00e4pohjalainen kyl\u00e4\"}]},{\"@type\":\"WebSite\",\"@id\":\"https:\/\/liiveri.net\/#website\",\"url\":\"https:\/\/liiveri.net\/\",\"name\":\"Liiveri - Kehitt\u00e4misyhdistys\",\"description\":\"REILU RAHOITTAJA PALVELUKSESSASI\",\"publisher\":{\"@id\":\"https:\/\/liiveri.net\/#organization\"},\"potentialAction\":[{\"@type\":\"SearchAction\",\"target\":{\"@type\":\"EntryPoint\",\"urlTemplate\":\"https:\/\/liiveri.net\/?s={search_term_string}\"},\"query-input\":\"required name=search_term_string\"}],\"inLanguage\":\"en-GB\"},{\"@type\":\"Organization\",\"@id\":\"https:\/\/liiveri.net\/#organization\",\"name\":\"Kehitt\u00e4misyhdistys Liiveri ry\",\"url\":\"https:\/\/liiveri.net\/\",\"logo\":{\"@type\":\"ImageObject\",\"inLanguage\":\"en-GB\",\"@id\":\"https:\/\/liiveri.net\/#\/schema\/logo\/image\/\",\"url\":\"https:\/\/liiveri.net\/wp-content\/uploads\/2023\/02\/placeholder.png\",\"contentUrl\":\"https:\/\/liiveri.net\/wp-content\/uploads\/2023\/02\/placeholder.png\",\"width\":1920,\"height\":1080,\"caption\":\"Kehitt\u00e4misyhdistys Liiveri ry\"},\"image\":{\"@id\":\"https:\/\/liiveri.net\/#\/schema\/logo\/image\/\"},\"sameAs\":[\"https:\/\/www.facebook.com\/LeaderLiiveri\",\"https:\/\/x.com\/LeaderLiiveri\",\"https:\/\/www.instagram.com\/leaderliiveri\/\"]},{\"@type\":\"Person\",\"@id\":\"https:\/\/liiveri.net\/#\/schema\/person\/4d2151d167ce291fb59ae4929e4f150a\",\"name\":\"Admin\",\"image\":{\"@type\":\"ImageObject\",\"inLanguage\":\"en-GB\",\"@id\":\"https:\/\/liiveri.net\/#\/schema\/person\/image\/\",\"url\":\"https:\/\/liiveri.net\/wp-content\/litespeed\/avatar\/1\/a408f0f48bbe882d38689644bc375f8c.jpg?ver=1777459663\",\"contentUrl\":\"https:\/\/liiveri.net\/wp-content\/litespeed\/avatar\/1\/a408f0f48bbe882d38689644bc375f8c.jpg?ver=1777459663\",\"caption\":\"Admin\"},\"sameAs\":[\"https:\/\/liiveri.net\"],\"url\":\"https:\/\/liiveri.net\/en\/uutiset\/author\/admin\/\"}]}<\/script>\n<!-- \/ Yoast SEO plugin. -->","yoast_head_json":{"title":"Jokipii-Ahonkyl\u00e4 on vuoden etel\u00e4pohjalainen kyl\u00e4 - Liiveri","robots":{"index":"index","follow":"follow","max-snippet":"max-snippet:-1","max-image-preview":"max-image-preview:large","max-video-preview":"max-video-preview:-1"},"canonical":"https:\/\/liiveri.net\/en\/uutiset\/jokipii-ahonkyla-on-vuoden-etelapohjalainen-kyla-2\/","og_locale":"en_GB","og_type":"article","og_title":"Jokipii-Ahonkyl\u00e4 on vuoden etel\u00e4pohjalainen kyl\u00e4 - Liiveri","og_description":"Vuoden kyl\u00e4 valittiin Alavuden K\u00e4tk\u00e4njoella joulukuun alussa. Kuva: Juha Iso-Tuisku. Etel\u00e4pohjalaiset Kyl\u00e4t ry:n syyskokous pidettiin perinteiseen tapaan edellisen vuoden Vuoden kyl\u00e4ss\u00e4 eli t\u00e4ll\u00e4 kertaa Alavuden K\u00e4tk\u00e4njoella 3.12.2022. Vuoden 2022 etel\u00e4pohjalaiseksi kyl\u00e4ksi valittiin Jokipii-Ahonkyl\u00e4 Kurikan Jalasj\u00e4rvelt\u00e4. Vuoden kyl\u00e4n valinnalla halutaan nostaa esiin kylien monipuolista toimintaa ja lis\u00e4t\u00e4 kyl\u00e4toiminnan tunnettavuutta ja n\u00e4kyvyytt\u00e4. Tavoitteena on l\u00f6yt\u00e4\u00e4 aktiivisia kyli\u00e4, [&hellip;]","og_url":"https:\/\/liiveri.net\/en\/uutiset\/jokipii-ahonkyla-on-vuoden-etelapohjalainen-kyla-2\/","og_site_name":"Liiveri","article_publisher":"https:\/\/www.facebook.com\/LeaderLiiveri","article_published_time":"2022-12-13T12:07:00+00:00","article_modified_time":"2023-05-04T10:27:02+00:00","og_image":[{"width":768,"height":509,"url":"https:\/\/liiveri.net\/wp-content\/uploads\/2023\/02\/Juha-Iso-Tuisku-Vuoden-kyla.jpg","type":"image\/jpeg"}],"author":"Admin","twitter_card":"summary_large_image","twitter_creator":"@LeaderLiiveri","twitter_site":"@LeaderLiiveri","twitter_misc":{"Written by":"Admin","Estimated reading time":"2 minutes"},"schema":{"@context":"https:\/\/schema.org","@graph":[{"@type":"Article","@id":"https:\/\/liiveri.net\/uutiset\/jokipii-ahonkyla-on-vuoden-etelapohjalainen-kyla-2\/#article","isPartOf":{"@id":"https:\/\/liiveri.net\/uutiset\/jokipii-ahonkyla-on-vuoden-etelapohjalainen-kyla-2\/"},"author":{"name":"Admin","@id":"https:\/\/liiveri.net\/#\/schema\/person\/4d2151d167ce291fb59ae4929e4f150a"},"headline":"Jokipii-Ahonkyl\u00e4 on vuoden etel\u00e4pohjalainen kyl\u00e4","datePublished":"2022-12-13T12:07:00+00:00","dateModified":"2023-05-04T10:27:02+00:00","mainEntityOfPage":{"@id":"https:\/\/liiveri.net\/uutiset\/jokipii-ahonkyla-on-vuoden-etelapohjalainen-kyla-2\/"},"wordCount":265,"commentCount":0,"publisher":{"@id":"https:\/\/liiveri.net\/#organization"},"image":{"@id":"https:\/\/liiveri.net\/uutiset\/jokipii-ahonkyla-on-vuoden-etelapohjalainen-kyla-2\/#primaryimage"},"thumbnailUrl":"https:\/\/liiveri.net\/wp-content\/uploads\/2023\/02\/Juha-Iso-Tuisku-Vuoden-kyla.jpg","articleSection":["Tiedotteet","Tarinat","Kyl\u00e4t","Yhteis\u00f6t","Uutiset"],"inLanguage":"en-GB","potentialAction":[{"@type":"CommentAction","name":"Comment","target":["https:\/\/liiveri.net\/uutiset\/jokipii-ahonkyla-on-vuoden-etelapohjalainen-kyla-2\/#respond"]}]},{"@type":"WebPage","@id":"https:\/\/liiveri.net\/uutiset\/jokipii-ahonkyla-on-vuoden-etelapohjalainen-kyla-2\/","url":"https:\/\/liiveri.net\/uutiset\/jokipii-ahonkyla-on-vuoden-etelapohjalainen-kyla-2\/","name":"Jokipii-Ahonkyl\u00e4 on vuoden etel\u00e4pohjalainen kyl\u00e4 - Liiveri","isPartOf":{"@id":"https:\/\/liiveri.net\/#website"},"primaryImageOfPage":{"@id":"https:\/\/liiveri.net\/uutiset\/jokipii-ahonkyla-on-vuoden-etelapohjalainen-kyla-2\/#primaryimage"},"image":{"@id":"https:\/\/liiveri.net\/uutiset\/jokipii-ahonkyla-on-vuoden-etelapohjalainen-kyla-2\/#primaryimage"},"thumbnailUrl":"https:\/\/liiveri.net\/wp-content\/uploads\/2023\/02\/Juha-Iso-Tuisku-Vuoden-kyla.jpg","datePublished":"2022-12-13T12:07:00+00:00","dateModified":"2023-05-04T10:27:02+00:00","breadcrumb":{"@id":"https:\/\/liiveri.net\/uutiset\/jokipii-ahonkyla-on-vuoden-etelapohjalainen-kyla-2\/#breadcrumb"},"inLanguage":"en-GB","potentialAction":[{"@type":"ReadAction","target":["https:\/\/liiveri.net\/uutiset\/jokipii-ahonkyla-on-vuoden-etelapohjalainen-kyla-2\/"]}]},{"@type":"ImageObject","inLanguage":"en-GB","@id":"https:\/\/liiveri.net\/uutiset\/jokipii-ahonkyla-on-vuoden-etelapohjalainen-kyla-2\/#primaryimage","url":"https:\/\/liiveri.net\/wp-content\/uploads\/2023\/02\/Juha-Iso-Tuisku-Vuoden-kyla.jpg","contentUrl":"https:\/\/liiveri.net\/wp-content\/uploads\/2023\/02\/Juha-Iso-Tuisku-Vuoden-kyla.jpg","width":768,"height":509,"caption":"Porukka vastaanottamassa palkintoa."},{"@type":"BreadcrumbList","@id":"https:\/\/liiveri.net\/uutiset\/jokipii-ahonkyla-on-vuoden-etelapohjalainen-kyla-2\/#breadcrumb","itemListElement":[{"@type":"ListItem","position":1,"name":"Etusivu","item":"https:\/\/liiveri.net\/"},{"@type":"ListItem","position":2,"name":"Jokipii-Ahonkyl\u00e4 on vuoden etel\u00e4pohjalainen kyl\u00e4"}]},{"@type":"WebSite","@id":"https:\/\/liiveri.net\/#website","url":"https:\/\/liiveri.net\/","name":"Liiveri - Kehitt\u00e4misyhdistys","description":"REILU RAHOITTAJA PALVELUKSESSASI","publisher":{"@id":"https:\/\/liiveri.net\/#organization"},"potentialAction":[{"@type":"SearchAction","target":{"@type":"EntryPoint","urlTemplate":"https:\/\/liiveri.net\/?s={search_term_string}"},"query-input":"required name=search_term_string"}],"inLanguage":"en-GB"},{"@type":"Organization","@id":"https:\/\/liiveri.net\/#organization","name":"Kehitt\u00e4misyhdistys Liiveri ry","url":"https:\/\/liiveri.net\/","logo":{"@type":"ImageObject","inLanguage":"en-GB","@id":"https:\/\/liiveri.net\/#\/schema\/logo\/image\/","url":"https:\/\/liiveri.net\/wp-content\/uploads\/2023\/02\/placeholder.png","contentUrl":"https:\/\/liiveri.net\/wp-content\/uploads\/2023\/02\/placeholder.png","width":1920,"height":1080,"caption":"Kehitt\u00e4misyhdistys Liiveri ry"},"image":{"@id":"https:\/\/liiveri.net\/#\/schema\/logo\/image\/"},"sameAs":["https:\/\/www.facebook.com\/LeaderLiiveri","https:\/\/x.com\/LeaderLiiveri","https:\/\/www.instagram.com\/leaderliiveri\/"]},{"@type":"Person","@id":"https:\/\/liiveri.net\/#\/schema\/person\/4d2151d167ce291fb59ae4929e4f150a","name":"Admin","image":{"@type":"ImageObject","inLanguage":"en-GB","@id":"https:\/\/liiveri.net\/#\/schema\/person\/image\/","url":"https:\/\/liiveri.net\/wp-content\/litespeed\/avatar\/1\/a408f0f48bbe882d38689644bc375f8c.jpg?ver=1777459663","contentUrl":"https:\/\/liiveri.net\/wp-content\/litespeed\/avatar\/1\/a408f0f48bbe882d38689644bc375f8c.jpg?ver=1777459663","caption":"Admin"},"sameAs":["https:\/\/liiveri.net"],"url":"https:\/\/liiveri.net\/en\/uutiset\/author\/admin\/"}]}},"acf":[],"_links":{"self":[{"href":"https:\/\/liiveri.net\/en\/wp-json\/wp\/v2\/posts\/802","targetHints":{"allow":["GET"]}}],"collection":[{"href":"https:\/\/liiveri.net\/en\/wp-json\/wp\/v2\/posts"}],"about":[{"href":"https:\/\/liiveri.net\/en\/wp-json\/wp\/v2\/types\/post"}],"author":[{"embeddable":true,"href":"https:\/\/liiveri.net\/en\/wp-json\/wp\/v2\/users\/1"}],"replies":[{"embeddable":true,"href":"https:\/\/liiveri.net\/en\/wp-json\/wp\/v2\/comments?post=802"}],"version-history":[{"count":0,"href":"https:\/\/liiveri.net\/en\/wp-json\/wp\/v2\/posts\/802\/revisions"}],"wp:featuredmedia":[{"embeddable":true,"href":"https:\/\/liiveri.net\/en\/wp-json\/wp\/v2\/media\/803"}],"wp:attachment":[{"href":"https:\/\/liiveri.net\/en\/wp-json\/wp\/v2\/media?parent=802"}],"wp:term":[{"taxonomy":"category","embeddable":true,"href":"https:\/\/liiveri.net\/en\/wp-json\/wp\/v2\/categories?post=802"},{"taxonomy":"post_tag","embeddable":true,"href":"https:\/\/liiveri.net\/en\/wp-json\/wp\/v2\/tags?post=802"}],"curies":[{"name":"wp","href":"https:\/\/api.w.org\/{rel}","templated":true}]}}